{"id":999,"date":"2014-08-20T18:06:42","date_gmt":"2014-08-20T17:06:42","guid":{"rendered":"https:\/\/www.altimara.eu\/blog\/?p=999"},"modified":"2015-08-18T22:31:04","modified_gmt":"2015-08-18T21:31:04","slug":"bois-dislande-8","status":"publish","type":"post","link":"https:\/\/www.altimara.eu\/blog\/2014\/08\/20\/bois-dislande-8\/","title":{"rendered":"Bois d&rsquo;Islande"},"content":{"rendered":"<p>Bien des objets en bois sont arriv\u00e9s en Islande par la mer. Dans les plus c\u00e9l\u00e8bres, l&rsquo;Histoire cite les bois du si\u00e8ge du premier homme d&rsquo;importance a \u00eatre venu s&rsquo;installer dans ce nouveau pays. En 874, Ing\u00f3lfur Arnarson, vient s&rsquo;installer d\u00e9finitivement sur cette \u00eele. Il laisse le destin guider le choix de l&#8217;emplacement de sa ferme. Pour ce faire il jette \u00e0 l&rsquo;eau les montants sacr\u00e9s de son \u00ab\u00a0haut si\u00e8ge\u00a0\u00bb (les <i>\u00f6ndvegiss\u00falur<\/i>), signe de sa position dominante dans cette soci\u00e9t\u00e9, et d\u00e9clare qu&rsquo;il s&rsquo;installera o\u00f9 ces bois s\u2019\u00e9choueront. Ceux ci seront retrouv\u00e9s par une\u00a0\u00bb mission\u00a0\u00bb dans une baie o\u00f9 sont de nombreuses sources d&rsquo;eaux chaudes, la baie des fum\u00e9es: Reykjavik.<\/p>\n<p>On apprend aussi que l&rsquo;un des personnages importants de ces \u00e9poques accoste au futur emplacement de la ville de Borganes, \u00e0 l&rsquo;Ouest, en suivant le cercueil de son p\u00e8re qui avait \u00e9t\u00e9 jet\u00e9 ds l&rsquo;eau. Cet homme, du nom de Gr\u00edmur Kveld\u00falfsson ou\u00a0Skalla-Gr\u00edmur (Grim le chauve) est connu pour sa force ph\u00e9nom\u00e9nale. Il est forgeron. Ce qui vient \u00e0 se reposer la question de quel charbon de bois il utilisait pour sa forge. Sa descendance verra avec son fils Egill Skallagrimsson, un des plus grand po\u00e8te de l&rsquo;Islande. Artiste mais aussi grand bagarreur aux multiples aventures.<\/p>\n<p>Grim et son fils Egill pr\u00e9sent\u00e9s en sc\u00e9nette au mus\u00e9e des Viking de Reykjavik <a href=\"http:\/\/www.sagamuseum.is\/\" target=\"_blank\">(http:\/\/www.sagamuseum.is\/)<\/a> Photo Mathilde Acquarone<\/p>\n<p><a href=\"https:\/\/i0.wp.com\/www.altimara.eu\/blog\/wp-content\/uploads\/2014\/08\/IMG_20140819_142753-2.jpg\"><img data-recalc-dims=\"1\" loading=\"lazy\" decoding=\"async\" class=\"aligncenter size-large wp-image-1000\" src=\"https:\/\/i0.wp.com\/www.altimara.eu\/blog\/wp-content\/uploads\/2014\/08\/IMG_20140819_142753-2-1024x845.jpg?resize=627%2C517\" alt=\"IMG_20140819_142753 (2)\" width=\"627\" height=\"517\" \/><\/a><\/p>\n<p>&nbsp;<\/p>\n<p>Et son Egill. Le charbon de bois est ici un mauvais bois mal cuit, une erreur, dommage car le reste est superbe.<\/p>\n<p><a href=\"https:\/\/i0.wp.com\/www.altimara.eu\/blog\/wp-content\/uploads\/2014\/08\/IMG_20140819_142806-2.jpg\"><img data-recalc-dims=\"1\" loading=\"lazy\" decoding=\"async\" class=\"aligncenter size-large wp-image-1001\" src=\"https:\/\/i0.wp.com\/www.altimara.eu\/blog\/wp-content\/uploads\/2014\/08\/IMG_20140819_142806-2-779x1024.jpg?resize=627%2C824\" alt=\"IMG_20140819_142806 (2)\" width=\"627\" height=\"824\" \/><\/a><\/p>\n","protected":false},"excerpt":{"rendered":"<p>Bien des objets en bois sont arriv\u00e9s en Islande par la mer. Dans les plus c\u00e9l\u00e8bres, l&rsquo;Histoire cite les bois du si\u00e8ge du premier homme d&rsquo;importance a \u00eatre venu s&rsquo;installer dans ce nouveau pays. En 874, Ing\u00f3lfur Arnarson, vient s&rsquo;installer d\u00e9finitivement sur cette \u00eele. Il laisse le destin guider le choix de l&#8217;emplacement de sa [&hellip;]<\/p>\n","protected":false},"author":3,"featured_media":0,"comment_status":"open","ping_status":"open","sticky":false,"template":"","format":"standard","meta":{"ngg_post_thumbnail":0,"jetpack_post_was_ever_published":false,"_jetpack_newsletter_access":"","_jetpack_dont_email_post_to_subs":false,"_jetpack_newsletter_tier_id":0,"_jetpack_memberships_contains_paywalled_content":false,"_jetpack_memberships_contains_paid_content":false,"footnotes":"","jetpack_publicize_message":"","jetpack_publicize_feature_enabled":true,"jetpack_social_post_already_shared":true,"jetpack_social_options":{"image_generator_settings":{"template":"highway","default_image_id":0,"font":"","enabled":false},"version":2}},"categories":[35],"tags":[],"class_list":["post-999","post","type-post","status-publish","format-standard","hentry","category-bois-dislande-bois-flotte-bois-plante"],"jetpack_publicize_connections":[],"jetpack_featured_media_url":"","jetpack_shortlink":"https:\/\/wp.me\/p4r91c-g7","jetpack_sharing_enabled":true,"jetpack-related-posts":[{"id":1406,"url":"https:\/\/www.altimara.eu\/blog\/2015\/07\/10\/bois-dislande-12\/","url_meta":{"origin":999,"position":0},"title":"Bois d&rsquo;Islande","author":"Martiou","date":"10 juillet 2015","format":false,"excerpt":"A la limite du cercle polaire arctique dans la baie d'Husavik, \u00e0 la plage de Sj\u00e1varsandur, les bois flott\u00e9s sont nombreux sur les plages. Quelques fois les troncs se retrouvent loin \u00e0 l'int\u00e9rieur des terres. Vestiges de temp\u00eates, peut \u00eatre, ces bois sont certainement tr\u00e8s vieux. Le bois des mers\u2026","rel":"","context":"Dans &quot;Bois d'Islande, bois flott\u00e9, bois plant\u00e9&quot;","block_context":{"text":"Bois d'Islande, bois flott\u00e9, bois plant\u00e9","link":"https:\/\/www.altimara.eu\/blog\/category\/charbon-de-bois-islande\/bois-dislande-bois-flotte-bois-plante\/"},"img":{"alt_text":"_MAR7384","src":"https:\/\/i0.wp.com\/www.altimara.eu\/blog\/wp-content\/uploads\/2015\/07\/MAR7384.jpg?resize=350%2C200","width":350,"height":200,"srcset":"https:\/\/i0.wp.com\/www.altimara.eu\/blog\/wp-content\/uploads\/2015\/07\/MAR7384.jpg?resize=350%2C200 1x, https:\/\/i0.wp.com\/www.altimara.eu\/blog\/wp-content\/uploads\/2015\/07\/MAR7384.jpg?resize=525%2C300 1.5x, https:\/\/i0.wp.com\/www.altimara.eu\/blog\/wp-content\/uploads\/2015\/07\/MAR7384.jpg?resize=700%2C400 2x"},"classes":[]},{"id":4629,"url":"https:\/\/www.altimara.eu\/blog\/2025\/09\/01\/charbon-du-moyen-age\/","url_meta":{"origin":999,"position":1},"title":"Charbon du Moyen \u00c2ge","author":"Martiou","date":"1 septembre 2025","format":false,"excerpt":"L'Islande moyen\u00e2geuse \u00e9voque les Vikings et leurs fiers bateaux \u00e0 la proue orn\u00e9e d'un terrible dragon. La colonisation de l'\u00eele commence officiellement en 874. Une \u00eele immense sans personnes qui va accueillir une quarantaine de mille de personnes qui vont s'installer tout autour sur les c\u00f4tes principalement. Pendant 60 ans\u2026","rel":"","context":"Dans &quot;Charbon de bois&quot;","block_context":{"text":"Charbon de bois","link":"https:\/\/www.altimara.eu\/blog\/category\/charbon-de-bois-carbon-art\/"},"img":{"alt_text":"","src":"https:\/\/i0.wp.com\/www.altimara.eu\/blog\/wp-content\/uploads\/2025\/09\/MA5_7129.jpg?resize=350%2C200&ssl=1","width":350,"height":200,"srcset":"https:\/\/i0.wp.com\/www.altimara.eu\/blog\/wp-content\/uploads\/2025\/09\/MA5_7129.jpg?resize=350%2C200&ssl=1 1x, https:\/\/i0.wp.com\/www.altimara.eu\/blog\/wp-content\/uploads\/2025\/09\/MA5_7129.jpg?resize=525%2C300&ssl=1 1.5x, https:\/\/i0.wp.com\/www.altimara.eu\/blog\/wp-content\/uploads\/2025\/09\/MA5_7129.jpg?resize=700%2C400&ssl=1 2x"},"classes":[]},{"id":994,"url":"https:\/\/www.altimara.eu\/blog\/2014\/08\/18\/bois-dislande-7\/","url_meta":{"origin":999,"position":2},"title":"Bois d&rsquo;Islande","author":"Martiou","date":"18 ao\u00fbt 2014","format":false,"excerpt":"Bois flott\u00e9, bois de flottage, bois par flottage, la d\u00e9finition du bois qui flotte est diverse. Le bois flott\u00e9 d\u00e9signe plus les arbres, branches et m\u00eame les planches qui naviguent quelques temps dans l'eau de mer. Le bois par flottage se r\u00e9f\u00e8re aux transport des grumes via les fleuves. Les\u2026","rel":"","context":"Dans &quot;Bois d'Islande, bois flott\u00e9, bois plant\u00e9&quot;","block_context":{"text":"Bois d'Islande, bois flott\u00e9, bois plant\u00e9","link":"https:\/\/www.altimara.eu\/blog\/category\/charbon-de-bois-islande\/bois-dislande-bois-flotte-bois-plante\/"},"img":{"alt_text":"640px-Odin,_Lodur,_Hoenir_skabe_Ask_og_Embla_by_Fr\u00f8lich","src":"https:\/\/i0.wp.com\/www.altimara.eu\/blog\/wp-content\/uploads\/2014\/08\/640px-Odin_Lodur_Hoenir_skabe_Ask_og_Embla_by_Fr%C3%B8lich.jpg?resize=350%2C200","width":350,"height":200,"srcset":"https:\/\/i0.wp.com\/www.altimara.eu\/blog\/wp-content\/uploads\/2014\/08\/640px-Odin_Lodur_Hoenir_skabe_Ask_og_Embla_by_Fr%C3%B8lich.jpg?resize=350%2C200 1x, https:\/\/i0.wp.com\/www.altimara.eu\/blog\/wp-content\/uploads\/2014\/08\/640px-Odin_Lodur_Hoenir_skabe_Ask_og_Embla_by_Fr%C3%B8lich.jpg?resize=525%2C300 1.5x"},"classes":[]},{"id":4686,"url":"https:\/\/www.altimara.eu\/blog\/2025\/11\/17\/bois-flotte-arctique\/","url_meta":{"origin":999,"position":3},"title":"Bois flott\u00e9 arctique","author":"Martiou","date":"17 novembre 2025","format":false,"excerpt":"Une \u00e9tude r\u00e9cente des bois flott\u00e9s dans le nord de l\u2019oc\u00e9an Atlantique m\u2019a interpell\u00e9 pour diff\u00e9rentes raisons. Depuis deux d\u00e9cennies je photographie les bois flott\u00e9s en Islande. Et dans les derni\u00e8res ann\u00e9es comme cet \u00e9t\u00e9 2025 j\u2019ai pu carboniser de ce bois sur la c\u00f4te sud. Les bois flott\u00e9s s\u2019\u00e9chouent\u2026","rel":"","context":"Dans &quot;Bois d'Islande, bois flott\u00e9, bois plant\u00e9&quot;","block_context":{"text":"Bois d'Islande, bois flott\u00e9, bois plant\u00e9","link":"https:\/\/www.altimara.eu\/blog\/category\/charbon-de-bois-islande\/bois-dislande-bois-flotte-bois-plante\/"},"img":{"alt_text":"","src":"https:\/\/i0.wp.com\/www.altimara.eu\/blog\/wp-content\/uploads\/2025\/11\/Capture-decran-2025-11-17-a-17.32.24.png?resize=350%2C200&ssl=1","width":350,"height":200,"srcset":"https:\/\/i0.wp.com\/www.altimara.eu\/blog\/wp-content\/uploads\/2025\/11\/Capture-decran-2025-11-17-a-17.32.24.png?resize=350%2C200&ssl=1 1x, https:\/\/i0.wp.com\/www.altimara.eu\/blog\/wp-content\/uploads\/2025\/11\/Capture-decran-2025-11-17-a-17.32.24.png?resize=525%2C300&ssl=1 1.5x"},"classes":[]},{"id":968,"url":"https:\/\/www.altimara.eu\/blog\/2014\/07\/26\/bois-dislande-4\/","url_meta":{"origin":999,"position":4},"title":"Bois d&rsquo;Islande","author":"Martiou","date":"26 juillet 2014","format":false,"excerpt":"L'oc\u00e9an arctique au nord de l'Islande est la mer du trajet de tous les bois qui proviennent de Sib\u00e9rie. Les bois n'y sont plus ramass\u00e9s comme dans les temps anciens aussi il y en a de nombreux dont certains de grandes tailles. \u00a0 Dans le sud, il ne faut pas\u2026","rel":"","context":"Dans &quot;Bois d'Islande, bois flott\u00e9, bois plant\u00e9&quot;","block_context":{"text":"Bois d'Islande, bois flott\u00e9, bois plant\u00e9","link":"https:\/\/www.altimara.eu\/blog\/category\/charbon-de-bois-islande\/bois-dislande-bois-flotte-bois-plante\/"},"img":{"alt_text":"_MAR1012 (2)","src":"https:\/\/i0.wp.com\/www.altimara.eu\/blog\/wp-content\/uploads\/2014\/07\/MAR1012-2.jpg?resize=350%2C200","width":350,"height":200,"srcset":"https:\/\/i0.wp.com\/www.altimara.eu\/blog\/wp-content\/uploads\/2014\/07\/MAR1012-2.jpg?resize=350%2C200 1x, https:\/\/i0.wp.com\/www.altimara.eu\/blog\/wp-content\/uploads\/2014\/07\/MAR1012-2.jpg?resize=525%2C300 1.5x, https:\/\/i0.wp.com\/www.altimara.eu\/blog\/wp-content\/uploads\/2014\/07\/MAR1012-2.jpg?resize=700%2C400 2x"},"classes":[]},{"id":1424,"url":"https:\/\/www.altimara.eu\/blog\/2015\/08\/07\/bois-dislande-16\/","url_meta":{"origin":999,"position":5},"title":"Bois d&rsquo;Islande","author":"Martiou","date":"7 ao\u00fbt 2015","format":false,"excerpt":"Des bois flott\u00e9s peuvent se trouver au milieu d'un d\u00e9sert. Dans celui de Kj\u00f6lur un magnifique lac glaci\u00e8re, le Hvitavatn, aux eaux laiteuses est entour\u00e9 de roches et d'un peu de toundra. Au bord de l'eau quelques restes d'embarcad\u00e8re rappelle une pr\u00e9sence humaine lointaine dans le temps et l'espace.","rel":"","context":"Dans &quot;Bois d'Islande, bois flott\u00e9, bois plant\u00e9&quot;","block_context":{"text":"Bois d'Islande, bois flott\u00e9, bois plant\u00e9","link":"https:\/\/www.altimara.eu\/blog\/category\/charbon-de-bois-islande\/bois-dislande-bois-flotte-bois-plante\/"},"img":{"alt_text":"_MAR7696","src":"https:\/\/i0.wp.com\/www.altimara.eu\/blog\/wp-content\/uploads\/2015\/08\/MAR7696.jpg?resize=350%2C200","width":350,"height":200,"srcset":"https:\/\/i0.wp.com\/www.altimara.eu\/blog\/wp-content\/uploads\/2015\/08\/MAR7696.jpg?resize=350%2C200 1x, https:\/\/i0.wp.com\/www.altimara.eu\/blog\/wp-content\/uploads\/2015\/08\/MAR7696.jpg?resize=525%2C300 1.5x, https:\/\/i0.wp.com\/www.altimara.eu\/blog\/wp-content\/uploads\/2015\/08\/MAR7696.jpg?resize=700%2C400 2x"},"classes":[]}],"_links":{"self":[{"href":"https:\/\/www.altimara.eu\/blog\/wp-json\/wp\/v2\/posts\/999","targetHints":{"allow":["GET"]}}],"collection":[{"href":"https:\/\/www.altimara.eu\/blog\/wp-json\/wp\/v2\/posts"}],"about":[{"href":"https:\/\/www.altimara.eu\/blog\/wp-json\/wp\/v2\/types\/post"}],"author":[{"embeddable":true,"href":"https:\/\/www.altimara.eu\/blog\/wp-json\/wp\/v2\/users\/3"}],"replies":[{"embeddable":true,"href":"https:\/\/www.altimara.eu\/blog\/wp-json\/wp\/v2\/comments?post=999"}],"version-history":[{"count":0,"href":"https:\/\/www.altimara.eu\/blog\/wp-json\/wp\/v2\/posts\/999\/revisions"}],"wp:attachment":[{"href":"https:\/\/www.altimara.eu\/blog\/wp-json\/wp\/v2\/media?parent=999"}],"wp:term":[{"taxonomy":"category","embeddable":true,"href":"https:\/\/www.altimara.eu\/blog\/wp-json\/wp\/v2\/categories?post=999"},{"taxonomy":"post_tag","embeddable":true,"href":"https:\/\/www.altimara.eu\/blog\/wp-json\/wp\/v2\/tags?post=999"}],"curies":[{"name":"wp","href":"https:\/\/api.w.org\/{rel}","templated":true}]}}