{"id":989,"date":"2014-08-17T23:29:51","date_gmt":"2014-08-17T22:29:51","guid":{"rendered":"https:\/\/www.altimara.eu\/blog\/?p=989"},"modified":"2015-08-18T22:31:33","modified_gmt":"2015-08-18T21:31:33","slug":"bois-dislande-6","status":"publish","type":"post","link":"https:\/\/www.altimara.eu\/blog\/2014\/08\/17\/bois-dislande-6\/","title":{"rendered":"Bois d&rsquo;Islande"},"content":{"rendered":"<p>Visite de la ferme \u00ab\u00a0viking\u00a0\u00bb de Stong. Elle est la reconstitution d&rsquo;une ferme du d\u00e9but du XI\u00e8 qui a \u00e9t\u00e9 d\u00e9truite par une \u00e9ruption du mont Hekla. Elle sert entre autre de d\u00e9cors pour des films historiques ou des s\u00e9ries comme Games of Thrones.<\/p>\n<p>Les fermes en terres gazon\u00e9es (et non en tourbe comme c&rsquo;est souvent traduit) sont construites avec deux mat\u00e9riaux. L&rsquo;un est l&rsquo;isolant et se r\u00e9cup\u00e8re sur place, c&rsquo;est les plaques de terres herbeuses. D&rsquo;une \u00e9paisseur d\u00e9passant parfois 1 m, les murs en terre sont d&rsquo;excellent isolant dans ces lieux isol\u00e9s et tr\u00e8s froid en hiver (et aussi un peu en \u00e9t\u00e9). Mais ils n&rsquo;ont aucune capacit\u00e9 de supporter du poids donc on ne peut poser dessus la charpente du toit. Les Islandais, du IX\u00e8 au XIX\u00e8 s. ont trouv\u00e9 la solution en utilisant des poutres en bois de flottage qui servent de colonnes de support du toit. Une ossature en \u00ab\u00a0bois debout\u00a0\u00bb sert de squelette \u00e0 la construction. Le toit est aussi v\u00e9g\u00e9talis\u00e9 en essayant de trouver la bonne pente pour que l&rsquo;herbe continue de pousser sans qu&rsquo;il y ait d&rsquo;infiltration des eaux dans l&rsquo;habitation.<\/p>\n<p>Ces constructions, qui sont toutes des fermes, ont \u00e9taient abandonn\u00e9 \u00e0 partir du d\u00e9but du XX\u00e8 s. et les murs en terre ont vite disparu faute d&rsquo;entretien. Quelques unes ont \u00e9taient habit\u00e9 dans les derni\u00e8res d\u00e9cennies et sont aujourd&rsquo;hui pr\u00e9cieusement conserv\u00e9es comme \u00e9comus\u00e9e.<\/p>\n<p><a href=\"https:\/\/i0.wp.com\/www.altimara.eu\/blog\/wp-content\/uploads\/2014\/08\/MAR1851.jpg\"><img data-recalc-dims=\"1\" loading=\"lazy\" decoding=\"async\" data-attachment-id=\"990\" data-permalink=\"https:\/\/www.altimara.eu\/blog\/2014\/08\/17\/bois-dislande-6\/_mar1851\/\" data-orig-file=\"https:\/\/i0.wp.com\/www.altimara.eu\/blog\/wp-content\/uploads\/2014\/08\/MAR1851.jpg?fit=1000%2C667&amp;ssl=1\" data-orig-size=\"1000,667\" data-comments-opened=\"1\" data-image-meta=\"{&quot;aperture&quot;:&quot;20&quot;,&quot;credit&quot;:&quot;ACQUARONE Martial&quot;,&quot;camera&quot;:&quot;NIKON D800&quot;,&quot;caption&quot;:&quot;&quot;,&quot;created_timestamp&quot;:&quot;1408127868&quot;,&quot;copyright&quot;:&quot;ACQUARONE Martial&quot;,&quot;focal_length&quot;:&quot;24&quot;,&quot;iso&quot;:&quot;2500&quot;,&quot;shutter_speed&quot;:&quot;10&quot;,&quot;title&quot;:&quot;&quot;}\" data-image-title=\"_MAR1851\" data-image-description=\"\" data-image-caption=\"\" data-large-file=\"https:\/\/i0.wp.com\/www.altimara.eu\/blog\/wp-content\/uploads\/2014\/08\/MAR1851.jpg?fit=627%2C418&amp;ssl=1\" class=\"aligncenter size-full wp-image-990\" src=\"https:\/\/i0.wp.com\/www.altimara.eu\/blog\/wp-content\/uploads\/2014\/08\/MAR1851.jpg?resize=627%2C418\" alt=\"_MAR1851\" width=\"627\" height=\"418\" srcset=\"https:\/\/i0.wp.com\/www.altimara.eu\/blog\/wp-content\/uploads\/2014\/08\/MAR1851.jpg?w=1000&amp;ssl=1 1000w, https:\/\/i0.wp.com\/www.altimara.eu\/blog\/wp-content\/uploads\/2014\/08\/MAR1851.jpg?resize=300%2C200&amp;ssl=1 300w\" sizes=\"auto, (max-width: 627px) 100vw, 627px\" \/><\/a><\/p>\n","protected":false},"excerpt":{"rendered":"<p>Visite de la ferme \u00ab\u00a0viking\u00a0\u00bb de Stong. Elle est la reconstitution d&rsquo;une ferme du d\u00e9but du XI\u00e8 qui a \u00e9t\u00e9 d\u00e9truite par une \u00e9ruption du mont Hekla. Elle sert entre autre de d\u00e9cors pour des films historiques ou des s\u00e9ries comme Games of Thrones. Les fermes en terres gazon\u00e9es (et non en tourbe comme c&rsquo;est [&hellip;]<\/p>\n","protected":false},"author":3,"featured_media":0,"comment_status":"open","ping_status":"open","sticky":false,"template":"","format":"standard","meta":{"ngg_post_thumbnail":0,"jetpack_post_was_ever_published":false,"_jetpack_newsletter_access":"","_jetpack_dont_email_post_to_subs":false,"_jetpack_newsletter_tier_id":0,"_jetpack_memberships_contains_paywalled_content":false,"_jetpack_memberships_contains_paid_content":false,"footnotes":"","jetpack_publicize_message":"","jetpack_publicize_feature_enabled":true,"jetpack_social_post_already_shared":true,"jetpack_social_options":{"image_generator_settings":{"template":"highway","default_image_id":0,"font":"","enabled":false},"version":2}},"categories":[35],"tags":[],"class_list":["post-989","post","type-post","status-publish","format-standard","hentry","category-bois-dislande-bois-flotte-bois-plante"],"jetpack_publicize_connections":[],"jetpack_featured_media_url":"","jetpack_shortlink":"https:\/\/wp.me\/p4r91c-fX","jetpack_sharing_enabled":true,"jetpack-related-posts":[{"id":4614,"url":"https:\/\/www.altimara.eu\/blog\/2025\/07\/26\/kolakaka-episode-2\/","url_meta":{"origin":989,"position":0},"title":"Kolakaka \u00e9pisode 2","author":"Martiou","date":"26 juillet 2025","format":false,"excerpt":"Nous voil\u00e0 de retour dans la ferme de Kidda et Siggi, au sud de l'Islande. L'endroit est isol\u00e9, non loin de l'oc\u00e9an et sous le regard du M\u00fdrdalsj\u00f6kull, formidable calotte glaciaire qui chapeaute le terrible volcan Katla. La ferme \u00deikkvab\u00e6jarklaustur. Premier temps, d\u00e9guster des c\u00f4telettes d'agneaux de la ferme cuites\u2026","rel":"","context":"Dans &quot;0- MES CHARBONNI\u00c8RES&quot;","block_context":{"text":"0- MES CHARBONNI\u00c8RES","link":"https:\/\/www.altimara.eu\/blog\/category\/mes-charbonnieres\/"},"img":{"alt_text":"","src":"https:\/\/i0.wp.com\/www.altimara.eu\/blog\/wp-content\/uploads\/2025\/07\/MA5_6966.jpg?resize=350%2C200&ssl=1","width":350,"height":200,"srcset":"https:\/\/i0.wp.com\/www.altimara.eu\/blog\/wp-content\/uploads\/2025\/07\/MA5_6966.jpg?resize=350%2C200&ssl=1 1x, https:\/\/i0.wp.com\/www.altimara.eu\/blog\/wp-content\/uploads\/2025\/07\/MA5_6966.jpg?resize=525%2C300&ssl=1 1.5x, https:\/\/i0.wp.com\/www.altimara.eu\/blog\/wp-content\/uploads\/2025\/07\/MA5_6966.jpg?resize=700%2C400&ssl=1 2x"},"classes":[]},{"id":968,"url":"https:\/\/www.altimara.eu\/blog\/2014\/07\/26\/bois-dislande-4\/","url_meta":{"origin":989,"position":1},"title":"Bois d&rsquo;Islande","author":"Martiou","date":"26 juillet 2014","format":false,"excerpt":"L'oc\u00e9an arctique au nord de l'Islande est la mer du trajet de tous les bois qui proviennent de Sib\u00e9rie. Les bois n'y sont plus ramass\u00e9s comme dans les temps anciens aussi il y en a de nombreux dont certains de grandes tailles. \u00a0 Dans le sud, il ne faut pas\u2026","rel":"","context":"Dans &quot;Bois d'Islande, bois flott\u00e9, bois plant\u00e9&quot;","block_context":{"text":"Bois d'Islande, bois flott\u00e9, bois plant\u00e9","link":"https:\/\/www.altimara.eu\/blog\/category\/charbon-de-bois-islande\/bois-dislande-bois-flotte-bois-plante\/"},"img":{"alt_text":"_MAR1012 (2)","src":"https:\/\/i0.wp.com\/www.altimara.eu\/blog\/wp-content\/uploads\/2014\/07\/MAR1012-2.jpg?resize=350%2C200","width":350,"height":200,"srcset":"https:\/\/i0.wp.com\/www.altimara.eu\/blog\/wp-content\/uploads\/2014\/07\/MAR1012-2.jpg?resize=350%2C200 1x, https:\/\/i0.wp.com\/www.altimara.eu\/blog\/wp-content\/uploads\/2014\/07\/MAR1012-2.jpg?resize=525%2C300 1.5x, https:\/\/i0.wp.com\/www.altimara.eu\/blog\/wp-content\/uploads\/2014\/07\/MAR1012-2.jpg?resize=700%2C400 2x"},"classes":[]},{"id":1390,"url":"https:\/\/www.altimara.eu\/blog\/2015\/07\/01\/bois-dislande-10\/","url_meta":{"origin":989,"position":2},"title":"Charbon de bois Islande","author":"Martiou","date":"1 juillet 2015","format":false,"excerpt":"Dans la ferme mus\u00e9e de Glamb\u00e6r, une forge est pr\u00e9sent\u00e9e avec du charbon de bois. La cuisson a l'air locale comme l'indique les deux bouts de bois sur le cot\u00e9. Le charbon est l\u00e9ger. L'Islande fournissant peu de mati\u00e8re v\u00e9g\u00e9tale \u00e0 carboniser (cf post 2013), le charbon a \u00e9t\u00e9 supplant\u00e9\u2026","rel":"","context":"Dans &quot;3 Charbon de bois Islande&quot;","block_context":{"text":"3 Charbon de bois Islande","link":"https:\/\/www.altimara.eu\/blog\/category\/charbon-de-bois-islande\/"},"img":{"alt_text":"_MAR7225","src":"https:\/\/i0.wp.com\/www.altimara.eu\/blog\/wp-content\/uploads\/2015\/07\/MAR7225.jpg?resize=350%2C200","width":350,"height":200,"srcset":"https:\/\/i0.wp.com\/www.altimara.eu\/blog\/wp-content\/uploads\/2015\/07\/MAR7225.jpg?resize=350%2C200 1x, https:\/\/i0.wp.com\/www.altimara.eu\/blog\/wp-content\/uploads\/2015\/07\/MAR7225.jpg?resize=525%2C300 1.5x, https:\/\/i0.wp.com\/www.altimara.eu\/blog\/wp-content\/uploads\/2015\/07\/MAR7225.jpg?resize=700%2C400 2x"},"classes":[]},{"id":4629,"url":"https:\/\/www.altimara.eu\/blog\/2025\/09\/01\/charbon-du-moyen-age\/","url_meta":{"origin":989,"position":3},"title":"Charbon du Moyen \u00c2ge","author":"Martiou","date":"1 septembre 2025","format":false,"excerpt":"L'Islande moyen\u00e2geuse \u00e9voque les Vikings et leurs fiers bateaux \u00e0 la proue orn\u00e9e d'un terrible dragon. La colonisation de l'\u00eele commence officiellement en 874. Une \u00eele immense sans personnes qui va accueillir une quarantaine de mille de personnes qui vont s'installer tout autour sur les c\u00f4tes principalement. Pendant 60 ans\u2026","rel":"","context":"Dans &quot;Charbon de bois&quot;","block_context":{"text":"Charbon de bois","link":"https:\/\/www.altimara.eu\/blog\/category\/charbon-de-bois-carbon-art\/"},"img":{"alt_text":"","src":"https:\/\/i0.wp.com\/www.altimara.eu\/blog\/wp-content\/uploads\/2025\/09\/MA5_7129.jpg?resize=350%2C200&ssl=1","width":350,"height":200,"srcset":"https:\/\/i0.wp.com\/www.altimara.eu\/blog\/wp-content\/uploads\/2025\/09\/MA5_7129.jpg?resize=350%2C200&ssl=1 1x, https:\/\/i0.wp.com\/www.altimara.eu\/blog\/wp-content\/uploads\/2025\/09\/MA5_7129.jpg?resize=525%2C300&ssl=1 1.5x, https:\/\/i0.wp.com\/www.altimara.eu\/blog\/wp-content\/uploads\/2025\/09\/MA5_7129.jpg?resize=700%2C400&ssl=1 2x"},"classes":[]},{"id":2351,"url":"https:\/\/www.altimara.eu\/blog\/2017\/06\/23\/charbon-en-islande\/","url_meta":{"origin":989,"position":4},"title":"Charbon en Islande","author":"Martiou","date":"23 juin 2017","format":false,"excerpt":"Me voil\u00e0 de retour dans la lointaine \u00eele du nord, l'Islande. Premier contact avec le charbon de bois. Un retour sur les derni\u00e8res charbonni\u00e8res pratiqu\u00e9es dans la r\u00e9gion de Skatafell. Cet endroit est aujourd'hui un parc national tr\u00e8s couru par les touristes. Faut dire que le site est superbe avec\u2026","rel":"","context":"Dans &quot;3 Charbon de bois Islande&quot;","block_context":{"text":"3 Charbon de bois Islande","link":"https:\/\/www.altimara.eu\/blog\/category\/charbon-de-bois-islande\/"},"img":{"alt_text":"","src":"https:\/\/i0.wp.com\/www.altimara.eu\/blog\/wp-content\/uploads\/2017\/06\/20170622_075334-Modifier-225x300.jpg?resize=350%2C200","width":350,"height":200},"classes":[]},{"id":1436,"url":"https:\/\/www.altimara.eu\/blog\/2015\/08\/24\/charbon-de-bois-islande\/","url_meta":{"origin":989,"position":5},"title":"Charbon de bois Islande","author":"Martiou","date":"24 ao\u00fbt 2015","format":false,"excerpt":"\u00d4 surprise, dans un restaurant perdu au milieu d'une coul\u00e9e de lave, \u00e0 H\u00fasafell, je m'assois \u00e0 une table et l\u00e0 une photo de charbonni\u00e8re est juste au dessus de moi... le fermier Thorsteinn a \u00e9t\u00e9 photographi\u00e9 par \u00der\u00e1nd\u00adur Thorodd\u00adsen, cin\u00e9aste\/photographe, en 1954, pendant une cuisson. Apparemment c'est avec du\u2026","rel":"","context":"Dans &quot;Charbon de bois&quot;","block_context":{"text":"Charbon de bois","link":"https:\/\/www.altimara.eu\/blog\/category\/charbon-de-bois-carbon-art\/"},"img":{"alt_text":"_MAR8094","src":"https:\/\/i0.wp.com\/www.altimara.eu\/blog\/wp-content\/uploads\/2015\/08\/MAR8094.jpg?resize=350%2C200","width":350,"height":200,"srcset":"https:\/\/i0.wp.com\/www.altimara.eu\/blog\/wp-content\/uploads\/2015\/08\/MAR8094.jpg?resize=350%2C200 1x, https:\/\/i0.wp.com\/www.altimara.eu\/blog\/wp-content\/uploads\/2015\/08\/MAR8094.jpg?resize=525%2C300 1.5x, https:\/\/i0.wp.com\/www.altimara.eu\/blog\/wp-content\/uploads\/2015\/08\/MAR8094.jpg?resize=700%2C400 2x"},"classes":[]}],"_links":{"self":[{"href":"https:\/\/www.altimara.eu\/blog\/wp-json\/wp\/v2\/posts\/989","targetHints":{"allow":["GET"]}}],"collection":[{"href":"https:\/\/www.altimara.eu\/blog\/wp-json\/wp\/v2\/posts"}],"about":[{"href":"https:\/\/www.altimara.eu\/blog\/wp-json\/wp\/v2\/types\/post"}],"author":[{"embeddable":true,"href":"https:\/\/www.altimara.eu\/blog\/wp-json\/wp\/v2\/users\/3"}],"replies":[{"embeddable":true,"href":"https:\/\/www.altimara.eu\/blog\/wp-json\/wp\/v2\/comments?post=989"}],"version-history":[{"count":0,"href":"https:\/\/www.altimara.eu\/blog\/wp-json\/wp\/v2\/posts\/989\/revisions"}],"wp:attachment":[{"href":"https:\/\/www.altimara.eu\/blog\/wp-json\/wp\/v2\/media?parent=989"}],"wp:term":[{"taxonomy":"category","embeddable":true,"href":"https:\/\/www.altimara.eu\/blog\/wp-json\/wp\/v2\/categories?post=989"},{"taxonomy":"post_tag","embeddable":true,"href":"https:\/\/www.altimara.eu\/blog\/wp-json\/wp\/v2\/tags?post=989"}],"curies":[{"name":"wp","href":"https:\/\/api.w.org\/{rel}","templated":true}]}}