{"id":69,"date":"2013-12-18T10:44:15","date_gmt":"2013-12-18T10:44:15","guid":{"rendered":"http:\/\/altimara.wordpress.com\/?p=69"},"modified":"2013-12-18T10:44:15","modified_gmt":"2013-12-18T10:44:15","slug":"comment-quon-fait-du-charbon-de-bois","status":"publish","type":"post","link":"https:\/\/www.altimara.eu\/blog\/2013\/12\/18\/comment-quon-fait-du-charbon-de-bois\/","title":{"rendered":"Comment qu&rsquo;on fait du charbon de bois"},"content":{"rendered":"<p>A l&rsquo;\u00e9touff\u00e9, sans flamme et avec flegme.<\/p>\n<p>Voir ce lien explicatif ( l\u00e0 je parais agit\u00e9 mais c&rsquo;est pas vrai ):<\/p>\n<p>http:\/\/<a title=\"charbonni\u00e8re des garrigues\" href=\"http:\/\/www.youtube.com\/watch?v=iWspcuntfDY\" target=\"_blank\">www.youtube.com\/watch?v=iWspcuntfDY<\/a><\/p>\n<p>Une premi\u00e8re animation\u00a0qui r\u00e9sume cela (<em>cliquer dessus et attendre 2 s le d\u00e9marrage) \u00a0\u00a0<\/em><a href=\"https:\/\/i0.wp.com\/www.altimara.eu\/blog\/wp-content\/uploads\/2013\/12\/charb_1.gif\" target=\"_blank\"><img data-recalc-dims=\"1\" loading=\"lazy\" decoding=\"async\" data-attachment-id=\"107\" data-permalink=\"https:\/\/www.altimara.eu\/blog\/2013\/12\/18\/comment-quon-fait-du-charbon-de-bois\/charb_1\/\" data-orig-file=\"https:\/\/i0.wp.com\/www.altimara.eu\/blog\/wp-content\/uploads\/2013\/12\/charb_1.gif?fit=700%2C483&amp;ssl=1\" data-orig-size=\"700,483\" data-comments-opened=\"0\" data-image-meta=\"{&quot;aperture&quot;:&quot;0&quot;,&quot;credit&quot;:&quot;&quot;,&quot;camera&quot;:&quot;&quot;,&quot;caption&quot;:&quot;&quot;,&quot;created_timestamp&quot;:&quot;0&quot;,&quot;copyright&quot;:&quot;&quot;,&quot;focal_length&quot;:&quot;0&quot;,&quot;iso&quot;:&quot;0&quot;,&quot;shutter_speed&quot;:&quot;0&quot;,&quot;title&quot;:&quot;&quot;}\" data-image-title=\"charb_1\" data-image-description=\"\" data-image-caption=\"\" data-large-file=\"https:\/\/i0.wp.com\/www.altimara.eu\/blog\/wp-content\/uploads\/2013\/12\/charb_1.gif?fit=627%2C433&amp;ssl=1\" class=\"alignnone size-medium wp-image-107\" alt=\"charb_1\" src=\"https:\/\/i0.wp.com\/www.altimara.eu\/blog\/wp-content\/uploads\/2013\/12\/charb_1.gif?resize=300%2C207\" width=\"300\" height=\"207\" \/><\/a><\/p>\n<p>et une deuxi\u00e8me qui nous emporte en Islande \u00a0 \u00a0<a href=\"https:\/\/i0.wp.com\/www.altimara.eu\/blog\/wp-content\/uploads\/2013\/12\/carb_2.gif\" target=\"_blank\"><img data-recalc-dims=\"1\" loading=\"lazy\" decoding=\"async\" data-attachment-id=\"138\" data-permalink=\"https:\/\/www.altimara.eu\/blog\/2013\/12\/18\/comment-quon-fait-du-charbon-de-bois\/carb_2\/\" data-orig-file=\"https:\/\/i0.wp.com\/www.altimara.eu\/blog\/wp-content\/uploads\/2013\/12\/carb_2.gif?fit=700%2C483&amp;ssl=1\" data-orig-size=\"700,483\" data-comments-opened=\"0\" data-image-meta=\"{&quot;aperture&quot;:&quot;0&quot;,&quot;credit&quot;:&quot;&quot;,&quot;camera&quot;:&quot;&quot;,&quot;caption&quot;:&quot;&quot;,&quot;created_timestamp&quot;:&quot;0&quot;,&quot;copyright&quot;:&quot;&quot;,&quot;focal_length&quot;:&quot;0&quot;,&quot;iso&quot;:&quot;0&quot;,&quot;shutter_speed&quot;:&quot;0&quot;,&quot;title&quot;:&quot;&quot;}\" data-image-title=\"carb_2\" data-image-description=\"\" data-image-caption=\"\" data-large-file=\"https:\/\/i0.wp.com\/www.altimara.eu\/blog\/wp-content\/uploads\/2013\/12\/carb_2.gif?fit=627%2C433&amp;ssl=1\" class=\"alignnone  wp-image-138\" style=\"line-height:1.5em;\" alt=\"carb_2\" src=\"https:\/\/i0.wp.com\/www.altimara.eu\/blog\/wp-content\/uploads\/2013\/12\/carb_2.gif?resize=376%2C259\" width=\"376\" height=\"259\" \/><\/a><\/p>\n<p>Combustible utilis\u00e9 en Islande: m\u00f3r, (La tourbe est cr\u00e9\u00e9 par la d\u00e9composition incompl\u00e8te des plantes qui poussent dans les Landes. Le \u00ab\u00a0Mologni\u00a0\u00bb est le reste de la v\u00e9g\u00e9tation r\u00e9siduelle qui meurt chaque automne et se superpose. Ainsi, on pense qu&rsquo;un m\u00e8tre de \u00ab\u00a0m\u00f3lagi\u00a0\u00bb se forme en 1-3000 ans. Les marais sont produits dans l&rsquo;eau par d\u00e9composition des plantes mortes qui ne sont pas enti\u00e8rement pourries \u00e0 cause du manque d&rsquo;oxyg\u00e8ne. La pourriture s&rsquo;\u00e9limine progressivement jusqu&rsquo;\u00e0 l&rsquo;\u00e9limination des bact\u00e9ries ana\u00e9robies (Oscar Bjarnason, 1966))\u00a0<a href=\"http:\/\/k-sql.lbhi.is\/hesthus\/index.aspx?GroupId=107\" target=\"_blank\">http:\/\/k-sql.lbhi.is\/hesthus\/index.aspx?GroupId=107<\/a><\/p>\n","protected":false},"excerpt":{"rendered":"<p>A l&rsquo;\u00e9touff\u00e9, sans flamme et avec flegme. Voir ce lien explicatif ( l\u00e0 je parais agit\u00e9 mais c&rsquo;est pas vrai ): http:\/\/www.youtube.com\/watch?v=iWspcuntfDY Une premi\u00e8re animation\u00a0qui r\u00e9sume cela (cliquer dessus et attendre 2 s le d\u00e9marrage) \u00a0\u00a0 et une deuxi\u00e8me qui nous emporte en Islande \u00a0 \u00a0 Combustible utilis\u00e9 en Islande: m\u00f3r, (La tourbe est cr\u00e9\u00e9 [&hellip;]<\/p>\n","protected":false},"author":3,"featured_media":0,"comment_status":"open","ping_status":"open","sticky":false,"template":"","format":"standard","meta":{"ngg_post_thumbnail":0,"jetpack_post_was_ever_published":false,"_jetpack_newsletter_access":"","_jetpack_dont_email_post_to_subs":false,"_jetpack_newsletter_tier_id":0,"_jetpack_memberships_contains_paywalled_content":false,"_jetpack_memberships_contains_paid_content":false,"footnotes":"","jetpack_publicize_message":"","jetpack_publicize_feature_enabled":true,"jetpack_social_post_already_shared":false,"jetpack_social_options":{"image_generator_settings":{"template":"highway","default_image_id":0,"font":"","enabled":false},"version":2}},"categories":[2,6,4],"tags":[10,34,23],"class_list":["post-69","post","type-post","status-publish","format-standard","hentry","category-1-festival-charbonnieres-lo-garou","category-charbon-de-bois-carbon-art","category-3-islande-fresh-winds","tag-carbonisation","tag-charbon-de-bois-carbon-art","tag-meule"],"jetpack_publicize_connections":[],"jetpack_featured_media_url":"","jetpack_shortlink":"https:\/\/wp.me\/p4r91c-17","jetpack_sharing_enabled":true,"jetpack-related-posts":[{"id":1923,"url":"https:\/\/www.altimara.eu\/blog\/2016\/07\/14\/charbon-boreal\/","url_meta":{"origin":69,"position":0},"title":"Charbon bor\u00e9al","author":"Martiou","date":"14 juillet 2016","format":false,"excerpt":"Nouvelle saison en Islande. Deux projets, l'un \"comment utiliser les immenses champs de lupins d'Alaska\" pour fabriquer des briquettes de charbon v\u00e9g\u00e9tal. Une id\u00e9e un peu folle que ce beau pays est capable d'accueillir. Et l'autre est la suite de la recherche des bois de mer, qui m'ont servi il\u2026","rel":"","context":"Dans &quot;3 Charbon de bois Islande&quot;","block_context":{"text":"3 Charbon de bois Islande","link":"https:\/\/www.altimara.eu\/blog\/category\/charbon-de-bois-islande\/"},"img":{"alt_text":"IMG_20160615_184028682_HDR","src":"https:\/\/i0.wp.com\/www.altimara.eu\/blog\/wp-content\/uploads\/2016\/07\/IMG_20160615_184028682_HDR.jpg?resize=350%2C200","width":350,"height":200,"srcset":"https:\/\/i0.wp.com\/www.altimara.eu\/blog\/wp-content\/uploads\/2016\/07\/IMG_20160615_184028682_HDR.jpg?resize=350%2C200 1x, https:\/\/i0.wp.com\/www.altimara.eu\/blog\/wp-content\/uploads\/2016\/07\/IMG_20160615_184028682_HDR.jpg?resize=525%2C300 1.5x, https:\/\/i0.wp.com\/www.altimara.eu\/blog\/wp-content\/uploads\/2016\/07\/IMG_20160615_184028682_HDR.jpg?resize=700%2C400 2x"},"classes":[]},{"id":1390,"url":"https:\/\/www.altimara.eu\/blog\/2015\/07\/01\/bois-dislande-10\/","url_meta":{"origin":69,"position":1},"title":"Charbon de bois Islande","author":"Martiou","date":"1 juillet 2015","format":false,"excerpt":"Dans la ferme mus\u00e9e de Glamb\u00e6r, une forge est pr\u00e9sent\u00e9e avec du charbon de bois. La cuisson a l'air locale comme l'indique les deux bouts de bois sur le cot\u00e9. Le charbon est l\u00e9ger. L'Islande fournissant peu de mati\u00e8re v\u00e9g\u00e9tale \u00e0 carboniser (cf post 2013), le charbon a \u00e9t\u00e9 supplant\u00e9\u2026","rel":"","context":"Dans &quot;3 Charbon de bois Islande&quot;","block_context":{"text":"3 Charbon de bois Islande","link":"https:\/\/www.altimara.eu\/blog\/category\/charbon-de-bois-islande\/"},"img":{"alt_text":"_MAR7225","src":"https:\/\/i0.wp.com\/www.altimara.eu\/blog\/wp-content\/uploads\/2015\/07\/MAR7225.jpg?resize=350%2C200","width":350,"height":200,"srcset":"https:\/\/i0.wp.com\/www.altimara.eu\/blog\/wp-content\/uploads\/2015\/07\/MAR7225.jpg?resize=350%2C200 1x, https:\/\/i0.wp.com\/www.altimara.eu\/blog\/wp-content\/uploads\/2015\/07\/MAR7225.jpg?resize=525%2C300 1.5x, https:\/\/i0.wp.com\/www.altimara.eu\/blog\/wp-content\/uploads\/2015\/07\/MAR7225.jpg?resize=700%2C400 2x"},"classes":[]},{"id":2351,"url":"https:\/\/www.altimara.eu\/blog\/2017\/06\/23\/charbon-en-islande\/","url_meta":{"origin":69,"position":2},"title":"Charbon en Islande","author":"Martiou","date":"23 juin 2017","format":false,"excerpt":"Me voil\u00e0 de retour dans la lointaine \u00eele du nord, l'Islande. Premier contact avec le charbon de bois. Un retour sur les derni\u00e8res charbonni\u00e8res pratiqu\u00e9es dans la r\u00e9gion de Skatafell. Cet endroit est aujourd'hui un parc national tr\u00e8s couru par les touristes. Faut dire que le site est superbe avec\u2026","rel":"","context":"Dans &quot;3 Charbon de bois Islande&quot;","block_context":{"text":"3 Charbon de bois Islande","link":"https:\/\/www.altimara.eu\/blog\/category\/charbon-de-bois-islande\/"},"img":{"alt_text":"","src":"https:\/\/i0.wp.com\/www.altimara.eu\/blog\/wp-content\/uploads\/2017\/06\/20170622_075334-Modifier-225x300.jpg?resize=350%2C200","width":350,"height":200},"classes":[]},{"id":4686,"url":"https:\/\/www.altimara.eu\/blog\/2025\/11\/17\/bois-flotte-arctique\/","url_meta":{"origin":69,"position":3},"title":"Bois flott\u00e9 arctique","author":"Martiou","date":"17 novembre 2025","format":false,"excerpt":"Une \u00e9tude r\u00e9cente des bois flott\u00e9s dans le nord de l\u2019oc\u00e9an Atlantique m\u2019a interpell\u00e9 pour diff\u00e9rentes raisons. Depuis deux d\u00e9cennies je photographie les bois flott\u00e9s en Islande. Et dans les derni\u00e8res ann\u00e9es comme cet \u00e9t\u00e9 2025 j\u2019ai pu carboniser de ce bois sur la c\u00f4te sud. Les bois flott\u00e9s s\u2019\u00e9chouent\u2026","rel":"","context":"Dans &quot;Bois d'Islande, bois flott\u00e9, bois plant\u00e9&quot;","block_context":{"text":"Bois d'Islande, bois flott\u00e9, bois plant\u00e9","link":"https:\/\/www.altimara.eu\/blog\/category\/charbon-de-bois-islande\/bois-dislande-bois-flotte-bois-plante\/"},"img":{"alt_text":"","src":"https:\/\/i0.wp.com\/www.altimara.eu\/blog\/wp-content\/uploads\/2025\/11\/Capture-decran-2025-11-17-a-17.32.24.png?resize=350%2C200&ssl=1","width":350,"height":200,"srcset":"https:\/\/i0.wp.com\/www.altimara.eu\/blog\/wp-content\/uploads\/2025\/11\/Capture-decran-2025-11-17-a-17.32.24.png?resize=350%2C200&ssl=1 1x, https:\/\/i0.wp.com\/www.altimara.eu\/blog\/wp-content\/uploads\/2025\/11\/Capture-decran-2025-11-17-a-17.32.24.png?resize=525%2C300&ssl=1 1.5x"},"classes":[]},{"id":1409,"url":"https:\/\/www.altimara.eu\/blog\/2015\/07\/14\/bois-dislande-13\/","url_meta":{"origin":69,"position":4},"title":"Charbon de bois d&rsquo;Islande","author":"Martiou","date":"14 juillet 2015","format":false,"excerpt":"Depuis longtemps je cherche du sel noir d\u2019Hawa\u00ef. Ce sel est extrait de l'eau du Pacifique dans l'\u00eele de Moloka\u00ef. Il est ensuite m\u00e9lang\u00e9 \u00e0 du charbon actif qui lui donne sa couleur noire. Recherch\u00e9 pour sa qualit\u00e9 gustative moins agressive que le sel standard des salins on ne le\u2026","rel":"","context":"Dans &quot;3 Charbon de bois Islande&quot;","block_context":{"text":"3 Charbon de bois Islande","link":"https:\/\/www.altimara.eu\/blog\/category\/charbon-de-bois-islande\/"},"img":{"alt_text":"black-lava.jpg-for-web","src":"https:\/\/i0.wp.com\/www.altimara.eu\/blog\/wp-content\/uploads\/2015\/07\/black-lava.jpg-for-web-162x300.jpg?resize=350%2C200","width":350,"height":200},"classes":[]},{"id":1436,"url":"https:\/\/www.altimara.eu\/blog\/2015\/08\/24\/charbon-de-bois-islande\/","url_meta":{"origin":69,"position":5},"title":"Charbon de bois Islande","author":"Martiou","date":"24 ao\u00fbt 2015","format":false,"excerpt":"\u00d4 surprise, dans un restaurant perdu au milieu d'une coul\u00e9e de lave, \u00e0 H\u00fasafell, je m'assois \u00e0 une table et l\u00e0 une photo de charbonni\u00e8re est juste au dessus de moi... le fermier Thorsteinn a \u00e9t\u00e9 photographi\u00e9 par \u00der\u00e1nd\u00adur Thorodd\u00adsen, cin\u00e9aste\/photographe, en 1954, pendant une cuisson. Apparemment c'est avec du\u2026","rel":"","context":"Dans &quot;Charbon de bois&quot;","block_context":{"text":"Charbon de bois","link":"https:\/\/www.altimara.eu\/blog\/category\/charbon-de-bois-carbon-art\/"},"img":{"alt_text":"_MAR8094","src":"https:\/\/i0.wp.com\/www.altimara.eu\/blog\/wp-content\/uploads\/2015\/08\/MAR8094.jpg?resize=350%2C200","width":350,"height":200,"srcset":"https:\/\/i0.wp.com\/www.altimara.eu\/blog\/wp-content\/uploads\/2015\/08\/MAR8094.jpg?resize=350%2C200 1x, https:\/\/i0.wp.com\/www.altimara.eu\/blog\/wp-content\/uploads\/2015\/08\/MAR8094.jpg?resize=525%2C300 1.5x, https:\/\/i0.wp.com\/www.altimara.eu\/blog\/wp-content\/uploads\/2015\/08\/MAR8094.jpg?resize=700%2C400 2x"},"classes":[]}],"_links":{"self":[{"href":"https:\/\/www.altimara.eu\/blog\/wp-json\/wp\/v2\/posts\/69","targetHints":{"allow":["GET"]}}],"collection":[{"href":"https:\/\/www.altimara.eu\/blog\/wp-json\/wp\/v2\/posts"}],"about":[{"href":"https:\/\/www.altimara.eu\/blog\/wp-json\/wp\/v2\/types\/post"}],"author":[{"embeddable":true,"href":"https:\/\/www.altimara.eu\/blog\/wp-json\/wp\/v2\/users\/3"}],"replies":[{"embeddable":true,"href":"https:\/\/www.altimara.eu\/blog\/wp-json\/wp\/v2\/comments?post=69"}],"version-history":[{"count":0,"href":"https:\/\/www.altimara.eu\/blog\/wp-json\/wp\/v2\/posts\/69\/revisions"}],"wp:attachment":[{"href":"https:\/\/www.altimara.eu\/blog\/wp-json\/wp\/v2\/media?parent=69"}],"wp:term":[{"taxonomy":"category","embeddable":true,"href":"https:\/\/www.altimara.eu\/blog\/wp-json\/wp\/v2\/categories?post=69"},{"taxonomy":"post_tag","embeddable":true,"href":"https:\/\/www.altimara.eu\/blog\/wp-json\/wp\/v2\/tags?post=69"}],"curies":[{"name":"wp","href":"https:\/\/api.w.org\/{rel}","templated":true}]}}