{"id":547,"date":"2014-02-05T09:43:40","date_gmt":"2014-02-05T08:43:40","guid":{"rendered":"http:\/\/altimara.wordpress.com\/?p=547"},"modified":"2014-05-22T11:52:59","modified_gmt":"2014-05-22T10:52:59","slug":"ma-charbonniere-en-islande-a-la-television","status":"publish","type":"post","link":"https:\/\/www.altimara.eu\/blog\/2014\/02\/05\/ma-charbonniere-en-islande-a-la-television\/","title":{"rendered":"Ma charbonni\u00e8re en Islande \u00e0 la t\u00e9l\u00e9vision"},"content":{"rendered":"<p>La chaine nationale de t\u00e9l\u00e9vision islandaise RUV est venue nous filmer.\u00a0<a href=\"http:\/\/www.ruv.is\/sarpurinn\/djoflaeyjan\/04022014-0\">http:\/\/www.ruv.is\/sarpurinn\/djoflaeyjan\/04022014-0<\/a><\/p>\n","protected":false},"excerpt":{"rendered":"<p>La chaine nationale de t\u00e9l\u00e9vision islandaise RUV est venue nous filmer.\u00a0http:\/\/www.ruv.is\/sarpurinn\/djoflaeyjan\/04022014-0<\/p>\n","protected":false},"author":3,"featured_media":0,"comment_status":"closed","ping_status":"open","sticky":false,"template":"","format":"standard","meta":{"ngg_post_thumbnail":0,"jetpack_post_was_ever_published":false,"_jetpack_newsletter_access":"","_jetpack_dont_email_post_to_subs":false,"_jetpack_newsletter_tier_id":0,"_jetpack_memberships_contains_paywalled_content":false,"_jetpack_memberships_contains_paid_content":false,"footnotes":"","jetpack_publicize_message":"","jetpack_publicize_feature_enabled":true,"jetpack_social_post_already_shared":false,"jetpack_social_options":{"image_generator_settings":{"template":"highway","default_image_id":0,"font":"","enabled":false},"version":2}},"categories":[30,4],"tags":[],"class_list":["post-547","post","type-post","status-publish","format-standard","hentry","category-carbon-art","category-3-islande-fresh-winds"],"jetpack_publicize_connections":[],"jetpack_featured_media_url":"","jetpack_shortlink":"https:\/\/wp.me\/p4r91c-8P","jetpack_sharing_enabled":true,"jetpack-related-posts":[{"id":117,"url":"https:\/\/www.altimara.eu\/blog\/2013\/12\/19\/carbon-art\/","url_meta":{"origin":547,"position":0},"title":"Carbon-art","author":"Martiou","date":"19 d\u00e9cembre 2013","format":false,"excerpt":"carbon-art en bois des mers. Islande 2014 Carbon-art en osier. France. \u00a0\u00a0\u00a0A\u00a0l'origine \u00e9tait la mati\u00e8re brute. Noble bois ou ligneux malingres des garrigues. Ces bois ont servi de tout temps, en toute circonstance et pour tous les usages. L'Homme a commenc\u00e9 \u00e0 maitriser le feu que par l'apport de bois.\u2026","rel":"","context":"Dans &quot;Autre&quot;","block_context":{"text":"Autre","link":"https:\/\/www.altimara.eu\/blog\/category\/autre\/"},"img":{"alt_text":"","src":"https:\/\/i0.wp.com\/www.altimara.eu\/blog\/wp-content\/uploads\/2014\/01\/mac6926.jpg?resize=350%2C200&ssl=1","width":350,"height":200,"srcset":"https:\/\/i0.wp.com\/www.altimara.eu\/blog\/wp-content\/uploads\/2014\/01\/mac6926.jpg?resize=350%2C200&ssl=1 1x, https:\/\/i0.wp.com\/www.altimara.eu\/blog\/wp-content\/uploads\/2014\/01\/mac6926.jpg?resize=525%2C300&ssl=1 1.5x, https:\/\/i0.wp.com\/www.altimara.eu\/blog\/wp-content\/uploads\/2014\/01\/mac6926.jpg?resize=700%2C400&ssl=1 2x, https:\/\/i0.wp.com\/www.altimara.eu\/blog\/wp-content\/uploads\/2014\/01\/mac6926.jpg?resize=1050%2C600&ssl=1 3x, https:\/\/i0.wp.com\/www.altimara.eu\/blog\/wp-content\/uploads\/2014\/01\/mac6926.jpg?resize=1400%2C800&ssl=1 4x"},"classes":[]},{"id":726,"url":"https:\/\/www.altimara.eu\/blog\/2014\/03\/04\/carbon-art-3\/","url_meta":{"origin":547,"position":1},"title":"Carbon-art","author":"Martiou","date":"4 mars 2014","format":false,"excerpt":"Une petite envie de boule, genre virus. R\u00e9aliser une boule en rotin est assez difficile. Je l'ai ex\u00e9cut\u00e9e sans moule, directement en croisant les liens. La rondeur n'est pas parfaite mais cela ne g\u00eane pas. Avant Carbonis\u00e9e Maitrise parfaite du temps de cuisson et de la temp\u00e9rature. En travaillant sur\u2026","rel":"","context":"Dans &quot;Carbon-art&quot;","block_context":{"text":"Carbon-art","link":"https:\/\/www.altimara.eu\/blog\/category\/carbon-art\/"},"img":{"alt_text":"","src":"https:\/\/i0.wp.com\/www.altimara.eu\/blog\/wp-content\/uploads\/2014\/03\/mac7572.jpg?resize=350%2C200&ssl=1","width":350,"height":200},"classes":[]},{"id":2189,"url":"https:\/\/www.altimara.eu\/blog\/2017\/01\/16\/charbon-dart\/","url_meta":{"origin":547,"position":2},"title":"Charbon d&rsquo;art","author":"Martiou","date":"16 janvier 2017","format":false,"excerpt":"Du li\u00e8ge de la Cote d'Azur, carbonis\u00e9...","rel":"","context":"Dans &quot;Carbon-art&quot;","block_context":{"text":"Carbon-art","link":"https:\/\/www.altimara.eu\/blog\/category\/carbon-art\/"},"img":{"alt_text":"","src":"https:\/\/i0.wp.com\/www.altimara.eu\/blog\/wp-content\/uploads\/2017\/01\/MAR1780.jpg?resize=350%2C200","width":350,"height":200,"srcset":"https:\/\/i0.wp.com\/www.altimara.eu\/blog\/wp-content\/uploads\/2017\/01\/MAR1780.jpg?resize=350%2C200 1x, https:\/\/i0.wp.com\/www.altimara.eu\/blog\/wp-content\/uploads\/2017\/01\/MAR1780.jpg?resize=525%2C300 1.5x, https:\/\/i0.wp.com\/www.altimara.eu\/blog\/wp-content\/uploads\/2017\/01\/MAR1780.jpg?resize=700%2C400 2x"},"classes":[]},{"id":826,"url":"https:\/\/www.altimara.eu\/blog\/2014\/04\/13\/carbon-art-4\/","url_meta":{"origin":547,"position":3},"title":"Carbon-art","author":"Martiou","date":"13 avril 2014","format":false,"excerpt":"Lors du festival des charbonni\u00e8res nous avons offert \u00e0 Alain Poulet le pr\u00e9sident de la Communaut\u00e9 de Communes du Grand Pic St Loup, et qui arr\u00eate son mandat, un souvenir personnalis\u00e9. Moment d'\u00e9motion pour les uns et les autres car ce pr\u00e9sent symbolise r\u00e9ellement toute les relations que nous avons\u2026","rel":"","context":"Dans &quot;1 Festival charbonni\u00e8res LO GAROU&quot;","block_context":{"text":"1 Festival charbonni\u00e8res LO GAROU","link":"https:\/\/www.altimara.eu\/blog\/category\/1-festival-charbonnieres-lo-garou\/"},"img":{"alt_text":"titre-noir","src":"https:\/\/i0.wp.com\/www.altimara.eu\/blog\/wp-content\/uploads\/2014\/02\/titre-noir2.jpg?resize=350%2C200","width":350,"height":200},"classes":[]},{"id":672,"url":"https:\/\/www.altimara.eu\/blog\/2014\/02\/19\/suite-fresh-winds\/","url_meta":{"origin":547,"position":4},"title":"Suite Fresh winds","author":"Martiou","date":"19 f\u00e9vrier 2014","format":false,"excerpt":"Des nouvelles de Lionel Guibout, peintre amoureux des for\u00eats:\u00a0http:\/\/blogs.thenational.ae\/arts-culture\/the-art-blog\/five-minutes-with-lionel-guibout","rel":"","context":"Dans &quot;Autre&quot;","block_context":{"text":"Autre","link":"https:\/\/www.altimara.eu\/blog\/category\/autre\/"},"img":{"alt_text":"","src":"","width":0,"height":0},"classes":[]},{"id":2521,"url":"https:\/\/www.altimara.eu\/blog\/2017\/11\/17\/fusain-art\/","url_meta":{"origin":547,"position":5},"title":"Fusain art","author":"Martiou","date":"17 novembre 2017","format":false,"excerpt":"Visite de la tr\u00e8s belle cit\u00e9 d'Albi, dans le Tarn, avec sa merveilleuse cath\u00e9drale. Nous avons \"rencontr\u00e9\" le grand peintre de la ville, Toulouse-Lautrec, dans le mus\u00e9e qui lui est d\u00e9di\u00e9. Un certain nombre de ses \u0153uvres sont r\u00e9alis\u00e9es au fusain. Le fusain, charbon de bois utilis\u00e9 depuis la pr\u00e9histoire\u2026","rel":"","context":"Dans &quot;Autre&quot;","block_context":{"text":"Autre","link":"https:\/\/www.altimara.eu\/blog\/category\/autre\/"},"img":{"alt_text":"","src":"https:\/\/i0.wp.com\/www.altimara.eu\/blog\/wp-content\/uploads\/2017\/11\/IMG_20171113_150435442-169x300.jpg?resize=350%2C200","width":350,"height":200},"classes":[]}],"_links":{"self":[{"href":"https:\/\/www.altimara.eu\/blog\/wp-json\/wp\/v2\/posts\/547","targetHints":{"allow":["GET"]}}],"collection":[{"href":"https:\/\/www.altimara.eu\/blog\/wp-json\/wp\/v2\/posts"}],"about":[{"href":"https:\/\/www.altimara.eu\/blog\/wp-json\/wp\/v2\/types\/post"}],"author":[{"embeddable":true,"href":"https:\/\/www.altimara.eu\/blog\/wp-json\/wp\/v2\/users\/3"}],"replies":[{"embeddable":true,"href":"https:\/\/www.altimara.eu\/blog\/wp-json\/wp\/v2\/comments?post=547"}],"version-history":[{"count":0,"href":"https:\/\/www.altimara.eu\/blog\/wp-json\/wp\/v2\/posts\/547\/revisions"}],"wp:attachment":[{"href":"https:\/\/www.altimara.eu\/blog\/wp-json\/wp\/v2\/media?parent=547"}],"wp:term":[{"taxonomy":"category","embeddable":true,"href":"https:\/\/www.altimara.eu\/blog\/wp-json\/wp\/v2\/categories?post=547"},{"taxonomy":"post_tag","embeddable":true,"href":"https:\/\/www.altimara.eu\/blog\/wp-json\/wp\/v2\/tags?post=547"}],"curies":[{"name":"wp","href":"https:\/\/api.w.org\/{rel}","templated":true}]}}