{"id":4759,"date":"2026-04-11T10:03:51","date_gmt":"2026-04-11T09:03:51","guid":{"rendered":"https:\/\/www.altimara.eu\/blog\/?p=4759"},"modified":"2026-04-11T10:10:36","modified_gmt":"2026-04-11T09:10:36","slug":"22eme-fete-chez-jean","status":"publish","type":"post","link":"https:\/\/www.altimara.eu\/blog\/2026\/04\/11\/22eme-fete-chez-jean\/","title":{"rendered":"22\u00e8me f\u00eate chez Jean"},"content":{"rendered":"\n<p>Jean et ses co-charbonnier-es proposent la 22\u00e8me \u00e9dition de la f\u00eate de la charbonni\u00e8re en Ard\u00e8che. Une valeur sure dans le monde restreint des charbonniers.<\/p>\n\n\n\n<p>La semaine de cuisson est dans un endroit accueillant o\u00f9 il fait bon de visiter et rester voir ou participer aux nombreux ateliers de forge.<\/p>\n\n\n\n<p>Benvengut \u00e0 Bois Redon !<\/p>\n\n\n\n<figure class=\"wp-block-image size-large\"><img data-recalc-dims=\"1\" loading=\"lazy\" decoding=\"async\" width=\"627\" height=\"434\" data-attachment-id=\"4760\" data-permalink=\"https:\/\/www.altimara.eu\/blog\/2026\/04\/11\/22eme-fete-chez-jean\/flyer-fete-charbo-2026-copie\/\" data-orig-file=\"https:\/\/i0.wp.com\/www.altimara.eu\/blog\/wp-content\/uploads\/2026\/04\/Flyer-fete-charbo-2026-copie.jpg?fit=1625%2C1125&amp;ssl=1\" data-orig-size=\"1625,1125\" data-comments-opened=\"1\" data-image-meta=\"{&quot;aperture&quot;:&quot;0&quot;,&quot;credit&quot;:&quot;&quot;,&quot;camera&quot;:&quot;&quot;,&quot;caption&quot;:&quot;&quot;,&quot;created_timestamp&quot;:&quot;0&quot;,&quot;copyright&quot;:&quot;&quot;,&quot;focal_length&quot;:&quot;0&quot;,&quot;iso&quot;:&quot;0&quot;,&quot;shutter_speed&quot;:&quot;0&quot;,&quot;title&quot;:&quot;&quot;,&quot;orientation&quot;:&quot;0&quot;}\" data-image-title=\"Flyer fete charbo 2026 &amp;#8211; copie\" data-image-description=\"\" data-image-caption=\"\" data-large-file=\"https:\/\/i0.wp.com\/www.altimara.eu\/blog\/wp-content\/uploads\/2026\/04\/Flyer-fete-charbo-2026-copie.jpg?fit=627%2C434&amp;ssl=1\" src=\"https:\/\/i0.wp.com\/www.altimara.eu\/blog\/wp-content\/uploads\/2026\/04\/Flyer-fete-charbo-2026-copie.jpg?resize=627%2C434&#038;ssl=1\" alt=\"\" class=\"wp-image-4760\" srcset=\"https:\/\/i0.wp.com\/www.altimara.eu\/blog\/wp-content\/uploads\/2026\/04\/Flyer-fete-charbo-2026-copie.jpg?resize=1024%2C709&amp;ssl=1 1024w, https:\/\/i0.wp.com\/www.altimara.eu\/blog\/wp-content\/uploads\/2026\/04\/Flyer-fete-charbo-2026-copie.jpg?resize=300%2C208&amp;ssl=1 300w, https:\/\/i0.wp.com\/www.altimara.eu\/blog\/wp-content\/uploads\/2026\/04\/Flyer-fete-charbo-2026-copie.jpg?resize=768%2C532&amp;ssl=1 768w, https:\/\/i0.wp.com\/www.altimara.eu\/blog\/wp-content\/uploads\/2026\/04\/Flyer-fete-charbo-2026-copie.jpg?resize=1536%2C1063&amp;ssl=1 1536w, https:\/\/i0.wp.com\/www.altimara.eu\/blog\/wp-content\/uploads\/2026\/04\/Flyer-fete-charbo-2026-copie.jpg?w=1625&amp;ssl=1 1625w, https:\/\/i0.wp.com\/www.altimara.eu\/blog\/wp-content\/uploads\/2026\/04\/Flyer-fete-charbo-2026-copie.jpg?w=1254&amp;ssl=1 1254w\" sizes=\"auto, (max-width: 627px) 100vw, 627px\" \/><\/figure>\n\n\n\n<figure class=\"wp-block-image size-large\"><img data-recalc-dims=\"1\" loading=\"lazy\" decoding=\"async\" width=\"627\" height=\"836\" data-attachment-id=\"4762\" data-permalink=\"https:\/\/www.altimara.eu\/blog\/2026\/04\/11\/22eme-fete-chez-jean\/affiche-2026\/\" data-orig-file=\"https:\/\/i0.wp.com\/www.altimara.eu\/blog\/wp-content\/uploads\/2026\/04\/Affiche-2026-.jpg?fit=1575%2C2100&amp;ssl=1\" data-orig-size=\"1575,2100\" data-comments-opened=\"1\" data-image-meta=\"{&quot;aperture&quot;:&quot;0&quot;,&quot;credit&quot;:&quot;&quot;,&quot;camera&quot;:&quot;&quot;,&quot;caption&quot;:&quot;&quot;,&quot;created_timestamp&quot;:&quot;0&quot;,&quot;copyright&quot;:&quot;&quot;,&quot;focal_length&quot;:&quot;0&quot;,&quot;iso&quot;:&quot;0&quot;,&quot;shutter_speed&quot;:&quot;0&quot;,&quot;title&quot;:&quot;&quot;,&quot;orientation&quot;:&quot;0&quot;}\" data-image-title=\"Affiche 2026-\" data-image-description=\"\" data-image-caption=\"\" data-large-file=\"https:\/\/i0.wp.com\/www.altimara.eu\/blog\/wp-content\/uploads\/2026\/04\/Affiche-2026-.jpg?fit=627%2C836&amp;ssl=1\" src=\"https:\/\/i0.wp.com\/www.altimara.eu\/blog\/wp-content\/uploads\/2026\/04\/Affiche-2026-.jpg?resize=627%2C836&#038;ssl=1\" alt=\"\" class=\"wp-image-4762\" srcset=\"https:\/\/i0.wp.com\/www.altimara.eu\/blog\/wp-content\/uploads\/2026\/04\/Affiche-2026-.jpg?resize=768%2C1024&amp;ssl=1 768w, https:\/\/i0.wp.com\/www.altimara.eu\/blog\/wp-content\/uploads\/2026\/04\/Affiche-2026-.jpg?resize=225%2C300&amp;ssl=1 225w, https:\/\/i0.wp.com\/www.altimara.eu\/blog\/wp-content\/uploads\/2026\/04\/Affiche-2026-.jpg?resize=1152%2C1536&amp;ssl=1 1152w, https:\/\/i0.wp.com\/www.altimara.eu\/blog\/wp-content\/uploads\/2026\/04\/Affiche-2026-.jpg?resize=1536%2C2048&amp;ssl=1 1536w, https:\/\/i0.wp.com\/www.altimara.eu\/blog\/wp-content\/uploads\/2026\/04\/Affiche-2026-.jpg?w=1575&amp;ssl=1 1575w, https:\/\/i0.wp.com\/www.altimara.eu\/blog\/wp-content\/uploads\/2026\/04\/Affiche-2026-.jpg?w=1254&amp;ssl=1 1254w\" sizes=\"auto, (max-width: 627px) 100vw, 627px\" \/><\/figure>\n","protected":false},"excerpt":{"rendered":"<p>Jean et ses co-charbonnier-es proposent la 22\u00e8me \u00e9dition de la f\u00eate de la charbonni\u00e8re en Ard\u00e8che. Une valeur sure dans le monde restreint des charbonniers. La semaine de cuisson est dans un endroit accueillant o\u00f9 il fait bon de visiter et rester voir ou participer aux nombreux ateliers de forge. Benvengut \u00e0 Bois Redon !<\/p>\n","protected":false},"author":3,"featured_media":0,"comment_status":"open","ping_status":"open","sticky":false,"template":"","format":"standard","meta":{"ngg_post_thumbnail":0,"jetpack_post_was_ever_published":false,"_jetpack_newsletter_access":"","_jetpack_dont_email_post_to_subs":false,"_jetpack_newsletter_tier_id":0,"_jetpack_memberships_contains_paywalled_content":false,"_jetpack_memberships_contains_paid_content":false,"footnotes":"","jetpack_publicize_message":"","jetpack_publicize_feature_enabled":true,"jetpack_social_post_already_shared":true,"jetpack_social_options":{"image_generator_settings":{"template":"highway","default_image_id":0,"font":"","enabled":false},"version":2}},"categories":[103,37,147],"tags":[12,18],"class_list":["post-4759","post","type-post","status-publish","format-standard","hentry","category-charbonnier-en-france","category-evenementiel","category-four-metalliques","tag-charbonniere","tag-garrigue"],"jetpack_publicize_connections":[],"jetpack_featured_media_url":"","jetpack_shortlink":"https:\/\/wp.me\/p4r91c-1eL","jetpack_sharing_enabled":true,"jetpack-related-posts":[{"id":1826,"url":"https:\/\/www.altimara.eu\/blog\/2016\/04\/24\/jean-le-charbonnier\/","url_meta":{"origin":4759,"position":0},"title":"Jean le charbonnier","author":"Martiou","date":"24 avril 2016","format":false,"excerpt":"Bient\u00f4t le mois de mai et la f\u00eate charbonni\u00e8re de Jean en Ard\u00e8che. Montage de la meule \u00e0 partir du vendredi 13 et allumage le samedi 14. Cuisson pendant la semaine et d\u00e9cavage le 20 mai. Contact direct Jean: 06 37 60 66 25 De nombreuses activit\u00e9s sont au programme","rel":"","context":"Dans &quot;Charbon de bois&quot;","block_context":{"text":"Charbon de bois","link":"https:\/\/www.altimara.eu\/blog\/category\/charbon-de-bois-carbon-art\/"},"img":{"alt_text":"plaquette charbonnie\u0300re 9","src":"https:\/\/i0.wp.com\/www.altimara.eu\/blog\/wp-content\/uploads\/2016\/04\/plaquette-charbonnie%CC%80re-9.jpg?resize=350%2C200","width":350,"height":200,"srcset":"https:\/\/i0.wp.com\/www.altimara.eu\/blog\/wp-content\/uploads\/2016\/04\/plaquette-charbonnie%CC%80re-9.jpg?resize=350%2C200 1x, https:\/\/i0.wp.com\/www.altimara.eu\/blog\/wp-content\/uploads\/2016\/04\/plaquette-charbonnie%CC%80re-9.jpg?resize=525%2C300 1.5x, https:\/\/i0.wp.com\/www.altimara.eu\/blog\/wp-content\/uploads\/2016\/04\/plaquette-charbonnie%CC%80re-9.jpg?resize=700%2C400 2x"},"classes":[]},{"id":4007,"url":"https:\/\/www.altimara.eu\/blog\/2023\/04\/19\/charbonniere-a-jean\/","url_meta":{"origin":4759,"position":1},"title":"Charbonni\u00e8re \u00e0 Jean","author":"Martiou","date":"19 avril 2023","format":false,"excerpt":"Mois de mai, mois des charbonni\u00e8res. Pendant que je conduirai la mienne \u00e0 cot\u00e9 du Pic-St-Loup, Jean et son \u00e9quipe auront la leur dans le petit coin de garrigue ard\u00e9choise comme chaque ann\u00e9e. Faites f\u00eate au charbon de bois et aux charbonni\u00e8r-es !","rel":"","context":"Dans &quot;Charbon de bois&quot;","block_context":{"text":"Charbon de bois","link":"https:\/\/www.altimara.eu\/blog\/category\/charbon-de-bois-carbon-art\/"},"img":{"alt_text":"","src":"https:\/\/i0.wp.com\/www.altimara.eu\/blog\/wp-content\/uploads\/2023\/04\/Affiche-Charbonniere-2023_V25.jpg?resize=350%2C200&ssl=1","width":350,"height":200,"srcset":"https:\/\/i0.wp.com\/www.altimara.eu\/blog\/wp-content\/uploads\/2023\/04\/Affiche-Charbonniere-2023_V25.jpg?resize=350%2C200&ssl=1 1x, https:\/\/i0.wp.com\/www.altimara.eu\/blog\/wp-content\/uploads\/2023\/04\/Affiche-Charbonniere-2023_V25.jpg?resize=525%2C300&ssl=1 1.5x, https:\/\/i0.wp.com\/www.altimara.eu\/blog\/wp-content\/uploads\/2023\/04\/Affiche-Charbonniere-2023_V25.jpg?resize=700%2C400&ssl=1 2x, https:\/\/i0.wp.com\/www.altimara.eu\/blog\/wp-content\/uploads\/2023\/04\/Affiche-Charbonniere-2023_V25.jpg?resize=1050%2C600&ssl=1 3x, https:\/\/i0.wp.com\/www.altimara.eu\/blog\/wp-content\/uploads\/2023\/04\/Affiche-Charbonniere-2023_V25.jpg?resize=1400%2C800&ssl=1 4x"},"classes":[]},{"id":2318,"url":"https:\/\/www.altimara.eu\/blog\/2017\/05\/08\/chez-jean-2\/","url_meta":{"origin":4759,"position":2},"title":"Chez Jean","author":"Martiou","date":"8 mai 2017","format":false,"excerpt":"Le bois est cuit, du bon charbon de bois, comme seule les cuissons en meule peuvent en donner avec l'art du charbonnier. Mon ami Jean chaudi\u00e8re a bien r\u00e9ussi sa carbonisation et sa f\u00eate des charbonniers. Nous avons \u00e9t\u00e9 nombreux a participer \u00e0 ce rassemblement. Les forgerons et m\u00e9tallurgistes ont\u2026","rel":"","context":"Dans &quot;Charbon de bois&quot;","block_context":{"text":"Charbon de bois","link":"https:\/\/www.altimara.eu\/blog\/category\/charbon-de-bois-carbon-art\/"},"img":{"alt_text":"","src":"https:\/\/i0.wp.com\/www.altimara.eu\/blog\/wp-content\/uploads\/2017\/05\/MAR2527.jpg?resize=350%2C200","width":350,"height":200,"srcset":"https:\/\/i0.wp.com\/www.altimara.eu\/blog\/wp-content\/uploads\/2017\/05\/MAR2527.jpg?resize=350%2C200 1x, https:\/\/i0.wp.com\/www.altimara.eu\/blog\/wp-content\/uploads\/2017\/05\/MAR2527.jpg?resize=525%2C300 1.5x"},"classes":[]},{"id":3454,"url":"https:\/\/www.altimara.eu\/blog\/2020\/09\/14\/la-fete-a-jean\/","url_meta":{"origin":4759,"position":3},"title":"la f\u00eate \u00e0 Jean","author":"Martiou","date":"14 septembre 2020","format":false,"excerpt":"Faute de pouvoir se retrouver autour de sa charbonni\u00e8re avant l'\u00e9t\u00e9, Jean renouvelle sa f\u00eate de la charbonni\u00e8re en octobre. Je vais en profiter pour am\u00e9liorer mon exp\u00e9rience des cuissons en fosses, la romaine et la viking.","rel":"","context":"Dans &quot;Charbon de bois&quot;","block_context":{"text":"Charbon de bois","link":"https:\/\/www.altimara.eu\/blog\/category\/charbon-de-bois-carbon-art\/"},"img":{"alt_text":"","src":"https:\/\/i0.wp.com\/www.altimara.eu\/blog\/wp-content\/uploads\/2020\/09\/Flyer-fete-charbo-2020-v2.jpg?resize=350%2C200&ssl=1","width":350,"height":200,"srcset":"https:\/\/i0.wp.com\/www.altimara.eu\/blog\/wp-content\/uploads\/2020\/09\/Flyer-fete-charbo-2020-v2.jpg?resize=350%2C200&ssl=1 1x, https:\/\/i0.wp.com\/www.altimara.eu\/blog\/wp-content\/uploads\/2020\/09\/Flyer-fete-charbo-2020-v2.jpg?resize=525%2C300&ssl=1 1.5x, https:\/\/i0.wp.com\/www.altimara.eu\/blog\/wp-content\/uploads\/2020\/09\/Flyer-fete-charbo-2020-v2.jpg?resize=700%2C400&ssl=1 2x, https:\/\/i0.wp.com\/www.altimara.eu\/blog\/wp-content\/uploads\/2020\/09\/Flyer-fete-charbo-2020-v2.jpg?resize=1050%2C600&ssl=1 3x, https:\/\/i0.wp.com\/www.altimara.eu\/blog\/wp-content\/uploads\/2020\/09\/Flyer-fete-charbo-2020-v2.jpg?resize=1400%2C800&ssl=1 4x"},"classes":[]},{"id":1696,"url":"https:\/\/www.altimara.eu\/blog\/2016\/02\/17\/chez-jean-le-charbonnier\/","url_meta":{"origin":4759,"position":4},"title":"Chez Jean le Charbonnier","author":"Martiou","date":"17 f\u00e9vrier 2016","format":false,"excerpt":"Jean Chaudi\u00e8re, animateur carbone d'Ard\u00e8che, pr\u00e9sente son programme pour le mois de mai. Avec la cuisson d'une charbonni\u00e8re, il y aura d\u00e9monstration de forgerons en continu. N'oublions pas que la production du charbon de bois en quantit\u00e9 a permis le travail des m\u00e9taux depuis le chalcolithique. Tous chez Jean en\u2026","rel":"","context":"Dans &quot;Charbon de bois&quot;","block_context":{"text":"Charbon de bois","link":"https:\/\/www.altimara.eu\/blog\/category\/charbon-de-bois-carbon-art\/"},"img":{"alt_text":"plaquette charbonnie\u0300re 6 dernie\u0300re version","src":"https:\/\/i0.wp.com\/www.altimara.eu\/blog\/wp-content\/uploads\/2016\/02\/plaquette-charbonnie%CC%80re-6-dernie%CC%80re-version-1024x723.jpg?resize=350%2C200","width":350,"height":200,"srcset":"https:\/\/i0.wp.com\/www.altimara.eu\/blog\/wp-content\/uploads\/2016\/02\/plaquette-charbonnie%CC%80re-6-dernie%CC%80re-version-1024x723.jpg?resize=350%2C200 1x, https:\/\/i0.wp.com\/www.altimara.eu\/blog\/wp-content\/uploads\/2016\/02\/plaquette-charbonnie%CC%80re-6-dernie%CC%80re-version-1024x723.jpg?resize=525%2C300 1.5x"},"classes":[]},{"id":2303,"url":"https:\/\/www.altimara.eu\/blog\/2017\/04\/21\/chez-jean-lardechois\/","url_meta":{"origin":4759,"position":5},"title":"Chez Jean l&rsquo;Ard\u00e9chois","author":"Martiou","date":"21 avril 2017","format":false,"excerpt":"C'est reparti pour une belle f\u00eate de la charbonni\u00e8re, pr\u00e8s de Bourg St And\u00e9ol, chez Jean Chaudi\u00e8re. J'y serai avec Martine la vanni\u00e8re. L'occase de faire de l'\u00e9cochar, le charbon reconstitu\u00e9, dans le projet de d\u00e9veloppement durable en Guin\u00e9e et Togo.","rel":"","context":"Dans &quot;Charbon de bois&quot;","block_context":{"text":"Charbon de bois","link":"https:\/\/www.altimara.eu\/blog\/category\/charbon-de-bois-carbon-art\/"},"img":{"alt_text":"","src":"https:\/\/i0.wp.com\/www.altimara.eu\/blog\/wp-content\/uploads\/2017\/04\/recto-flyer-charbon-2017.jpg?resize=350%2C200","width":350,"height":200,"srcset":"https:\/\/i0.wp.com\/www.altimara.eu\/blog\/wp-content\/uploads\/2017\/04\/recto-flyer-charbon-2017.jpg?resize=350%2C200 1x, https:\/\/i0.wp.com\/www.altimara.eu\/blog\/wp-content\/uploads\/2017\/04\/recto-flyer-charbon-2017.jpg?resize=525%2C300 1.5x, https:\/\/i0.wp.com\/www.altimara.eu\/blog\/wp-content\/uploads\/2017\/04\/recto-flyer-charbon-2017.jpg?resize=700%2C400 2x"},"classes":[]}],"_links":{"self":[{"href":"https:\/\/www.altimara.eu\/blog\/wp-json\/wp\/v2\/posts\/4759","targetHints":{"allow":["GET"]}}],"collection":[{"href":"https:\/\/www.altimara.eu\/blog\/wp-json\/wp\/v2\/posts"}],"about":[{"href":"https:\/\/www.altimara.eu\/blog\/wp-json\/wp\/v2\/types\/post"}],"author":[{"embeddable":true,"href":"https:\/\/www.altimara.eu\/blog\/wp-json\/wp\/v2\/users\/3"}],"replies":[{"embeddable":true,"href":"https:\/\/www.altimara.eu\/blog\/wp-json\/wp\/v2\/comments?post=4759"}],"version-history":[{"count":0,"href":"https:\/\/www.altimara.eu\/blog\/wp-json\/wp\/v2\/posts\/4759\/revisions"}],"wp:attachment":[{"href":"https:\/\/www.altimara.eu\/blog\/wp-json\/wp\/v2\/media?parent=4759"}],"wp:term":[{"taxonomy":"category","embeddable":true,"href":"https:\/\/www.altimara.eu\/blog\/wp-json\/wp\/v2\/categories?post=4759"},{"taxonomy":"post_tag","embeddable":true,"href":"https:\/\/www.altimara.eu\/blog\/wp-json\/wp\/v2\/tags?post=4759"}],"curies":[{"name":"wp","href":"https:\/\/api.w.org\/{rel}","templated":true}]}}