{"id":4746,"date":"2026-04-05T17:05:11","date_gmt":"2026-04-05T16:05:11","guid":{"rendered":"https:\/\/www.altimara.eu\/blog\/?p=4746"},"modified":"2026-04-05T17:07:06","modified_gmt":"2026-04-05T16:07:06","slug":"charbonnier-des-garrigues","status":"publish","type":"post","link":"https:\/\/www.altimara.eu\/blog\/2026\/04\/05\/charbonnier-des-garrigues\/","title":{"rendered":"Charbonnier des garrigues"},"content":{"rendered":"\n<p>J&rsquo;ai eu le plaisir d&rsquo;obtenir enfin une photo de charbonniers de nos garrigues. M. Philippe Tourrier, maire de Claret, m&rsquo;a offert ce rare document o\u00f9 l&rsquo;on voit des membres de sa famille, charbonniers des garrigues saintlouviennes.<\/p>\n\n\n<div class=\"wp-block-image\">\n<figure class=\"aligncenter size-full\"><img data-recalc-dims=\"1\" loading=\"lazy\" decoding=\"async\" width=\"627\" height=\"470\" data-attachment-id=\"4750\" data-permalink=\"https:\/\/www.altimara.eu\/blog\/2026\/04\/05\/charbonnier-des-garrigues\/tourrier\/\" data-orig-file=\"https:\/\/i0.wp.com\/www.altimara.eu\/blog\/wp-content\/uploads\/2026\/04\/Tourrier.png?fit=709%2C531&amp;ssl=1\" data-orig-size=\"709,531\" data-comments-opened=\"1\" data-image-meta=\"{&quot;aperture&quot;:&quot;0&quot;,&quot;credit&quot;:&quot;&quot;,&quot;camera&quot;:&quot;&quot;,&quot;caption&quot;:&quot;&quot;,&quot;created_timestamp&quot;:&quot;0&quot;,&quot;copyright&quot;:&quot;&quot;,&quot;focal_length&quot;:&quot;0&quot;,&quot;iso&quot;:&quot;0&quot;,&quot;shutter_speed&quot;:&quot;0&quot;,&quot;title&quot;:&quot;&quot;,&quot;orientation&quot;:&quot;0&quot;}\" data-image-title=\"Tourrier\" data-image-description=\"\" data-image-caption=\"\" data-large-file=\"https:\/\/i0.wp.com\/www.altimara.eu\/blog\/wp-content\/uploads\/2026\/04\/Tourrier.png?fit=627%2C470&amp;ssl=1\" src=\"https:\/\/i0.wp.com\/www.altimara.eu\/blog\/wp-content\/uploads\/2026\/04\/Tourrier.png?resize=627%2C470&#038;ssl=1\" alt=\"\" class=\"wp-image-4750\" srcset=\"https:\/\/i0.wp.com\/www.altimara.eu\/blog\/wp-content\/uploads\/2026\/04\/Tourrier.png?w=709&amp;ssl=1 709w, https:\/\/i0.wp.com\/www.altimara.eu\/blog\/wp-content\/uploads\/2026\/04\/Tourrier.png?resize=300%2C225&amp;ssl=1 300w\" sizes=\"auto, (max-width: 627px) 100vw, 627px\" \/><\/figure>\n<\/div>\n\n\n<p>L&rsquo;un des hommes est Fernand Gaubiac, grand p\u00e8re de M. Tourrier, n\u00e9 en 1899. Cet homme a eu 10 enfants, 5 filles et 5 gar\u00e7ons, dont celui au centre de l&rsquo;image qui est n\u00e9 en 1933. Il a l&rsquo;air d&rsquo;avoir environ 10 ans, ce qui date la photo aux alentours de 1943.<\/p>\n\n\n\n<p>La charbonni\u00e8re se situe dans les garrigues de Claret. On voit au premier plan du charbon de bois et un sac pour son transport. A l&rsquo;arri\u00e8re plan, sur la droite, le mur de la cabane en pierres s\u00e8ches. Les personnes sont appuy\u00e9es contre un mur, elles d\u00e9jeunent et on peux imaginer une femme qui a apport\u00e9 le repas avec son panier.<\/p>\n\n\n\n<p>Merci \u00e0 M. Tourrier pour ce pr\u00e9cieux document.<\/p>\n","protected":false},"excerpt":{"rendered":"<p>J&rsquo;ai eu le plaisir d&rsquo;obtenir enfin une photo de charbonniers de nos garrigues. M. Philippe Tourrier, maire de Claret, m&rsquo;a offert ce rare document o\u00f9 l&rsquo;on voit des membres de sa famille, charbonniers des garrigues saintlouviennes. L&rsquo;un des hommes est Fernand Gaubiac, grand p\u00e8re de M. Tourrier, n\u00e9 en 1899. Cet homme a eu 10 [&hellip;]<\/p>\n","protected":false},"author":3,"featured_media":0,"comment_status":"open","ping_status":"open","sticky":false,"template":"","format":"standard","meta":{"ngg_post_thumbnail":0,"jetpack_post_was_ever_published":false,"_jetpack_newsletter_access":"","_jetpack_dont_email_post_to_subs":false,"_jetpack_newsletter_tier_id":0,"_jetpack_memberships_contains_paywalled_content":false,"_jetpack_memberships_contains_paid_content":false,"footnotes":"","jetpack_publicize_message":"","jetpack_publicize_feature_enabled":true,"jetpack_social_post_already_shared":true,"jetpack_social_options":{"image_generator_settings":{"template":"highway","default_image_id":0,"font":"","enabled":false},"version":2}},"categories":[6,103],"tags":[12,18],"class_list":["post-4746","post","type-post","status-publish","format-standard","hentry","category-charbon-de-bois-carbon-art","category-charbonnier-en-france","tag-charbonniere","tag-garrigue"],"jetpack_publicize_connections":[],"jetpack_featured_media_url":"","jetpack_shortlink":"https:\/\/wp.me\/p4r91c-1ey","jetpack_sharing_enabled":true,"jetpack-related-posts":[{"id":3855,"url":"https:\/\/www.altimara.eu\/blog\/2022\/05\/15\/charbonniere-vigneronne\/","url_meta":{"origin":4746,"position":0},"title":"Charbonni\u00e8re vigneronne","author":"Martiou","date":"15 mai 2022","format":false,"excerpt":"De tr\u00e8s bons moments dans un environnement superbe au milieu des vignes du Ch\u00e2teau de Lancyre et face au Pic-St-Loup. Les visiteurs avaient un parcours au travers des vignes et de la garrigue. J'\u00e9tais post\u00e9 dans une ancienne charbonni\u00e8re, au sommet d'une colline avec de la Syrah et du Carignan\u2026","rel":"","context":"Dans &quot;0- MES CHARBONNI\u00c8RES&quot;","block_context":{"text":"0- MES CHARBONNI\u00c8RES","link":"https:\/\/www.altimara.eu\/blog\/category\/mes-charbonnieres\/"},"img":{"alt_text":"","src":"https:\/\/i0.wp.com\/www.altimara.eu\/blog\/wp-content\/uploads\/2022\/05\/IMG_20220515_102518.jpg?resize=350%2C200&ssl=1","width":350,"height":200,"srcset":"https:\/\/i0.wp.com\/www.altimara.eu\/blog\/wp-content\/uploads\/2022\/05\/IMG_20220515_102518.jpg?resize=350%2C200&ssl=1 1x, https:\/\/i0.wp.com\/www.altimara.eu\/blog\/wp-content\/uploads\/2022\/05\/IMG_20220515_102518.jpg?resize=525%2C300&ssl=1 1.5x, https:\/\/i0.wp.com\/www.altimara.eu\/blog\/wp-content\/uploads\/2022\/05\/IMG_20220515_102518.jpg?resize=700%2C400&ssl=1 2x, https:\/\/i0.wp.com\/www.altimara.eu\/blog\/wp-content\/uploads\/2022\/05\/IMG_20220515_102518.jpg?resize=1050%2C600&ssl=1 3x, https:\/\/i0.wp.com\/www.altimara.eu\/blog\/wp-content\/uploads\/2022\/05\/IMG_20220515_102518.jpg?resize=1400%2C800&ssl=1 4x"},"classes":[]},{"id":4007,"url":"https:\/\/www.altimara.eu\/blog\/2023\/04\/19\/charbonniere-a-jean\/","url_meta":{"origin":4746,"position":1},"title":"Charbonni\u00e8re \u00e0 Jean","author":"Martiou","date":"19 avril 2023","format":false,"excerpt":"Mois de mai, mois des charbonni\u00e8res. Pendant que je conduirai la mienne \u00e0 cot\u00e9 du Pic-St-Loup, Jean et son \u00e9quipe auront la leur dans le petit coin de garrigue ard\u00e9choise comme chaque ann\u00e9e. Faites f\u00eate au charbon de bois et aux charbonni\u00e8r-es !","rel":"","context":"Dans &quot;Charbon de bois&quot;","block_context":{"text":"Charbon de bois","link":"https:\/\/www.altimara.eu\/blog\/category\/charbon-de-bois-carbon-art\/"},"img":{"alt_text":"","src":"https:\/\/i0.wp.com\/www.altimara.eu\/blog\/wp-content\/uploads\/2023\/04\/Affiche-Charbonniere-2023_V25.jpg?resize=350%2C200&ssl=1","width":350,"height":200,"srcset":"https:\/\/i0.wp.com\/www.altimara.eu\/blog\/wp-content\/uploads\/2023\/04\/Affiche-Charbonniere-2023_V25.jpg?resize=350%2C200&ssl=1 1x, https:\/\/i0.wp.com\/www.altimara.eu\/blog\/wp-content\/uploads\/2023\/04\/Affiche-Charbonniere-2023_V25.jpg?resize=525%2C300&ssl=1 1.5x, https:\/\/i0.wp.com\/www.altimara.eu\/blog\/wp-content\/uploads\/2023\/04\/Affiche-Charbonniere-2023_V25.jpg?resize=700%2C400&ssl=1 2x, https:\/\/i0.wp.com\/www.altimara.eu\/blog\/wp-content\/uploads\/2023\/04\/Affiche-Charbonniere-2023_V25.jpg?resize=1050%2C600&ssl=1 3x, https:\/\/i0.wp.com\/www.altimara.eu\/blog\/wp-content\/uploads\/2023\/04\/Affiche-Charbonniere-2023_V25.jpg?resize=1400%2C800&ssl=1 4x"},"classes":[]},{"id":4023,"url":"https:\/\/www.altimara.eu\/blog\/2023\/05\/21\/jean-lardechois-2023\/","url_meta":{"origin":4746,"position":2},"title":"Jean l&rsquo;Ard\u00e8chois 2023","author":"Martiou","date":"21 mai 2023","format":false,"excerpt":"Cette ann\u00e9e nous n'avons pu que passer 2 jours et demi chez Jean, dans son domaine de garrigue. Moment important, le cavage, c'est-\u00e0-dire la r\u00e9cup\u00e9ration du charbon en fin de cuisson. Je n'avais pas eu l'occasion d'y assister les fois pr\u00e9c\u00e9dentes. Int\u00e9ressant de voir comment son \u00e9quipe, les forgeron-es et\u2026","rel":"","context":"Dans &quot;Charbon de bois&quot;","block_context":{"text":"Charbon de bois","link":"https:\/\/www.altimara.eu\/blog\/category\/charbon-de-bois-carbon-art\/"},"img":{"alt_text":"","src":"https:\/\/i0.wp.com\/www.altimara.eu\/blog\/wp-content\/uploads\/2023\/05\/MA5_0974.jpg?resize=350%2C200&ssl=1","width":350,"height":200,"srcset":"https:\/\/i0.wp.com\/www.altimara.eu\/blog\/wp-content\/uploads\/2023\/05\/MA5_0974.jpg?resize=350%2C200&ssl=1 1x, https:\/\/i0.wp.com\/www.altimara.eu\/blog\/wp-content\/uploads\/2023\/05\/MA5_0974.jpg?resize=525%2C300&ssl=1 1.5x, https:\/\/i0.wp.com\/www.altimara.eu\/blog\/wp-content\/uploads\/2023\/05\/MA5_0974.jpg?resize=700%2C400&ssl=1 2x, https:\/\/i0.wp.com\/www.altimara.eu\/blog\/wp-content\/uploads\/2023\/05\/MA5_0974.jpg?resize=1050%2C600&ssl=1 3x, https:\/\/i0.wp.com\/www.altimara.eu\/blog\/wp-content\/uploads\/2023\/05\/MA5_0974.jpg?resize=1400%2C800&ssl=1 4x"},"classes":[]},{"id":1704,"url":"https:\/\/www.altimara.eu\/blog\/2016\/02\/28\/charbonnieres-des-garrigues\/","url_meta":{"origin":4746,"position":3},"title":"Charbonni\u00e8res des garrigues","author":"Martiou","date":"28 f\u00e9vrier 2016","format":false,"excerpt":"Mise en ligne d'un film retra\u00e7ant la cuisson d'une charbonni\u00e8re \u00e0 Puechabon, un village des garrigues. Ce film retrace la mise \u00e0 feu d'une meule \u00e0 carboniser par d'anciens charbonniers, Manuel et Vincent Andres, lors d'une manifestation du foyer rural du village. 1985, r\u00e9alisation Michel Raulet. Rendez vous \u00e0 retenir,\u2026","rel":"","context":"Dans &quot;Charbon de bois&quot;","block_context":{"text":"Charbon de bois","link":"https:\/\/www.altimara.eu\/blog\/category\/charbon-de-bois-carbon-art\/"},"img":{"alt_text":"","src":"http:\/\/www.dailymotion.com\/thumbnail\/video\/x2m3lbv_la-charbonniere_tv","width":350,"height":200},"classes":[]},{"id":2315,"url":"https:\/\/www.altimara.eu\/blog\/2017\/05\/04\/chez-jean\/","url_meta":{"origin":4746,"position":4},"title":"Chez Jean","author":"Martiou","date":"4 mai 2017","format":false,"excerpt":"Belle activit\u00e9 que cette r\u00e9union entre charbonniers et forgerons. Et c'est m\u00eame plus que \u00e7a car il y a, aussi, de la m\u00e9tallurgie, de la vannerie et de la corderie. Nous nous sommes tous retrouv\u00e9s dans le petit domaine paradisiaque, quand on aime la garrigue, de Jean. Au fond il\u2026","rel":"","context":"Dans &quot;Charbon de bois&quot;","block_context":{"text":"Charbon de bois","link":"https:\/\/www.altimara.eu\/blog\/category\/charbon-de-bois-carbon-art\/"},"img":{"alt_text":"","src":"https:\/\/i0.wp.com\/www.altimara.eu\/blog\/wp-content\/uploads\/2017\/05\/MAR2668.jpg?resize=350%2C200","width":350,"height":200,"srcset":"https:\/\/i0.wp.com\/www.altimara.eu\/blog\/wp-content\/uploads\/2017\/05\/MAR2668.jpg?resize=350%2C200 1x, https:\/\/i0.wp.com\/www.altimara.eu\/blog\/wp-content\/uploads\/2017\/05\/MAR2668.jpg?resize=525%2C300 1.5x, https:\/\/i0.wp.com\/www.altimara.eu\/blog\/wp-content\/uploads\/2017\/05\/MAR2668.jpg?resize=700%2C400 2x"},"classes":[]},{"id":4374,"url":"https:\/\/www.altimara.eu\/blog\/2024\/05\/19\/jean-lardechois-24\/","url_meta":{"origin":4746,"position":5},"title":"Jean l&rsquo;Ard\u00e9chois 24","author":"Martiou","date":"19 mai 2024","format":false,"excerpt":"En fait c'est la 20\u00e8 \u00e9dition de sa f\u00eate de la charbonni\u00e8re dans son joli coin de garrigue vers Bourg-St-And\u00e9ol. Toute l'\u00e9quipe \u00e9tait l\u00e0, les m\u00e9tallurgistes et les forgerons (femmes et hommes). Nous ne sommes pass\u00e9s que pour trois jours. No\u00e9 devait \u00eatre l\u00e0 aussi car \u00e7a \u00e9t\u00e9 le d\u00e9luge\u2026","rel":"","context":"Dans &quot;Charbon de bois&quot;","block_context":{"text":"Charbon de bois","link":"https:\/\/www.altimara.eu\/blog\/category\/charbon-de-bois-carbon-art\/"},"img":{"alt_text":"","src":"https:\/\/i0.wp.com\/www.altimara.eu\/blog\/wp-content\/uploads\/2024\/05\/MA5_3476.jpg?resize=350%2C200&ssl=1","width":350,"height":200,"srcset":"https:\/\/i0.wp.com\/www.altimara.eu\/blog\/wp-content\/uploads\/2024\/05\/MA5_3476.jpg?resize=350%2C200&ssl=1 1x, https:\/\/i0.wp.com\/www.altimara.eu\/blog\/wp-content\/uploads\/2024\/05\/MA5_3476.jpg?resize=525%2C300&ssl=1 1.5x, https:\/\/i0.wp.com\/www.altimara.eu\/blog\/wp-content\/uploads\/2024\/05\/MA5_3476.jpg?resize=700%2C400&ssl=1 2x, https:\/\/i0.wp.com\/www.altimara.eu\/blog\/wp-content\/uploads\/2024\/05\/MA5_3476.jpg?resize=1050%2C600&ssl=1 3x, https:\/\/i0.wp.com\/www.altimara.eu\/blog\/wp-content\/uploads\/2024\/05\/MA5_3476.jpg?resize=1400%2C800&ssl=1 4x"},"classes":[]}],"_links":{"self":[{"href":"https:\/\/www.altimara.eu\/blog\/wp-json\/wp\/v2\/posts\/4746","targetHints":{"allow":["GET"]}}],"collection":[{"href":"https:\/\/www.altimara.eu\/blog\/wp-json\/wp\/v2\/posts"}],"about":[{"href":"https:\/\/www.altimara.eu\/blog\/wp-json\/wp\/v2\/types\/post"}],"author":[{"embeddable":true,"href":"https:\/\/www.altimara.eu\/blog\/wp-json\/wp\/v2\/users\/3"}],"replies":[{"embeddable":true,"href":"https:\/\/www.altimara.eu\/blog\/wp-json\/wp\/v2\/comments?post=4746"}],"version-history":[{"count":0,"href":"https:\/\/www.altimara.eu\/blog\/wp-json\/wp\/v2\/posts\/4746\/revisions"}],"wp:attachment":[{"href":"https:\/\/www.altimara.eu\/blog\/wp-json\/wp\/v2\/media?parent=4746"}],"wp:term":[{"taxonomy":"category","embeddable":true,"href":"https:\/\/www.altimara.eu\/blog\/wp-json\/wp\/v2\/categories?post=4746"},{"taxonomy":"post_tag","embeddable":true,"href":"https:\/\/www.altimara.eu\/blog\/wp-json\/wp\/v2\/tags?post=4746"}],"curies":[{"name":"wp","href":"https:\/\/api.w.org\/{rel}","templated":true}]}}