{"id":4707,"date":"2026-03-02T22:24:27","date_gmt":"2026-03-02T21:24:27","guid":{"rendered":"https:\/\/www.altimara.eu\/blog\/?p=4707"},"modified":"2026-03-03T14:30:37","modified_gmt":"2026-03-03T13:30:37","slug":"charbonniere-puycelsi","status":"publish","type":"post","link":"https:\/\/www.altimara.eu\/blog\/2026\/03\/02\/charbonniere-puycelsi\/","title":{"rendered":"Charbonni\u00e8re Puycelsi"},"content":{"rendered":"\n<p>Puycelsi est un village remarquable perch\u00e9 sur une colline non loin de Gaillac. La grande for\u00eat de Gr\u00e9signe occupe une vaste \u00e9tendue de 3600 ha au nord du village. Lors d\u2019une pr\u00e9c\u00e9dente balade nous avions vu des panneaux p\u00e9dagogiques sur l\u2019activit\u00e9 charbonni\u00e8re dans ces bois (<a href=\"https:\/\/www.altimara.eu\/blog\/2016\/01\/05\/sivens-ce-nest-pas-quun-barrage\/\" target=\"_blank\" rel=\"noreferrer noopener\">https:\/\/www.altimara.eu\/blog\/2016\/01\/05\/sivens-ce-nest-pas-quun-barrage\/<\/a>).<br>La balade cette fois ci nous a conduit sur des versants de gr\u00e8s rouge peupl\u00e9s de beaux ch\u00eanes et de calcaire couvert de r\u00e9sineux dont des pins Laricio.<\/p>\n\n\n\n<figure class=\"wp-block-image size-medium\"><img data-recalc-dims=\"1\" loading=\"lazy\" decoding=\"async\" width=\"193\" height=\"300\" data-attachment-id=\"4708\" data-permalink=\"https:\/\/www.altimara.eu\/blog\/2026\/03\/02\/charbonniere-puycelsi\/bois\/\" data-orig-file=\"https:\/\/i0.wp.com\/www.altimara.eu\/blog\/wp-content\/uploads\/2026\/03\/bois.png?fit=943%2C1467&amp;ssl=1\" data-orig-size=\"943,1467\" data-comments-opened=\"1\" data-image-meta=\"{&quot;aperture&quot;:&quot;0&quot;,&quot;credit&quot;:&quot;&quot;,&quot;camera&quot;:&quot;&quot;,&quot;caption&quot;:&quot;&quot;,&quot;created_timestamp&quot;:&quot;0&quot;,&quot;copyright&quot;:&quot;&quot;,&quot;focal_length&quot;:&quot;0&quot;,&quot;iso&quot;:&quot;0&quot;,&quot;shutter_speed&quot;:&quot;0&quot;,&quot;title&quot;:&quot;&quot;,&quot;orientation&quot;:&quot;0&quot;}\" data-image-title=\"bois\" data-image-description=\"\" data-image-caption=\"\" data-large-file=\"https:\/\/i0.wp.com\/www.altimara.eu\/blog\/wp-content\/uploads\/2026\/03\/bois.png?fit=627%2C976&amp;ssl=1\" src=\"https:\/\/i0.wp.com\/www.altimara.eu\/blog\/wp-content\/uploads\/2026\/03\/bois.png?resize=193%2C300&#038;ssl=1\" alt=\"\" class=\"wp-image-4708\" srcset=\"https:\/\/i0.wp.com\/www.altimara.eu\/blog\/wp-content\/uploads\/2026\/03\/bois.png?resize=193%2C300&amp;ssl=1 193w, https:\/\/i0.wp.com\/www.altimara.eu\/blog\/wp-content\/uploads\/2026\/03\/bois.png?resize=658%2C1024&amp;ssl=1 658w, https:\/\/i0.wp.com\/www.altimara.eu\/blog\/wp-content\/uploads\/2026\/03\/bois.png?resize=768%2C1195&amp;ssl=1 768w, https:\/\/i0.wp.com\/www.altimara.eu\/blog\/wp-content\/uploads\/2026\/03\/bois.png?w=943&amp;ssl=1 943w\" sizes=\"auto, (max-width: 193px) 100vw, 193px\" \/><\/figure>\n\n\n\n<p>Au niveau des restes d\u2019une ruine dite \u00ab&nbsp;Le Vere&nbsp;\u00bb, en contre-bas du chemin qui est une ancienne voie romaine, j\u2019ai aper\u00e7u un beau four en fer.<\/p>\n\n\n<div class=\"wp-block-image\">\n<figure class=\"aligncenter size-large\"><img data-recalc-dims=\"1\" loading=\"lazy\" decoding=\"async\" width=\"627\" height=\"838\" data-attachment-id=\"4709\" data-permalink=\"https:\/\/www.altimara.eu\/blog\/2026\/03\/02\/charbonniere-puycelsi\/img_20260301_141423-copie\/\" data-orig-file=\"https:\/\/i0.wp.com\/www.altimara.eu\/blog\/wp-content\/uploads\/2026\/03\/IMG_20260301_141423-copie-scaled.jpg?fit=1915%2C2560&amp;ssl=1\" data-orig-size=\"1915,2560\" data-comments-opened=\"1\" data-image-meta=\"{&quot;aperture&quot;:&quot;1.8&quot;,&quot;credit&quot;:&quot;&quot;,&quot;camera&quot;:&quot;M2003J15SC&quot;,&quot;caption&quot;:&quot;&quot;,&quot;created_timestamp&quot;:&quot;0&quot;,&quot;copyright&quot;:&quot;&quot;,&quot;focal_length&quot;:&quot;4.7&quot;,&quot;iso&quot;:&quot;101&quot;,&quot;shutter_speed&quot;:&quot;0.00080192461908581&quot;,&quot;title&quot;:&quot;&quot;,&quot;orientation&quot;:&quot;0&quot;}\" data-image-title=\"IMG_20260301_141423 copie\" data-image-description=\"\" data-image-caption=\"\" data-large-file=\"https:\/\/i0.wp.com\/www.altimara.eu\/blog\/wp-content\/uploads\/2026\/03\/IMG_20260301_141423-copie-scaled.jpg?fit=627%2C838&amp;ssl=1\" src=\"https:\/\/i0.wp.com\/www.altimara.eu\/blog\/wp-content\/uploads\/2026\/03\/IMG_20260301_141423-copie.jpg?resize=627%2C838&#038;ssl=1\" alt=\"\" class=\"wp-image-4709\" srcset=\"https:\/\/i0.wp.com\/www.altimara.eu\/blog\/wp-content\/uploads\/2026\/03\/IMG_20260301_141423-copie-scaled.jpg?resize=766%2C1024&amp;ssl=1 766w, https:\/\/i0.wp.com\/www.altimara.eu\/blog\/wp-content\/uploads\/2026\/03\/IMG_20260301_141423-copie-scaled.jpg?resize=224%2C300&amp;ssl=1 224w, https:\/\/i0.wp.com\/www.altimara.eu\/blog\/wp-content\/uploads\/2026\/03\/IMG_20260301_141423-copie-scaled.jpg?resize=768%2C1027&amp;ssl=1 768w, https:\/\/i0.wp.com\/www.altimara.eu\/blog\/wp-content\/uploads\/2026\/03\/IMG_20260301_141423-copie-scaled.jpg?resize=1149%2C1536&amp;ssl=1 1149w, https:\/\/i0.wp.com\/www.altimara.eu\/blog\/wp-content\/uploads\/2026\/03\/IMG_20260301_141423-copie-scaled.jpg?resize=1532%2C2048&amp;ssl=1 1532w, https:\/\/i0.wp.com\/www.altimara.eu\/blog\/wp-content\/uploads\/2026\/03\/IMG_20260301_141423-copie-scaled.jpg?w=1915&amp;ssl=1 1915w, https:\/\/i0.wp.com\/www.altimara.eu\/blog\/wp-content\/uploads\/2026\/03\/IMG_20260301_141423-copie-scaled.jpg?w=1254&amp;ssl=1 1254w\" sizes=\"auto, (max-width: 627px) 100vw, 627px\" \/><\/figure>\n<\/div>\n\n\n<p>Four de type Magnien \u00e0 deux viroles plus un couvercle. Les quatre chemin\u00e9es ont disparu et le corps du four est assez en bon \u00e9tat bien que tr\u00e8s rouill\u00e9.<\/p>\n\n\n<div class=\"wp-block-image\">\n<figure class=\"aligncenter size-large\"><img data-recalc-dims=\"1\" loading=\"lazy\" decoding=\"async\" width=\"627\" height=\"469\" data-attachment-id=\"4710\" data-permalink=\"https:\/\/www.altimara.eu\/blog\/2026\/03\/02\/charbonniere-puycelsi\/img_20260301_141450-copie\/\" data-orig-file=\"https:\/\/i0.wp.com\/www.altimara.eu\/blog\/wp-content\/uploads\/2026\/03\/IMG_20260301_141450-copie-scaled.jpg?fit=2560%2C1915&amp;ssl=1\" data-orig-size=\"2560,1915\" data-comments-opened=\"1\" data-image-meta=\"{&quot;aperture&quot;:&quot;1.8&quot;,&quot;credit&quot;:&quot;&quot;,&quot;camera&quot;:&quot;M2003J15SC&quot;,&quot;caption&quot;:&quot;&quot;,&quot;created_timestamp&quot;:&quot;0&quot;,&quot;copyright&quot;:&quot;&quot;,&quot;focal_length&quot;:&quot;4.7&quot;,&quot;iso&quot;:&quot;101&quot;,&quot;shutter_speed&quot;:&quot;0.00093896713615023&quot;,&quot;title&quot;:&quot;&quot;,&quot;orientation&quot;:&quot;1&quot;}\" data-image-title=\"IMG_20260301_141450 copie\" data-image-description=\"\" data-image-caption=\"\" data-large-file=\"https:\/\/i0.wp.com\/www.altimara.eu\/blog\/wp-content\/uploads\/2026\/03\/IMG_20260301_141450-copie-scaled.jpg?fit=627%2C469&amp;ssl=1\" src=\"https:\/\/i0.wp.com\/www.altimara.eu\/blog\/wp-content\/uploads\/2026\/03\/IMG_20260301_141450-copie.jpg?resize=627%2C469&#038;ssl=1\" alt=\"\" class=\"wp-image-4710\" srcset=\"https:\/\/i0.wp.com\/www.altimara.eu\/blog\/wp-content\/uploads\/2026\/03\/IMG_20260301_141450-copie-scaled.jpg?resize=1024%2C766&amp;ssl=1 1024w, https:\/\/i0.wp.com\/www.altimara.eu\/blog\/wp-content\/uploads\/2026\/03\/IMG_20260301_141450-copie-scaled.jpg?resize=300%2C224&amp;ssl=1 300w, https:\/\/i0.wp.com\/www.altimara.eu\/blog\/wp-content\/uploads\/2026\/03\/IMG_20260301_141450-copie-scaled.jpg?resize=768%2C574&amp;ssl=1 768w, https:\/\/i0.wp.com\/www.altimara.eu\/blog\/wp-content\/uploads\/2026\/03\/IMG_20260301_141450-copie-scaled.jpg?resize=1536%2C1149&amp;ssl=1 1536w, https:\/\/i0.wp.com\/www.altimara.eu\/blog\/wp-content\/uploads\/2026\/03\/IMG_20260301_141450-copie-scaled.jpg?resize=2048%2C1532&amp;ssl=1 2048w, https:\/\/i0.wp.com\/www.altimara.eu\/blog\/wp-content\/uploads\/2026\/03\/IMG_20260301_141450-copie-scaled.jpg?w=1254&amp;ssl=1 1254w, https:\/\/i0.wp.com\/www.altimara.eu\/blog\/wp-content\/uploads\/2026\/03\/IMG_20260301_141450-copie-scaled.jpg?w=1881&amp;ssl=1 1881w\" sizes=\"auto, (max-width: 627px) 100vw, 627px\" \/><figcaption class=\"wp-element-caption\">44\u00b000&rsquo;37.38&Prime;N, 01\u00b043&rsquo;08.75&Prime;E<\/figcaption><\/figure>\n<\/div>\n\n\n<p>Certainement vestige de la seconde guerre mondiale, il n\u2019y a aucune indication concernant l\u2019utilisation de ce four.<br>Par contre il est indiqu\u00e9 sur une pancarte \u00e0 l\u2019entr\u00e9e du village que l\u2019activit\u00e9 charbonni\u00e8re a \u00e9t\u00e9 li\u00e9 aux forges de Bruniquel \u00e0 partir du 17\u00e8 si\u00e8cle.<\/p>\n\n\n\n<p>Cette balade est celle du \u00ab\u00a0sentier du patrimoine\u00a0\u00bb avec un d\u00e9part au parking du cimeti\u00e8re. Nous n&rsquo;avons pas parcouru l&rsquo;int\u00e9gralit\u00e9 du chemin faute de temps. En 2017 je l&rsquo;avais d\u00e9j\u00e0 pr\u00e9sent\u00e9 dans son int\u00e9gralit\u00e9&#8230;mais sans avoir vu le four !! (<a href=\"https:\/\/www.altimara.eu\/blog\/2017\/10\/30\/foret-de-gresigne\/\" target=\"_blank\" rel=\"noreferrer noopener\">https:\/\/www.altimara.eu\/blog\/2017\/10\/30\/foret-de-gresigne\/<\/a>)<\/p>\n\n\n<div class=\"wp-block-image\">\n<figure class=\"aligncenter size-large\"><img data-recalc-dims=\"1\" loading=\"lazy\" decoding=\"async\" width=\"473\" height=\"1024\" data-attachment-id=\"4712\" data-permalink=\"https:\/\/www.altimara.eu\/blog\/2026\/03\/02\/charbonniere-puycelsi\/screenshot_2026-03-01-23-10-57-408_org-visorando-android-2\/\" data-orig-file=\"https:\/\/i0.wp.com\/www.altimara.eu\/blog\/wp-content\/uploads\/2026\/03\/Screenshot_2026-03-01-23-10-57-408_org.visorando.android-1.jpg?fit=1080%2C2340&amp;ssl=1\" data-orig-size=\"1080,2340\" data-comments-opened=\"1\" data-image-meta=\"{&quot;aperture&quot;:&quot;0&quot;,&quot;credit&quot;:&quot;&quot;,&quot;camera&quot;:&quot;&quot;,&quot;caption&quot;:&quot;&quot;,&quot;created_timestamp&quot;:&quot;0&quot;,&quot;copyright&quot;:&quot;&quot;,&quot;focal_length&quot;:&quot;0&quot;,&quot;iso&quot;:&quot;0&quot;,&quot;shutter_speed&quot;:&quot;0&quot;,&quot;title&quot;:&quot;&quot;,&quot;orientation&quot;:&quot;1&quot;}\" data-image-title=\"Screenshot_2026-03-01-23-10-57-408_org.visorando.android\" data-image-description=\"\" data-image-caption=\"\" data-large-file=\"https:\/\/i0.wp.com\/www.altimara.eu\/blog\/wp-content\/uploads\/2026\/03\/Screenshot_2026-03-01-23-10-57-408_org.visorando.android-1.jpg?fit=473%2C1024&amp;ssl=1\" src=\"https:\/\/i0.wp.com\/www.altimara.eu\/blog\/wp-content\/uploads\/2026\/03\/Screenshot_2026-03-01-23-10-57-408_org.visorando.android-1.jpg?resize=473%2C1024&#038;ssl=1\" alt=\"\" class=\"wp-image-4712\" srcset=\"https:\/\/i0.wp.com\/www.altimara.eu\/blog\/wp-content\/uploads\/2026\/03\/Screenshot_2026-03-01-23-10-57-408_org.visorando.android-1.jpg?resize=473%2C1024&amp;ssl=1 473w, https:\/\/i0.wp.com\/www.altimara.eu\/blog\/wp-content\/uploads\/2026\/03\/Screenshot_2026-03-01-23-10-57-408_org.visorando.android-1.jpg?resize=138%2C300&amp;ssl=1 138w, https:\/\/i0.wp.com\/www.altimara.eu\/blog\/wp-content\/uploads\/2026\/03\/Screenshot_2026-03-01-23-10-57-408_org.visorando.android-1.jpg?resize=768%2C1664&amp;ssl=1 768w, https:\/\/i0.wp.com\/www.altimara.eu\/blog\/wp-content\/uploads\/2026\/03\/Screenshot_2026-03-01-23-10-57-408_org.visorando.android-1.jpg?resize=709%2C1536&amp;ssl=1 709w, https:\/\/i0.wp.com\/www.altimara.eu\/blog\/wp-content\/uploads\/2026\/03\/Screenshot_2026-03-01-23-10-57-408_org.visorando.android-1.jpg?resize=945%2C2048&amp;ssl=1 945w, https:\/\/i0.wp.com\/www.altimara.eu\/blog\/wp-content\/uploads\/2026\/03\/Screenshot_2026-03-01-23-10-57-408_org.visorando.android-1.jpg?w=1080&amp;ssl=1 1080w\" sizes=\"auto, (max-width: 473px) 100vw, 473px\" \/><\/figure>\n<\/div>\n\n\n<p><a href=\"https:\/\/www.tourisme-occitanie.com\/fr\/fiche\/itineraire\/le-sentier-du-patrimoine-puycelsi_TFOITIMIP0810000608\" target=\"_blank\" rel=\"noreferrer noopener\">https:\/\/www.tourisme-occitanie.com\/fr\/fiche\/itineraire\/le-sentier-du-patrimoine-puycelsi_TFOITIMIP0810000608<\/a><\/p>\n","protected":false},"excerpt":{"rendered":"<p>Puycelsi est un village remarquable perch\u00e9 sur une colline non loin de Gaillac. La grande for\u00eat de Gr\u00e9signe occupe une vaste \u00e9tendue de 3600 ha au nord du village. Lors d\u2019une pr\u00e9c\u00e9dente balade nous avions vu des panneaux p\u00e9dagogiques sur l\u2019activit\u00e9 charbonni\u00e8re dans ces bois (https:\/\/www.altimara.eu\/blog\/2016\/01\/05\/sivens-ce-nest-pas-quun-barrage\/).La balade cette fois ci nous a conduit sur des [&hellip;]<\/p>\n","protected":false},"author":3,"featured_media":0,"comment_status":"open","ping_status":"open","sticky":false,"template":"","format":"standard","meta":{"ngg_post_thumbnail":0,"jetpack_post_was_ever_published":false,"_jetpack_newsletter_access":"","_jetpack_dont_email_post_to_subs":false,"_jetpack_newsletter_tier_id":0,"_jetpack_memberships_contains_paywalled_content":false,"_jetpack_memberships_contains_paid_content":false,"footnotes":"","jetpack_publicize_message":"","jetpack_publicize_feature_enabled":true,"jetpack_social_post_already_shared":true,"jetpack_social_options":{"image_generator_settings":{"template":"highway","default_image_id":0,"font":"","enabled":false},"version":2}},"categories":[103,147],"tags":[12,46],"class_list":["post-4707","post","type-post","status-publish","format-standard","hentry","category-charbonnier-en-france","category-four-metalliques","tag-charbonniere","tag-four-en-fer"],"jetpack_publicize_connections":[],"jetpack_featured_media_url":"","jetpack_shortlink":"https:\/\/wp.me\/p4r91c-1dV","jetpack_sharing_enabled":true,"jetpack-related-posts":[{"id":3221,"url":"https:\/\/www.altimara.eu\/blog\/2019\/11\/28\/visite-espoir-herault\/","url_meta":{"origin":4707,"position":0},"title":"Visite avec Espoir H\u00e9rault","author":"Martiou","date":"28 novembre 2019","format":false,"excerpt":"Balade au sentier des charbonni\u00e8res avec un groupe \"Espoir H\u00e9rault\". Cette association soutien la cr\u00e9ation de r\u00e9sidences accueil pour les personnes en situation de handicap psychique stabilis\u00e9. Nous \u00e9tions une quinzaine d'accompagnants et r\u00e9sidents. Le d\u00e9part au terrain de boules du village de Sainte Croix de Quintillargues, s'est fait sous\u2026","rel":"","context":"Dans &quot;\u00e9v\u00e9nementiel&quot;","block_context":{"text":"\u00e9v\u00e9nementiel","link":"https:\/\/www.altimara.eu\/blog\/category\/evenementiel\/"},"img":{"alt_text":"","src":"https:\/\/i0.wp.com\/www.altimara.eu\/blog\/wp-content\/uploads\/2019\/11\/1.jpg?resize=350%2C200&ssl=1","width":350,"height":200,"srcset":"https:\/\/i0.wp.com\/www.altimara.eu\/blog\/wp-content\/uploads\/2019\/11\/1.jpg?resize=350%2C200&ssl=1 1x, https:\/\/i0.wp.com\/www.altimara.eu\/blog\/wp-content\/uploads\/2019\/11\/1.jpg?resize=525%2C300&ssl=1 1.5x, https:\/\/i0.wp.com\/www.altimara.eu\/blog\/wp-content\/uploads\/2019\/11\/1.jpg?resize=700%2C400&ssl=1 2x"},"classes":[]},{"id":2982,"url":"https:\/\/www.altimara.eu\/blog\/2019\/02\/13\/balade-charbonniere\/","url_meta":{"origin":4707,"position":1},"title":"Balade charbonni\u00e8re","author":"Martiou","date":"13 f\u00e9vrier 2019","format":false,"excerpt":"\u00c0 la demande des Ecolo de l'Euzi\u00e8re j'ai eu le plaisir de guider une sortie au sentier des charbonni\u00e8res de Ste Croix de Quintillargues. Un joli groupe d'une quinzaine de personnes, toutes tr\u00e8s int\u00e9ress\u00e9es par le milieu garrigue. Nous avons parcouru l'ensemble du chemin balis\u00e9 plus quelques passages suppl\u00e9mentaires que\u2026","rel":"","context":"Dans &quot;\u00e9v\u00e9nementiel&quot;","block_context":{"text":"\u00e9v\u00e9nementiel","link":"https:\/\/www.altimara.eu\/blog\/category\/evenementiel\/"},"img":{"alt_text":"","src":"https:\/\/i0.wp.com\/www.altimara.eu\/blog\/wp-content\/uploads\/2019\/02\/IMG_20190209_152846165.jpg?resize=350%2C200&ssl=1","width":350,"height":200,"srcset":"https:\/\/i0.wp.com\/www.altimara.eu\/blog\/wp-content\/uploads\/2019\/02\/IMG_20190209_152846165.jpg?resize=350%2C200&ssl=1 1x, https:\/\/i0.wp.com\/www.altimara.eu\/blog\/wp-content\/uploads\/2019\/02\/IMG_20190209_152846165.jpg?resize=525%2C300&ssl=1 1.5x, https:\/\/i0.wp.com\/www.altimara.eu\/blog\/wp-content\/uploads\/2019\/02\/IMG_20190209_152846165.jpg?resize=700%2C400&ssl=1 2x, https:\/\/i0.wp.com\/www.altimara.eu\/blog\/wp-content\/uploads\/2019\/02\/IMG_20190209_152846165.jpg?resize=1050%2C600&ssl=1 3x, https:\/\/i0.wp.com\/www.altimara.eu\/blog\/wp-content\/uploads\/2019\/02\/IMG_20190209_152846165.jpg?resize=1400%2C800&ssl=1 4x"},"classes":[]},{"id":4033,"url":"https:\/\/www.altimara.eu\/blog\/2023\/06\/20\/fours-deyzahut\/","url_meta":{"origin":4707,"position":2},"title":"Fours d&rsquo;Eyzahut","author":"Martiou","date":"20 juin 2023","format":false,"excerpt":"Quel bonheur de se promener dans un bel endroit et de tomber sur des fours de carbonisation. La balade a commenc\u00e9 par une mont\u00e9e assez raide vers les falaises surplombant le petit village d'Eyzahut. Ce micro village domine la plaine de la vall\u00e9e du Rh\u00f4ne vers Mont\u00e9limar. Un passage par\u2026","rel":"","context":"Dans &quot;Charbon de bois&quot;","block_context":{"text":"Charbon de bois","link":"https:\/\/www.altimara.eu\/blog\/category\/charbon-de-bois-carbon-art\/"},"img":{"alt_text":"","src":"https:\/\/i0.wp.com\/www.altimara.eu\/blog\/wp-content\/uploads\/2023\/06\/IMG_20230515_155406.jpg?resize=350%2C200&ssl=1","width":350,"height":200,"srcset":"https:\/\/i0.wp.com\/www.altimara.eu\/blog\/wp-content\/uploads\/2023\/06\/IMG_20230515_155406.jpg?resize=350%2C200&ssl=1 1x, https:\/\/i0.wp.com\/www.altimara.eu\/blog\/wp-content\/uploads\/2023\/06\/IMG_20230515_155406.jpg?resize=525%2C300&ssl=1 1.5x, https:\/\/i0.wp.com\/www.altimara.eu\/blog\/wp-content\/uploads\/2023\/06\/IMG_20230515_155406.jpg?resize=700%2C400&ssl=1 2x, https:\/\/i0.wp.com\/www.altimara.eu\/blog\/wp-content\/uploads\/2023\/06\/IMG_20230515_155406.jpg?resize=1050%2C600&ssl=1 3x"},"classes":[]},{"id":2241,"url":"https:\/\/www.altimara.eu\/blog\/2017\/03\/30\/parcours-sensoriel-charbonniere\/","url_meta":{"origin":4707,"position":3},"title":"Parcours sensoriel charbonni\u00e8re","author":"Martiou","date":"30 mars 2017","format":false,"excerpt":"La for\u00eat en Bretagne est souvent synonyme de contes et d'enchanteurs. Celle de Brocielande, abrite le tombeau de Merlin et la source de jouvence. Pas tr\u00e8s loin au village de Paimpont, on peut visiter l'\u00e9comus\u00e9e des anciennes forges. Et qui dit m\u00e9tallurgie, pense charbon de bois. La m\u00e9moire des charbonniers\u2026","rel":"","context":"Dans &quot;Charbon de bois&quot;","block_context":{"text":"Charbon de bois","link":"https:\/\/www.altimara.eu\/blog\/category\/charbon-de-bois-carbon-art\/"},"img":{"alt_text":"","src":"https:\/\/i0.wp.com\/www.altimara.eu\/blog\/wp-content\/uploads\/2017\/03\/IMG_20170323_115033615_HDR-300x169.jpg?resize=350%2C200","width":350,"height":200},"classes":[]},{"id":3115,"url":"https:\/\/www.altimara.eu\/blog\/2019\/06\/19\/village-carbone\/","url_meta":{"origin":4707,"position":4},"title":"Village carbon\u00e9","author":"Martiou","date":"19 juin 2019","format":false,"excerpt":"Comment ne pas passer quelques temps dans un village qui s'appelle \"Charbonni\u00e8res-Les-Vieilles\". A l'occasion d'un s\u00e9jour dans les volcans d'Auvergne, je n'ai pas r\u00e9sist\u00e9 \u00e0 m\u2019arr\u00eater dans ce joli village. Bien sur plusieurs questions cherchaient des r\u00e9ponses, quel est le nom des habitants et pourquoi ce nom de charbonni\u00e8res (Vieilles\u2026","rel":"","context":"Dans &quot;Non class\u00e9&quot;","block_context":{"text":"Non class\u00e9","link":"https:\/\/www.altimara.eu\/blog\/category\/non-classe\/"},"img":{"alt_text":"","src":"https:\/\/i0.wp.com\/www.altimara.eu\/blog\/wp-content\/uploads\/2019\/06\/MAR9964.jpg?resize=350%2C200&ssl=1","width":350,"height":200,"srcset":"https:\/\/i0.wp.com\/www.altimara.eu\/blog\/wp-content\/uploads\/2019\/06\/MAR9964.jpg?resize=350%2C200&ssl=1 1x, https:\/\/i0.wp.com\/www.altimara.eu\/blog\/wp-content\/uploads\/2019\/06\/MAR9964.jpg?resize=525%2C300&ssl=1 1.5x, https:\/\/i0.wp.com\/www.altimara.eu\/blog\/wp-content\/uploads\/2019\/06\/MAR9964.jpg?resize=700%2C400&ssl=1 2x"},"classes":[]},{"id":1205,"url":"https:\/\/www.altimara.eu\/blog\/2015\/02\/14\/cartopartie-charb\/","url_meta":{"origin":4707,"position":5},"title":"Cartopartie charb","author":"Martiou","date":"14 f\u00e9vrier 2015","format":false,"excerpt":"Une belle journ\u00e9e, un peu pluvieuse, dans le village de Combas, Gard, accueilli par la sympathique \u00e9quipe de l'association de sauvegarde du bois des Lens. Organis\u00e9 sous l'\u00e9gide du Collectif des Garrigues et \u00e0 ma demande de cr\u00e9er une carte inventaire des charbonni\u00e8res en garrigues du Languedoc Oriental , nous\u2026","rel":"","context":"Dans &quot;Autre&quot;","block_context":{"text":"Autre","link":"https:\/\/www.altimara.eu\/blog\/category\/autre\/"},"img":{"alt_text":"_MAR4283","src":"https:\/\/i0.wp.com\/www.altimara.eu\/blog\/wp-content\/uploads\/2015\/02\/MAR4283.jpg?resize=350%2C200","width":350,"height":200,"srcset":"https:\/\/i0.wp.com\/www.altimara.eu\/blog\/wp-content\/uploads\/2015\/02\/MAR4283.jpg?resize=350%2C200 1x, https:\/\/i0.wp.com\/www.altimara.eu\/blog\/wp-content\/uploads\/2015\/02\/MAR4283.jpg?resize=525%2C300 1.5x, https:\/\/i0.wp.com\/www.altimara.eu\/blog\/wp-content\/uploads\/2015\/02\/MAR4283.jpg?resize=700%2C400 2x"},"classes":[]}],"_links":{"self":[{"href":"https:\/\/www.altimara.eu\/blog\/wp-json\/wp\/v2\/posts\/4707","targetHints":{"allow":["GET"]}}],"collection":[{"href":"https:\/\/www.altimara.eu\/blog\/wp-json\/wp\/v2\/posts"}],"about":[{"href":"https:\/\/www.altimara.eu\/blog\/wp-json\/wp\/v2\/types\/post"}],"author":[{"embeddable":true,"href":"https:\/\/www.altimara.eu\/blog\/wp-json\/wp\/v2\/users\/3"}],"replies":[{"embeddable":true,"href":"https:\/\/www.altimara.eu\/blog\/wp-json\/wp\/v2\/comments?post=4707"}],"version-history":[{"count":0,"href":"https:\/\/www.altimara.eu\/blog\/wp-json\/wp\/v2\/posts\/4707\/revisions"}],"wp:attachment":[{"href":"https:\/\/www.altimara.eu\/blog\/wp-json\/wp\/v2\/media?parent=4707"}],"wp:term":[{"taxonomy":"category","embeddable":true,"href":"https:\/\/www.altimara.eu\/blog\/wp-json\/wp\/v2\/categories?post=4707"},{"taxonomy":"post_tag","embeddable":true,"href":"https:\/\/www.altimara.eu\/blog\/wp-json\/wp\/v2\/tags?post=4707"}],"curies":[{"name":"wp","href":"https:\/\/api.w.org\/{rel}","templated":true}]}}