{"id":4686,"date":"2025-11-17T18:46:49","date_gmt":"2025-11-17T17:46:49","guid":{"rendered":"https:\/\/www.altimara.eu\/blog\/?p=4686"},"modified":"2025-11-17T18:49:23","modified_gmt":"2025-11-17T17:49:23","slug":"bois-flotte-arctique","status":"publish","type":"post","link":"https:\/\/www.altimara.eu\/blog\/2025\/11\/17\/bois-flotte-arctique\/","title":{"rendered":"Bois flott\u00e9 arctique"},"content":{"rendered":"\n<p>Une \u00e9tude r\u00e9cente des bois flott\u00e9s dans le nord de l\u2019oc\u00e9an Atlantique m\u2019a interpell\u00e9 pour diff\u00e9rentes raisons. Depuis deux d\u00e9cennies je photographie les bois flott\u00e9s en Islande. Et dans les derni\u00e8res ann\u00e9es comme cet \u00e9t\u00e9 2025 j\u2019ai pu carboniser de ce bois sur la c\u00f4te sud. Les bois flott\u00e9s s\u2019\u00e9chouent en quantit\u00e9 sur les c\u00f4tes islandaises avec une pr\u00e9dominance dans le nord par un courant important qui arrive de Sib\u00e9rie. La partie sud r\u00e9cup\u00e8re des bois plus exotiques venant des c\u00f4tes am\u00e9ricaines notamment de l\u2019acajou, utilis\u00e9 pour faire des meubles remarquables. Le bois flott\u00e9 a jou\u00e9 un r\u00f4le primordial tout au long du mill\u00e9naire qui a suivi la colonisation de l\u2019\u00eele car rapidement les colons ont \u00e9puis\u00e9 la ressource locale. Le bois de mer a \u00e9t\u00e9 travaill\u00e9 pour fabriquer tous les objets du quotidien, de la charpente des maisons aux bols richement d\u00e9cor\u00e9s, les outils agricoles et les innombrables piquets de cl\u00f4ture ou encore le mat\u00e9riel de p\u00eache.<\/p>\n\n\n\n<p>Plus r\u00e9cemment il est usage d\u00e9coratif en plantant des troncs avec leurs bouquets de racines dans les jardins souvent \u00e0 l\u2019entr\u00e9e. Les troncs sont plant\u00e9 \u00e0 l\u2019envers ; les racines en l\u2019air&nbsp;!!<\/p>\n\n\n<div class=\"wp-block-image\">\n<figure class=\"aligncenter size-large\"><img data-recalc-dims=\"1\" loading=\"lazy\" decoding=\"async\" width=\"627\" height=\"838\" data-attachment-id=\"4693\" data-permalink=\"https:\/\/www.altimara.eu\/blog\/2025\/11\/17\/bois-flotte-arctique\/img_20250714_194650a\/\" data-orig-file=\"https:\/\/i0.wp.com\/www.altimara.eu\/blog\/wp-content\/uploads\/2025\/11\/IMG_20250714_194650a-scaled.jpg?fit=1915%2C2560&amp;ssl=1\" data-orig-size=\"1915,2560\" data-comments-opened=\"1\" data-image-meta=\"{&quot;aperture&quot;:&quot;1.8&quot;,&quot;credit&quot;:&quot;&quot;,&quot;camera&quot;:&quot;M2003J15SC&quot;,&quot;caption&quot;:&quot;&quot;,&quot;created_timestamp&quot;:&quot;0&quot;,&quot;copyright&quot;:&quot;&quot;,&quot;focal_length&quot;:&quot;4.7&quot;,&quot;iso&quot;:&quot;107&quot;,&quot;shutter_speed&quot;:&quot;0.0003030303030303&quot;,&quot;title&quot;:&quot;&quot;,&quot;orientation&quot;:&quot;0&quot;}\" data-image-title=\"IMG_20250714_194650a\" data-image-description=\"\" data-image-caption=\"\" data-large-file=\"https:\/\/i0.wp.com\/www.altimara.eu\/blog\/wp-content\/uploads\/2025\/11\/IMG_20250714_194650a-scaled.jpg?fit=627%2C838&amp;ssl=1\" src=\"https:\/\/i0.wp.com\/www.altimara.eu\/blog\/wp-content\/uploads\/2025\/11\/IMG_20250714_194650a.jpg?resize=627%2C838&#038;ssl=1\" alt=\"\" class=\"wp-image-4693\" srcset=\"https:\/\/i0.wp.com\/www.altimara.eu\/blog\/wp-content\/uploads\/2025\/11\/IMG_20250714_194650a-scaled.jpg?resize=766%2C1024&amp;ssl=1 766w, https:\/\/i0.wp.com\/www.altimara.eu\/blog\/wp-content\/uploads\/2025\/11\/IMG_20250714_194650a-scaled.jpg?resize=224%2C300&amp;ssl=1 224w, https:\/\/i0.wp.com\/www.altimara.eu\/blog\/wp-content\/uploads\/2025\/11\/IMG_20250714_194650a-scaled.jpg?resize=768%2C1027&amp;ssl=1 768w, https:\/\/i0.wp.com\/www.altimara.eu\/blog\/wp-content\/uploads\/2025\/11\/IMG_20250714_194650a-scaled.jpg?resize=1149%2C1536&amp;ssl=1 1149w, https:\/\/i0.wp.com\/www.altimara.eu\/blog\/wp-content\/uploads\/2025\/11\/IMG_20250714_194650a-scaled.jpg?resize=1532%2C2048&amp;ssl=1 1532w, https:\/\/i0.wp.com\/www.altimara.eu\/blog\/wp-content\/uploads\/2025\/11\/IMG_20250714_194650a-scaled.jpg?w=1915&amp;ssl=1 1915w, https:\/\/i0.wp.com\/www.altimara.eu\/blog\/wp-content\/uploads\/2025\/11\/IMG_20250714_194650a-scaled.jpg?w=1254&amp;ssl=1 1254w\" sizes=\"auto, (max-width: 627px) 100vw, 627px\" \/><\/figure>\n<\/div>\n\n<div class=\"wp-block-image\">\n<figure class=\"aligncenter size-full\"><img data-recalc-dims=\"1\" loading=\"lazy\" decoding=\"async\" width=\"541\" height=\"522\" data-attachment-id=\"4687\" data-permalink=\"https:\/\/www.altimara.eu\/blog\/2025\/11\/17\/bois-flotte-arctique\/capture-decran-2025-11-17-a-17-32-24\/\" data-orig-file=\"https:\/\/i0.wp.com\/www.altimara.eu\/blog\/wp-content\/uploads\/2025\/11\/Capture-decran-2025-11-17-a-17.32.24.png?fit=541%2C522&amp;ssl=1\" data-orig-size=\"541,522\" data-comments-opened=\"1\" data-image-meta=\"{&quot;aperture&quot;:&quot;0&quot;,&quot;credit&quot;:&quot;&quot;,&quot;camera&quot;:&quot;&quot;,&quot;caption&quot;:&quot;&quot;,&quot;created_timestamp&quot;:&quot;0&quot;,&quot;copyright&quot;:&quot;&quot;,&quot;focal_length&quot;:&quot;0&quot;,&quot;iso&quot;:&quot;0&quot;,&quot;shutter_speed&quot;:&quot;0&quot;,&quot;title&quot;:&quot;&quot;,&quot;orientation&quot;:&quot;0&quot;}\" data-image-title=\"Capture d\u2019e\u0301cran 2025-11-17 a\u0300 17.32.24\" data-image-description=\"\" data-image-caption=\"\" data-large-file=\"https:\/\/i0.wp.com\/www.altimara.eu\/blog\/wp-content\/uploads\/2025\/11\/Capture-decran-2025-11-17-a-17.32.24.png?fit=541%2C522&amp;ssl=1\" src=\"https:\/\/i0.wp.com\/www.altimara.eu\/blog\/wp-content\/uploads\/2025\/11\/Capture-decran-2025-11-17-a-17.32.24.png?resize=541%2C522&#038;ssl=1\" alt=\"\" class=\"wp-image-4687\" srcset=\"https:\/\/i0.wp.com\/www.altimara.eu\/blog\/wp-content\/uploads\/2025\/11\/Capture-decran-2025-11-17-a-17.32.24.png?w=541&amp;ssl=1 541w, https:\/\/i0.wp.com\/www.altimara.eu\/blog\/wp-content\/uploads\/2025\/11\/Capture-decran-2025-11-17-a-17.32.24.png?resize=300%2C289&amp;ssl=1 300w\" sizes=\"auto, (max-width: 541px) 100vw, 541px\" \/><\/figure>\n<\/div>\n\n\n<p><em>La d\u00e9rive transpolaire et le tourbillon de Beaufort sont des courants oc\u00e9aniques majeurs dans l&rsquo;oc\u00e9an Arctique.<\/em> Cr\u00e9dit :Brn-Bld<\/p>\n\n\n\n<p>L\u2019article de presse que je viens le lire indique un ph\u00e9nom\u00e8ne qui se d\u00e9veloppe actuellement \u00e0 cause du r\u00e9chauffement climatique. Celui-ci limite la formation des glaces et accentue leurs fontes au niveau de la banquise bor\u00e9ale. Ces glaces ont servi de radeau pour transporter les bois capt\u00e9s par celles-ci et leur transport vers le sud jusqu\u2019\u00e0 leur fonte. Ensuite les bois s\u2019\u00e9chouent sur les c\u00f4tes. Les sp\u00e9cialistes qui ont \u00e9tudi\u00e9 ce changement estiment que l\u2019apport de bois va grandement diminuer.<\/p>\n\n\n\n<p>Aujourd\u2019hui la ressource en bois ne pose plus de probl\u00e8me et les bois utilis\u00e9s en Islande sont import\u00e9s. Il y a m\u00eame des p\u00e9pini\u00e8res et des for\u00eats de replant\u00e9s qui fournissent du bois local.<\/p>\n\n\n\n<p>Ces bois flott\u00e9s ont \u00e9t\u00e9 certainement l&rsquo;une des plus grandes ressources en usage quotidien qu\u2019on utilis\u00e9 les islandais depuis la colonisation. Sans cet apport il aurait \u00e9t\u00e9 difficile de vivre de fa\u00e7on perenne dans cette terre quelque peu hostile et peu g\u00e9n\u00e9reuse en mati\u00e8re premi\u00e8re.<\/p>\n\n\n<div class=\"wp-block-image\">\n<figure class=\"aligncenter size-large\"><img data-recalc-dims=\"1\" loading=\"lazy\" decoding=\"async\" width=\"627\" height=\"941\" data-attachment-id=\"4691\" data-permalink=\"https:\/\/www.altimara.eu\/blog\/2025\/11\/17\/bois-flotte-arctique\/ma5_6873\/\" data-orig-file=\"https:\/\/i0.wp.com\/www.altimara.eu\/blog\/wp-content\/uploads\/2025\/11\/MA5_6873.jpg?fit=944%2C1417&amp;ssl=1\" data-orig-size=\"944,1417\" data-comments-opened=\"1\" data-image-meta=\"{&quot;aperture&quot;:&quot;18&quot;,&quot;credit&quot;:&quot;&quot;,&quot;camera&quot;:&quot;NIKON D850&quot;,&quot;caption&quot;:&quot;&quot;,&quot;created_timestamp&quot;:&quot;1753032166&quot;,&quot;copyright&quot;:&quot;&quot;,&quot;focal_length&quot;:&quot;40&quot;,&quot;iso&quot;:&quot;64&quot;,&quot;shutter_speed&quot;:&quot;0.033333333333333&quot;,&quot;title&quot;:&quot;&quot;,&quot;orientation&quot;:&quot;1&quot;}\" data-image-title=\"MA5_6873\" data-image-description=\"\" data-image-caption=\"\" data-large-file=\"https:\/\/i0.wp.com\/www.altimara.eu\/blog\/wp-content\/uploads\/2025\/11\/MA5_6873.jpg?fit=627%2C941&amp;ssl=1\" src=\"https:\/\/i0.wp.com\/www.altimara.eu\/blog\/wp-content\/uploads\/2025\/11\/MA5_6873.jpg?resize=627%2C941&#038;ssl=1\" alt=\"\" class=\"wp-image-4691\" srcset=\"https:\/\/i0.wp.com\/www.altimara.eu\/blog\/wp-content\/uploads\/2025\/11\/MA5_6873.jpg?resize=682%2C1024&amp;ssl=1 682w, https:\/\/i0.wp.com\/www.altimara.eu\/blog\/wp-content\/uploads\/2025\/11\/MA5_6873.jpg?resize=200%2C300&amp;ssl=1 200w, https:\/\/i0.wp.com\/www.altimara.eu\/blog\/wp-content\/uploads\/2025\/11\/MA5_6873.jpg?resize=768%2C1153&amp;ssl=1 768w, https:\/\/i0.wp.com\/www.altimara.eu\/blog\/wp-content\/uploads\/2025\/11\/MA5_6873.jpg?w=944&amp;ssl=1 944w\" sizes=\"auto, (max-width: 627px) 100vw, 627px\" \/><figcaption class=\"wp-element-caption\">Bois flott\u00e9 c\u00f4te sud.<\/figcaption><\/figure>\n<\/div>\n\n\n<p>Ces bois donnent un charbon excellent, mais je n\u2019ai pas trouv\u00e9 de t\u00e9moignage qu\u2019ils l&rsquo;aient produit sous cette forme. Le besoin en charbon de forge \u00e9tait plut\u00f4t issu de petites charbonni\u00e8res en fosse avec du bois de bouleau ou avec du <em>surtarbrandur<\/em> ( de la lignite ) des arbres fossiles du tertiaire.<\/p>\n\n\n\n<p>Aujourd&rsquo;hui les Islandais importent encore un petit peu de charbon. Pour la forge \u00e9videment, les barbecues et autres utilisations annexes. L&rsquo;Islande est un pays d&rsquo;\u00e9lectricit\u00e9. Malgr\u00e9 tout il est import\u00e9 136 686 tonnes de charbon (Donn\u00e9es 2016). <br>L&rsquo;Islande se classe au 100e rang mondial pour la consommation de charbon, repr\u00e9sentant environ <strong>0,0016%<\/strong> de la consommation mondiale totale de 8\u202f561\u202f852\u202f178 (<a href=\"https:\/\/www.worldometers.info\/fr\/charbon\/#coal-consumption\" target=\"_blank\" rel=\"noreferrer noopener\">https:\/\/www.worldometers.info\/fr\/charbon\/#coal-consumption<\/a>).<\/p>\n\n\n\n<p>Bois flott\u00e9s et charbon v\u00e9g\u00e9tal de lupins pourraient r\u00e9duire l&rsquo;importation de charbon de bois.<\/p>\n\n\n\n<p><em>Les indications sur le transport par les glaces des bois flott\u00e9s provient du site<\/em>&nbsp;: <a href=\"https:\/\/blogs.agu.org\/\" target=\"_blank\" rel=\"noreferrer noopener\">https:\/\/blogs.agu.org\/<\/a><\/p>\n","protected":false},"excerpt":{"rendered":"<p>Une \u00e9tude r\u00e9cente des bois flott\u00e9s dans le nord de l\u2019oc\u00e9an Atlantique m\u2019a interpell\u00e9 pour diff\u00e9rentes raisons. Depuis deux d\u00e9cennies je photographie les bois flott\u00e9s en Islande. Et dans les derni\u00e8res ann\u00e9es comme cet \u00e9t\u00e9 2025 j\u2019ai pu carboniser de ce bois sur la c\u00f4te sud. Les bois flott\u00e9s s\u2019\u00e9chouent en quantit\u00e9 sur les c\u00f4tes [&hellip;]<\/p>\n","protected":false},"author":3,"featured_media":0,"comment_status":"open","ping_status":"open","sticky":false,"template":"","format":"standard","meta":{"ngg_post_thumbnail":0,"jetpack_post_was_ever_published":false,"_jetpack_newsletter_access":"","_jetpack_dont_email_post_to_subs":false,"_jetpack_newsletter_tier_id":0,"_jetpack_memberships_contains_paywalled_content":false,"_jetpack_memberships_contains_paid_content":false,"footnotes":"","jetpack_publicize_message":"","jetpack_publicize_feature_enabled":true,"jetpack_social_post_already_shared":true,"jetpack_social_options":{"image_generator_settings":{"template":"highway","default_image_id":0,"font":"","enabled":false},"version":2}},"categories":[35,6],"tags":[32,33],"class_list":["post-4686","post","type-post","status-publish","format-standard","hentry","category-bois-dislande-bois-flotte-bois-plante","category-charbon-de-bois-carbon-art","tag-bois-flotte","tag-islande"],"jetpack_publicize_connections":[],"jetpack_featured_media_url":"","jetpack_shortlink":"https:\/\/wp.me\/p4r91c-1dA","jetpack_sharing_enabled":true,"jetpack-related-posts":[{"id":1940,"url":"https:\/\/www.altimara.eu\/blog\/2016\/07\/23\/bois-dislande-20\/","url_meta":{"origin":4686,"position":0},"title":"Bois d&rsquo;Islande","author":"Martiou","date":"23 juillet 2016","format":false,"excerpt":"C'est dans le sud, sur la plage du beau lagon glaciaire de J\u00f6kuls\u00e1rl\u00f3n, que j'ai vu un bois flott\u00e9 au milieu des petits \"icebergs\". Cette partie de l'Islande est l\u00e9ch\u00e9e par le Gulf Stream qui r\u00e9chauffe l'ensemble des cotes. Les bois flott\u00e9s sont plut\u00f4t d'origine du golfe du Mexique. A\u2026","rel":"","context":"Dans &quot;Bois d'Islande, bois flott\u00e9, bois plant\u00e9&quot;","block_context":{"text":"Bois d'Islande, bois flott\u00e9, bois plant\u00e9","link":"https:\/\/www.altimara.eu\/blog\/category\/charbon-de-bois-islande\/bois-dislande-bois-flotte-bois-plante\/"},"img":{"alt_text":"IMG_20160712_171439523_HDR","src":"https:\/\/i0.wp.com\/www.altimara.eu\/blog\/wp-content\/uploads\/2016\/07\/IMG_20160712_171439523_HDR-1.jpg?resize=350%2C200","width":350,"height":200,"srcset":"https:\/\/i0.wp.com\/www.altimara.eu\/blog\/wp-content\/uploads\/2016\/07\/IMG_20160712_171439523_HDR-1.jpg?resize=350%2C200 1x, https:\/\/i0.wp.com\/www.altimara.eu\/blog\/wp-content\/uploads\/2016\/07\/IMG_20160712_171439523_HDR-1.jpg?resize=525%2C300 1.5x"},"classes":[]},{"id":3398,"url":"https:\/\/www.altimara.eu\/blog\/2020\/06\/30\/un-bois-flotte-de-15-m\/","url_meta":{"origin":4686,"position":1},"title":"Un bois flott\u00e9 de 15 m","author":"Martiou","date":"30 juin 2020","format":false,"excerpt":"Nouvelle d'Islande, les bois flott\u00e9s qui arrivent pour la plupart de Sib\u00e9rie via le courant nord atlantique, ont \u00e9t\u00e9 dans les si\u00e8cles pass\u00e9s difficiles un mat\u00e9riau de premier choix. Le pays manque dramatiquement de ressources naturelles pour la construction dont le bois. Si ces bois de mer ont \u00e9t\u00e9 ramass\u00e9\u2026","rel":"","context":"Dans &quot;Bois d'Islande, bois flott\u00e9, bois plant\u00e9&quot;","block_context":{"text":"Bois d'Islande, bois flott\u00e9, bois plant\u00e9","link":"https:\/\/www.altimara.eu\/blog\/category\/charbon-de-bois-islande\/bois-dislande-bois-flotte-bois-plante\/"},"img":{"alt_text":"","src":"https:\/\/i0.wp.com\/www.altimara.eu\/blog\/wp-content\/uploads\/2020\/06\/Capture-d%E2%80%99e%CC%81cran-2020-06-19-a%CC%80-22.53.03.png?resize=350%2C200&ssl=1","width":350,"height":200},"classes":[]},{"id":2788,"url":"https:\/\/www.altimara.eu\/blog\/2018\/06\/23\/bois-plante\/","url_meta":{"origin":4686,"position":2},"title":"Bois plant\u00e9","author":"Martiou","date":"23 juin 2018","format":false,"excerpt":"Retour sur l'Islande et ses bois plant\u00e9s. Ces restes de troncs qui ont voyag\u00e9 pendant plusieurs ann\u00e9es \u00e0 l'horizontale sur l'oc\u00e9an et qui finissent la t\u00eate en bas (et donc les racines en l'air) dans les terrains des fermes. L\u00e0 nous sommes cot\u00e9 sud et ces arbres proviennent d'Am\u00e9rique Centrale\u2026","rel":"","context":"Dans &quot;Bois d'Islande, bois flott\u00e9, bois plant\u00e9&quot;","block_context":{"text":"Bois d'Islande, bois flott\u00e9, bois plant\u00e9","link":"https:\/\/www.altimara.eu\/blog\/category\/charbon-de-bois-islande\/bois-dislande-bois-flotte-bois-plante\/"},"img":{"alt_text":"","src":"https:\/\/i0.wp.com\/www.altimara.eu\/blog\/wp-content\/uploads\/2018\/06\/IMG_20180623_220653037.jpg?resize=350%2C200","width":350,"height":200,"srcset":"https:\/\/i0.wp.com\/www.altimara.eu\/blog\/wp-content\/uploads\/2018\/06\/IMG_20180623_220653037.jpg?resize=350%2C200 1x, https:\/\/i0.wp.com\/www.altimara.eu\/blog\/wp-content\/uploads\/2018\/06\/IMG_20180623_220653037.jpg?resize=525%2C300 1.5x, https:\/\/i0.wp.com\/www.altimara.eu\/blog\/wp-content\/uploads\/2018\/06\/IMG_20180623_220653037.jpg?resize=700%2C400 2x"},"classes":[]},{"id":2387,"url":"https:\/\/www.altimara.eu\/blog\/2017\/07\/20\/bois-flotte\/","url_meta":{"origin":4686,"position":3},"title":"Bois flott\u00e9","author":"Martiou","date":"20 juillet 2017","format":false,"excerpt":"Retour dans le th\u00e8me des bois flott\u00e9s en Islande. Cote sud, les bois arrivent des Am\u00e9riques via le Gulf Stream. Un reste de tronc est venu s'\u00e9chouer au milieu des gla\u00e7ons du c\u00e9l\u00e8bre lagon glaci\u00e8re J\u00f6kuls\u00e1rl\u00f3n.","rel":"","context":"Dans &quot;Bois d'Islande, bois flott\u00e9, bois plant\u00e9&quot;","block_context":{"text":"Bois d'Islande, bois flott\u00e9, bois plant\u00e9","link":"https:\/\/www.altimara.eu\/blog\/category\/charbon-de-bois-islande\/bois-dislande-bois-flotte-bois-plante\/"},"img":{"alt_text":"","src":"https:\/\/i0.wp.com\/www.altimara.eu\/blog\/wp-content\/uploads\/2017\/07\/20170720_144859.jpg?resize=350%2C200","width":350,"height":200,"srcset":"https:\/\/i0.wp.com\/www.altimara.eu\/blog\/wp-content\/uploads\/2017\/07\/20170720_144859.jpg?resize=350%2C200 1x, https:\/\/i0.wp.com\/www.altimara.eu\/blog\/wp-content\/uploads\/2017\/07\/20170720_144859.jpg?resize=525%2C300 1.5x, https:\/\/i0.wp.com\/www.altimara.eu\/blog\/wp-content\/uploads\/2017\/07\/20170720_144859.jpg?resize=700%2C400 2x"},"classes":[]},{"id":1443,"url":"https:\/\/www.altimara.eu\/blog\/2015\/08\/28\/bois-dislande-19\/","url_meta":{"origin":4686,"position":4},"title":"Bois d&rsquo;Islande","author":"Martiou","date":"28 ao\u00fbt 2015","format":false,"excerpt":"Au pays des bois flott\u00e9s, il faut s'\u00e9chouer sur une cote \u00e0 nulle autre pareille. Des tas et des tas de bois. des longs, des courts, des droits, des tordus, etc. Le ramassage et l'empilement ont \u00e9t\u00e9 exceptionnel. Que va devenir ce bois? Le courant marin froid vient de Sib\u00e9rie.\u2026","rel":"","context":"Dans &quot;Bois d'Islande, bois flott\u00e9, bois plant\u00e9&quot;","block_context":{"text":"Bois d'Islande, bois flott\u00e9, bois plant\u00e9","link":"https:\/\/www.altimara.eu\/blog\/category\/charbon-de-bois-islande\/bois-dislande-bois-flotte-bois-plante\/"},"img":{"alt_text":"","src":"https:\/\/i0.wp.com\/www.altimara.eu\/blog\/wp-content\/uploads\/2015\/08\/courants.gif?resize=350%2C200&ssl=1","width":350,"height":200},"classes":[]},{"id":2818,"url":"https:\/\/www.altimara.eu\/blog\/2018\/08\/27\/bois-flotte-2\/","url_meta":{"origin":4686,"position":5},"title":"Bois flott\u00e9","author":"Martiou","date":"27 ao\u00fbt 2018","format":false,"excerpt":"Fin de s\u00e9jour en terre bor\u00e9ale avec un bain dans une piscine d'eau chaude naturelle dans le Strandir. Les bois flott\u00e9s s'\u00e9chouent par dizaines sur la plage qui s\u00e9pare la piscine de l'oc\u00e9an arctique, ici groenlandaise. C'est l'occasion aussi de voir des icebergs qui d\u00e9rivent comme les bois tout en\u2026","rel":"","context":"Dans &quot;Bois d'Islande, bois flott\u00e9, bois plant\u00e9&quot;","block_context":{"text":"Bois d'Islande, bois flott\u00e9, bois plant\u00e9","link":"https:\/\/www.altimara.eu\/blog\/category\/charbon-de-bois-islande\/bois-dislande-bois-flotte-bois-plante\/"},"img":{"alt_text":"","src":"https:\/\/i0.wp.com\/www.altimara.eu\/blog\/wp-content\/uploads\/2018\/08\/MAR7778.jpg?resize=350%2C200","width":350,"height":200,"srcset":"https:\/\/i0.wp.com\/www.altimara.eu\/blog\/wp-content\/uploads\/2018\/08\/MAR7778.jpg?resize=350%2C200 1x, https:\/\/i0.wp.com\/www.altimara.eu\/blog\/wp-content\/uploads\/2018\/08\/MAR7778.jpg?resize=525%2C300 1.5x, https:\/\/i0.wp.com\/www.altimara.eu\/blog\/wp-content\/uploads\/2018\/08\/MAR7778.jpg?resize=700%2C400 2x"},"classes":[]}],"_links":{"self":[{"href":"https:\/\/www.altimara.eu\/blog\/wp-json\/wp\/v2\/posts\/4686","targetHints":{"allow":["GET"]}}],"collection":[{"href":"https:\/\/www.altimara.eu\/blog\/wp-json\/wp\/v2\/posts"}],"about":[{"href":"https:\/\/www.altimara.eu\/blog\/wp-json\/wp\/v2\/types\/post"}],"author":[{"embeddable":true,"href":"https:\/\/www.altimara.eu\/blog\/wp-json\/wp\/v2\/users\/3"}],"replies":[{"embeddable":true,"href":"https:\/\/www.altimara.eu\/blog\/wp-json\/wp\/v2\/comments?post=4686"}],"version-history":[{"count":0,"href":"https:\/\/www.altimara.eu\/blog\/wp-json\/wp\/v2\/posts\/4686\/revisions"}],"wp:attachment":[{"href":"https:\/\/www.altimara.eu\/blog\/wp-json\/wp\/v2\/media?parent=4686"}],"wp:term":[{"taxonomy":"category","embeddable":true,"href":"https:\/\/www.altimara.eu\/blog\/wp-json\/wp\/v2\/categories?post=4686"},{"taxonomy":"post_tag","embeddable":true,"href":"https:\/\/www.altimara.eu\/blog\/wp-json\/wp\/v2\/tags?post=4686"}],"curies":[{"name":"wp","href":"https:\/\/api.w.org\/{rel}","templated":true}]}}