{"id":4649,"date":"2025-09-26T20:48:53","date_gmt":"2025-09-26T19:48:53","guid":{"rendered":"https:\/\/www.altimara.eu\/blog\/?p=4649"},"modified":"2025-09-26T20:53:28","modified_gmt":"2025-09-26T19:53:28","slug":"cambous-charbonniere","status":"publish","type":"post","link":"https:\/\/www.altimara.eu\/blog\/2025\/09\/26\/cambous-charbonniere\/","title":{"rendered":"Cambous charbonni\u00e8re"},"content":{"rendered":"\n<p>2 jours intenses de travail pour remettre en ordre la faulde, l&#8217;emplacement de la meule charbonni\u00e8re.<\/p>\n\n\n<div class=\"wp-block-image\">\n<figure class=\"aligncenter size-large\"><img data-recalc-dims=\"1\" loading=\"lazy\" decoding=\"async\" width=\"627\" height=\"469\" data-attachment-id=\"4650\" data-permalink=\"https:\/\/www.altimara.eu\/blog\/2025\/09\/26\/cambous-charbonniere\/img_20250925_143916\/\" data-orig-file=\"https:\/\/i0.wp.com\/www.altimara.eu\/blog\/wp-content\/uploads\/2025\/09\/IMG_20250925_143916.jpg?fit=2000%2C1496&amp;ssl=1\" data-orig-size=\"2000,1496\" data-comments-opened=\"1\" data-image-meta=\"{&quot;aperture&quot;:&quot;1.8&quot;,&quot;credit&quot;:&quot;Martial Acquarone&quot;,&quot;camera&quot;:&quot;M2003J15SC&quot;,&quot;caption&quot;:&quot;&quot;,&quot;created_timestamp&quot;:&quot;1758811159&quot;,&quot;copyright&quot;:&quot;CC BY-SA 4.0&quot;,&quot;focal_length&quot;:&quot;4.74&quot;,&quot;iso&quot;:&quot;101&quot;,&quot;shutter_speed&quot;:&quot;0.0010526315789474&quot;,&quot;title&quot;:&quot;&quot;,&quot;orientation&quot;:&quot;0&quot;}\" data-image-title=\"IMG_20250925_143916\" data-image-description=\"\" data-image-caption=\"\" data-large-file=\"https:\/\/i0.wp.com\/www.altimara.eu\/blog\/wp-content\/uploads\/2025\/09\/IMG_20250925_143916.jpg?fit=627%2C469&amp;ssl=1\" src=\"https:\/\/i0.wp.com\/www.altimara.eu\/blog\/wp-content\/uploads\/2025\/09\/IMG_20250925_143916.jpg?resize=627%2C469&#038;ssl=1\" alt=\"\" class=\"wp-image-4650\" srcset=\"https:\/\/i0.wp.com\/www.altimara.eu\/blog\/wp-content\/uploads\/2025\/09\/IMG_20250925_143916.jpg?resize=1024%2C766&amp;ssl=1 1024w, https:\/\/i0.wp.com\/www.altimara.eu\/blog\/wp-content\/uploads\/2025\/09\/IMG_20250925_143916.jpg?resize=300%2C224&amp;ssl=1 300w, https:\/\/i0.wp.com\/www.altimara.eu\/blog\/wp-content\/uploads\/2025\/09\/IMG_20250925_143916.jpg?resize=768%2C574&amp;ssl=1 768w, https:\/\/i0.wp.com\/www.altimara.eu\/blog\/wp-content\/uploads\/2025\/09\/IMG_20250925_143916.jpg?resize=1536%2C1149&amp;ssl=1 1536w, https:\/\/i0.wp.com\/www.altimara.eu\/blog\/wp-content\/uploads\/2025\/09\/IMG_20250925_143916.jpg?w=2000&amp;ssl=1 2000w, https:\/\/i0.wp.com\/www.altimara.eu\/blog\/wp-content\/uploads\/2025\/09\/IMG_20250925_143916.jpg?w=1254&amp;ssl=1 1254w, https:\/\/i0.wp.com\/www.altimara.eu\/blog\/wp-content\/uploads\/2025\/09\/IMG_20250925_143916.jpg?w=1881&amp;ssl=1 1881w\" sizes=\"auto, (max-width: 627px) 100vw, 627px\" \/><\/figure>\n<\/div>\n\n\n<p>Premier jour, la terre toujours aussi argileuse s&rsquo;est compact\u00e9e. Les pioches ont du mal a rentrer dedans. Et petit \u00e0 petit, apr\u00e8s le d\u00e9sherbage, nous arrivons \u00e0 former le cercle de terre tout autour. En fin d&rsquo;apr\u00e8s midi l&rsquo;aire de charbonnage est totalement d\u00e9gag\u00e9e. La bonne \u00e9quipe avec Herv\u00e9 et Alain, aid\u00e9 par Simon quelque temps. Entre temps le bois a \u00e9t\u00e9 livr\u00e9, 6 st\u00e8res qui va falloir organiser.<\/p>\n\n\n\n<figure class=\"wp-block-image size-large\"><img data-recalc-dims=\"1\" loading=\"lazy\" decoding=\"async\" width=\"627\" height=\"469\" data-attachment-id=\"4651\" data-permalink=\"https:\/\/www.altimara.eu\/blog\/2025\/09\/26\/cambous-charbonniere\/img_20250925_174550\/\" data-orig-file=\"https:\/\/i0.wp.com\/www.altimara.eu\/blog\/wp-content\/uploads\/2025\/09\/IMG_20250925_174550.jpg?fit=2000%2C1496&amp;ssl=1\" data-orig-size=\"2000,1496\" data-comments-opened=\"1\" data-image-meta=\"{&quot;aperture&quot;:&quot;1.8&quot;,&quot;credit&quot;:&quot;Martial Acquarone&quot;,&quot;camera&quot;:&quot;M2003J15SC&quot;,&quot;caption&quot;:&quot;&quot;,&quot;created_timestamp&quot;:&quot;1758822352&quot;,&quot;copyright&quot;:&quot;CC BY-SA 4.0&quot;,&quot;focal_length&quot;:&quot;4.74&quot;,&quot;iso&quot;:&quot;100&quot;,&quot;shutter_speed&quot;:&quot;0.0045454545454545&quot;,&quot;title&quot;:&quot;&quot;,&quot;orientation&quot;:&quot;0&quot;}\" data-image-title=\"IMG_20250925_174550\" data-image-description=\"\" data-image-caption=\"\" data-large-file=\"https:\/\/i0.wp.com\/www.altimara.eu\/blog\/wp-content\/uploads\/2025\/09\/IMG_20250925_174550.jpg?fit=627%2C469&amp;ssl=1\" src=\"https:\/\/i0.wp.com\/www.altimara.eu\/blog\/wp-content\/uploads\/2025\/09\/IMG_20250925_174550.jpg?resize=627%2C469&#038;ssl=1\" alt=\"\" class=\"wp-image-4651\" srcset=\"https:\/\/i0.wp.com\/www.altimara.eu\/blog\/wp-content\/uploads\/2025\/09\/IMG_20250925_174550.jpg?resize=1024%2C766&amp;ssl=1 1024w, https:\/\/i0.wp.com\/www.altimara.eu\/blog\/wp-content\/uploads\/2025\/09\/IMG_20250925_174550.jpg?resize=300%2C224&amp;ssl=1 300w, https:\/\/i0.wp.com\/www.altimara.eu\/blog\/wp-content\/uploads\/2025\/09\/IMG_20250925_174550.jpg?resize=768%2C574&amp;ssl=1 768w, https:\/\/i0.wp.com\/www.altimara.eu\/blog\/wp-content\/uploads\/2025\/09\/IMG_20250925_174550.jpg?resize=1536%2C1149&amp;ssl=1 1536w, https:\/\/i0.wp.com\/www.altimara.eu\/blog\/wp-content\/uploads\/2025\/09\/IMG_20250925_174550.jpg?w=2000&amp;ssl=1 2000w, https:\/\/i0.wp.com\/www.altimara.eu\/blog\/wp-content\/uploads\/2025\/09\/IMG_20250925_174550.jpg?w=1254&amp;ssl=1 1254w, https:\/\/i0.wp.com\/www.altimara.eu\/blog\/wp-content\/uploads\/2025\/09\/IMG_20250925_174550.jpg?w=1881&amp;ssl=1 1881w\" sizes=\"auto, (max-width: 627px) 100vw, 627px\" \/><\/figure>\n\n\n\n<p>Deuxi\u00e8me jour, nos sp\u00e9cialistes du nivellement sous la direction d&rsquo;Alain le Millima\u00eetre peaufine la faulde. Le niveau est \u00e0 la fois tr\u00e8s haut et tr\u00e8s horizontal. Dans le but d\u2019all\u00e9ger la terre nous rajoutons un sable grossier. Et qui fait parfaitement l&rsquo;affaire pour surfacer la base de la meule, une ar\u00e9na carbona !<\/p>\n\n\n\n<figure class=\"wp-block-image size-large\"><img data-recalc-dims=\"1\" loading=\"lazy\" decoding=\"async\" width=\"627\" height=\"419\" data-attachment-id=\"4652\" data-permalink=\"https:\/\/www.altimara.eu\/blog\/2025\/09\/26\/cambous-charbonniere\/p1070034\/\" data-orig-file=\"https:\/\/i0.wp.com\/www.altimara.eu\/blog\/wp-content\/uploads\/2025\/09\/P1070034.jpg?fit=2000%2C1337&amp;ssl=1\" data-orig-size=\"2000,1337\" data-comments-opened=\"1\" data-image-meta=\"{&quot;aperture&quot;:&quot;9&quot;,&quot;credit&quot;:&quot;Martial Acquarone&quot;,&quot;camera&quot;:&quot;DMC-LX100&quot;,&quot;caption&quot;:&quot;&quot;,&quot;created_timestamp&quot;:&quot;1758883060&quot;,&quot;copyright&quot;:&quot;CC BY-SA 4.0&quot;,&quot;focal_length&quot;:&quot;10.9&quot;,&quot;iso&quot;:&quot;400&quot;,&quot;shutter_speed&quot;:&quot;0.003125&quot;,&quot;title&quot;:&quot;&quot;,&quot;orientation&quot;:&quot;0&quot;}\" data-image-title=\"P1070034\" data-image-description=\"\" data-image-caption=\"\" data-large-file=\"https:\/\/i0.wp.com\/www.altimara.eu\/blog\/wp-content\/uploads\/2025\/09\/P1070034.jpg?fit=627%2C419&amp;ssl=1\" src=\"https:\/\/i0.wp.com\/www.altimara.eu\/blog\/wp-content\/uploads\/2025\/09\/P1070034.jpg?resize=627%2C419&#038;ssl=1\" alt=\"\" class=\"wp-image-4652\" srcset=\"https:\/\/i0.wp.com\/www.altimara.eu\/blog\/wp-content\/uploads\/2025\/09\/P1070034.jpg?resize=1024%2C685&amp;ssl=1 1024w, https:\/\/i0.wp.com\/www.altimara.eu\/blog\/wp-content\/uploads\/2025\/09\/P1070034.jpg?resize=300%2C201&amp;ssl=1 300w, https:\/\/i0.wp.com\/www.altimara.eu\/blog\/wp-content\/uploads\/2025\/09\/P1070034.jpg?resize=768%2C513&amp;ssl=1 768w, https:\/\/i0.wp.com\/www.altimara.eu\/blog\/wp-content\/uploads\/2025\/09\/P1070034.jpg?resize=1536%2C1027&amp;ssl=1 1536w, https:\/\/i0.wp.com\/www.altimara.eu\/blog\/wp-content\/uploads\/2025\/09\/P1070034.jpg?w=2000&amp;ssl=1 2000w, https:\/\/i0.wp.com\/www.altimara.eu\/blog\/wp-content\/uploads\/2025\/09\/P1070034.jpg?w=1254&amp;ssl=1 1254w, https:\/\/i0.wp.com\/www.altimara.eu\/blog\/wp-content\/uploads\/2025\/09\/P1070034.jpg?w=1881&amp;ssl=1 1881w\" sizes=\"auto, (max-width: 627px) 100vw, 627px\" \/><\/figure>\n\n\n\n<figure class=\"wp-block-image size-large\"><img data-recalc-dims=\"1\" loading=\"lazy\" decoding=\"async\" width=\"627\" height=\"419\" data-attachment-id=\"4653\" data-permalink=\"https:\/\/www.altimara.eu\/blog\/2025\/09\/26\/cambous-charbonniere\/p1070038\/\" data-orig-file=\"https:\/\/i0.wp.com\/www.altimara.eu\/blog\/wp-content\/uploads\/2025\/09\/P1070038.jpg?fit=2000%2C1337&amp;ssl=1\" data-orig-size=\"2000,1337\" data-comments-opened=\"1\" data-image-meta=\"{&quot;aperture&quot;:&quot;10&quot;,&quot;credit&quot;:&quot;Martial Acquarone&quot;,&quot;camera&quot;:&quot;DMC-LX100&quot;,&quot;caption&quot;:&quot;&quot;,&quot;created_timestamp&quot;:&quot;1758885252&quot;,&quot;copyright&quot;:&quot;CC BY-SA 4.0&quot;,&quot;focal_length&quot;:&quot;10.9&quot;,&quot;iso&quot;:&quot;400&quot;,&quot;shutter_speed&quot;:&quot;0.001&quot;,&quot;title&quot;:&quot;&quot;,&quot;orientation&quot;:&quot;0&quot;}\" data-image-title=\"P1070038\" data-image-description=\"\" data-image-caption=\"\" data-large-file=\"https:\/\/i0.wp.com\/www.altimara.eu\/blog\/wp-content\/uploads\/2025\/09\/P1070038.jpg?fit=627%2C419&amp;ssl=1\" src=\"https:\/\/i0.wp.com\/www.altimara.eu\/blog\/wp-content\/uploads\/2025\/09\/P1070038.jpg?resize=627%2C419&#038;ssl=1\" alt=\"\" class=\"wp-image-4653\" srcset=\"https:\/\/i0.wp.com\/www.altimara.eu\/blog\/wp-content\/uploads\/2025\/09\/P1070038.jpg?resize=1024%2C685&amp;ssl=1 1024w, https:\/\/i0.wp.com\/www.altimara.eu\/blog\/wp-content\/uploads\/2025\/09\/P1070038.jpg?resize=300%2C201&amp;ssl=1 300w, https:\/\/i0.wp.com\/www.altimara.eu\/blog\/wp-content\/uploads\/2025\/09\/P1070038.jpg?resize=768%2C513&amp;ssl=1 768w, https:\/\/i0.wp.com\/www.altimara.eu\/blog\/wp-content\/uploads\/2025\/09\/P1070038.jpg?resize=1536%2C1027&amp;ssl=1 1536w, https:\/\/i0.wp.com\/www.altimara.eu\/blog\/wp-content\/uploads\/2025\/09\/P1070038.jpg?w=2000&amp;ssl=1 2000w, https:\/\/i0.wp.com\/www.altimara.eu\/blog\/wp-content\/uploads\/2025\/09\/P1070038.jpg?w=1254&amp;ssl=1 1254w, https:\/\/i0.wp.com\/www.altimara.eu\/blog\/wp-content\/uploads\/2025\/09\/P1070038.jpg?w=1881&amp;ssl=1 1881w\" sizes=\"auto, (max-width: 627px) 100vw, 627px\" \/><figcaption class=\"wp-element-caption\"><em>Au millim\u00e8tre qu&rsquo;on vous dit !<\/em><\/figcaption><\/figure>\n\n\n\n<p>Puis ce fut la r\u00e9partition du bois en cercle. Le bois livr\u00e9 est de mauvaises coupes, nous avons du en rectifier un bon st\u00e8re et demi&#8230;grrr ! Enfin l&rsquo;\u00e9quipe a amass\u00e9 du bois sec qui servira pour le feu. Derni\u00e8re touche, le montage de la grande tente, l&rsquo;abri des soirs obscurs et de la pl\u00e9nitude.<\/p>\n\n\n\n<figure class=\"wp-block-image size-large\"><img data-recalc-dims=\"1\" loading=\"lazy\" decoding=\"async\" width=\"627\" height=\"362\" data-attachment-id=\"4654\" data-permalink=\"https:\/\/www.altimara.eu\/blog\/2025\/09\/26\/cambous-charbonniere\/p1070042\/\" data-orig-file=\"https:\/\/i0.wp.com\/www.altimara.eu\/blog\/wp-content\/uploads\/2025\/09\/P1070042.jpg?fit=2000%2C1154&amp;ssl=1\" data-orig-size=\"2000,1154\" data-comments-opened=\"1\" data-image-meta=\"{&quot;aperture&quot;:&quot;9&quot;,&quot;credit&quot;:&quot;Martial Acquarone&quot;,&quot;camera&quot;:&quot;DMC-LX100&quot;,&quot;caption&quot;:&quot;&quot;,&quot;created_timestamp&quot;:&quot;1758892008&quot;,&quot;copyright&quot;:&quot;CC BY-SA 4.0&quot;,&quot;focal_length&quot;:&quot;10.9&quot;,&quot;iso&quot;:&quot;400&quot;,&quot;shutter_speed&quot;:&quot;0.0015625&quot;,&quot;title&quot;:&quot;&quot;,&quot;orientation&quot;:&quot;0&quot;}\" data-image-title=\"P1070042\" data-image-description=\"\" data-image-caption=\"\" data-large-file=\"https:\/\/i0.wp.com\/www.altimara.eu\/blog\/wp-content\/uploads\/2025\/09\/P1070042.jpg?fit=627%2C362&amp;ssl=1\" src=\"https:\/\/i0.wp.com\/www.altimara.eu\/blog\/wp-content\/uploads\/2025\/09\/P1070042.jpg?resize=627%2C362&#038;ssl=1\" alt=\"\" class=\"wp-image-4654\" srcset=\"https:\/\/i0.wp.com\/www.altimara.eu\/blog\/wp-content\/uploads\/2025\/09\/P1070042.jpg?resize=1024%2C591&amp;ssl=1 1024w, https:\/\/i0.wp.com\/www.altimara.eu\/blog\/wp-content\/uploads\/2025\/09\/P1070042.jpg?resize=300%2C173&amp;ssl=1 300w, https:\/\/i0.wp.com\/www.altimara.eu\/blog\/wp-content\/uploads\/2025\/09\/P1070042.jpg?resize=768%2C443&amp;ssl=1 768w, https:\/\/i0.wp.com\/www.altimara.eu\/blog\/wp-content\/uploads\/2025\/09\/P1070042.jpg?resize=1536%2C886&amp;ssl=1 1536w, https:\/\/i0.wp.com\/www.altimara.eu\/blog\/wp-content\/uploads\/2025\/09\/P1070042.jpg?w=2000&amp;ssl=1 2000w, https:\/\/i0.wp.com\/www.altimara.eu\/blog\/wp-content\/uploads\/2025\/09\/P1070042.jpg?w=1254&amp;ssl=1 1254w, https:\/\/i0.wp.com\/www.altimara.eu\/blog\/wp-content\/uploads\/2025\/09\/P1070042.jpg?w=1881&amp;ssl=1 1881w\" sizes=\"auto, (max-width: 627px) 100vw, 627px\" \/><\/figure>\n\n\n\n<p>Superbe travail en \u00e9quipe avec Alain le Millima\u00eetre, Bruno au Grand-Coeur, Herv\u00e9 le Marcheur de R\u00eaves et M\u00e9sigue, la Dream Team Noire.<\/p>\n\n\n\n<figure class=\"wp-block-image size-large\"><img data-recalc-dims=\"1\" loading=\"lazy\" decoding=\"async\" width=\"627\" height=\"469\" data-attachment-id=\"4655\" data-permalink=\"https:\/\/www.altimara.eu\/blog\/2025\/09\/26\/cambous-charbonniere\/img_20250926_171916\/\" data-orig-file=\"https:\/\/i0.wp.com\/www.altimara.eu\/blog\/wp-content\/uploads\/2025\/09\/IMG_20250926_171916.jpg?fit=2000%2C1496&amp;ssl=1\" data-orig-size=\"2000,1496\" data-comments-opened=\"1\" data-image-meta=\"{&quot;aperture&quot;:&quot;1.8&quot;,&quot;credit&quot;:&quot;Martial Acquarone&quot;,&quot;camera&quot;:&quot;M2003J15SC&quot;,&quot;caption&quot;:&quot;&quot;,&quot;created_timestamp&quot;:&quot;1758907159&quot;,&quot;copyright&quot;:&quot;CC BY-SA 4.0&quot;,&quot;focal_length&quot;:&quot;4.74&quot;,&quot;iso&quot;:&quot;100&quot;,&quot;shutter_speed&quot;:&quot;0.0018867924528302&quot;,&quot;title&quot;:&quot;&quot;,&quot;orientation&quot;:&quot;0&quot;}\" data-image-title=\"IMG_20250926_171916\" data-image-description=\"\" data-image-caption=\"\" data-large-file=\"https:\/\/i0.wp.com\/www.altimara.eu\/blog\/wp-content\/uploads\/2025\/09\/IMG_20250926_171916.jpg?fit=627%2C469&amp;ssl=1\" src=\"https:\/\/i0.wp.com\/www.altimara.eu\/blog\/wp-content\/uploads\/2025\/09\/IMG_20250926_171916.jpg?resize=627%2C469&#038;ssl=1\" alt=\"\" class=\"wp-image-4655\" srcset=\"https:\/\/i0.wp.com\/www.altimara.eu\/blog\/wp-content\/uploads\/2025\/09\/IMG_20250926_171916.jpg?resize=1024%2C766&amp;ssl=1 1024w, https:\/\/i0.wp.com\/www.altimara.eu\/blog\/wp-content\/uploads\/2025\/09\/IMG_20250926_171916.jpg?resize=300%2C224&amp;ssl=1 300w, https:\/\/i0.wp.com\/www.altimara.eu\/blog\/wp-content\/uploads\/2025\/09\/IMG_20250926_171916.jpg?resize=768%2C574&amp;ssl=1 768w, https:\/\/i0.wp.com\/www.altimara.eu\/blog\/wp-content\/uploads\/2025\/09\/IMG_20250926_171916.jpg?resize=1536%2C1149&amp;ssl=1 1536w, https:\/\/i0.wp.com\/www.altimara.eu\/blog\/wp-content\/uploads\/2025\/09\/IMG_20250926_171916.jpg?w=2000&amp;ssl=1 2000w, https:\/\/i0.wp.com\/www.altimara.eu\/blog\/wp-content\/uploads\/2025\/09\/IMG_20250926_171916.jpg?w=1254&amp;ssl=1 1254w, https:\/\/i0.wp.com\/www.altimara.eu\/blog\/wp-content\/uploads\/2025\/09\/IMG_20250926_171916.jpg?w=1881&amp;ssl=1 1881w\" sizes=\"auto, (max-width: 627px) 100vw, 627px\" \/><\/figure>\n\n\n\n<p>Demain montage de la charbonni\u00e8re, avec accueil du public.<\/p>\n","protected":false},"excerpt":{"rendered":"<p>2 jours intenses de travail pour remettre en ordre la faulde, l&#8217;emplacement de la meule charbonni\u00e8re. Premier jour, la terre toujours aussi argileuse s&rsquo;est compact\u00e9e. Les pioches ont du mal a rentrer dedans. Et petit \u00e0 petit, apr\u00e8s le d\u00e9sherbage, nous arrivons \u00e0 former le cercle de terre tout autour. En fin d&rsquo;apr\u00e8s midi l&rsquo;aire [&hellip;]<\/p>\n","protected":false},"author":3,"featured_media":0,"comment_status":"open","ping_status":"open","sticky":false,"template":"","format":"standard","meta":{"ngg_post_thumbnail":0,"jetpack_post_was_ever_published":false,"_jetpack_newsletter_access":"","_jetpack_dont_email_post_to_subs":false,"_jetpack_newsletter_tier_id":0,"_jetpack_memberships_contains_paywalled_content":false,"_jetpack_memberships_contains_paid_content":false,"footnotes":"","jetpack_publicize_message":"","jetpack_publicize_feature_enabled":true,"jetpack_social_post_already_shared":true,"jetpack_social_options":{"image_generator_settings":{"template":"highway","default_image_id":0,"font":"","enabled":false},"version":2}},"categories":[65,6,103,37],"tags":[12,18],"class_list":["post-4649","post","type-post","status-publish","format-standard","hentry","category-mes-charbonnieres","category-charbon-de-bois-carbon-art","category-charbonnier-en-france","category-evenementiel","tag-charbonniere","tag-garrigue"],"jetpack_publicize_connections":[],"jetpack_featured_media_url":"","jetpack_shortlink":"https:\/\/wp.me\/p4r91c-1cZ","jetpack_sharing_enabled":true,"jetpack-related-posts":[{"id":4166,"url":"https:\/\/www.altimara.eu\/blog\/2023\/10\/06\/charbonniere-en-cours\/","url_meta":{"origin":4649,"position":0},"title":"Charbonni\u00e8re en cours","author":"Martiou","date":"6 octobre 2023","format":false,"excerpt":"Nous avons, Arthur, Simon et moi, mont\u00e9 la meule de bois. Mais avant tout j'ai voulu mettre des branches au sol pour isoler le bois de la terre. Cette terre de la faulde est souple et les rondins de bois s'enfoncent un petit peu. Du coup la cuisson pourrai \u00eatre\u2026","rel":"","context":"Dans &quot;0- MES CHARBONNI\u00c8RES&quot;","block_context":{"text":"0- MES CHARBONNI\u00c8RES","link":"https:\/\/www.altimara.eu\/blog\/category\/mes-charbonnieres\/"},"img":{"alt_text":"","src":"https:\/\/i0.wp.com\/www.altimara.eu\/blog\/wp-content\/uploads\/2023\/10\/MAR1255.jpg?resize=350%2C200&ssl=1","width":350,"height":200,"srcset":"https:\/\/i0.wp.com\/www.altimara.eu\/blog\/wp-content\/uploads\/2023\/10\/MAR1255.jpg?resize=350%2C200&ssl=1 1x, https:\/\/i0.wp.com\/www.altimara.eu\/blog\/wp-content\/uploads\/2023\/10\/MAR1255.jpg?resize=525%2C300&ssl=1 1.5x, https:\/\/i0.wp.com\/www.altimara.eu\/blog\/wp-content\/uploads\/2023\/10\/MAR1255.jpg?resize=700%2C400&ssl=1 2x, https:\/\/i0.wp.com\/www.altimara.eu\/blog\/wp-content\/uploads\/2023\/10\/MAR1255.jpg?resize=1050%2C600&ssl=1 3x, https:\/\/i0.wp.com\/www.altimara.eu\/blog\/wp-content\/uploads\/2023\/10\/MAR1255.jpg?resize=1400%2C800&ssl=1 4x"},"classes":[]},{"id":2647,"url":"https:\/\/www.altimara.eu\/blog\/2018\/02\/25\/charbonniere-et-quad-tragenaires\/","url_meta":{"origin":4649,"position":1},"title":"Charbonni\u00e8re et quad-trag\u00e9naires&#8230;","author":"Martiou","date":"25 f\u00e9vrier 2018","format":false,"excerpt":"Belle s\u00e9ance de travail, arm\u00e9 d'un quad puissant et d'une remorque nous avons pu monter 3 st\u00e8res de bois et une remorque de terre. La terre est l'\u00e9l\u00e9ment le plus difficile \u00e0 trouver sur place dans cet environnement min\u00e9ral. J'ai \u00e0 disposition un volume qui reste des pr\u00e9c\u00e9dentes charbonni\u00e8res mais\u2026","rel":"","context":"Dans &quot;Charbon de bois&quot;","block_context":{"text":"Charbon de bois","link":"https:\/\/www.altimara.eu\/blog\/category\/charbon-de-bois-carbon-art\/"},"img":{"alt_text":"","src":"https:\/\/i0.wp.com\/www.altimara.eu\/blog\/wp-content\/uploads\/2018\/02\/MAR5094.jpg?resize=350%2C200","width":350,"height":200,"srcset":"https:\/\/i0.wp.com\/www.altimara.eu\/blog\/wp-content\/uploads\/2018\/02\/MAR5094.jpg?resize=350%2C200 1x, https:\/\/i0.wp.com\/www.altimara.eu\/blog\/wp-content\/uploads\/2018\/02\/MAR5094.jpg?resize=525%2C300 1.5x, https:\/\/i0.wp.com\/www.altimara.eu\/blog\/wp-content\/uploads\/2018\/02\/MAR5094.jpg?resize=700%2C400 2x"},"classes":[]},{"id":4148,"url":"https:\/\/www.altimara.eu\/blog\/2023\/10\/04\/charbonniere-a-lancienne\/","url_meta":{"origin":4649,"position":2},"title":"Charbonni\u00e8re \u00e0 l&rsquo;ancienne","author":"Martiou","date":"4 octobre 2023","format":false,"excerpt":"La charbonni\u00e8re que je vais conduire \u00e0 Cambous \u00e0 toutes les allures du \"comme avant\". Bien que cela se passe dans les journ\u00e9es de l'arch\u00e9ologie, plut\u00f4t orient\u00e9es protohistoire, cette forme de charbonni\u00e8re en meule correspond aux p\u00e9riodes antiques (\u00e0 confirmer) et m\u00e9di\u00e9vales. Il serai int\u00e9ressant d'approfondir la r\u00e9flexion de toutes\u2026","rel":"","context":"Dans &quot;0- MES CHARBONNI\u00c8RES&quot;","block_context":{"text":"0- MES CHARBONNI\u00c8RES","link":"https:\/\/www.altimara.eu\/blog\/category\/mes-charbonnieres\/"},"img":{"alt_text":"","src":"https:\/\/i0.wp.com\/www.altimara.eu\/blog\/wp-content\/uploads\/2023\/10\/carte-generale.jpg?resize=350%2C200&ssl=1","width":350,"height":200,"srcset":"https:\/\/i0.wp.com\/www.altimara.eu\/blog\/wp-content\/uploads\/2023\/10\/carte-generale.jpg?resize=350%2C200&ssl=1 1x, https:\/\/i0.wp.com\/www.altimara.eu\/blog\/wp-content\/uploads\/2023\/10\/carte-generale.jpg?resize=525%2C300&ssl=1 1.5x, https:\/\/i0.wp.com\/www.altimara.eu\/blog\/wp-content\/uploads\/2023\/10\/carte-generale.jpg?resize=700%2C400&ssl=1 2x"},"classes":[]},{"id":3006,"url":"https:\/\/www.altimara.eu\/blog\/2019\/04\/12\/stage-charbonniere\/","url_meta":{"origin":4649,"position":3},"title":"Stage charbonni\u00e8re","author":"Martiou","date":"12 avril 2019","format":false,"excerpt":"J'ai eu le plaisir d'animer un stage charbonni\u00e8re pour quatre jeunes plein d'entrain. C'est Luc, forgeron de l'association ASTRE, qui a organis\u00e9 ce stage. L'animation a eu lieu devant une immense b\u00e2tisse, en pleine for\u00eat de la montagne noire, non loin de Sor\u00e9ze (magnifique village \u00e0 1 h de Toulouse).\u2026","rel":"","context":"Dans &quot;Non class\u00e9&quot;","block_context":{"text":"Non class\u00e9","link":"https:\/\/www.altimara.eu\/blog\/category\/non-classe\/"},"img":{"alt_text":"","src":"https:\/\/i0.wp.com\/www.altimara.eu\/blog\/wp-content\/uploads\/2019\/04\/MAR9252.jpg?resize=350%2C200&ssl=1","width":350,"height":200,"srcset":"https:\/\/i0.wp.com\/www.altimara.eu\/blog\/wp-content\/uploads\/2019\/04\/MAR9252.jpg?resize=350%2C200&ssl=1 1x, https:\/\/i0.wp.com\/www.altimara.eu\/blog\/wp-content\/uploads\/2019\/04\/MAR9252.jpg?resize=525%2C300&ssl=1 1.5x, https:\/\/i0.wp.com\/www.altimara.eu\/blog\/wp-content\/uploads\/2019\/04\/MAR9252.jpg?resize=700%2C400&ssl=1 2x, https:\/\/i0.wp.com\/www.altimara.eu\/blog\/wp-content\/uploads\/2019\/04\/MAR9252.jpg?resize=1050%2C600&ssl=1 3x, https:\/\/i0.wp.com\/www.altimara.eu\/blog\/wp-content\/uploads\/2019\/04\/MAR9252.jpg?resize=1400%2C800&ssl=1 4x"},"classes":[]},{"id":1790,"url":"https:\/\/www.altimara.eu\/blog\/2016\/04\/18\/terrasses-gellone\/","url_meta":{"origin":4649,"position":4},"title":"Terrasses Gellone","author":"Martiou","date":"18 avril 2016","format":false,"excerpt":"Carbonisation en vall\u00e9e de l'H\u00e9rault, au lieu dit de Brunan, juste avant le village m\u00e9di\u00e9val de St-Guilhem-le-D\u00e9sert. L'emplacement de carbonisation \u00e9tait sur une des trois \"terrasses\", o\u00f9 se cultivait des oliviers et de la vigne. Seule l'olivette est rest\u00e9e. En contre bas, les puissants b\u00e2timents d\u00e9labr\u00e9s d'anciens moulins \u00e0 eau,\u2026","rel":"","context":"Dans &quot;Charbon de bois&quot;","block_context":{"text":"Charbon de bois","link":"https:\/\/www.altimara.eu\/blog\/category\/charbon-de-bois-carbon-art\/"},"img":{"alt_text":"_MAR9842","src":"https:\/\/i0.wp.com\/www.altimara.eu\/blog\/wp-content\/uploads\/2016\/04\/MAR9842.jpg?resize=350%2C200","width":350,"height":200,"srcset":"https:\/\/i0.wp.com\/www.altimara.eu\/blog\/wp-content\/uploads\/2016\/04\/MAR9842.jpg?resize=350%2C200 1x, https:\/\/i0.wp.com\/www.altimara.eu\/blog\/wp-content\/uploads\/2016\/04\/MAR9842.jpg?resize=525%2C300 1.5x, https:\/\/i0.wp.com\/www.altimara.eu\/blog\/wp-content\/uploads\/2016\/04\/MAR9842.jpg?resize=700%2C400 2x"},"classes":[]},{"id":4159,"url":"https:\/\/www.altimara.eu\/blog\/2023\/10\/05\/charbonniere-de-lou-cambous\/","url_meta":{"origin":4649,"position":5},"title":"Charbonni\u00e8re de lou Cambous","author":"Martiou","date":"5 octobre 2023","format":false,"excerpt":"Aujourd'hui a \u00e9tait le jour des travaux les plus \u00e9reintants. Agrandissement de la faulde. Avec un niveau et un bastain comme pour du b\u00e9ton. Av\u00e9 le caritou...trois pierres au centre, tradition. Livraison de 6 st\u00e8res de ch\u00eanes verts, environ 4 T, voire un peu plus. C'est C\u00e9dric Lavabre de Sainte-Croix-De-Quintillargues\u2026","rel":"","context":"Dans &quot;0- MES CHARBONNI\u00c8RES&quot;","block_context":{"text":"0- MES CHARBONNI\u00c8RES","link":"https:\/\/www.altimara.eu\/blog\/category\/mes-charbonnieres\/"},"img":{"alt_text":"","src":"https:\/\/i0.wp.com\/www.altimara.eu\/blog\/wp-content\/uploads\/2023\/10\/MA5_2807.jpg?resize=350%2C200&ssl=1","width":350,"height":200,"srcset":"https:\/\/i0.wp.com\/www.altimara.eu\/blog\/wp-content\/uploads\/2023\/10\/MA5_2807.jpg?resize=350%2C200&ssl=1 1x, https:\/\/i0.wp.com\/www.altimara.eu\/blog\/wp-content\/uploads\/2023\/10\/MA5_2807.jpg?resize=525%2C300&ssl=1 1.5x, https:\/\/i0.wp.com\/www.altimara.eu\/blog\/wp-content\/uploads\/2023\/10\/MA5_2807.jpg?resize=700%2C400&ssl=1 2x, https:\/\/i0.wp.com\/www.altimara.eu\/blog\/wp-content\/uploads\/2023\/10\/MA5_2807.jpg?resize=1050%2C600&ssl=1 3x, https:\/\/i0.wp.com\/www.altimara.eu\/blog\/wp-content\/uploads\/2023\/10\/MA5_2807.jpg?resize=1400%2C800&ssl=1 4x"},"classes":[]}],"_links":{"self":[{"href":"https:\/\/www.altimara.eu\/blog\/wp-json\/wp\/v2\/posts\/4649","targetHints":{"allow":["GET"]}}],"collection":[{"href":"https:\/\/www.altimara.eu\/blog\/wp-json\/wp\/v2\/posts"}],"about":[{"href":"https:\/\/www.altimara.eu\/blog\/wp-json\/wp\/v2\/types\/post"}],"author":[{"embeddable":true,"href":"https:\/\/www.altimara.eu\/blog\/wp-json\/wp\/v2\/users\/3"}],"replies":[{"embeddable":true,"href":"https:\/\/www.altimara.eu\/blog\/wp-json\/wp\/v2\/comments?post=4649"}],"version-history":[{"count":0,"href":"https:\/\/www.altimara.eu\/blog\/wp-json\/wp\/v2\/posts\/4649\/revisions"}],"wp:attachment":[{"href":"https:\/\/www.altimara.eu\/blog\/wp-json\/wp\/v2\/media?parent=4649"}],"wp:term":[{"taxonomy":"category","embeddable":true,"href":"https:\/\/www.altimara.eu\/blog\/wp-json\/wp\/v2\/categories?post=4649"},{"taxonomy":"post_tag","embeddable":true,"href":"https:\/\/www.altimara.eu\/blog\/wp-json\/wp\/v2\/tags?post=4649"}],"curies":[{"name":"wp","href":"https:\/\/api.w.org\/{rel}","templated":true}]}}