{"id":4640,"date":"2025-09-10T10:43:30","date_gmt":"2025-09-10T09:43:30","guid":{"rendered":"https:\/\/www.altimara.eu\/blog\/?p=4640"},"modified":"2025-09-10T10:44:45","modified_gmt":"2025-09-10T09:44:45","slug":"cambous","status":"publish","type":"post","link":"https:\/\/www.altimara.eu\/blog\/2025\/09\/10\/cambous\/","title":{"rendered":"Cambous ++"},"content":{"rendered":"\n<p>Nouvelle charbonni\u00e8re au site de Cambous tr\u00e8s bient\u00f4t. Pour la troisi\u00e8me fois je vais r\u00e9aliser une cuisson en d\u00e9monstration pendant la <em>Quinzaine de l&rsquo;Arch\u00e9ologie<\/em>. <\/p>\n\n\n\n<p>Montage de la meule le samedi 27, allumage le dimanche qui suit et cuisson toute la semaine jusqu&rsquo;au 4 octobre.<\/p>\n\n\n\n<p>Ce samedi 4 octobre, il y aura un forum dans le site n\u00e9olithique avec des intervenants et des stages sur r\u00e9servation. Avec en autre un stage de vannerie sauvage anim\u00e9 par Martine, la vanni\u00e8re pr\u00e9historique !<\/p>\n\n\n\n<p>Contact : moi via ce site ou Simon 0621191115 ou cambous.slp@gmail.com<\/p>\n\n\n\n<p><strong>BIENVENUE<\/strong> !<\/p>\n\n\n<div class=\"wp-block-image\">\n<figure class=\"aligncenter size-large\"><img data-recalc-dims=\"1\" loading=\"lazy\" decoding=\"async\" width=\"627\" height=\"940\" data-attachment-id=\"4641\" data-permalink=\"https:\/\/www.altimara.eu\/blog\/2025\/09\/10\/cambous\/screenshot-3\/\" data-orig-file=\"https:\/\/i0.wp.com\/www.altimara.eu\/blog\/wp-content\/uploads\/2025\/09\/Capture-decran-2025-09-10-a-11.39.20.jpg?fit=854%2C1281&amp;ssl=1\" data-orig-size=\"854,1281\" data-comments-opened=\"1\" data-image-meta=\"{&quot;aperture&quot;:&quot;0&quot;,&quot;credit&quot;:&quot;&quot;,&quot;camera&quot;:&quot;&quot;,&quot;caption&quot;:&quot;Screenshot&quot;,&quot;created_timestamp&quot;:&quot;0&quot;,&quot;copyright&quot;:&quot;&quot;,&quot;focal_length&quot;:&quot;0&quot;,&quot;iso&quot;:&quot;0&quot;,&quot;shutter_speed&quot;:&quot;0&quot;,&quot;title&quot;:&quot;Screenshot&quot;,&quot;orientation&quot;:&quot;1&quot;}\" data-image-title=\"Screenshot\" data-image-description=\"\" data-image-caption=\"&lt;p&gt;Screenshot&lt;\/p&gt;\n\" data-large-file=\"https:\/\/i0.wp.com\/www.altimara.eu\/blog\/wp-content\/uploads\/2025\/09\/Capture-decran-2025-09-10-a-11.39.20.jpg?fit=627%2C940&amp;ssl=1\" src=\"https:\/\/i0.wp.com\/www.altimara.eu\/blog\/wp-content\/uploads\/2025\/09\/Capture-decran-2025-09-10-a-11.39.20.jpg?resize=627%2C940&#038;ssl=1\" alt=\"\" class=\"wp-image-4641\" srcset=\"https:\/\/i0.wp.com\/www.altimara.eu\/blog\/wp-content\/uploads\/2025\/09\/Capture-decran-2025-09-10-a-11.39.20.jpg?resize=683%2C1024&amp;ssl=1 683w, https:\/\/i0.wp.com\/www.altimara.eu\/blog\/wp-content\/uploads\/2025\/09\/Capture-decran-2025-09-10-a-11.39.20.jpg?resize=200%2C300&amp;ssl=1 200w, https:\/\/i0.wp.com\/www.altimara.eu\/blog\/wp-content\/uploads\/2025\/09\/Capture-decran-2025-09-10-a-11.39.20.jpg?resize=768%2C1152&amp;ssl=1 768w, https:\/\/i0.wp.com\/www.altimara.eu\/blog\/wp-content\/uploads\/2025\/09\/Capture-decran-2025-09-10-a-11.39.20.jpg?w=854&amp;ssl=1 854w\" sizes=\"auto, (max-width: 627px) 100vw, 627px\" \/><\/figure>\n<\/div>\n\n<div class=\"wp-block-image\">\n<figure class=\"aligncenter size-large\"><img data-recalc-dims=\"1\" loading=\"lazy\" decoding=\"async\" width=\"627\" height=\"820\" data-attachment-id=\"4642\" data-permalink=\"https:\/\/www.altimara.eu\/blog\/2025\/09\/10\/cambous\/screenshot-4\/\" data-orig-file=\"https:\/\/i0.wp.com\/www.altimara.eu\/blog\/wp-content\/uploads\/2025\/09\/Capture-decran-2025-09-10-a-11.40.46.jpg?fit=974%2C1273&amp;ssl=1\" data-orig-size=\"974,1273\" data-comments-opened=\"1\" data-image-meta=\"{&quot;aperture&quot;:&quot;0&quot;,&quot;credit&quot;:&quot;&quot;,&quot;camera&quot;:&quot;&quot;,&quot;caption&quot;:&quot;Screenshot&quot;,&quot;created_timestamp&quot;:&quot;0&quot;,&quot;copyright&quot;:&quot;&quot;,&quot;focal_length&quot;:&quot;0&quot;,&quot;iso&quot;:&quot;0&quot;,&quot;shutter_speed&quot;:&quot;0&quot;,&quot;title&quot;:&quot;Screenshot&quot;,&quot;orientation&quot;:&quot;1&quot;}\" data-image-title=\"Screenshot\" data-image-description=\"\" data-image-caption=\"&lt;p&gt;Screenshot&lt;\/p&gt;\n\" data-large-file=\"https:\/\/i0.wp.com\/www.altimara.eu\/blog\/wp-content\/uploads\/2025\/09\/Capture-decran-2025-09-10-a-11.40.46.jpg?fit=627%2C820&amp;ssl=1\" src=\"https:\/\/i0.wp.com\/www.altimara.eu\/blog\/wp-content\/uploads\/2025\/09\/Capture-decran-2025-09-10-a-11.40.46.jpg?resize=627%2C820&#038;ssl=1\" alt=\"\" class=\"wp-image-4642\" srcset=\"https:\/\/i0.wp.com\/www.altimara.eu\/blog\/wp-content\/uploads\/2025\/09\/Capture-decran-2025-09-10-a-11.40.46.jpg?resize=783%2C1024&amp;ssl=1 783w, https:\/\/i0.wp.com\/www.altimara.eu\/blog\/wp-content\/uploads\/2025\/09\/Capture-decran-2025-09-10-a-11.40.46.jpg?resize=230%2C300&amp;ssl=1 230w, https:\/\/i0.wp.com\/www.altimara.eu\/blog\/wp-content\/uploads\/2025\/09\/Capture-decran-2025-09-10-a-11.40.46.jpg?resize=768%2C1004&amp;ssl=1 768w, https:\/\/i0.wp.com\/www.altimara.eu\/blog\/wp-content\/uploads\/2025\/09\/Capture-decran-2025-09-10-a-11.40.46.jpg?w=974&amp;ssl=1 974w\" sizes=\"auto, (max-width: 627px) 100vw, 627px\" \/><\/figure>\n<\/div>\n\n<div class=\"wp-block-image\">\n<figure class=\"aligncenter size-large\"><img data-recalc-dims=\"1\" loading=\"lazy\" decoding=\"async\" width=\"627\" height=\"470\" data-attachment-id=\"4643\" data-permalink=\"https:\/\/www.altimara.eu\/blog\/2025\/09\/10\/cambous\/screenshot-5\/\" data-orig-file=\"https:\/\/i0.wp.com\/www.altimara.eu\/blog\/wp-content\/uploads\/2025\/09\/Capture-decran-2025-09-10-a-11.01.18.jpg?fit=1594%2C1195&amp;ssl=1\" data-orig-size=\"1594,1195\" data-comments-opened=\"1\" data-image-meta=\"{&quot;aperture&quot;:&quot;0&quot;,&quot;credit&quot;:&quot;&quot;,&quot;camera&quot;:&quot;&quot;,&quot;caption&quot;:&quot;Screenshot&quot;,&quot;created_timestamp&quot;:&quot;0&quot;,&quot;copyright&quot;:&quot;&quot;,&quot;focal_length&quot;:&quot;0&quot;,&quot;iso&quot;:&quot;0&quot;,&quot;shutter_speed&quot;:&quot;0&quot;,&quot;title&quot;:&quot;Screenshot&quot;,&quot;orientation&quot;:&quot;1&quot;}\" data-image-title=\"Screenshot\" data-image-description=\"\" data-image-caption=\"&lt;p&gt;Screenshot&lt;\/p&gt;\n\" data-large-file=\"https:\/\/i0.wp.com\/www.altimara.eu\/blog\/wp-content\/uploads\/2025\/09\/Capture-decran-2025-09-10-a-11.01.18.jpg?fit=627%2C470&amp;ssl=1\" src=\"https:\/\/i0.wp.com\/www.altimara.eu\/blog\/wp-content\/uploads\/2025\/09\/Capture-decran-2025-09-10-a-11.01.18.jpg?resize=627%2C470&#038;ssl=1\" alt=\"\" class=\"wp-image-4643\" srcset=\"https:\/\/i0.wp.com\/www.altimara.eu\/blog\/wp-content\/uploads\/2025\/09\/Capture-decran-2025-09-10-a-11.01.18.jpg?resize=1024%2C768&amp;ssl=1 1024w, https:\/\/i0.wp.com\/www.altimara.eu\/blog\/wp-content\/uploads\/2025\/09\/Capture-decran-2025-09-10-a-11.01.18.jpg?resize=300%2C225&amp;ssl=1 300w, https:\/\/i0.wp.com\/www.altimara.eu\/blog\/wp-content\/uploads\/2025\/09\/Capture-decran-2025-09-10-a-11.01.18.jpg?resize=768%2C576&amp;ssl=1 768w, https:\/\/i0.wp.com\/www.altimara.eu\/blog\/wp-content\/uploads\/2025\/09\/Capture-decran-2025-09-10-a-11.01.18.jpg?resize=1536%2C1152&amp;ssl=1 1536w, https:\/\/i0.wp.com\/www.altimara.eu\/blog\/wp-content\/uploads\/2025\/09\/Capture-decran-2025-09-10-a-11.01.18.jpg?w=1594&amp;ssl=1 1594w, https:\/\/i0.wp.com\/www.altimara.eu\/blog\/wp-content\/uploads\/2025\/09\/Capture-decran-2025-09-10-a-11.01.18.jpg?w=1254&amp;ssl=1 1254w\" sizes=\"auto, (max-width: 627px) 100vw, 627px\" \/><\/figure>\n<\/div>","protected":false},"excerpt":{"rendered":"<p>Nouvelle charbonni\u00e8re au site de Cambous tr\u00e8s bient\u00f4t. Pour la troisi\u00e8me fois je vais r\u00e9aliser une cuisson en d\u00e9monstration pendant la Quinzaine de l&rsquo;Arch\u00e9ologie. Montage de la meule le samedi 27, allumage le dimanche qui suit et cuisson toute la semaine jusqu&rsquo;au 4 octobre. Ce samedi 4 octobre, il y aura un forum dans le [&hellip;]<\/p>\n","protected":false},"author":3,"featured_media":0,"comment_status":"open","ping_status":"open","sticky":false,"template":"","format":"standard","meta":{"ngg_post_thumbnail":0,"jetpack_post_was_ever_published":false,"_jetpack_newsletter_access":"","_jetpack_dont_email_post_to_subs":false,"_jetpack_newsletter_tier_id":0,"_jetpack_memberships_contains_paywalled_content":false,"_jetpack_memberships_contains_paid_content":false,"footnotes":"","jetpack_publicize_message":"","jetpack_publicize_feature_enabled":true,"jetpack_social_post_already_shared":true,"jetpack_social_options":{"image_generator_settings":{"template":"highway","default_image_id":0,"font":"","enabled":false},"version":2}},"categories":[65,6,37],"tags":[34,12,18],"class_list":["post-4640","post","type-post","status-publish","format-standard","hentry","category-mes-charbonnieres","category-charbon-de-bois-carbon-art","category-evenementiel","tag-charbon-de-bois-carbon-art","tag-charbonniere","tag-garrigue"],"jetpack_publicize_connections":[],"jetpack_featured_media_url":"","jetpack_shortlink":"https:\/\/wp.me\/s4r91c-cambous","jetpack_sharing_enabled":true,"jetpack-related-posts":[{"id":4525,"url":"https:\/\/www.altimara.eu\/blog\/2024\/09\/25\/charbonniere-a-cambous-2-2\/","url_meta":{"origin":4640,"position":0},"title":"Charbonni\u00e8re \u00e0 Cambous.2","author":"Martiou","date":"25 septembre 2024","format":false,"excerpt":"A la demande de la Soci\u00e9t\u00e9 Languedocienne de Pr\u00e9histoire, SLP, je vais r\u00e9aliser une charbonni\u00e8re \u00e0 l'entr\u00e9e du village n\u00e9olithique de Cambous. Les arch\u00e9ologues vont \u00e9tudier le d\u00e9roulement du processus de carbonisation et de l'\u00e9tude des charbons produits. Nous avions d\u00e9j\u00e0 collabor\u00e9 au m\u00eame endroit en mai avec un petit\u2026","rel":"","context":"Dans &quot;0- MES CHARBONNI\u00c8RES&quot;","block_context":{"text":"0- MES CHARBONNI\u00c8RES","link":"https:\/\/www.altimara.eu\/blog\/category\/mes-charbonnieres\/"},"img":{"alt_text":"","src":"https:\/\/i0.wp.com\/www.altimara.eu\/blog\/wp-content\/uploads\/2024\/09\/Verso.png?resize=350%2C200&ssl=1","width":350,"height":200,"srcset":"https:\/\/i0.wp.com\/www.altimara.eu\/blog\/wp-content\/uploads\/2024\/09\/Verso.png?resize=350%2C200&ssl=1 1x, https:\/\/i0.wp.com\/www.altimara.eu\/blog\/wp-content\/uploads\/2024\/09\/Verso.png?resize=525%2C300&ssl=1 1.5x"},"classes":[]},{"id":4140,"url":"https:\/\/www.altimara.eu\/blog\/2023\/09\/25\/charbonniere-a-cambous-2\/","url_meta":{"origin":4640,"position":1},"title":"Charbonni\u00e8re \u00e0 Cambous","author":"Martiou","date":"25 septembre 2023","format":false,"excerpt":"Si le ciel nous tombe pas sur la t\u00eate (citation historique !!), j'aurai l'occasion de r\u00e9aliser une charbonni\u00e8re sur le site du village pr\u00e9historique de Cambous du 6 au 15 octobre. Cette cuisson s'inscrit dans le cadre des journ\u00e9es \"Arch\u00e9ologie et Patrimoine\" qui auront lieu les 13, 14 et 15\u2026","rel":"","context":"Dans &quot;0- MES CHARBONNI\u00c8RES&quot;","block_context":{"text":"0- MES CHARBONNI\u00c8RES","link":"https:\/\/www.altimara.eu\/blog\/category\/mes-charbonnieres\/"},"img":{"alt_text":"","src":"https:\/\/i0.wp.com\/www.altimara.eu\/blog\/wp-content\/uploads\/2023\/09\/IMG_20230430_163206-copie.jpg?resize=350%2C200&ssl=1","width":350,"height":200,"srcset":"https:\/\/i0.wp.com\/www.altimara.eu\/blog\/wp-content\/uploads\/2023\/09\/IMG_20230430_163206-copie.jpg?resize=350%2C200&ssl=1 1x, https:\/\/i0.wp.com\/www.altimara.eu\/blog\/wp-content\/uploads\/2023\/09\/IMG_20230430_163206-copie.jpg?resize=525%2C300&ssl=1 1.5x, https:\/\/i0.wp.com\/www.altimara.eu\/blog\/wp-content\/uploads\/2023\/09\/IMG_20230430_163206-copie.jpg?resize=700%2C400&ssl=1 2x"},"classes":[]},{"id":4669,"url":"https:\/\/www.altimara.eu\/blog\/2025\/10\/07\/cambous-noir-charbon\/","url_meta":{"origin":4640,"position":2},"title":"Cambous noir charbon","author":"Martiou","date":"7 octobre 2025","format":false,"excerpt":"J'ai allum\u00e9 la meule le lundi matin pour une extinction le vendredi midi soit 5 jours de cuisson et donc 4 nuits. La conduite du feu s'est parfaitement r\u00e9alis\u00e9e avec cette fois ci une terre moins capricieuse. Maya, Luc et Simon ont veill\u00e9 avec attention pendant les nuits. Ils ont\u2026","rel":"","context":"Dans &quot;0- MES CHARBONNI\u00c8RES&quot;","block_context":{"text":"0- MES CHARBONNI\u00c8RES","link":"https:\/\/www.altimara.eu\/blog\/category\/mes-charbonnieres\/"},"img":{"alt_text":"","src":"https:\/\/i0.wp.com\/www.altimara.eu\/blog\/wp-content\/uploads\/2025\/10\/MA5_7424-1.jpg?resize=350%2C200&ssl=1","width":350,"height":200,"srcset":"https:\/\/i0.wp.com\/www.altimara.eu\/blog\/wp-content\/uploads\/2025\/10\/MA5_7424-1.jpg?resize=350%2C200&ssl=1 1x, https:\/\/i0.wp.com\/www.altimara.eu\/blog\/wp-content\/uploads\/2025\/10\/MA5_7424-1.jpg?resize=525%2C300&ssl=1 1.5x, https:\/\/i0.wp.com\/www.altimara.eu\/blog\/wp-content\/uploads\/2025\/10\/MA5_7424-1.jpg?resize=700%2C400&ssl=1 2x, https:\/\/i0.wp.com\/www.altimara.eu\/blog\/wp-content\/uploads\/2025\/10\/MA5_7424-1.jpg?resize=1050%2C600&ssl=1 3x"},"classes":[]},{"id":4002,"url":"https:\/\/www.altimara.eu\/blog\/2023\/04\/11\/charbonniere-a-cambous\/","url_meta":{"origin":4640,"position":3},"title":"Charbonni\u00e8re \u00e0 Cambous","author":"Martiou","date":"11 avril 2023","format":false,"excerpt":"Cambous est un un site arch\u00e9ologique, proche du village de Viols-En-Laval dans l'H\u00e9raut. Ce site est remarquable par son village n\u00e9olithique, avec des fonds de cabanes bien conserv\u00e9es. Une maison de cette \u00e9poque a \u00e9t\u00e9 reconstitu\u00e9, avec un toit en chaume, qui sont des roseaux de sagnes. Le lieux sert\u2026","rel":"","context":"Dans &quot;0- MES CHARBONNI\u00c8RES&quot;","block_context":{"text":"0- MES CHARBONNI\u00c8RES","link":"https:\/\/www.altimara.eu\/blog\/category\/mes-charbonnieres\/"},"img":{"alt_text":"","src":"https:\/\/i0.wp.com\/www.altimara.eu\/blog\/wp-content\/uploads\/2023\/04\/Capture-decran-2023-04-11-a-12.46.37.jpg?resize=350%2C200&ssl=1","width":350,"height":200,"srcset":"https:\/\/i0.wp.com\/www.altimara.eu\/blog\/wp-content\/uploads\/2023\/04\/Capture-decran-2023-04-11-a-12.46.37.jpg?resize=350%2C200&ssl=1 1x, https:\/\/i0.wp.com\/www.altimara.eu\/blog\/wp-content\/uploads\/2023\/04\/Capture-decran-2023-04-11-a-12.46.37.jpg?resize=525%2C300&ssl=1 1.5x, https:\/\/i0.wp.com\/www.altimara.eu\/blog\/wp-content\/uploads\/2023\/04\/Capture-decran-2023-04-11-a-12.46.37.jpg?resize=700%2C400&ssl=1 2x, https:\/\/i0.wp.com\/www.altimara.eu\/blog\/wp-content\/uploads\/2023\/04\/Capture-decran-2023-04-11-a-12.46.37.jpg?resize=1050%2C600&ssl=1 3x, https:\/\/i0.wp.com\/www.altimara.eu\/blog\/wp-content\/uploads\/2023\/04\/Capture-decran-2023-04-11-a-12.46.37.jpg?resize=1400%2C800&ssl=1 4x"},"classes":[]},{"id":4532,"url":"https:\/\/www.altimara.eu\/blog\/2024\/10\/10\/charbonniere-archeologique\/","url_meta":{"origin":4640,"position":4},"title":"Charbonni\u00e8re arch\u00e9ologique","author":"Martiou","date":"10 octobre 2024","format":false,"excerpt":"10 jours au site du village n\u00e9olithique de Cambous \u00e0 Viols-En-Laval. Tout a commenc\u00e9 avec la remise en \u00e9tat de l'aire de charbonnage et Fr\u00e9d\u00e9ric l'employ\u00e9 communal du village, qu'il soit remerci\u00e9 mille fois, est all\u00e9 chercher de la terre. Merci aussi \u00e0 Laurent Salvi, neveu de mon maitre charbonnier\u2026","rel":"","context":"Dans &quot;0- MES CHARBONNI\u00c8RES&quot;","block_context":{"text":"0- MES CHARBONNI\u00c8RES","link":"https:\/\/www.altimara.eu\/blog\/category\/mes-charbonnieres\/"},"img":{"alt_text":"","src":"https:\/\/i0.wp.com\/www.altimara.eu\/blog\/wp-content\/uploads\/2024\/10\/MA5_5296.jpg?resize=350%2C200&ssl=1","width":350,"height":200,"srcset":"https:\/\/i0.wp.com\/www.altimara.eu\/blog\/wp-content\/uploads\/2024\/10\/MA5_5296.jpg?resize=350%2C200&ssl=1 1x, https:\/\/i0.wp.com\/www.altimara.eu\/blog\/wp-content\/uploads\/2024\/10\/MA5_5296.jpg?resize=525%2C300&ssl=1 1.5x, https:\/\/i0.wp.com\/www.altimara.eu\/blog\/wp-content\/uploads\/2024\/10\/MA5_5296.jpg?resize=700%2C400&ssl=1 2x, https:\/\/i0.wp.com\/www.altimara.eu\/blog\/wp-content\/uploads\/2024\/10\/MA5_5296.jpg?resize=1050%2C600&ssl=1 3x, https:\/\/i0.wp.com\/www.altimara.eu\/blog\/wp-content\/uploads\/2024\/10\/MA5_5296.jpg?resize=1400%2C800&ssl=1 4x"},"classes":[]},{"id":4159,"url":"https:\/\/www.altimara.eu\/blog\/2023\/10\/05\/charbonniere-de-lou-cambous\/","url_meta":{"origin":4640,"position":5},"title":"Charbonni\u00e8re de lou Cambous","author":"Martiou","date":"5 octobre 2023","format":false,"excerpt":"Aujourd'hui a \u00e9tait le jour des travaux les plus \u00e9reintants. Agrandissement de la faulde. Avec un niveau et un bastain comme pour du b\u00e9ton. Av\u00e9 le caritou...trois pierres au centre, tradition. Livraison de 6 st\u00e8res de ch\u00eanes verts, environ 4 T, voire un peu plus. C'est C\u00e9dric Lavabre de Sainte-Croix-De-Quintillargues\u2026","rel":"","context":"Dans &quot;0- MES CHARBONNI\u00c8RES&quot;","block_context":{"text":"0- MES CHARBONNI\u00c8RES","link":"https:\/\/www.altimara.eu\/blog\/category\/mes-charbonnieres\/"},"img":{"alt_text":"","src":"https:\/\/i0.wp.com\/www.altimara.eu\/blog\/wp-content\/uploads\/2023\/10\/MA5_2807.jpg?resize=350%2C200&ssl=1","width":350,"height":200,"srcset":"https:\/\/i0.wp.com\/www.altimara.eu\/blog\/wp-content\/uploads\/2023\/10\/MA5_2807.jpg?resize=350%2C200&ssl=1 1x, https:\/\/i0.wp.com\/www.altimara.eu\/blog\/wp-content\/uploads\/2023\/10\/MA5_2807.jpg?resize=525%2C300&ssl=1 1.5x, https:\/\/i0.wp.com\/www.altimara.eu\/blog\/wp-content\/uploads\/2023\/10\/MA5_2807.jpg?resize=700%2C400&ssl=1 2x, https:\/\/i0.wp.com\/www.altimara.eu\/blog\/wp-content\/uploads\/2023\/10\/MA5_2807.jpg?resize=1050%2C600&ssl=1 3x, https:\/\/i0.wp.com\/www.altimara.eu\/blog\/wp-content\/uploads\/2023\/10\/MA5_2807.jpg?resize=1400%2C800&ssl=1 4x"},"classes":[]}],"_links":{"self":[{"href":"https:\/\/www.altimara.eu\/blog\/wp-json\/wp\/v2\/posts\/4640","targetHints":{"allow":["GET"]}}],"collection":[{"href":"https:\/\/www.altimara.eu\/blog\/wp-json\/wp\/v2\/posts"}],"about":[{"href":"https:\/\/www.altimara.eu\/blog\/wp-json\/wp\/v2\/types\/post"}],"author":[{"embeddable":true,"href":"https:\/\/www.altimara.eu\/blog\/wp-json\/wp\/v2\/users\/3"}],"replies":[{"embeddable":true,"href":"https:\/\/www.altimara.eu\/blog\/wp-json\/wp\/v2\/comments?post=4640"}],"version-history":[{"count":0,"href":"https:\/\/www.altimara.eu\/blog\/wp-json\/wp\/v2\/posts\/4640\/revisions"}],"wp:attachment":[{"href":"https:\/\/www.altimara.eu\/blog\/wp-json\/wp\/v2\/media?parent=4640"}],"wp:term":[{"taxonomy":"category","embeddable":true,"href":"https:\/\/www.altimara.eu\/blog\/wp-json\/wp\/v2\/categories?post=4640"},{"taxonomy":"post_tag","embeddable":true,"href":"https:\/\/www.altimara.eu\/blog\/wp-json\/wp\/v2\/tags?post=4640"}],"curies":[{"name":"wp","href":"https:\/\/api.w.org\/{rel}","templated":true}]}}