{"id":4629,"date":"2025-09-01T17:53:12","date_gmt":"2025-09-01T16:53:12","guid":{"rendered":"https:\/\/www.altimara.eu\/blog\/?p=4629"},"modified":"2025-09-01T17:53:12","modified_gmt":"2025-09-01T16:53:12","slug":"charbon-du-moyen-age","status":"publish","type":"post","link":"https:\/\/www.altimara.eu\/blog\/2025\/09\/01\/charbon-du-moyen-age\/","title":{"rendered":"Charbon du Moyen \u00c2ge"},"content":{"rendered":"\n<p>L&rsquo;Islande moyen\u00e2geuse \u00e9voque les Vikings et leurs fiers bateaux \u00e0 la proue orn\u00e9e d&rsquo;un terrible dragon. La colonisation de l&rsquo;\u00eele commence officiellement en 874. Une \u00eele immense sans personnes qui va accueillir une quarantaine de mille de personnes qui vont s&rsquo;installer tout autour sur les c\u00f4tes principalement. Pendant 60 ans ces \u00e9quipages de fermiers-navigateurs et toutes leurs maisonn\u00e9es, esclaves compris, prennent possession des terres vertes dans les fjords et quelques uns dans la c\u00f4te sud moins facile d&rsquo;acc\u00e8s. Mais comment cela faisait il que tout d&rsquo;un coup autant de personnes arrivent dans ces terres bor\u00e9ales ? Si les mouvements des exp\u00e9ditions guerri\u00e8res des Vikings et des populations nordiques dans toute l&rsquo;Europe sont bien renseign\u00e9es aujourd&rsquo;hui, la date des primo arrivants en Islande \u00e9volue suite \u00e0 des d\u00e9couvertes. <\/p>\n\n\n<div class=\"wp-block-image\">\n<figure class=\"aligncenter size-full\"><img data-recalc-dims=\"1\" loading=\"lazy\" decoding=\"async\" width=\"627\" height=\"418\" data-attachment-id=\"4630\" data-permalink=\"https:\/\/www.altimara.eu\/blog\/2025\/09\/01\/charbon-du-moyen-age\/ma5_7136\/\" data-orig-file=\"https:\/\/i0.wp.com\/www.altimara.eu\/blog\/wp-content\/uploads\/2025\/09\/MA5_7136.jpg?fit=709%2C473&amp;ssl=1\" data-orig-size=\"709,473\" data-comments-opened=\"1\" data-image-meta=\"{&quot;aperture&quot;:&quot;9&quot;,&quot;credit&quot;:&quot;Martial Acquarone&quot;,&quot;camera&quot;:&quot;NIKON D850&quot;,&quot;caption&quot;:&quot;&quot;,&quot;created_timestamp&quot;:&quot;1620876989&quot;,&quot;copyright&quot;:&quot;CC BY-SA 4.0&quot;,&quot;focal_length&quot;:&quot;24&quot;,&quot;iso&quot;:&quot;1000&quot;,&quot;shutter_speed&quot;:&quot;0.0008&quot;,&quot;title&quot;:&quot;&quot;,&quot;orientation&quot;:&quot;0&quot;}\" data-image-title=\"MA5_7136\" data-image-description=\"\" data-image-caption=\"\" data-large-file=\"https:\/\/i0.wp.com\/www.altimara.eu\/blog\/wp-content\/uploads\/2025\/09\/MA5_7136.jpg?fit=627%2C418&amp;ssl=1\" src=\"https:\/\/i0.wp.com\/www.altimara.eu\/blog\/wp-content\/uploads\/2025\/09\/MA5_7136.jpg?resize=627%2C418&#038;ssl=1\" alt=\"\" class=\"wp-image-4630\" srcset=\"https:\/\/i0.wp.com\/www.altimara.eu\/blog\/wp-content\/uploads\/2025\/09\/MA5_7136.jpg?w=709&amp;ssl=1 709w, https:\/\/i0.wp.com\/www.altimara.eu\/blog\/wp-content\/uploads\/2025\/09\/MA5_7136.jpg?resize=300%2C200&amp;ssl=1 300w\" sizes=\"auto, (max-width: 627px) 100vw, 627px\" \/><figcaption class=\"wp-element-caption\">Vivre nulle part !!<\/figcaption><\/figure>\n<\/div>\n\n\n<p>Nous avons eu la chance de rencontrer un arch\u00e9ologues de renom avec toute son \u00e9quipe de fouille. Ils fouillent en bordure de l&rsquo;oc\u00e9an l&#8217;emplacement d&rsquo;une ancienne ferme abandonn\u00e9e aux environ du XV\u00e8me si\u00e8cle. Bjarni Einarsson, l&rsquo;arch\u00e9ologue en chef, a d\u00e9j\u00e0 fouill\u00e9 plusieurs fermes et surtout une dans le fjord de St\u00f6\u00f0varfj\u00f6r\u00f0ur qui a donn\u00e9 bien des renseignements. En effet ses recherches prouvent la pr\u00e9sence d&rsquo;habitats depuis le d\u00e9but du 9\u00e8me si\u00e8cle soit 70 ans avant la colonisation. Des habitants temporaires, plut\u00f4t estival et l&rsquo;hiver tout le monde rentraient en Norv\u00e8ge ou autres lieux du continent.<\/p>\n\n\n<div class=\"wp-block-image\">\n<figure class=\"aligncenter size-full\"><img data-recalc-dims=\"1\" loading=\"lazy\" decoding=\"async\" width=\"627\" height=\"432\" data-attachment-id=\"4631\" data-permalink=\"https:\/\/www.altimara.eu\/blog\/2025\/09\/01\/charbon-du-moyen-age\/img_20250728_152204\/\" data-orig-file=\"https:\/\/i0.wp.com\/www.altimara.eu\/blog\/wp-content\/uploads\/2025\/09\/IMG_20250728_152204.jpg?fit=709%2C488&amp;ssl=1\" data-orig-size=\"709,488\" data-comments-opened=\"1\" data-image-meta=\"{&quot;aperture&quot;:&quot;1.8&quot;,&quot;credit&quot;:&quot;Martial Acquarone&quot;,&quot;camera&quot;:&quot;M2003J15SC&quot;,&quot;caption&quot;:&quot;&quot;,&quot;created_timestamp&quot;:&quot;1620876989&quot;,&quot;copyright&quot;:&quot;CC BY-SA 4.0&quot;,&quot;focal_length&quot;:&quot;4.74&quot;,&quot;iso&quot;:&quot;103&quot;,&quot;shutter_speed&quot;:&quot;0.00125&quot;,&quot;title&quot;:&quot;&quot;,&quot;orientation&quot;:&quot;0&quot;}\" data-image-title=\"IMG_20250728_152204\" data-image-description=\"\" data-image-caption=\"\" data-large-file=\"https:\/\/i0.wp.com\/www.altimara.eu\/blog\/wp-content\/uploads\/2025\/09\/IMG_20250728_152204.jpg?fit=627%2C432&amp;ssl=1\" src=\"https:\/\/i0.wp.com\/www.altimara.eu\/blog\/wp-content\/uploads\/2025\/09\/IMG_20250728_152204.jpg?resize=627%2C432&#038;ssl=1\" alt=\"\" class=\"wp-image-4631\" srcset=\"https:\/\/i0.wp.com\/www.altimara.eu\/blog\/wp-content\/uploads\/2025\/09\/IMG_20250728_152204.jpg?w=709&amp;ssl=1 709w, https:\/\/i0.wp.com\/www.altimara.eu\/blog\/wp-content\/uploads\/2025\/09\/IMG_20250728_152204.jpg?resize=300%2C206&amp;ssl=1 300w\" sizes=\"auto, (max-width: 627px) 100vw, 627px\" \/><figcaption class=\"wp-element-caption\">La ferme de Arfab\u00f3t. Le lien en 3D : <a href=\"https:\/\/sketchfab.com\/3d-models\/arfabot-i-alftaveri-78cb0b50947e488690047412bb62426b\" target=\"_blank\" rel=\"noreferrer noopener\">fouille en 3D<\/a><\/figcaption><\/figure>\n<\/div>\n\n<div class=\"wp-block-image\">\n<figure class=\"aligncenter size-full\"><img data-recalc-dims=\"1\" loading=\"lazy\" decoding=\"async\" width=\"627\" height=\"418\" data-attachment-id=\"4637\" data-permalink=\"https:\/\/www.altimara.eu\/blog\/2025\/09\/01\/charbon-du-moyen-age\/ma5_7129\/\" data-orig-file=\"https:\/\/i0.wp.com\/www.altimara.eu\/blog\/wp-content\/uploads\/2025\/09\/MA5_7129.jpg?fit=709%2C473&amp;ssl=1\" data-orig-size=\"709,473\" data-comments-opened=\"1\" data-image-meta=\"{&quot;aperture&quot;:&quot;20&quot;,&quot;credit&quot;:&quot;Martial Acquarone&quot;,&quot;camera&quot;:&quot;NIKON D850&quot;,&quot;caption&quot;:&quot;&quot;,&quot;created_timestamp&quot;:&quot;1620876989&quot;,&quot;copyright&quot;:&quot;CC BY-SA 4.0&quot;,&quot;focal_length&quot;:&quot;24&quot;,&quot;iso&quot;:&quot;1000&quot;,&quot;shutter_speed&quot;:&quot;0.0125&quot;,&quot;title&quot;:&quot;&quot;,&quot;orientation&quot;:&quot;0&quot;}\" data-image-title=\"MA5_7129\" data-image-description=\"\" data-image-caption=\"\" data-large-file=\"https:\/\/i0.wp.com\/www.altimara.eu\/blog\/wp-content\/uploads\/2025\/09\/MA5_7129.jpg?fit=627%2C418&amp;ssl=1\" src=\"https:\/\/i0.wp.com\/www.altimara.eu\/blog\/wp-content\/uploads\/2025\/09\/MA5_7129.jpg?resize=627%2C418&#038;ssl=1\" alt=\"\" class=\"wp-image-4637\" srcset=\"https:\/\/i0.wp.com\/www.altimara.eu\/blog\/wp-content\/uploads\/2025\/09\/MA5_7129.jpg?w=709&amp;ssl=1 709w, https:\/\/i0.wp.com\/www.altimara.eu\/blog\/wp-content\/uploads\/2025\/09\/MA5_7129.jpg?resize=300%2C200&amp;ssl=1 300w\" sizes=\"auto, (max-width: 627px) 100vw, 627px\" \/><\/figure>\n<\/div>\n\n\n<p>Bien sur nous avons parl\u00e9 charbon, car c&rsquo;est un excellent art\u00e9fact qui permet de dater et d&rsquo;avoir une id\u00e9e du climat en ces temps l\u00e0. Au pied d&rsquo;un mur dans la ferme il y a des restes de charbon de bois. Bjarni m&rsquo;en a offert quelques bouts pour ma plus grande joie. Les morceaux sont issus de branchettes, certainement du bouleau. La carbonisation a peut \u00eatre \u00e9t\u00e9 r\u00e9alis\u00e9 en fosse concave ou bien en tas pos\u00e9 au sol.<\/p>\n\n\n<div class=\"wp-block-image\">\n<figure class=\"aligncenter size-full\"><img data-recalc-dims=\"1\" loading=\"lazy\" decoding=\"async\" width=\"627\" height=\"418\" data-attachment-id=\"4632\" data-permalink=\"https:\/\/www.altimara.eu\/blog\/2025\/09\/01\/charbon-du-moyen-age\/ma5_7132\/\" data-orig-file=\"https:\/\/i0.wp.com\/www.altimara.eu\/blog\/wp-content\/uploads\/2025\/09\/MA5_7132.jpg?fit=709%2C473&amp;ssl=1\" data-orig-size=\"709,473\" data-comments-opened=\"1\" data-image-meta=\"{&quot;aperture&quot;:&quot;9&quot;,&quot;credit&quot;:&quot;Martial Acquarone&quot;,&quot;camera&quot;:&quot;NIKON D850&quot;,&quot;caption&quot;:&quot;&quot;,&quot;created_timestamp&quot;:&quot;1620876989&quot;,&quot;copyright&quot;:&quot;CC BY-SA 4.0&quot;,&quot;focal_length&quot;:&quot;70&quot;,&quot;iso&quot;:&quot;1000&quot;,&quot;shutter_speed&quot;:&quot;0.01&quot;,&quot;title&quot;:&quot;&quot;,&quot;orientation&quot;:&quot;0&quot;}\" data-image-title=\"MA5_7132\" data-image-description=\"\" data-image-caption=\"\" data-large-file=\"https:\/\/i0.wp.com\/www.altimara.eu\/blog\/wp-content\/uploads\/2025\/09\/MA5_7132.jpg?fit=627%2C418&amp;ssl=1\" src=\"https:\/\/i0.wp.com\/www.altimara.eu\/blog\/wp-content\/uploads\/2025\/09\/MA5_7132.jpg?resize=627%2C418&#038;ssl=1\" alt=\"\" class=\"wp-image-4632\" srcset=\"https:\/\/i0.wp.com\/www.altimara.eu\/blog\/wp-content\/uploads\/2025\/09\/MA5_7132.jpg?w=709&amp;ssl=1 709w, https:\/\/i0.wp.com\/www.altimara.eu\/blog\/wp-content\/uploads\/2025\/09\/MA5_7132.jpg?resize=300%2C200&amp;ssl=1 300w\" sizes=\"auto, (max-width: 627px) 100vw, 627px\" \/><\/figure>\n<\/div>\n\n\n<p>Le projet de reconstitution d&rsquo;une fosse \u00e0 charbon du moyen \u00e2ge en Islande serai une belle exp\u00e9rience a r\u00e9aliser. L&rsquo;exp\u00e9rience acquise en Hollande avec les arch\u00e9os peut servir de base \u00e0 ce genre d&rsquo;exp\u00e9rimentation.<\/p>\n\n\n<div class=\"wp-block-image\">\n<figure class=\"aligncenter size-full\"><img data-recalc-dims=\"1\" loading=\"lazy\" decoding=\"async\" width=\"627\" height=\"628\" data-attachment-id=\"4636\" data-permalink=\"https:\/\/www.altimara.eu\/blog\/2025\/09\/01\/charbon-du-moyen-age\/kola-archeo-copie\/\" data-orig-file=\"https:\/\/i0.wp.com\/www.altimara.eu\/blog\/wp-content\/uploads\/2025\/09\/kola-archeo-copie.jpg?fit=945%2C946&amp;ssl=1\" data-orig-size=\"945,946\" data-comments-opened=\"1\" data-image-meta=\"{&quot;aperture&quot;:&quot;0&quot;,&quot;credit&quot;:&quot;&quot;,&quot;camera&quot;:&quot;&quot;,&quot;caption&quot;:&quot;&quot;,&quot;created_timestamp&quot;:&quot;1756747719&quot;,&quot;copyright&quot;:&quot;&quot;,&quot;focal_length&quot;:&quot;0&quot;,&quot;iso&quot;:&quot;0&quot;,&quot;shutter_speed&quot;:&quot;0&quot;,&quot;title&quot;:&quot;&quot;,&quot;orientation&quot;:&quot;1&quot;}\" data-image-title=\"kola arche\u0301o  copie\" data-image-description=\"\" data-image-caption=\"\" data-large-file=\"https:\/\/i0.wp.com\/www.altimara.eu\/blog\/wp-content\/uploads\/2025\/09\/kola-archeo-copie.jpg?fit=627%2C628&amp;ssl=1\" src=\"https:\/\/i0.wp.com\/www.altimara.eu\/blog\/wp-content\/uploads\/2025\/09\/kola-archeo-copie.jpg?resize=627%2C628&#038;ssl=1\" alt=\"\" class=\"wp-image-4636\" srcset=\"https:\/\/i0.wp.com\/www.altimara.eu\/blog\/wp-content\/uploads\/2025\/09\/kola-archeo-copie.jpg?w=945&amp;ssl=1 945w, https:\/\/i0.wp.com\/www.altimara.eu\/blog\/wp-content\/uploads\/2025\/09\/kola-archeo-copie.jpg?resize=300%2C300&amp;ssl=1 300w, https:\/\/i0.wp.com\/www.altimara.eu\/blog\/wp-content\/uploads\/2025\/09\/kola-archeo-copie.jpg?resize=150%2C150&amp;ssl=1 150w, https:\/\/i0.wp.com\/www.altimara.eu\/blog\/wp-content\/uploads\/2025\/09\/kola-archeo-copie.jpg?resize=768%2C769&amp;ssl=1 768w\" sizes=\"auto, (max-width: 627px) 100vw, 627px\" \/><figcaption class=\"wp-element-caption\">Charbon de bois de 600 ans.<\/figcaption><\/figure>\n<\/div>\n\n\n<p>Pour en savoir plus sur les recherches de Bjarni : <a href=\"https:\/\/www.idavoll.fr\/blog\/islande-une-decouverte-archeologique-majeure.html\" target=\"_blank\" rel=\"noreferrer noopener\">https:\/\/www.idavoll.fr\/blog\/islande-une-decouverte-archeologique-majeure.html<\/a><\/p>\n\n\n\n<p>Et un grand merci \u00e0 Bjarni et son \u00e9quipe pour toutes les explications donn\u00e9es sur place.<\/p>\n","protected":false},"excerpt":{"rendered":"<p>L&rsquo;Islande moyen\u00e2geuse \u00e9voque les Vikings et leurs fiers bateaux \u00e0 la proue orn\u00e9e d&rsquo;un terrible dragon. La colonisation de l&rsquo;\u00eele commence officiellement en 874. Une \u00eele immense sans personnes qui va accueillir une quarantaine de mille de personnes qui vont s&rsquo;installer tout autour sur les c\u00f4tes principalement. Pendant 60 ans ces \u00e9quipages de fermiers-navigateurs et [&hellip;]<\/p>\n","protected":false},"author":3,"featured_media":0,"comment_status":"open","ping_status":"open","sticky":false,"template":"","format":"standard","meta":{"ngg_post_thumbnail":0,"jetpack_post_was_ever_published":false,"_jetpack_newsletter_access":"","_jetpack_dont_email_post_to_subs":false,"_jetpack_newsletter_tier_id":0,"_jetpack_memberships_contains_paywalled_content":false,"_jetpack_memberships_contains_paid_content":false,"footnotes":"","jetpack_publicize_message":"","jetpack_publicize_feature_enabled":true,"jetpack_social_post_already_shared":true,"jetpack_social_options":{"image_generator_settings":{"template":"highway","default_image_id":0,"font":"","enabled":false},"version":2}},"categories":[6,72],"tags":[204,34],"class_list":["post-4629","post","type-post","status-publish","format-standard","hentry","category-charbon-de-bois-carbon-art","category-charbonnier-du-monde","tag-arfabot","tag-charbon-de-bois-carbon-art"],"jetpack_publicize_connections":[],"jetpack_featured_media_url":"","jetpack_shortlink":"https:\/\/wp.me\/p4r91c-1cF","jetpack_sharing_enabled":true,"jetpack-related-posts":[{"id":4686,"url":"https:\/\/www.altimara.eu\/blog\/2025\/11\/17\/bois-flotte-arctique\/","url_meta":{"origin":4629,"position":0},"title":"Bois flott\u00e9 arctique","author":"Martiou","date":"17 novembre 2025","format":false,"excerpt":"Une \u00e9tude r\u00e9cente des bois flott\u00e9s dans le nord de l\u2019oc\u00e9an Atlantique m\u2019a interpell\u00e9 pour diff\u00e9rentes raisons. Depuis deux d\u00e9cennies je photographie les bois flott\u00e9s en Islande. Et dans les derni\u00e8res ann\u00e9es comme cet \u00e9t\u00e9 2025 j\u2019ai pu carboniser de ce bois sur la c\u00f4te sud. Les bois flott\u00e9s s\u2019\u00e9chouent\u2026","rel":"","context":"Dans &quot;Bois d'Islande, bois flott\u00e9, bois plant\u00e9&quot;","block_context":{"text":"Bois d'Islande, bois flott\u00e9, bois plant\u00e9","link":"https:\/\/www.altimara.eu\/blog\/category\/charbon-de-bois-islande\/bois-dislande-bois-flotte-bois-plante\/"},"img":{"alt_text":"","src":"https:\/\/i0.wp.com\/www.altimara.eu\/blog\/wp-content\/uploads\/2025\/11\/Capture-decran-2025-11-17-a-17.32.24.png?resize=350%2C200&ssl=1","width":350,"height":200,"srcset":"https:\/\/i0.wp.com\/www.altimara.eu\/blog\/wp-content\/uploads\/2025\/11\/Capture-decran-2025-11-17-a-17.32.24.png?resize=350%2C200&ssl=1 1x, https:\/\/i0.wp.com\/www.altimara.eu\/blog\/wp-content\/uploads\/2025\/11\/Capture-decran-2025-11-17-a-17.32.24.png?resize=525%2C300&ssl=1 1.5x"},"classes":[]},{"id":4614,"url":"https:\/\/www.altimara.eu\/blog\/2025\/07\/26\/kolakaka-episode-2\/","url_meta":{"origin":4629,"position":1},"title":"Kolakaka \u00e9pisode 2","author":"Martiou","date":"26 juillet 2025","format":false,"excerpt":"Nous voil\u00e0 de retour dans la ferme de Kidda et Siggi, au sud de l'Islande. L'endroit est isol\u00e9, non loin de l'oc\u00e9an et sous le regard du M\u00fdrdalsj\u00f6kull, formidable calotte glaciaire qui chapeaute le terrible volcan Katla. La ferme \u00deikkvab\u00e6jarklaustur. Premier temps, d\u00e9guster des c\u00f4telettes d'agneaux de la ferme cuites\u2026","rel":"","context":"Dans &quot;0- MES CHARBONNI\u00c8RES&quot;","block_context":{"text":"0- MES CHARBONNI\u00c8RES","link":"https:\/\/www.altimara.eu\/blog\/category\/mes-charbonnieres\/"},"img":{"alt_text":"","src":"https:\/\/i0.wp.com\/www.altimara.eu\/blog\/wp-content\/uploads\/2025\/07\/MA5_6966.jpg?resize=350%2C200&ssl=1","width":350,"height":200,"srcset":"https:\/\/i0.wp.com\/www.altimara.eu\/blog\/wp-content\/uploads\/2025\/07\/MA5_6966.jpg?resize=350%2C200&ssl=1 1x, https:\/\/i0.wp.com\/www.altimara.eu\/blog\/wp-content\/uploads\/2025\/07\/MA5_6966.jpg?resize=525%2C300&ssl=1 1.5x, https:\/\/i0.wp.com\/www.altimara.eu\/blog\/wp-content\/uploads\/2025\/07\/MA5_6966.jpg?resize=700%2C400&ssl=1 2x"},"classes":[]},{"id":999,"url":"https:\/\/www.altimara.eu\/blog\/2014\/08\/20\/bois-dislande-8\/","url_meta":{"origin":4629,"position":2},"title":"Bois d&rsquo;Islande","author":"Martiou","date":"20 ao\u00fbt 2014","format":false,"excerpt":"Bien des objets en bois sont arriv\u00e9s en Islande par la mer. Dans les plus c\u00e9l\u00e8bres, l'Histoire cite les bois du si\u00e8ge du premier homme d'importance a \u00eatre venu s'installer dans ce nouveau pays. En 874, Ing\u00f3lfur Arnarson, vient s'installer d\u00e9finitivement sur cette \u00eele. Il laisse le destin guider le\u2026","rel":"","context":"Dans &quot;Bois d'Islande, bois flott\u00e9, bois plant\u00e9&quot;","block_context":{"text":"Bois d'Islande, bois flott\u00e9, bois plant\u00e9","link":"https:\/\/www.altimara.eu\/blog\/category\/charbon-de-bois-islande\/bois-dislande-bois-flotte-bois-plante\/"},"img":{"alt_text":"IMG_20140819_142753 (2)","src":"https:\/\/i0.wp.com\/www.altimara.eu\/blog\/wp-content\/uploads\/2014\/08\/IMG_20140819_142753-2-1024x845.jpg?resize=350%2C200","width":350,"height":200,"srcset":"https:\/\/i0.wp.com\/www.altimara.eu\/blog\/wp-content\/uploads\/2014\/08\/IMG_20140819_142753-2-1024x845.jpg?resize=350%2C200 1x, https:\/\/i0.wp.com\/www.altimara.eu\/blog\/wp-content\/uploads\/2014\/08\/IMG_20140819_142753-2-1024x845.jpg?resize=525%2C300 1.5x"},"classes":[]},{"id":2351,"url":"https:\/\/www.altimara.eu\/blog\/2017\/06\/23\/charbon-en-islande\/","url_meta":{"origin":4629,"position":3},"title":"Charbon en Islande","author":"Martiou","date":"23 juin 2017","format":false,"excerpt":"Me voil\u00e0 de retour dans la lointaine \u00eele du nord, l'Islande. Premier contact avec le charbon de bois. Un retour sur les derni\u00e8res charbonni\u00e8res pratiqu\u00e9es dans la r\u00e9gion de Skatafell. Cet endroit est aujourd'hui un parc national tr\u00e8s couru par les touristes. Faut dire que le site est superbe avec\u2026","rel":"","context":"Dans &quot;3 Charbon de bois Islande&quot;","block_context":{"text":"3 Charbon de bois Islande","link":"https:\/\/www.altimara.eu\/blog\/category\/charbon-de-bois-islande\/"},"img":{"alt_text":"","src":"https:\/\/i0.wp.com\/www.altimara.eu\/blog\/wp-content\/uploads\/2017\/06\/20170622_075334-Modifier-225x300.jpg?resize=350%2C200","width":350,"height":200},"classes":[]},{"id":3412,"url":"https:\/\/www.altimara.eu\/blog\/2020\/08\/18\/balade-islandaise\/","url_meta":{"origin":4629,"position":4},"title":"Balade islandaise","author":"Martiou","date":"18 ao\u00fbt 2020","format":false,"excerpt":"Deux semaines en terres lointaine dans ma ch\u00e8re Islande. Lors d'une rencontre tr\u00e8s passionnante avec Mar\u00eda \u00d3skarsd\u00f3ttir (https:\/\/ile-denfer.eu\/balade-2020\/) qui est historienne des p\u00eacheurs fran\u00e7ais \u00e0 Islande, j'ai vu dans son int\u00e9ressant mus\u00e9e un dessin au fusain. Du charbon de bois \u00e0 Patreksfjo\u0308r\u00f0ur, un fjord du bout du Monde.","rel":"","context":"Dans &quot;Bois d'Islande, bois flott\u00e9, bois plant\u00e9&quot;","block_context":{"text":"Bois d'Islande, bois flott\u00e9, bois plant\u00e9","link":"https:\/\/www.altimara.eu\/blog\/category\/charbon-de-bois-islande\/bois-dislande-bois-flotte-bois-plante\/"},"img":{"alt_text":"","src":"https:\/\/i0.wp.com\/www.altimara.eu\/blog\/wp-content\/uploads\/2020\/08\/dessin-patreksfjordur.png?resize=350%2C200&ssl=1","width":350,"height":200},"classes":[]},{"id":1409,"url":"https:\/\/www.altimara.eu\/blog\/2015\/07\/14\/bois-dislande-13\/","url_meta":{"origin":4629,"position":5},"title":"Charbon de bois d&rsquo;Islande","author":"Martiou","date":"14 juillet 2015","format":false,"excerpt":"Depuis longtemps je cherche du sel noir d\u2019Hawa\u00ef. Ce sel est extrait de l'eau du Pacifique dans l'\u00eele de Moloka\u00ef. Il est ensuite m\u00e9lang\u00e9 \u00e0 du charbon actif qui lui donne sa couleur noire. Recherch\u00e9 pour sa qualit\u00e9 gustative moins agressive que le sel standard des salins on ne le\u2026","rel":"","context":"Dans &quot;3 Charbon de bois Islande&quot;","block_context":{"text":"3 Charbon de bois Islande","link":"https:\/\/www.altimara.eu\/blog\/category\/charbon-de-bois-islande\/"},"img":{"alt_text":"black-lava.jpg-for-web","src":"https:\/\/i0.wp.com\/www.altimara.eu\/blog\/wp-content\/uploads\/2015\/07\/black-lava.jpg-for-web-162x300.jpg?resize=350%2C200","width":350,"height":200},"classes":[]}],"_links":{"self":[{"href":"https:\/\/www.altimara.eu\/blog\/wp-json\/wp\/v2\/posts\/4629","targetHints":{"allow":["GET"]}}],"collection":[{"href":"https:\/\/www.altimara.eu\/blog\/wp-json\/wp\/v2\/posts"}],"about":[{"href":"https:\/\/www.altimara.eu\/blog\/wp-json\/wp\/v2\/types\/post"}],"author":[{"embeddable":true,"href":"https:\/\/www.altimara.eu\/blog\/wp-json\/wp\/v2\/users\/3"}],"replies":[{"embeddable":true,"href":"https:\/\/www.altimara.eu\/blog\/wp-json\/wp\/v2\/comments?post=4629"}],"version-history":[{"count":0,"href":"https:\/\/www.altimara.eu\/blog\/wp-json\/wp\/v2\/posts\/4629\/revisions"}],"wp:attachment":[{"href":"https:\/\/www.altimara.eu\/blog\/wp-json\/wp\/v2\/media?parent=4629"}],"wp:term":[{"taxonomy":"category","embeddable":true,"href":"https:\/\/www.altimara.eu\/blog\/wp-json\/wp\/v2\/categories?post=4629"},{"taxonomy":"post_tag","embeddable":true,"href":"https:\/\/www.altimara.eu\/blog\/wp-json\/wp\/v2\/tags?post=4629"}],"curies":[{"name":"wp","href":"https:\/\/api.w.org\/{rel}","templated":true}]}}