{"id":4623,"date":"2025-08-28T19:43:47","date_gmt":"2025-08-28T18:43:47","guid":{"rendered":"https:\/\/www.altimara.eu\/blog\/?p=4623"},"modified":"2025-08-28T19:43:47","modified_gmt":"2025-08-28T18:43:47","slug":"kolakaka-episode-2-s","status":"publish","type":"post","link":"https:\/\/www.altimara.eu\/blog\/2025\/08\/28\/kolakaka-episode-2-s\/","title":{"rendered":"Kolakaka \u00e9pisode 2 s"},"content":{"rendered":"\n<p>Une belle rencontre avec un fermier qui charbonne au four m\u00e9tallique. Hulda et Tyrfingur ont une ferme dans le sud pas tr\u00e8s loin de la ville de Selfoss. Ils ont d\u00e9velopp\u00e9 des activit\u00e9s particuli\u00e8res avec un moulin \u00e0 laine, un \u00e9levage de porcs et des volailles, le tout en bio. La ferme est principalement dans l&rsquo;\u00e9levage bovin avec un gros cheptel de vaches dont beaucoup sont noires.<\/p>\n\n\n\n<p>Et Tyrfingur est charbonnier ! Il carbonise du bois pour utiliser le charbon concass\u00e9 dans son poulailler. Le charbon est un antiseptique tr\u00e8s int\u00e9ressant pour les basses cours qui sont des lieux de propagation de maladies.<\/p>\n\n\n<div class=\"wp-block-image\">\n<figure class=\"aligncenter size-full\"><img data-recalc-dims=\"1\" loading=\"lazy\" decoding=\"async\" width=\"530\" height=\"709\" data-attachment-id=\"4624\" data-permalink=\"https:\/\/www.altimara.eu\/blog\/2025\/08\/28\/kolakaka-episode-2-s\/img_20250729_173013\/\" data-orig-file=\"https:\/\/i0.wp.com\/www.altimara.eu\/blog\/wp-content\/uploads\/2025\/08\/IMG_20250729_173013.jpg?fit=530%2C709&amp;ssl=1\" data-orig-size=\"530,709\" data-comments-opened=\"1\" data-image-meta=\"{&quot;aperture&quot;:&quot;1.8&quot;,&quot;credit&quot;:&quot;Martial Acquarone&quot;,&quot;camera&quot;:&quot;M2003J15SC&quot;,&quot;caption&quot;:&quot;&quot;,&quot;created_timestamp&quot;:&quot;1753810215&quot;,&quot;copyright&quot;:&quot;CC BY-SA 4.0&quot;,&quot;focal_length&quot;:&quot;4.74&quot;,&quot;iso&quot;:&quot;334&quot;,&quot;shutter_speed&quot;:&quot;0.028571428571429&quot;,&quot;title&quot;:&quot;&quot;,&quot;orientation&quot;:&quot;0&quot;}\" data-image-title=\"IMG_20250729_173013\" data-image-description=\"\" data-image-caption=\"\" data-large-file=\"https:\/\/i0.wp.com\/www.altimara.eu\/blog\/wp-content\/uploads\/2025\/08\/IMG_20250729_173013.jpg?fit=530%2C709&amp;ssl=1\" src=\"https:\/\/i0.wp.com\/www.altimara.eu\/blog\/wp-content\/uploads\/2025\/08\/IMG_20250729_173013.jpg?resize=530%2C709&#038;ssl=1\" alt=\"\" class=\"wp-image-4624\" srcset=\"https:\/\/i0.wp.com\/www.altimara.eu\/blog\/wp-content\/uploads\/2025\/08\/IMG_20250729_173013.jpg?w=530&amp;ssl=1 530w, https:\/\/i0.wp.com\/www.altimara.eu\/blog\/wp-content\/uploads\/2025\/08\/IMG_20250729_173013.jpg?resize=224%2C300&amp;ssl=1 224w\" sizes=\"auto, (max-width: 530px) 100vw, 530px\" \/><\/figure>\n<\/div>\n\n\n<p>Son four est d\u00e8s plus simple et tr\u00e8s costaud. Un cylindre avec une paroi de 5 mm d&rsquo;\u00e9paisseur, \u00e7a r\u00e9siste sans probl\u00e8me au feu et un couvercle chemin\u00e9e. Le cylindre est perc\u00e9 en haut de toute part. Un fut m\u00e9tallique de 200 L contient le bois \u00e0 carboniser. Il est pos\u00e9 \u00e0 l&rsquo;envers avec le capot d\u00e9coup\u00e9 en bas. Le r\u00e9sultat est bon apr\u00e8s trois heures de cuisson. La manipulation demande un tracteur car deux \u00e9l\u00e9ments du four sont tr\u00e8s lourds.<\/p>\n\n\n<div class=\"wp-block-image\">\n<figure class=\"alignleft size-full\"><img data-recalc-dims=\"1\" loading=\"lazy\" decoding=\"async\" width=\"530\" height=\"709\" data-attachment-id=\"4625\" data-permalink=\"https:\/\/www.altimara.eu\/blog\/2025\/08\/28\/kolakaka-episode-2-s\/img_20250729_172744\/\" data-orig-file=\"https:\/\/i0.wp.com\/www.altimara.eu\/blog\/wp-content\/uploads\/2025\/08\/IMG_20250729_172744.jpg?fit=530%2C709&amp;ssl=1\" data-orig-size=\"530,709\" data-comments-opened=\"1\" data-image-meta=\"{&quot;aperture&quot;:&quot;1.8&quot;,&quot;credit&quot;:&quot;Martial Acquarone&quot;,&quot;camera&quot;:&quot;M2003J15SC&quot;,&quot;caption&quot;:&quot;&quot;,&quot;created_timestamp&quot;:&quot;1753810066&quot;,&quot;copyright&quot;:&quot;CC BY-SA 4.0&quot;,&quot;focal_length&quot;:&quot;4.74&quot;,&quot;iso&quot;:&quot;103&quot;,&quot;shutter_speed&quot;:&quot;0.0071428571428571&quot;,&quot;title&quot;:&quot;&quot;,&quot;orientation&quot;:&quot;0&quot;}\" data-image-title=\"IMG_20250729_172744\" data-image-description=\"\" data-image-caption=\"\" data-large-file=\"https:\/\/i0.wp.com\/www.altimara.eu\/blog\/wp-content\/uploads\/2025\/08\/IMG_20250729_172744.jpg?fit=530%2C709&amp;ssl=1\" src=\"https:\/\/i0.wp.com\/www.altimara.eu\/blog\/wp-content\/uploads\/2025\/08\/IMG_20250729_172744.jpg?resize=530%2C709&#038;ssl=1\" alt=\"\" class=\"wp-image-4625\" srcset=\"https:\/\/i0.wp.com\/www.altimara.eu\/blog\/wp-content\/uploads\/2025\/08\/IMG_20250729_172744.jpg?w=530&amp;ssl=1 530w, https:\/\/i0.wp.com\/www.altimara.eu\/blog\/wp-content\/uploads\/2025\/08\/IMG_20250729_172744.jpg?resize=224%2C300&amp;ssl=1 224w\" sizes=\"auto, (max-width: 530px) 100vw, 530px\" \/><\/figure>\n<\/div>\n\n\n<p><\/p>\n\n\n\n<p><\/p>\n\n\n\n<p><\/p>\n\n\n\n<p><\/p>\n\n\n\n<p><\/p>\n\n\n\n<p><\/p>\n\n\n\n<p><\/p>\n\n\n\n<p><\/p>\n\n\n\n<p><\/p>\n\n\n\n<p><\/p>\n\n\n\n<p><\/p>\n\n\n\n<p><\/p>\n\n\n\n<p><\/p>\n\n\n\n<p>Hulda et Tyrfingur sont venus nous voir, int\u00e9ress\u00e9s par notre four et curieux d&rsquo;en apprendre plus sur le charbon de lupins . Nous avons partag\u00e9 nos exp\u00e9riences de charbonniers et d\u00e9gust\u00e9 un excellent poulet en direct de leur ferme. <\/p>\n\n\n<div class=\"wp-block-image\">\n<figure class=\"aligncenter size-full\"><img data-recalc-dims=\"1\" loading=\"lazy\" decoding=\"async\" width=\"529\" height=\"709\" data-attachment-id=\"4626\" data-permalink=\"https:\/\/www.altimara.eu\/blog\/2025\/08\/28\/kolakaka-episode-2-s\/img_20250725_190144\/\" data-orig-file=\"https:\/\/i0.wp.com\/www.altimara.eu\/blog\/wp-content\/uploads\/2025\/08\/IMG_20250725_190144.jpg?fit=529%2C709&amp;ssl=1\" data-orig-size=\"529,709\" data-comments-opened=\"1\" data-image-meta=\"{&quot;aperture&quot;:&quot;1.8&quot;,&quot;credit&quot;:&quot;Martial Acquarone&quot;,&quot;camera&quot;:&quot;M2003J15SC&quot;,&quot;caption&quot;:&quot;&quot;,&quot;created_timestamp&quot;:&quot;1753470105&quot;,&quot;copyright&quot;:&quot;CC BY-SA 4.0&quot;,&quot;focal_length&quot;:&quot;4.74&quot;,&quot;iso&quot;:&quot;107&quot;,&quot;shutter_speed&quot;:&quot;0.00043478260869565&quot;,&quot;title&quot;:&quot;&quot;,&quot;orientation&quot;:&quot;0&quot;}\" data-image-title=\"IMG_20250725_190144\" data-image-description=\"\" data-image-caption=\"\" data-large-file=\"https:\/\/i0.wp.com\/www.altimara.eu\/blog\/wp-content\/uploads\/2025\/08\/IMG_20250725_190144.jpg?fit=529%2C709&amp;ssl=1\" src=\"https:\/\/i0.wp.com\/www.altimara.eu\/blog\/wp-content\/uploads\/2025\/08\/IMG_20250725_190144.jpg?resize=529%2C709&#038;ssl=1\" alt=\"\" class=\"wp-image-4626\" srcset=\"https:\/\/i0.wp.com\/www.altimara.eu\/blog\/wp-content\/uploads\/2025\/08\/IMG_20250725_190144.jpg?w=529&amp;ssl=1 529w, https:\/\/i0.wp.com\/www.altimara.eu\/blog\/wp-content\/uploads\/2025\/08\/IMG_20250725_190144.jpg?resize=224%2C300&amp;ssl=1 224w\" sizes=\"auto, (max-width: 529px) 100vw, 529px\" \/><figcaption class=\"wp-element-caption\">Hulda, Tyrfingur, Siggi et moi<\/figcaption><\/figure>\n<\/div>\n\n<div class=\"wp-block-image\">\n<figure class=\"aligncenter size-full\"><img data-recalc-dims=\"1\" loading=\"lazy\" decoding=\"async\" width=\"627\" height=\"418\" data-attachment-id=\"4627\" data-permalink=\"https:\/\/www.altimara.eu\/blog\/2025\/08\/28\/kolakaka-episode-2-s\/kolakaka-25-42\/\" data-orig-file=\"https:\/\/i0.wp.com\/www.altimara.eu\/blog\/wp-content\/uploads\/2025\/08\/kolakaka-25-42.jpg?fit=709%2C473&amp;ssl=1\" data-orig-size=\"709,473\" data-comments-opened=\"1\" data-image-meta=\"{&quot;aperture&quot;:&quot;8&quot;,&quot;credit&quot;:&quot;Martial Acquarone&quot;,&quot;camera&quot;:&quot;NIKON D850&quot;,&quot;caption&quot;:&quot;&quot;,&quot;created_timestamp&quot;:&quot;1753475799&quot;,&quot;copyright&quot;:&quot;CC BY-SA 4.0&quot;,&quot;focal_length&quot;:&quot;24&quot;,&quot;iso&quot;:&quot;500&quot;,&quot;shutter_speed&quot;:&quot;0.00125&quot;,&quot;title&quot;:&quot;&quot;,&quot;orientation&quot;:&quot;0&quot;}\" data-image-title=\"kolakaka 25-42\" data-image-description=\"\" data-image-caption=\"\" data-large-file=\"https:\/\/i0.wp.com\/www.altimara.eu\/blog\/wp-content\/uploads\/2025\/08\/kolakaka-25-42.jpg?fit=627%2C418&amp;ssl=1\" src=\"https:\/\/i0.wp.com\/www.altimara.eu\/blog\/wp-content\/uploads\/2025\/08\/kolakaka-25-42.jpg?resize=627%2C418&#038;ssl=1\" alt=\"\" class=\"wp-image-4627\" srcset=\"https:\/\/i0.wp.com\/www.altimara.eu\/blog\/wp-content\/uploads\/2025\/08\/kolakaka-25-42.jpg?w=709&amp;ssl=1 709w, https:\/\/i0.wp.com\/www.altimara.eu\/blog\/wp-content\/uploads\/2025\/08\/kolakaka-25-42.jpg?resize=300%2C200&amp;ssl=1 300w\" sizes=\"auto, (max-width: 627px) 100vw, 627px\" \/><figcaption class=\"wp-element-caption\">Fermiers et charbonniers<\/figcaption><\/figure>\n<\/div>\n\n\n<p>La moulin \u00e0 laine Uppspuni Mini Mill &amp; Yarn Shop, un bon endroit pour acheter de la belle laine islandaise : <a href=\"https:\/\/www.uppspuni.is\/\" target=\"_blank\" rel=\"noreferrer noopener\">https:\/\/www.uppspuni.is\/<\/a><\/p>\n","protected":false},"excerpt":{"rendered":"<p>Une belle rencontre avec un fermier qui charbonne au four m\u00e9tallique. Hulda et Tyrfingur ont une ferme dans le sud pas tr\u00e8s loin de la ville de Selfoss. Ils ont d\u00e9velopp\u00e9 des activit\u00e9s particuli\u00e8res avec un moulin \u00e0 laine, un \u00e9levage de porcs et des volailles, le tout en bio. La ferme est principalement dans [&hellip;]<\/p>\n","protected":false},"author":3,"featured_media":0,"comment_status":"open","ping_status":"open","sticky":false,"template":"","format":"standard","meta":{"ngg_post_thumbnail":0,"jetpack_post_was_ever_published":false,"_jetpack_newsletter_access":"","_jetpack_dont_email_post_to_subs":false,"_jetpack_newsletter_tier_id":0,"_jetpack_memberships_contains_paywalled_content":false,"_jetpack_memberships_contains_paid_content":false,"footnotes":"","jetpack_publicize_message":"","jetpack_publicize_feature_enabled":true,"jetpack_social_post_already_shared":true,"jetpack_social_options":{"image_generator_settings":{"template":"highway","default_image_id":0,"font":"","enabled":false},"version":2}},"categories":[65,86,110,147],"tags":[91,104,33],"class_list":["post-4623","post","type-post","status-publish","format-standard","hentry","category-mes-charbonnieres","category-charbon-vegetal","category-ecochar","category-four-metalliques","tag-charbon-vegetal","tag-ecochar","tag-islande"],"jetpack_publicize_connections":[],"jetpack_featured_media_url":"","jetpack_shortlink":"https:\/\/wp.me\/p4r91c-1cz","jetpack_sharing_enabled":true,"jetpack-related-posts":[{"id":3371,"url":"https:\/\/www.altimara.eu\/blog\/2020\/06\/05\/re-ouverture\/","url_meta":{"origin":4623,"position":0},"title":"R\u00e9-ouverture !!","author":"Martiou","date":"5 juin 2020","format":false,"excerpt":"Les mus\u00e9es et les bars ouvrent, \u00e7a d\u00e9confine, moi je carbonise !! Le site de carbonisation d'\u00e9cochar au Jardin de Fontan\u00e8s a bien \u00e9volu\u00e9. La construction d'un grand s\u00e9choir des v\u00e9g\u00e9taux permet maintenant de stocker les d\u00e9chets verts avant leur carbonisation. Cette semaine et jusqu'au 15 juin, je r\u00e9alise en\u2026","rel":"","context":"Dans &quot;Charbon v\u00e9g\u00e9tal&quot;","block_context":{"text":"Charbon v\u00e9g\u00e9tal","link":"https:\/\/www.altimara.eu\/blog\/category\/charbon-vegetal\/"},"img":{"alt_text":"","src":"https:\/\/i0.wp.com\/www.altimara.eu\/blog\/wp-content\/uploads\/2020\/06\/400-e%CC%81cochar.png?resize=350%2C200&ssl=1","width":350,"height":200,"srcset":"https:\/\/i0.wp.com\/www.altimara.eu\/blog\/wp-content\/uploads\/2020\/06\/400-e%CC%81cochar.png?resize=350%2C200&ssl=1 1x, https:\/\/i0.wp.com\/www.altimara.eu\/blog\/wp-content\/uploads\/2020\/06\/400-e%CC%81cochar.png?resize=525%2C300&ssl=1 1.5x"},"classes":[]},{"id":4614,"url":"https:\/\/www.altimara.eu\/blog\/2025\/07\/26\/kolakaka-episode-2\/","url_meta":{"origin":4623,"position":1},"title":"Kolakaka \u00e9pisode 2","author":"Martiou","date":"26 juillet 2025","format":false,"excerpt":"Nous voil\u00e0 de retour dans la ferme de Kidda et Siggi, au sud de l'Islande. L'endroit est isol\u00e9, non loin de l'oc\u00e9an et sous le regard du M\u00fdrdalsj\u00f6kull, formidable calotte glaciaire qui chapeaute le terrible volcan Katla. La ferme \u00deikkvab\u00e6jarklaustur. Premier temps, d\u00e9guster des c\u00f4telettes d'agneaux de la ferme cuites\u2026","rel":"","context":"Dans &quot;0- MES CHARBONNI\u00c8RES&quot;","block_context":{"text":"0- MES CHARBONNI\u00c8RES","link":"https:\/\/www.altimara.eu\/blog\/category\/mes-charbonnieres\/"},"img":{"alt_text":"","src":"https:\/\/i0.wp.com\/www.altimara.eu\/blog\/wp-content\/uploads\/2025\/07\/MA5_6966.jpg?resize=350%2C200&ssl=1","width":350,"height":200,"srcset":"https:\/\/i0.wp.com\/www.altimara.eu\/blog\/wp-content\/uploads\/2025\/07\/MA5_6966.jpg?resize=350%2C200&ssl=1 1x, https:\/\/i0.wp.com\/www.altimara.eu\/blog\/wp-content\/uploads\/2025\/07\/MA5_6966.jpg?resize=525%2C300&ssl=1 1.5x, https:\/\/i0.wp.com\/www.altimara.eu\/blog\/wp-content\/uploads\/2025\/07\/MA5_6966.jpg?resize=700%2C400&ssl=1 2x"},"classes":[]},{"id":2441,"url":"https:\/\/www.altimara.eu\/blog\/2017\/08\/27\/ecochar-congo\/","url_meta":{"origin":4623,"position":2},"title":"\u00c9cochar Congo","author":"Martiou","date":"27 ao\u00fbt 2017","format":false,"excerpt":"Un nouveau lieu de fabrication de briquettes de charbon, l'\u00e9cochar, \u00e0 Kinshasa au Congo. Une \u00e9quipe est en train de se former et une cuisson exp\u00e9rimentale a d\u00e9j\u00e0 eu lieu. Le charbon v\u00e9g\u00e9tal c'est comme le bon alcool, il faut le faire dans un tonneau. Sauf que celui l\u00e0 est\u2026","rel":"","context":"Dans &quot;Charbon v\u00e9g\u00e9tal&quot;","block_context":{"text":"Charbon v\u00e9g\u00e9tal","link":"https:\/\/www.altimara.eu\/blog\/category\/charbon-vegetal\/"},"img":{"alt_text":"","src":"https:\/\/i0.wp.com\/www.altimara.eu\/blog\/wp-content\/uploads\/2017\/08\/received_547693098895773-225x300.jpg?resize=350%2C200","width":350,"height":200},"classes":[]},{"id":3840,"url":"https:\/\/www.altimara.eu\/blog\/2022\/04\/20\/stage-ingenieurs\/","url_meta":{"origin":4623,"position":3},"title":"Stage ing\u00e9nieurs","author":"Martiou","date":"20 avril 2022","format":false,"excerpt":"Depuis plusieurs jours j'ai le plaisir d'accueillir deux stagiaires. Pierre et Thibault, en fin d'\u00e9tudes d'ing\u00e9nieurs \u00e0 l'\u00e9cole EPF, ont choisi l'ONG COOPDEA pour r\u00e9aliser leurs stages en entreprise. Ils vont partir au Togo pour mettre en place des unit\u00e9s de carbonisation de charbon v\u00e9g\u00e9tal. L'op\u00e9ration se d\u00e9roulera avec une\u2026","rel":"","context":"Dans &quot;biochar&quot;","block_context":{"text":"biochar","link":"https:\/\/www.altimara.eu\/blog\/category\/charbon-vegetal\/biochar\/"},"img":{"alt_text":"","src":"https:\/\/i0.wp.com\/www.altimara.eu\/blog\/wp-content\/uploads\/2022\/04\/IMG_20220404_115203.jpg?resize=350%2C200&ssl=1","width":350,"height":200,"srcset":"https:\/\/i0.wp.com\/www.altimara.eu\/blog\/wp-content\/uploads\/2022\/04\/IMG_20220404_115203.jpg?resize=350%2C200&ssl=1 1x, https:\/\/i0.wp.com\/www.altimara.eu\/blog\/wp-content\/uploads\/2022\/04\/IMG_20220404_115203.jpg?resize=525%2C300&ssl=1 1.5x, https:\/\/i0.wp.com\/www.altimara.eu\/blog\/wp-content\/uploads\/2022\/04\/IMG_20220404_115203.jpg?resize=700%2C400&ssl=1 2x, https:\/\/i0.wp.com\/www.altimara.eu\/blog\/wp-content\/uploads\/2022\/04\/IMG_20220404_115203.jpg?resize=1050%2C600&ssl=1 3x, https:\/\/i0.wp.com\/www.altimara.eu\/blog\/wp-content\/uploads\/2022\/04\/IMG_20220404_115203.jpg?resize=1400%2C800&ssl=1 4x"},"classes":[]},{"id":3169,"url":"https:\/\/www.altimara.eu\/blog\/2019\/10\/24\/nouveau-four-xxl\/","url_meta":{"origin":4623,"position":4},"title":"Nouveau four XXL","author":"Martiou","date":"24 octobre 2019","format":false,"excerpt":"Avec l'ONG COOPDEA, je continue la recherche et l'exp\u00e9rimentation de techniques de carbonisation adapt\u00e9es aux pays \u00e0 faibles ressources. La capacit\u00e9 de nos fours gazog\u00e8nes \u00e9tant limit\u00e9e \u00e0 60 l, nous lan\u00e7ons un programme de construction d'un four de 200 l. Notre objectif est de d\u00e9velopper des capacit\u00e9s sup\u00e9rieures de\u2026","rel":"","context":"Dans &quot;Charbon de bois&quot;","block_context":{"text":"Charbon de bois","link":"https:\/\/www.altimara.eu\/blog\/category\/charbon-de-bois-carbon-art\/"},"img":{"alt_text":"","src":"https:\/\/i0.wp.com\/www.altimara.eu\/blog\/wp-content\/uploads\/2019\/10\/IMG_20190826_194055764-2.jpg?resize=350%2C200&ssl=1","width":350,"height":200,"srcset":"https:\/\/i0.wp.com\/www.altimara.eu\/blog\/wp-content\/uploads\/2019\/10\/IMG_20190826_194055764-2.jpg?resize=350%2C200&ssl=1 1x, https:\/\/i0.wp.com\/www.altimara.eu\/blog\/wp-content\/uploads\/2019\/10\/IMG_20190826_194055764-2.jpg?resize=525%2C300&ssl=1 1.5x, https:\/\/i0.wp.com\/www.altimara.eu\/blog\/wp-content\/uploads\/2019\/10\/IMG_20190826_194055764-2.jpg?resize=700%2C400&ssl=1 2x"},"classes":[]},{"id":2086,"url":"https:\/\/www.altimara.eu\/blog\/2016\/11\/10\/charbon-et-chataignes\/","url_meta":{"origin":4623,"position":5},"title":"Charbon et ch\u00e2taignes","author":"Martiou","date":"10 novembre 2016","format":false,"excerpt":"Visite en Corr\u00e8ze, sur les hauteurs de la rivi\u00e8re Dordogne. Beaucoup de bois et de grands arbres, avec de remarquables noyers am\u00e9ricains (Juglans nigra) aux noix \u00e9normes, v\u00e9ritables boules de no\u00ebl. Mais aussi de nombreux ch\u00e2taigniers, et comme c'est la saison, nous avons ramass\u00e9 les ch\u00e2taignes. Puis patiemment, \u00e9pluchage des\u2026","rel":"","context":"Dans &quot;Charbon v\u00e9g\u00e9tal&quot;","block_context":{"text":"Charbon v\u00e9g\u00e9tal","link":"https:\/\/www.altimara.eu\/blog\/category\/charbon-vegetal\/"},"img":{"alt_text":"img_20161105_152046511_hdr","src":"https:\/\/i0.wp.com\/www.altimara.eu\/blog\/wp-content\/uploads\/2016\/11\/IMG_20161105_152046511_HDR-1024x576.jpg?resize=350%2C200","width":350,"height":200,"srcset":"https:\/\/i0.wp.com\/www.altimara.eu\/blog\/wp-content\/uploads\/2016\/11\/IMG_20161105_152046511_HDR-1024x576.jpg?resize=350%2C200 1x, https:\/\/i0.wp.com\/www.altimara.eu\/blog\/wp-content\/uploads\/2016\/11\/IMG_20161105_152046511_HDR-1024x576.jpg?resize=525%2C300 1.5x"},"classes":[]}],"_links":{"self":[{"href":"https:\/\/www.altimara.eu\/blog\/wp-json\/wp\/v2\/posts\/4623","targetHints":{"allow":["GET"]}}],"collection":[{"href":"https:\/\/www.altimara.eu\/blog\/wp-json\/wp\/v2\/posts"}],"about":[{"href":"https:\/\/www.altimara.eu\/blog\/wp-json\/wp\/v2\/types\/post"}],"author":[{"embeddable":true,"href":"https:\/\/www.altimara.eu\/blog\/wp-json\/wp\/v2\/users\/3"}],"replies":[{"embeddable":true,"href":"https:\/\/www.altimara.eu\/blog\/wp-json\/wp\/v2\/comments?post=4623"}],"version-history":[{"count":0,"href":"https:\/\/www.altimara.eu\/blog\/wp-json\/wp\/v2\/posts\/4623\/revisions"}],"wp:attachment":[{"href":"https:\/\/www.altimara.eu\/blog\/wp-json\/wp\/v2\/media?parent=4623"}],"wp:term":[{"taxonomy":"category","embeddable":true,"href":"https:\/\/www.altimara.eu\/blog\/wp-json\/wp\/v2\/categories?post=4623"},{"taxonomy":"post_tag","embeddable":true,"href":"https:\/\/www.altimara.eu\/blog\/wp-json\/wp\/v2\/tags?post=4623"}],"curies":[{"name":"wp","href":"https:\/\/api.w.org\/{rel}","templated":true}]}}