{"id":4604,"date":"2025-05-20T10:10:08","date_gmt":"2025-05-20T09:10:08","guid":{"rendered":"https:\/\/www.altimara.eu\/blog\/?p=4604"},"modified":"2025-05-20T15:28:03","modified_gmt":"2025-05-20T14:28:03","slug":"vin-et-charbon","status":"publish","type":"post","link":"https:\/\/www.altimara.eu\/blog\/2025\/05\/20\/vin-et-charbon\/","title":{"rendered":"Vin et charbon"},"content":{"rendered":"\n<p>Deux jours pass\u00e9s au milieu d&rsquo;un vignoble du Pic-St-Loup au domaine de Lancyre pour pr\u00e9senter l&rsquo;activit\u00e9 charbonni\u00e8re de nos garrigues. Un pur plaisir \u00e0 la fois par le site, les rencontres et l&rsquo;exceptionnelle qualit\u00e9 de l&rsquo;\u00e9quipe du Ch\u00e2teau de Lancyre. Christel et R\u00e9gis Valentin, les heureux propri\u00e9taires de ce vignoble, nous ont accueilli avec une bienveillance remarquable. <em>Lancyre en libert\u00e9<\/em> est un parcours de 4,5 km dans ce vignoble qui pour ces deux journ\u00e9es \u00e9tait \u00e9maill\u00e9 de stands de d\u00e9gustation des vins du ch\u00e2teau ainsi que des animations patrimoines et produits du terroir.<\/p>\n\n\n<div class=\"wp-block-image\">\n<figure class=\"aligncenter size-large\"><img data-recalc-dims=\"1\" loading=\"lazy\" decoding=\"async\" width=\"627\" height=\"339\" data-attachment-id=\"4605\" data-permalink=\"https:\/\/www.altimara.eu\/blog\/2025\/05\/20\/vin-et-charbon\/img_20250518_110037\/\" data-orig-file=\"https:\/\/i0.wp.com\/www.altimara.eu\/blog\/wp-content\/uploads\/2025\/05\/IMG_20250518_110037-scaled.jpg?fit=2560%2C1384&amp;ssl=1\" data-orig-size=\"2560,1384\" data-comments-opened=\"1\" data-image-meta=\"{&quot;aperture&quot;:&quot;1.8&quot;,&quot;credit&quot;:&quot;Martial Acquarone&quot;,&quot;camera&quot;:&quot;M2003J15SC&quot;,&quot;caption&quot;:&quot;&quot;,&quot;created_timestamp&quot;:&quot;1747566039&quot;,&quot;copyright&quot;:&quot;CC BY-SA 4.0&quot;,&quot;focal_length&quot;:&quot;4.74&quot;,&quot;iso&quot;:&quot;105&quot;,&quot;shutter_speed&quot;:&quot;0.0003125&quot;,&quot;title&quot;:&quot;&quot;,&quot;orientation&quot;:&quot;0&quot;}\" data-image-title=\"IMG_20250518_110037\" data-image-description=\"\" data-image-caption=\"\" data-large-file=\"https:\/\/i0.wp.com\/www.altimara.eu\/blog\/wp-content\/uploads\/2025\/05\/IMG_20250518_110037-scaled.jpg?fit=627%2C339&amp;ssl=1\" src=\"https:\/\/i0.wp.com\/www.altimara.eu\/blog\/wp-content\/uploads\/2025\/05\/IMG_20250518_110037.jpg?resize=627%2C339&#038;ssl=1\" alt=\"\" class=\"wp-image-4605\" srcset=\"https:\/\/i0.wp.com\/www.altimara.eu\/blog\/wp-content\/uploads\/2025\/05\/IMG_20250518_110037-scaled.jpg?resize=1024%2C553&amp;ssl=1 1024w, https:\/\/i0.wp.com\/www.altimara.eu\/blog\/wp-content\/uploads\/2025\/05\/IMG_20250518_110037-scaled.jpg?resize=300%2C162&amp;ssl=1 300w, https:\/\/i0.wp.com\/www.altimara.eu\/blog\/wp-content\/uploads\/2025\/05\/IMG_20250518_110037-scaled.jpg?resize=768%2C415&amp;ssl=1 768w, https:\/\/i0.wp.com\/www.altimara.eu\/blog\/wp-content\/uploads\/2025\/05\/IMG_20250518_110037-scaled.jpg?resize=1536%2C830&amp;ssl=1 1536w, https:\/\/i0.wp.com\/www.altimara.eu\/blog\/wp-content\/uploads\/2025\/05\/IMG_20250518_110037-scaled.jpg?resize=2048%2C1107&amp;ssl=1 2048w, https:\/\/i0.wp.com\/www.altimara.eu\/blog\/wp-content\/uploads\/2025\/05\/IMG_20250518_110037-scaled.jpg?w=1254&amp;ssl=1 1254w, https:\/\/i0.wp.com\/www.altimara.eu\/blog\/wp-content\/uploads\/2025\/05\/IMG_20250518_110037-scaled.jpg?w=1881&amp;ssl=1 1881w\" sizes=\"auto, (max-width: 627px) 100vw, 627px\" \/><\/figure>\n<\/div>\n\n\n<p>Perch\u00e9 au sommet de ma colline j&rsquo;ai rencontr\u00e9 quelque trois cents personnes dans l&#8217;emplacement d&rsquo;une ancienne charbonni\u00e8re. Encore une fois pour beaucoup c&rsquo;\u00e9tait une d\u00e9couverte de ce m\u00e9tier et de la carbonisation.<\/p>\n\n\n<div class=\"wp-block-image\">\n<figure class=\"aligncenter size-large\"><img data-recalc-dims=\"1\" loading=\"lazy\" decoding=\"async\" width=\"627\" height=\"470\" data-attachment-id=\"4606\" data-permalink=\"https:\/\/www.altimara.eu\/blog\/2025\/05\/20\/vin-et-charbon\/img-20250518-wa0011\/\" data-orig-file=\"https:\/\/i0.wp.com\/www.altimara.eu\/blog\/wp-content\/uploads\/2025\/05\/IMG-20250518-WA0011-scaled.jpg?fit=2560%2C1920&amp;ssl=1\" data-orig-size=\"2560,1920\" data-comments-opened=\"1\" data-image-meta=\"{&quot;aperture&quot;:&quot;0&quot;,&quot;credit&quot;:&quot;Martial Acquarone&quot;,&quot;camera&quot;:&quot;&quot;,&quot;caption&quot;:&quot;&quot;,&quot;created_timestamp&quot;:&quot;0&quot;,&quot;copyright&quot;:&quot;CC BY-SA 4.0&quot;,&quot;focal_length&quot;:&quot;0&quot;,&quot;iso&quot;:&quot;0&quot;,&quot;shutter_speed&quot;:&quot;0&quot;,&quot;title&quot;:&quot;&quot;,&quot;orientation&quot;:&quot;0&quot;}\" data-image-title=\"IMG-20250518-WA0011\" data-image-description=\"\" data-image-caption=\"\" data-large-file=\"https:\/\/i0.wp.com\/www.altimara.eu\/blog\/wp-content\/uploads\/2025\/05\/IMG-20250518-WA0011-scaled.jpg?fit=627%2C470&amp;ssl=1\" src=\"https:\/\/i0.wp.com\/www.altimara.eu\/blog\/wp-content\/uploads\/2025\/05\/IMG-20250518-WA0011.jpg?resize=627%2C470&#038;ssl=1\" alt=\"\" class=\"wp-image-4606\" srcset=\"https:\/\/i0.wp.com\/www.altimara.eu\/blog\/wp-content\/uploads\/2025\/05\/IMG-20250518-WA0011-scaled.jpg?resize=1024%2C768&amp;ssl=1 1024w, https:\/\/i0.wp.com\/www.altimara.eu\/blog\/wp-content\/uploads\/2025\/05\/IMG-20250518-WA0011-scaled.jpg?resize=300%2C225&amp;ssl=1 300w, https:\/\/i0.wp.com\/www.altimara.eu\/blog\/wp-content\/uploads\/2025\/05\/IMG-20250518-WA0011-scaled.jpg?resize=768%2C576&amp;ssl=1 768w, https:\/\/i0.wp.com\/www.altimara.eu\/blog\/wp-content\/uploads\/2025\/05\/IMG-20250518-WA0011-scaled.jpg?resize=1536%2C1152&amp;ssl=1 1536w, https:\/\/i0.wp.com\/www.altimara.eu\/blog\/wp-content\/uploads\/2025\/05\/IMG-20250518-WA0011-scaled.jpg?resize=2048%2C1536&amp;ssl=1 2048w, https:\/\/i0.wp.com\/www.altimara.eu\/blog\/wp-content\/uploads\/2025\/05\/IMG-20250518-WA0011-scaled.jpg?w=1254&amp;ssl=1 1254w, https:\/\/i0.wp.com\/www.altimara.eu\/blog\/wp-content\/uploads\/2025\/05\/IMG-20250518-WA0011-scaled.jpg?w=1881&amp;ssl=1 1881w\" sizes=\"auto, (max-width: 627px) 100vw, 627px\" \/><\/figure>\n<\/div>\n\n\n<figure class=\"wp-block-image size-large\"><img data-recalc-dims=\"1\" loading=\"lazy\" decoding=\"async\" width=\"627\" height=\"378\" data-attachment-id=\"4607\" data-permalink=\"https:\/\/www.altimara.eu\/blog\/2025\/05\/20\/vin-et-charbon\/img-20250518-wa0014\/\" data-orig-file=\"https:\/\/i0.wp.com\/www.altimara.eu\/blog\/wp-content\/uploads\/2025\/05\/IMG-20250518-WA0014-scaled.jpg?fit=2560%2C1545&amp;ssl=1\" data-orig-size=\"2560,1545\" data-comments-opened=\"1\" data-image-meta=\"{&quot;aperture&quot;:&quot;0&quot;,&quot;credit&quot;:&quot;Martial Acquarone&quot;,&quot;camera&quot;:&quot;&quot;,&quot;caption&quot;:&quot;&quot;,&quot;created_timestamp&quot;:&quot;0&quot;,&quot;copyright&quot;:&quot;CC BY-SA 4.0&quot;,&quot;focal_length&quot;:&quot;0&quot;,&quot;iso&quot;:&quot;0&quot;,&quot;shutter_speed&quot;:&quot;0&quot;,&quot;title&quot;:&quot;&quot;,&quot;orientation&quot;:&quot;0&quot;}\" data-image-title=\"IMG-20250518-WA0014\" data-image-description=\"\" data-image-caption=\"\" data-large-file=\"https:\/\/i0.wp.com\/www.altimara.eu\/blog\/wp-content\/uploads\/2025\/05\/IMG-20250518-WA0014-scaled.jpg?fit=627%2C378&amp;ssl=1\" src=\"https:\/\/i0.wp.com\/www.altimara.eu\/blog\/wp-content\/uploads\/2025\/05\/IMG-20250518-WA0014.jpg?resize=627%2C378&#038;ssl=1\" alt=\"\" class=\"wp-image-4607\" srcset=\"https:\/\/i0.wp.com\/www.altimara.eu\/blog\/wp-content\/uploads\/2025\/05\/IMG-20250518-WA0014-scaled.jpg?resize=1024%2C618&amp;ssl=1 1024w, https:\/\/i0.wp.com\/www.altimara.eu\/blog\/wp-content\/uploads\/2025\/05\/IMG-20250518-WA0014-scaled.jpg?resize=300%2C181&amp;ssl=1 300w, https:\/\/i0.wp.com\/www.altimara.eu\/blog\/wp-content\/uploads\/2025\/05\/IMG-20250518-WA0014-scaled.jpg?resize=768%2C463&amp;ssl=1 768w, https:\/\/i0.wp.com\/www.altimara.eu\/blog\/wp-content\/uploads\/2025\/05\/IMG-20250518-WA0014-scaled.jpg?resize=1536%2C927&amp;ssl=1 1536w, https:\/\/i0.wp.com\/www.altimara.eu\/blog\/wp-content\/uploads\/2025\/05\/IMG-20250518-WA0014-scaled.jpg?resize=2048%2C1236&amp;ssl=1 2048w, https:\/\/i0.wp.com\/www.altimara.eu\/blog\/wp-content\/uploads\/2025\/05\/IMG-20250518-WA0014-scaled.jpg?w=1254&amp;ssl=1 1254w, https:\/\/i0.wp.com\/www.altimara.eu\/blog\/wp-content\/uploads\/2025\/05\/IMG-20250518-WA0014-scaled.jpg?w=1881&amp;ssl=1 1881w\" sizes=\"auto, (max-width: 627px) 100vw, 627px\" \/><figcaption class=\"wp-element-caption\">Chapeau l&rsquo;organisation !<\/figcaption><\/figure>\n\n\n\n<p>Un atelier d&rsquo;art pari\u00e9tal et faute de grotte de beaux cailloux du Cr\u00e9tac\u00e9 ont fait l&rsquo;affaire. Pas mal de visiteurs, enfants et adultes, ont crayonn\u00e9 au fusain comme quoi nos anc\u00eatres pr\u00e9historiques ont encore de l&rsquo;influence sur nos comportements.<\/p>\n\n\n\n<figure class=\"wp-block-image size-large\"><img data-recalc-dims=\"1\" loading=\"lazy\" decoding=\"async\" width=\"627\" height=\"290\" data-attachment-id=\"4608\" data-permalink=\"https:\/\/www.altimara.eu\/blog\/2025\/05\/20\/vin-et-charbon\/img_20250518_151201\/\" data-orig-file=\"https:\/\/i0.wp.com\/www.altimara.eu\/blog\/wp-content\/uploads\/2025\/05\/IMG_20250518_151201-scaled.jpg?fit=2560%2C1182&amp;ssl=1\" data-orig-size=\"2560,1182\" data-comments-opened=\"1\" data-image-meta=\"{&quot;aperture&quot;:&quot;1.8&quot;,&quot;credit&quot;:&quot;Martial Acquarone&quot;,&quot;camera&quot;:&quot;M2003J15SC&quot;,&quot;caption&quot;:&quot;&quot;,&quot;created_timestamp&quot;:&quot;1747581123&quot;,&quot;copyright&quot;:&quot;CC BY-SA 4.0&quot;,&quot;focal_length&quot;:&quot;4.74&quot;,&quot;iso&quot;:&quot;102&quot;,&quot;shutter_speed&quot;:&quot;0.001&quot;,&quot;title&quot;:&quot;&quot;,&quot;orientation&quot;:&quot;0&quot;}\" data-image-title=\"IMG_20250518_151201\" data-image-description=\"\" data-image-caption=\"\" data-large-file=\"https:\/\/i0.wp.com\/www.altimara.eu\/blog\/wp-content\/uploads\/2025\/05\/IMG_20250518_151201-scaled.jpg?fit=627%2C290&amp;ssl=1\" src=\"https:\/\/i0.wp.com\/www.altimara.eu\/blog\/wp-content\/uploads\/2025\/05\/IMG_20250518_151201.jpg?resize=627%2C290&#038;ssl=1\" alt=\"\" class=\"wp-image-4608\" srcset=\"https:\/\/i0.wp.com\/www.altimara.eu\/blog\/wp-content\/uploads\/2025\/05\/IMG_20250518_151201-scaled.jpg?resize=1024%2C473&amp;ssl=1 1024w, https:\/\/i0.wp.com\/www.altimara.eu\/blog\/wp-content\/uploads\/2025\/05\/IMG_20250518_151201-scaled.jpg?resize=300%2C139&amp;ssl=1 300w, https:\/\/i0.wp.com\/www.altimara.eu\/blog\/wp-content\/uploads\/2025\/05\/IMG_20250518_151201-scaled.jpg?resize=768%2C355&amp;ssl=1 768w, https:\/\/i0.wp.com\/www.altimara.eu\/blog\/wp-content\/uploads\/2025\/05\/IMG_20250518_151201-scaled.jpg?resize=1536%2C709&amp;ssl=1 1536w, https:\/\/i0.wp.com\/www.altimara.eu\/blog\/wp-content\/uploads\/2025\/05\/IMG_20250518_151201-scaled.jpg?resize=2048%2C946&amp;ssl=1 2048w, https:\/\/i0.wp.com\/www.altimara.eu\/blog\/wp-content\/uploads\/2025\/05\/IMG_20250518_151201-scaled.jpg?w=1254&amp;ssl=1 1254w, https:\/\/i0.wp.com\/www.altimara.eu\/blog\/wp-content\/uploads\/2025\/05\/IMG_20250518_151201-scaled.jpg?w=1881&amp;ssl=1 1881w\" sizes=\"auto, (max-width: 627px) 100vw, 627px\" \/><\/figure>\n\n\n\n<p>A cot\u00e9 il y avait Floriane et Gabriel, les tenanciers sympathiques du stand, qui proposaient la d\u00e9gustation de deux vins, un blanc <em>D&rsquo;ombre et lumi\u00e8re<\/em> et un rouge <em>Madame<\/em>, deux vins superbes.<\/p>\n\n\n<div class=\"wp-block-image\">\n<figure class=\"aligncenter size-large\"><img data-recalc-dims=\"1\" loading=\"lazy\" decoding=\"async\" width=\"566\" height=\"1024\" data-attachment-id=\"4609\" data-permalink=\"https:\/\/www.altimara.eu\/blog\/2025\/05\/20\/vin-et-charbon\/img_20250518_151047\/\" data-orig-file=\"https:\/\/i0.wp.com\/www.altimara.eu\/blog\/wp-content\/uploads\/2025\/05\/IMG_20250518_151047-scaled.jpg?fit=1414%2C2560&amp;ssl=1\" data-orig-size=\"1414,2560\" data-comments-opened=\"1\" data-image-meta=\"{&quot;aperture&quot;:&quot;1.8&quot;,&quot;credit&quot;:&quot;Martial Acquarone&quot;,&quot;camera&quot;:&quot;M2003J15SC&quot;,&quot;caption&quot;:&quot;&quot;,&quot;created_timestamp&quot;:&quot;1747581049&quot;,&quot;copyright&quot;:&quot;CC BY-SA 4.0&quot;,&quot;focal_length&quot;:&quot;4.74&quot;,&quot;iso&quot;:&quot;104&quot;,&quot;shutter_speed&quot;:&quot;0.0016393442622951&quot;,&quot;title&quot;:&quot;&quot;,&quot;orientation&quot;:&quot;0&quot;}\" data-image-title=\"IMG_20250518_151047\" data-image-description=\"\" data-image-caption=\"\" data-large-file=\"https:\/\/i0.wp.com\/www.altimara.eu\/blog\/wp-content\/uploads\/2025\/05\/IMG_20250518_151047-scaled.jpg?fit=566%2C1024&amp;ssl=1\" src=\"https:\/\/i0.wp.com\/www.altimara.eu\/blog\/wp-content\/uploads\/2025\/05\/IMG_20250518_151047.jpg?resize=566%2C1024&#038;ssl=1\" alt=\"\" class=\"wp-image-4609\" srcset=\"https:\/\/i0.wp.com\/www.altimara.eu\/blog\/wp-content\/uploads\/2025\/05\/IMG_20250518_151047-scaled.jpg?resize=566%2C1024&amp;ssl=1 566w, https:\/\/i0.wp.com\/www.altimara.eu\/blog\/wp-content\/uploads\/2025\/05\/IMG_20250518_151047-scaled.jpg?resize=166%2C300&amp;ssl=1 166w, https:\/\/i0.wp.com\/www.altimara.eu\/blog\/wp-content\/uploads\/2025\/05\/IMG_20250518_151047-scaled.jpg?resize=768%2C1390&amp;ssl=1 768w, https:\/\/i0.wp.com\/www.altimara.eu\/blog\/wp-content\/uploads\/2025\/05\/IMG_20250518_151047-scaled.jpg?resize=848%2C1536&amp;ssl=1 848w, https:\/\/i0.wp.com\/www.altimara.eu\/blog\/wp-content\/uploads\/2025\/05\/IMG_20250518_151047-scaled.jpg?resize=1131%2C2048&amp;ssl=1 1131w, https:\/\/i0.wp.com\/www.altimara.eu\/blog\/wp-content\/uploads\/2025\/05\/IMG_20250518_151047-scaled.jpg?w=1414&amp;ssl=1 1414w, https:\/\/i0.wp.com\/www.altimara.eu\/blog\/wp-content\/uploads\/2025\/05\/IMG_20250518_151047-scaled.jpg?w=1254&amp;ssl=1 1254w\" sizes=\"auto, (max-width: 566px) 100vw, 566px\" \/><\/figure>\n<\/div>\n\n\n<p>Une belle manifestation qui montre combien le vignoble et la garrigue sont intimement li\u00e9s dans notre environnement. Une sorte de retour aux sources pour moi avec le souvenir de notre grande manifestation \u00e0 Sainte-Croix, Lo Gabel (Taille de la vigne et patrimoine vernaculaire), il y a 25 ans, o\u00f9 j&rsquo;ai rencontr\u00e9 Louis qui m&rsquo;avait initi\u00e9 aux savoir faire des charbonniers.<\/p>\n\n\n\n<p>Merci \u00e0 toutes et tous, celles et ceux du Ch\u00e2teau de Lancyre, les nombreux b\u00e9n\u00e9voles qui ont particip\u00e9 et un sp\u00e9cial merci \u00e0 Chlo\u00e9 pour son interface amicale.<\/p>\n\n\n\n<p><a href=\"https:\/\/www.chateaulancyre-laboutique.com\" target=\"_blank\" rel=\"noreferrer noopener\">https:\/\/www.chateaulancyre-laboutique.com<\/a><\/p>\n\n\n\n<p><\/p>\n","protected":false},"excerpt":{"rendered":"<p>Deux jours pass\u00e9s au milieu d&rsquo;un vignoble du Pic-St-Loup au domaine de Lancyre pour pr\u00e9senter l&rsquo;activit\u00e9 charbonni\u00e8re de nos garrigues. Un pur plaisir \u00e0 la fois par le site, les rencontres et l&rsquo;exceptionnelle qualit\u00e9 de l&rsquo;\u00e9quipe du Ch\u00e2teau de Lancyre. Christel et R\u00e9gis Valentin, les heureux propri\u00e9taires de ce vignoble, nous ont accueilli avec une [&hellip;]<\/p>\n","protected":false},"author":3,"featured_media":0,"comment_status":"open","ping_status":"open","sticky":false,"template":"","format":"standard","meta":{"ngg_post_thumbnail":0,"jetpack_post_was_ever_published":false,"_jetpack_newsletter_access":"","_jetpack_dont_email_post_to_subs":false,"_jetpack_newsletter_tier_id":0,"_jetpack_memberships_contains_paywalled_content":false,"_jetpack_memberships_contains_paid_content":false,"footnotes":"","jetpack_publicize_message":"","jetpack_publicize_feature_enabled":true,"jetpack_social_post_already_shared":true,"jetpack_social_options":{"image_generator_settings":{"template":"highway","default_image_id":0,"font":"","enabled":false},"version":2}},"categories":[65,6,37],"tags":[12,18],"class_list":["post-4604","post","type-post","status-publish","format-standard","hentry","category-mes-charbonnieres","category-charbon-de-bois-carbon-art","category-evenementiel","tag-charbonniere","tag-garrigue"],"jetpack_publicize_connections":[],"jetpack_featured_media_url":"","jetpack_shortlink":"https:\/\/wp.me\/p4r91c-1cg","jetpack_sharing_enabled":true,"jetpack-related-posts":[{"id":3851,"url":"https:\/\/www.altimara.eu\/blog\/2022\/05\/12\/balade-vigneronne\/","url_meta":{"origin":4604,"position":0},"title":"Balade vigneronne","author":"Martiou","date":"12 mai 2022","format":false,"excerpt":"Samedi 15 et dimanche matin 16 rendez-vous sur le parcours de d\u00e9couverte du vignoble du domaine de Lancyre \u00e0 Valflaun\u00e8s. Je serai sur l'emplacement d'une ancienne loge charbonni\u00e8re pour parler de ce beau m\u00e9tier. Ce vendredi avec mes deux stagiaires nous allons monter une meule sur cet emplacement. D\u00e9gustation et\u2026","rel":"","context":"Dans &quot;Non class\u00e9&quot;","block_context":{"text":"Non class\u00e9","link":"https:\/\/www.altimara.eu\/blog\/category\/non-classe\/"},"img":{"alt_text":"","src":"https:\/\/i0.wp.com\/www.altimara.eu\/blog\/wp-content\/uploads\/2022\/05\/Capture-de%CC%81cran-2022-05-12-a%CC%80-12.54.32.jpg?resize=350%2C200&ssl=1","width":350,"height":200},"classes":[]},{"id":3855,"url":"https:\/\/www.altimara.eu\/blog\/2022\/05\/15\/charbonniere-vigneronne\/","url_meta":{"origin":4604,"position":1},"title":"Charbonni\u00e8re vigneronne","author":"Martiou","date":"15 mai 2022","format":false,"excerpt":"De tr\u00e8s bons moments dans un environnement superbe au milieu des vignes du Ch\u00e2teau de Lancyre et face au Pic-St-Loup. Les visiteurs avaient un parcours au travers des vignes et de la garrigue. J'\u00e9tais post\u00e9 dans une ancienne charbonni\u00e8re, au sommet d'une colline avec de la Syrah et du Carignan\u2026","rel":"","context":"Dans &quot;0- MES CHARBONNI\u00c8RES&quot;","block_context":{"text":"0- MES CHARBONNI\u00c8RES","link":"https:\/\/www.altimara.eu\/blog\/category\/mes-charbonnieres\/"},"img":{"alt_text":"","src":"https:\/\/i0.wp.com\/www.altimara.eu\/blog\/wp-content\/uploads\/2022\/05\/IMG_20220515_102518.jpg?resize=350%2C200&ssl=1","width":350,"height":200,"srcset":"https:\/\/i0.wp.com\/www.altimara.eu\/blog\/wp-content\/uploads\/2022\/05\/IMG_20220515_102518.jpg?resize=350%2C200&ssl=1 1x, https:\/\/i0.wp.com\/www.altimara.eu\/blog\/wp-content\/uploads\/2022\/05\/IMG_20220515_102518.jpg?resize=525%2C300&ssl=1 1.5x, https:\/\/i0.wp.com\/www.altimara.eu\/blog\/wp-content\/uploads\/2022\/05\/IMG_20220515_102518.jpg?resize=700%2C400&ssl=1 2x, https:\/\/i0.wp.com\/www.altimara.eu\/blog\/wp-content\/uploads\/2022\/05\/IMG_20220515_102518.jpg?resize=1050%2C600&ssl=1 3x, https:\/\/i0.wp.com\/www.altimara.eu\/blog\/wp-content\/uploads\/2022\/05\/IMG_20220515_102518.jpg?resize=1400%2C800&ssl=1 4x"},"classes":[]},{"id":4588,"url":"https:\/\/www.altimara.eu\/blog\/2025\/05\/05\/charbonniere-et-vin\/","url_meta":{"origin":4604,"position":2},"title":"Charbonni\u00e8re et vin","author":"Martiou","date":"5 mai 2025","format":false,"excerpt":"Cette ann\u00e9e j'ai \u00e0 nouveau l'occasion d'animer un stand charbonni\u00e8re lors de la f\u00eate du Ch\u00e2teau Lancyre, domaine viticole Pic-St-Loup. Samedi 17 mai et dimanche 18 mai. De 10h30 \u00e0 15 h. Un magnifique parcours entre vignes et garrigues sous le regard puissant et bienveillant du Pic-St-Loup. Je serai sur\u2026","rel":"","context":"Dans &quot;\u00e9v\u00e9nementiel&quot;","block_context":{"text":"\u00e9v\u00e9nementiel","link":"https:\/\/www.altimara.eu\/blog\/category\/evenementiel\/"},"img":{"alt_text":"","src":"https:\/\/i0.wp.com\/www.altimara.eu\/blog\/wp-content\/uploads\/2025\/05\/Capture-decran-2025-05-05-a-18.47.52.jpg?resize=350%2C200&ssl=1","width":350,"height":200},"classes":[]},{"id":3318,"url":"https:\/\/www.altimara.eu\/blog\/2020\/04\/14\/et-au-debut-etait-une-charbonniere\/","url_meta":{"origin":4604,"position":3},"title":"Et au d\u00e9but \u00e9tait une charbonni\u00e8re","author":"Martiou","date":"14 avril 2020","format":false,"excerpt":"Louis Salvi a \u00e9t\u00e9 mon maitre charbonnier, c'est gr\u00e2ce \u00e0 lui que j'ai pu acqu\u00e9rir ce savoir faire. C'\u00e9tait lors d'un beau printemps... Une petite histoire: \" il \u00e9tait une fois une magnifique manifestation dans le village de Sainte-Croix-de-Quintillargues. Tous les ans, les dynamiques b\u00e9n\u00e9voles, autant de femmes que d'hommes,\u2026","rel":"","context":"Dans &quot;Charbon de bois&quot;","block_context":{"text":"Charbon de bois","link":"https:\/\/www.altimara.eu\/blog\/category\/charbon-de-bois-carbon-art\/"},"img":{"alt_text":"","src":"https:\/\/i0.wp.com\/www.altimara.eu\/blog\/wp-content\/uploads\/2020\/04\/Louis-charbon.jpg?resize=350%2C200&ssl=1","width":350,"height":200,"srcset":"https:\/\/i0.wp.com\/www.altimara.eu\/blog\/wp-content\/uploads\/2020\/04\/Louis-charbon.jpg?resize=350%2C200&ssl=1 1x, https:\/\/i0.wp.com\/www.altimara.eu\/blog\/wp-content\/uploads\/2020\/04\/Louis-charbon.jpg?resize=525%2C300&ssl=1 1.5x, https:\/\/i0.wp.com\/www.altimara.eu\/blog\/wp-content\/uploads\/2020\/04\/Louis-charbon.jpg?resize=700%2C400&ssl=1 2x"},"classes":[]},{"id":4582,"url":"https:\/\/www.altimara.eu\/blog\/2025\/04\/18\/chez-jean-2025\/","url_meta":{"origin":4604,"position":4},"title":"Chez Jean 2025","author":"Martiou","date":"18 avril 2025","format":false,"excerpt":"Jean continue son festival charbonni\u00e8re avec son \u00e9quipe de martelleurs qu'on appelle des forgerons voir des m\u00e9tallurgistes ! En tout cas c'est toujours chouette et sympathique. La charbonni\u00e8re reste le point central des animations. Jean se lance dans la cuisson en four m\u00e9tallique. Nous passerons les voir dans la semaine.\u2026","rel":"","context":"Dans &quot;charbonnier en france&quot;","block_context":{"text":"charbonnier en france","link":"https:\/\/www.altimara.eu\/blog\/category\/charbonnier-en-france\/"},"img":{"alt_text":"","src":"https:\/\/i0.wp.com\/www.altimara.eu\/blog\/wp-content\/uploads\/2025\/04\/Affiche-2025-v2.jpg?resize=350%2C200&ssl=1","width":350,"height":200,"srcset":"https:\/\/i0.wp.com\/www.altimara.eu\/blog\/wp-content\/uploads\/2025\/04\/Affiche-2025-v2.jpg?resize=350%2C200&ssl=1 1x, https:\/\/i0.wp.com\/www.altimara.eu\/blog\/wp-content\/uploads\/2025\/04\/Affiche-2025-v2.jpg?resize=525%2C300&ssl=1 1.5x, https:\/\/i0.wp.com\/www.altimara.eu\/blog\/wp-content\/uploads\/2025\/04\/Affiche-2025-v2.jpg?resize=700%2C400&ssl=1 2x"},"classes":[]},{"id":3057,"url":"https:\/\/www.altimara.eu\/blog\/2019\/04\/30\/charbonniere-a-caveirac-suite\/","url_meta":{"origin":4604,"position":5},"title":"Charbonni\u00e8re \u00e0 Caveirac, suite","author":"Martiou","date":"30 avril 2019","format":false,"excerpt":"Le site en garrigue de la colline de St Roch \u00e0 Caveirac est tr\u00e8s plaisant et magnifiquement mis en valeur par l'association Pierre S\u00e8che et Garrigue pr\u00e9sid\u00e9e par Andr\u00e9 Calvini. L'allumage, un moment important. J'ai pass\u00e9 l\u00e0 3 jours agr\u00e9ables, dans ce lieu de capitelles magnifiques, avec les membres de\u2026","rel":"","context":"Dans &quot;Charbon de bois&quot;","block_context":{"text":"Charbon de bois","link":"https:\/\/www.altimara.eu\/blog\/category\/charbon-de-bois-carbon-art\/"},"img":{"alt_text":"","src":"https:\/\/i0.wp.com\/www.altimara.eu\/blog\/wp-content\/uploads\/2019\/04\/MAR9571.jpg?resize=350%2C200&ssl=1","width":350,"height":200,"srcset":"https:\/\/i0.wp.com\/www.altimara.eu\/blog\/wp-content\/uploads\/2019\/04\/MAR9571.jpg?resize=350%2C200&ssl=1 1x, https:\/\/i0.wp.com\/www.altimara.eu\/blog\/wp-content\/uploads\/2019\/04\/MAR9571.jpg?resize=525%2C300&ssl=1 1.5x"},"classes":[]}],"_links":{"self":[{"href":"https:\/\/www.altimara.eu\/blog\/wp-json\/wp\/v2\/posts\/4604","targetHints":{"allow":["GET"]}}],"collection":[{"href":"https:\/\/www.altimara.eu\/blog\/wp-json\/wp\/v2\/posts"}],"about":[{"href":"https:\/\/www.altimara.eu\/blog\/wp-json\/wp\/v2\/types\/post"}],"author":[{"embeddable":true,"href":"https:\/\/www.altimara.eu\/blog\/wp-json\/wp\/v2\/users\/3"}],"replies":[{"embeddable":true,"href":"https:\/\/www.altimara.eu\/blog\/wp-json\/wp\/v2\/comments?post=4604"}],"version-history":[{"count":0,"href":"https:\/\/www.altimara.eu\/blog\/wp-json\/wp\/v2\/posts\/4604\/revisions"}],"wp:attachment":[{"href":"https:\/\/www.altimara.eu\/blog\/wp-json\/wp\/v2\/media?parent=4604"}],"wp:term":[{"taxonomy":"category","embeddable":true,"href":"https:\/\/www.altimara.eu\/blog\/wp-json\/wp\/v2\/categories?post=4604"},{"taxonomy":"post_tag","embeddable":true,"href":"https:\/\/www.altimara.eu\/blog\/wp-json\/wp\/v2\/tags?post=4604"}],"curies":[{"name":"wp","href":"https:\/\/api.w.org\/{rel}","templated":true}]}}