{"id":4597,"date":"2025-05-15T18:18:16","date_gmt":"2025-05-15T17:18:16","guid":{"rendered":"https:\/\/www.altimara.eu\/blog\/?p=4597"},"modified":"2025-05-15T18:18:16","modified_gmt":"2025-05-15T17:18:16","slug":"jean-xxv","status":"publish","type":"post","link":"https:\/\/www.altimara.eu\/blog\/2025\/05\/15\/jean-xxv\/","title":{"rendered":"Jean XXV"},"content":{"rendered":"\n<p>De la fum\u00e9e blanche dans tous les coins, fum\u00e9es non papales, habemus Carbonisarius.<\/p>\n\n\n<div class=\"wp-block-image\">\n<figure class=\"aligncenter size-large\"><img data-recalc-dims=\"1\" loading=\"lazy\" decoding=\"async\" width=\"582\" height=\"1024\" data-attachment-id=\"4602\" data-permalink=\"https:\/\/www.altimara.eu\/blog\/2025\/05\/15\/jean-xxv\/img_20250514_155526\/\" data-orig-file=\"https:\/\/i0.wp.com\/www.altimara.eu\/blog\/wp-content\/uploads\/2025\/05\/IMG_20250514_155526-scaled.jpg?fit=1454%2C2560&amp;ssl=1\" data-orig-size=\"1454,2560\" data-comments-opened=\"1\" data-image-meta=\"{&quot;aperture&quot;:&quot;1.8&quot;,&quot;credit&quot;:&quot;Martial Acquarone&quot;,&quot;camera&quot;:&quot;M2003J15SC&quot;,&quot;caption&quot;:&quot;&quot;,&quot;created_timestamp&quot;:&quot;1747238128&quot;,&quot;copyright&quot;:&quot;CC BY-SA 4.0&quot;,&quot;focal_length&quot;:&quot;4.74&quot;,&quot;iso&quot;:&quot;103&quot;,&quot;shutter_speed&quot;:&quot;0.00058823529411765&quot;,&quot;title&quot;:&quot;&quot;,&quot;orientation&quot;:&quot;0&quot;}\" data-image-title=\"IMG_20250514_155526\" data-image-description=\"\" data-image-caption=\"\" data-large-file=\"https:\/\/i0.wp.com\/www.altimara.eu\/blog\/wp-content\/uploads\/2025\/05\/IMG_20250514_155526-scaled.jpg?fit=582%2C1024&amp;ssl=1\" src=\"https:\/\/i0.wp.com\/www.altimara.eu\/blog\/wp-content\/uploads\/2025\/05\/IMG_20250514_155526.jpg?resize=582%2C1024&#038;ssl=1\" alt=\"\" class=\"wp-image-4602\" srcset=\"https:\/\/i0.wp.com\/www.altimara.eu\/blog\/wp-content\/uploads\/2025\/05\/IMG_20250514_155526-scaled.jpg?resize=582%2C1024&amp;ssl=1 582w, https:\/\/i0.wp.com\/www.altimara.eu\/blog\/wp-content\/uploads\/2025\/05\/IMG_20250514_155526-scaled.jpg?resize=170%2C300&amp;ssl=1 170w, https:\/\/i0.wp.com\/www.altimara.eu\/blog\/wp-content\/uploads\/2025\/05\/IMG_20250514_155526-scaled.jpg?resize=768%2C1352&amp;ssl=1 768w, https:\/\/i0.wp.com\/www.altimara.eu\/blog\/wp-content\/uploads\/2025\/05\/IMG_20250514_155526-scaled.jpg?resize=872%2C1536&amp;ssl=1 872w, https:\/\/i0.wp.com\/www.altimara.eu\/blog\/wp-content\/uploads\/2025\/05\/IMG_20250514_155526-scaled.jpg?resize=1163%2C2048&amp;ssl=1 1163w, https:\/\/i0.wp.com\/www.altimara.eu\/blog\/wp-content\/uploads\/2025\/05\/IMG_20250514_155526-scaled.jpg?w=1454&amp;ssl=1 1454w, https:\/\/i0.wp.com\/www.altimara.eu\/blog\/wp-content\/uploads\/2025\/05\/IMG_20250514_155526-scaled.jpg?w=1254&amp;ssl=1 1254w\" sizes=\"auto, (max-width: 582px) 100vw, 582px\" \/><figcaption class=\"wp-element-caption\">Santa Laura Carbonia<\/figcaption><\/figure>\n<\/div>\n\n\n<p>Finalement c&rsquo;est curieux de voir que pour faire un charbon tr\u00e8s noir on produit d&rsquo;\u00e9normes quantit\u00e9s de fum\u00e9es blanches. Fum\u00e9es qui jaunissent puis donnent un superbe bleu digne des \u0153uvres de Van Gogh.<\/p>\n\n\n<div class=\"wp-block-image\">\n<figure class=\"aligncenter size-large\"><img data-recalc-dims=\"1\" loading=\"lazy\" decoding=\"async\" width=\"627\" height=\"418\" data-attachment-id=\"4599\" data-permalink=\"https:\/\/www.altimara.eu\/blog\/2025\/05\/15\/jean-xxv\/ma5_5942\/\" data-orig-file=\"https:\/\/i0.wp.com\/www.altimara.eu\/blog\/wp-content\/uploads\/2025\/05\/MA5_5942-scaled.jpg?fit=2560%2C1707&amp;ssl=1\" data-orig-size=\"2560,1707\" data-comments-opened=\"1\" data-image-meta=\"{&quot;aperture&quot;:&quot;10&quot;,&quot;credit&quot;:&quot;Martial Acquarone&quot;,&quot;camera&quot;:&quot;NIKON D850&quot;,&quot;caption&quot;:&quot;&quot;,&quot;created_timestamp&quot;:&quot;1747233874&quot;,&quot;copyright&quot;:&quot;CC BY-SA 4.0&quot;,&quot;focal_length&quot;:&quot;70&quot;,&quot;iso&quot;:&quot;500&quot;,&quot;shutter_speed&quot;:&quot;0.001&quot;,&quot;title&quot;:&quot;&quot;,&quot;orientation&quot;:&quot;0&quot;}\" data-image-title=\"MA5_5942\" data-image-description=\"\" data-image-caption=\"\" data-large-file=\"https:\/\/i0.wp.com\/www.altimara.eu\/blog\/wp-content\/uploads\/2025\/05\/MA5_5942-scaled.jpg?fit=627%2C418&amp;ssl=1\" src=\"https:\/\/i0.wp.com\/www.altimara.eu\/blog\/wp-content\/uploads\/2025\/05\/MA5_5942.jpg?resize=627%2C418&#038;ssl=1\" alt=\"\" class=\"wp-image-4599\" srcset=\"https:\/\/i0.wp.com\/www.altimara.eu\/blog\/wp-content\/uploads\/2025\/05\/MA5_5942-scaled.jpg?resize=1024%2C683&amp;ssl=1 1024w, https:\/\/i0.wp.com\/www.altimara.eu\/blog\/wp-content\/uploads\/2025\/05\/MA5_5942-scaled.jpg?resize=300%2C200&amp;ssl=1 300w, https:\/\/i0.wp.com\/www.altimara.eu\/blog\/wp-content\/uploads\/2025\/05\/MA5_5942-scaled.jpg?resize=768%2C512&amp;ssl=1 768w, https:\/\/i0.wp.com\/www.altimara.eu\/blog\/wp-content\/uploads\/2025\/05\/MA5_5942-scaled.jpg?resize=1536%2C1024&amp;ssl=1 1536w, https:\/\/i0.wp.com\/www.altimara.eu\/blog\/wp-content\/uploads\/2025\/05\/MA5_5942-scaled.jpg?resize=2048%2C1366&amp;ssl=1 2048w, https:\/\/i0.wp.com\/www.altimara.eu\/blog\/wp-content\/uploads\/2025\/05\/MA5_5942-scaled.jpg?w=1254&amp;ssl=1 1254w, https:\/\/i0.wp.com\/www.altimara.eu\/blog\/wp-content\/uploads\/2025\/05\/MA5_5942-scaled.jpg?w=1881&amp;ssl=1 1881w\" sizes=\"auto, (max-width: 627px) 100vw, 627px\" \/><\/figure>\n<\/div>\n\n\n<p>Jean et sa troupe s&rsquo;activent dans ce mazet borie, on dirait <em>capitelle<\/em> ici, encore une fois en ce mois de mai comme chaque ann\u00e9e. La fabrique \u00e0 charbon tourne et les enclumes tintent.<\/p>\n\n\n<div class=\"wp-block-image\">\n<figure class=\"aligncenter size-large\"><img data-recalc-dims=\"1\" loading=\"lazy\" decoding=\"async\" width=\"548\" height=\"1024\" data-attachment-id=\"4598\" data-permalink=\"https:\/\/www.altimara.eu\/blog\/2025\/05\/15\/jean-xxv\/img_20250513_155126\/\" data-orig-file=\"https:\/\/i0.wp.com\/www.altimara.eu\/blog\/wp-content\/uploads\/2025\/05\/IMG_20250513_155126-scaled.jpg?fit=1370%2C2560&amp;ssl=1\" data-orig-size=\"1370,2560\" data-comments-opened=\"1\" data-image-meta=\"{&quot;aperture&quot;:&quot;1.8&quot;,&quot;credit&quot;:&quot;Martial Acquarone&quot;,&quot;camera&quot;:&quot;M2003J15SC&quot;,&quot;caption&quot;:&quot;&quot;,&quot;created_timestamp&quot;:&quot;1747151488&quot;,&quot;copyright&quot;:&quot;CC BY-SA 4.0&quot;,&quot;focal_length&quot;:&quot;4.74&quot;,&quot;iso&quot;:&quot;106&quot;,&quot;shutter_speed&quot;:&quot;0.0013333333333333&quot;,&quot;title&quot;:&quot;&quot;,&quot;orientation&quot;:&quot;0&quot;}\" data-image-title=\"IMG_20250513_155126\" data-image-description=\"\" data-image-caption=\"\" data-large-file=\"https:\/\/i0.wp.com\/www.altimara.eu\/blog\/wp-content\/uploads\/2025\/05\/IMG_20250513_155126-scaled.jpg?fit=548%2C1024&amp;ssl=1\" src=\"https:\/\/i0.wp.com\/www.altimara.eu\/blog\/wp-content\/uploads\/2025\/05\/IMG_20250513_155126.jpg?resize=548%2C1024&#038;ssl=1\" alt=\"\" class=\"wp-image-4598\" srcset=\"https:\/\/i0.wp.com\/www.altimara.eu\/blog\/wp-content\/uploads\/2025\/05\/IMG_20250513_155126-scaled.jpg?resize=548%2C1024&amp;ssl=1 548w, https:\/\/i0.wp.com\/www.altimara.eu\/blog\/wp-content\/uploads\/2025\/05\/IMG_20250513_155126-scaled.jpg?resize=161%2C300&amp;ssl=1 161w, https:\/\/i0.wp.com\/www.altimara.eu\/blog\/wp-content\/uploads\/2025\/05\/IMG_20250513_155126-scaled.jpg?resize=768%2C1435&amp;ssl=1 768w, https:\/\/i0.wp.com\/www.altimara.eu\/blog\/wp-content\/uploads\/2025\/05\/IMG_20250513_155126-scaled.jpg?resize=822%2C1536&amp;ssl=1 822w, https:\/\/i0.wp.com\/www.altimara.eu\/blog\/wp-content\/uploads\/2025\/05\/IMG_20250513_155126-scaled.jpg?resize=1096%2C2048&amp;ssl=1 1096w, https:\/\/i0.wp.com\/www.altimara.eu\/blog\/wp-content\/uploads\/2025\/05\/IMG_20250513_155126-scaled.jpg?w=1370&amp;ssl=1 1370w, https:\/\/i0.wp.com\/www.altimara.eu\/blog\/wp-content\/uploads\/2025\/05\/IMG_20250513_155126-scaled.jpg?w=1254&amp;ssl=1 1254w\" sizes=\"auto, (max-width: 548px) 100vw, 548px\" \/><figcaption class=\"wp-element-caption\">Le festival de Canne sans les marches.<\/figcaption><\/figure>\n<\/div>\n\n\n<p>La nouveaut\u00e9 est un four en fer a 4 chemin\u00e9es comme en 40. Jean et un pote \u00e0 lui ont r\u00e9ussi a confectionner ce mignon four, la chaudi\u00e8re \u00e0 Jean. Et on ne peut m\u00eame pas lui donner comme petit nom car c&rsquo;est son nom de famille \u00e0 Jean (Comprenne qui voudra).<\/p>\n\n\n<div class=\"wp-block-image\">\n<figure class=\"aligncenter size-large\"><img data-recalc-dims=\"1\" loading=\"lazy\" decoding=\"async\" width=\"627\" height=\"418\" data-attachment-id=\"4600\" data-permalink=\"https:\/\/www.altimara.eu\/blog\/2025\/05\/15\/jean-xxv\/ma5_5917\/\" data-orig-file=\"https:\/\/i0.wp.com\/www.altimara.eu\/blog\/wp-content\/uploads\/2025\/05\/MA5_5917-scaled.jpg?fit=2560%2C1707&amp;ssl=1\" data-orig-size=\"2560,1707\" data-comments-opened=\"1\" data-image-meta=\"{&quot;aperture&quot;:&quot;5.6&quot;,&quot;credit&quot;:&quot;Martial Acquarone&quot;,&quot;camera&quot;:&quot;NIKON D850&quot;,&quot;caption&quot;:&quot;&quot;,&quot;created_timestamp&quot;:&quot;1747067818&quot;,&quot;copyright&quot;:&quot;CC BY-SA 4.0&quot;,&quot;focal_length&quot;:&quot;60&quot;,&quot;iso&quot;:&quot;640&quot;,&quot;shutter_speed&quot;:&quot;0.000125&quot;,&quot;title&quot;:&quot;&quot;,&quot;orientation&quot;:&quot;0&quot;}\" data-image-title=\"MA5_5917\" data-image-description=\"\" data-image-caption=\"\" data-large-file=\"https:\/\/i0.wp.com\/www.altimara.eu\/blog\/wp-content\/uploads\/2025\/05\/MA5_5917-scaled.jpg?fit=627%2C418&amp;ssl=1\" src=\"https:\/\/i0.wp.com\/www.altimara.eu\/blog\/wp-content\/uploads\/2025\/05\/MA5_5917.jpg?resize=627%2C418&#038;ssl=1\" alt=\"\" class=\"wp-image-4600\" srcset=\"https:\/\/i0.wp.com\/www.altimara.eu\/blog\/wp-content\/uploads\/2025\/05\/MA5_5917-scaled.jpg?resize=1024%2C683&amp;ssl=1 1024w, https:\/\/i0.wp.com\/www.altimara.eu\/blog\/wp-content\/uploads\/2025\/05\/MA5_5917-scaled.jpg?resize=300%2C200&amp;ssl=1 300w, https:\/\/i0.wp.com\/www.altimara.eu\/blog\/wp-content\/uploads\/2025\/05\/MA5_5917-scaled.jpg?resize=768%2C512&amp;ssl=1 768w, https:\/\/i0.wp.com\/www.altimara.eu\/blog\/wp-content\/uploads\/2025\/05\/MA5_5917-scaled.jpg?resize=1536%2C1024&amp;ssl=1 1536w, https:\/\/i0.wp.com\/www.altimara.eu\/blog\/wp-content\/uploads\/2025\/05\/MA5_5917-scaled.jpg?resize=2048%2C1366&amp;ssl=1 2048w, https:\/\/i0.wp.com\/www.altimara.eu\/blog\/wp-content\/uploads\/2025\/05\/MA5_5917-scaled.jpg?w=1254&amp;ssl=1 1254w, https:\/\/i0.wp.com\/www.altimara.eu\/blog\/wp-content\/uploads\/2025\/05\/MA5_5917-scaled.jpg?w=1881&amp;ssl=1 1881w\" sizes=\"auto, (max-width: 627px) 100vw, 627px\" \/><\/figure>\n<\/div>\n\n\n<p>La meule \u00e0 un belle forme de tortue \u00e0 \u00e9cailles. Un peu comme un soufflet aussi qui c&rsquo;est aplati sur un cot\u00e9. Quand l&rsquo;impr\u00e9vu tue la routine faut trouver des solutions, l&rsquo;art est complexe celui du charbonnier sans fin.<\/p>\n\n\n\n<figure class=\"wp-block-image size-large\"><img data-recalc-dims=\"1\" loading=\"lazy\" decoding=\"async\" width=\"627\" height=\"339\" data-attachment-id=\"4601\" data-permalink=\"https:\/\/www.altimara.eu\/blog\/2025\/05\/15\/jean-xxv\/img_20250512_173218\/\" data-orig-file=\"https:\/\/i0.wp.com\/www.altimara.eu\/blog\/wp-content\/uploads\/2025\/05\/IMG_20250512_173218-scaled.jpg?fit=2560%2C1386&amp;ssl=1\" data-orig-size=\"2560,1386\" data-comments-opened=\"1\" data-image-meta=\"{&quot;aperture&quot;:&quot;1.8&quot;,&quot;credit&quot;:&quot;Martial Acquarone&quot;,&quot;camera&quot;:&quot;M2003J15SC&quot;,&quot;caption&quot;:&quot;&quot;,&quot;created_timestamp&quot;:&quot;1747071140&quot;,&quot;copyright&quot;:&quot;CC BY-SA 4.0&quot;,&quot;focal_length&quot;:&quot;4.74&quot;,&quot;iso&quot;:&quot;100&quot;,&quot;shutter_speed&quot;:&quot;0.0052631578947368&quot;,&quot;title&quot;:&quot;&quot;,&quot;orientation&quot;:&quot;0&quot;}\" data-image-title=\"IMG_20250512_173218\" data-image-description=\"\" data-image-caption=\"\" data-large-file=\"https:\/\/i0.wp.com\/www.altimara.eu\/blog\/wp-content\/uploads\/2025\/05\/IMG_20250512_173218-scaled.jpg?fit=627%2C339&amp;ssl=1\" src=\"https:\/\/i0.wp.com\/www.altimara.eu\/blog\/wp-content\/uploads\/2025\/05\/IMG_20250512_173218.jpg?resize=627%2C339&#038;ssl=1\" alt=\"\" class=\"wp-image-4601\" srcset=\"https:\/\/i0.wp.com\/www.altimara.eu\/blog\/wp-content\/uploads\/2025\/05\/IMG_20250512_173218-scaled.jpg?resize=1024%2C554&amp;ssl=1 1024w, https:\/\/i0.wp.com\/www.altimara.eu\/blog\/wp-content\/uploads\/2025\/05\/IMG_20250512_173218-scaled.jpg?resize=300%2C162&amp;ssl=1 300w, https:\/\/i0.wp.com\/www.altimara.eu\/blog\/wp-content\/uploads\/2025\/05\/IMG_20250512_173218-scaled.jpg?resize=768%2C416&amp;ssl=1 768w, https:\/\/i0.wp.com\/www.altimara.eu\/blog\/wp-content\/uploads\/2025\/05\/IMG_20250512_173218-scaled.jpg?resize=1536%2C832&amp;ssl=1 1536w, https:\/\/i0.wp.com\/www.altimara.eu\/blog\/wp-content\/uploads\/2025\/05\/IMG_20250512_173218-scaled.jpg?resize=2048%2C1109&amp;ssl=1 2048w, https:\/\/i0.wp.com\/www.altimara.eu\/blog\/wp-content\/uploads\/2025\/05\/IMG_20250512_173218-scaled.jpg?w=1254&amp;ssl=1 1254w, https:\/\/i0.wp.com\/www.altimara.eu\/blog\/wp-content\/uploads\/2025\/05\/IMG_20250512_173218-scaled.jpg?w=1881&amp;ssl=1 1881w\" sizes=\"auto, (max-width: 627px) 100vw, 627px\" \/><\/figure>\n\n\n\n<p>De belles fum\u00e9es, de l&rsquo;activit\u00e9, des innovations, nous sommes pass\u00e9s en spectateur cette fois et certainement que nous aurons des projets pour l&rsquo;ann\u00e9e prochaine.<\/p>\n\n\n\n<p>Merci Anne-Marie et Jean pour votre accueil. Et que la chaudi\u00e8re livre son charbon ! <\/p>\n","protected":false},"excerpt":{"rendered":"<p>De la fum\u00e9e blanche dans tous les coins, fum\u00e9es non papales, habemus Carbonisarius. Finalement c&rsquo;est curieux de voir que pour faire un charbon tr\u00e8s noir on produit d&rsquo;\u00e9normes quantit\u00e9s de fum\u00e9es blanches. Fum\u00e9es qui jaunissent puis donnent un superbe bleu digne des \u0153uvres de Van Gogh. Jean et sa troupe s&rsquo;activent dans ce mazet borie, [&hellip;]<\/p>\n","protected":false},"author":3,"featured_media":0,"comment_status":"open","ping_status":"open","sticky":false,"template":"","format":"standard","meta":{"ngg_post_thumbnail":0,"jetpack_post_was_ever_published":false,"_jetpack_newsletter_access":"","_jetpack_dont_email_post_to_subs":false,"_jetpack_newsletter_tier_id":0,"_jetpack_memberships_contains_paywalled_content":false,"_jetpack_memberships_contains_paid_content":false,"footnotes":"","jetpack_publicize_message":"","jetpack_publicize_feature_enabled":true,"jetpack_social_post_already_shared":true,"jetpack_social_options":{"image_generator_settings":{"template":"highway","default_image_id":0,"font":"","enabled":false},"version":2}},"categories":[6,103,37,147],"tags":[34,12,46],"class_list":["post-4597","post","type-post","status-publish","format-standard","hentry","category-charbon-de-bois-carbon-art","category-charbonnier-en-france","category-evenementiel","category-four-metalliques","tag-charbon-de-bois-carbon-art","tag-charbonniere","tag-four-en-fer"],"jetpack_publicize_connections":[],"jetpack_featured_media_url":"","jetpack_shortlink":"https:\/\/wp.me\/p4r91c-1c9","jetpack_sharing_enabled":true,"jetpack-related-posts":[{"id":2462,"url":"https:\/\/www.altimara.eu\/blog\/2017\/09\/21\/charbonnier-professionnel\/","url_meta":{"origin":4597,"position":0},"title":"Charbonnier professionnel","author":"Martiou","date":"21 septembre 2017","format":false,"excerpt":"A Bourg-St-And\u00e9ol, il y a une entreprise de fabrication de charbon de bois. La cuisson se pratique avec de grands fours en fer. Les cuves sont d'\u00e9normes cloches avec un gros couvercle sur le haut. 4 chemin\u00e9es \u00e9vacuent une \u00e9paisse fum\u00e9e dans un bonne odeur de carbonisation extr\u00eamement forte. Le\u2026","rel":"","context":"Dans &quot;Charbon de bois&quot;","block_context":{"text":"Charbon de bois","link":"https:\/\/www.altimara.eu\/blog\/category\/charbon-de-bois-carbon-art\/"},"img":{"alt_text":"","src":"https:\/\/i0.wp.com\/www.altimara.eu\/blog\/wp-content\/uploads\/2017\/09\/MAR2599.jpg?resize=350%2C200","width":350,"height":200,"srcset":"https:\/\/i0.wp.com\/www.altimara.eu\/blog\/wp-content\/uploads\/2017\/09\/MAR2599.jpg?resize=350%2C200 1x, https:\/\/i0.wp.com\/www.altimara.eu\/blog\/wp-content\/uploads\/2017\/09\/MAR2599.jpg?resize=525%2C300 1.5x"},"classes":[]},{"id":1533,"url":"https:\/\/www.altimara.eu\/blog\/2015\/11\/26\/cop-21\/","url_meta":{"origin":4597,"position":1},"title":"COP 21","author":"Martiou","date":"26 novembre 2015","format":false,"excerpt":"LE CHARBONNIER EST IL UN POLLUEUR? La cuisson d\u2019une charbonni\u00e8re est surtout caract\u00e9ristique par les fum\u00e9es qui s\u2019en d\u00e9gage. Au d\u00e9part, pour l\u2019allumage, de grosses volutes de fum\u00e9es blanches enveloppent la meule et le charbonnier a les yeux qui piquent. Puis c\u2019est la conduite du feu \u00e0 l\u2019int\u00e9rieur de la\u2026","rel":"","context":"Dans &quot;4 Empreinte Carbone&quot;","block_context":{"text":"4 Empreinte Carbone","link":"https:\/\/www.altimara.eu\/blog\/category\/empreinte-cabone\/"},"img":{"alt_text":"cop21-tousensemble_ohhure","src":"https:\/\/i0.wp.com\/www.altimara.eu\/blog\/wp-content\/uploads\/2015\/11\/cop21-tousensemble_ohhure-207x300.jpg?resize=350%2C200","width":350,"height":200},"classes":[]},{"id":3915,"url":"https:\/\/www.altimara.eu\/blog\/2022\/07\/17\/charbonniere-chez-jean-3\/","url_meta":{"origin":4597,"position":2},"title":"Charbonni\u00e8re chez Jean-3","author":"Martiou","date":"17 juillet 2022","format":false,"excerpt":"Jean a r\u00e9cup\u00e9r\u00e9 un four m\u00e9tallique qui vient du jardin ethnobotanique de Rousson dans le Gard. Cette structure ressemble \u00e0 celle des fours utilis\u00e9s pendant la seconde guerre mondiale. Il faut quatre chemin\u00e9es de part et d'autre. Le remplissage est par viroles (caissons) successives, trois dans ce cas. Ensuite on\u2026","rel":"","context":"Dans &quot;Charbon de bois&quot;","block_context":{"text":"Charbon de bois","link":"https:\/\/www.altimara.eu\/blog\/category\/charbon-de-bois-carbon-art\/"},"img":{"alt_text":"","src":"https:\/\/i0.wp.com\/www.altimara.eu\/blog\/wp-content\/uploads\/2022\/07\/MAR9321.jpg?resize=350%2C200&ssl=1","width":350,"height":200,"srcset":"https:\/\/i0.wp.com\/www.altimara.eu\/blog\/wp-content\/uploads\/2022\/07\/MAR9321.jpg?resize=350%2C200&ssl=1 1x, https:\/\/i0.wp.com\/www.altimara.eu\/blog\/wp-content\/uploads\/2022\/07\/MAR9321.jpg?resize=525%2C300&ssl=1 1.5x, https:\/\/i0.wp.com\/www.altimara.eu\/blog\/wp-content\/uploads\/2022\/07\/MAR9321.jpg?resize=700%2C400&ssl=1 2x, https:\/\/i0.wp.com\/www.altimara.eu\/blog\/wp-content\/uploads\/2022\/07\/MAR9321.jpg?resize=1050%2C600&ssl=1 3x, https:\/\/i0.wp.com\/www.altimara.eu\/blog\/wp-content\/uploads\/2022\/07\/MAR9321.jpg?resize=1400%2C800&ssl=1 4x"},"classes":[]},{"id":2006,"url":"https:\/\/www.altimara.eu\/blog\/2016\/09\/21\/festa-del-bosc-2\/","url_meta":{"origin":4597,"position":3},"title":"Festa Del Bosc","author":"Martiou","date":"21 septembre 2016","format":false,"excerpt":"Une manifestation fort sympathique dans les bois de la montagne noire. C'est dans une scierie, celle d'Arno, que la f\u00eate a eu lieu. Une pluie diluvienne avait d\u00e9tremp\u00e9e la terre argileuse et heureusement tous les artisans avait un bon abris dans le hangar. Sauf moi, charbonni\u00e8re oblige. faire du feu\u2026","rel":"","context":"Dans &quot;Charbon de bois&quot;","block_context":{"text":"Charbon de bois","link":"https:\/\/www.altimara.eu\/blog\/category\/charbon-de-bois-carbon-art\/"},"img":{"alt_text":"_mar1409","src":"https:\/\/i0.wp.com\/www.altimara.eu\/blog\/wp-content\/uploads\/2016\/09\/MAR1409.jpg?resize=350%2C200","width":350,"height":200,"srcset":"https:\/\/i0.wp.com\/www.altimara.eu\/blog\/wp-content\/uploads\/2016\/09\/MAR1409.jpg?resize=350%2C200 1x, https:\/\/i0.wp.com\/www.altimara.eu\/blog\/wp-content\/uploads\/2016\/09\/MAR1409.jpg?resize=525%2C300 1.5x, https:\/\/i0.wp.com\/www.altimara.eu\/blog\/wp-content\/uploads\/2016\/09\/MAR1409.jpg?resize=700%2C400 2x"},"classes":[]},{"id":4482,"url":"https:\/\/www.altimara.eu\/blog\/2024\/09\/08\/lupin-is-6-le-resultat\/","url_meta":{"origin":4597,"position":4},"title":"Lupin.is-6, le r\u00e9sultat.","author":"Martiou","date":"8 septembre 2024","format":false,"excerpt":"Projet Ekokolakaka Le volcan Sundhn\u00fakag\u00edgar nous accompagne en cr\u00e9ant un \u00e9pais voile qui enveloppe toute la c\u00f4te sud. Parfois le brouillard se d\u00e9chire et laisse passer des rayons de lumi\u00e8re dans l'atmosph\u00e8re bleue de la fum\u00e9e volcanique. Fum\u00e9e bleue comme celle des charbonni\u00e8res, \u00e9trange ! La qualit\u00e9 de la chemin\u00e9e\u2026","rel":"","context":"Dans &quot;biochar&quot;","block_context":{"text":"biochar","link":"https:\/\/www.altimara.eu\/blog\/category\/charbon-vegetal\/biochar\/"},"img":{"alt_text":"","src":"https:\/\/i0.wp.com\/www.altimara.eu\/blog\/wp-content\/uploads\/2024\/09\/MA5_4922-scaled.jpg?resize=350%2C200&ssl=1","width":350,"height":200,"srcset":"https:\/\/i0.wp.com\/www.altimara.eu\/blog\/wp-content\/uploads\/2024\/09\/MA5_4922-scaled.jpg?resize=350%2C200&ssl=1 1x, https:\/\/i0.wp.com\/www.altimara.eu\/blog\/wp-content\/uploads\/2024\/09\/MA5_4922-scaled.jpg?resize=525%2C300&ssl=1 1.5x, https:\/\/i0.wp.com\/www.altimara.eu\/blog\/wp-content\/uploads\/2024\/09\/MA5_4922-scaled.jpg?resize=700%2C400&ssl=1 2x, https:\/\/i0.wp.com\/www.altimara.eu\/blog\/wp-content\/uploads\/2024\/09\/MA5_4922-scaled.jpg?resize=1050%2C600&ssl=1 3x, https:\/\/i0.wp.com\/www.altimara.eu\/blog\/wp-content\/uploads\/2024\/09\/MA5_4922-scaled.jpg?resize=1400%2C800&ssl=1 4x"},"classes":[]},{"id":2689,"url":"https:\/\/www.altimara.eu\/blog\/2018\/03\/12\/blanchette-la-nuit\/","url_meta":{"origin":4597,"position":5},"title":"Blanchette la nuit","author":"Martiou","date":"12 mars 2018","format":false,"excerpt":"Quand la cuisson de la meule a d\u00e9marr\u00e9, le charbonnier doit veiller sur elle jours et ...nuits. Le danger est l'enflammement par \u00e9croulement de la couche de terre. En effet il y a des tassements et parfois des poches de fragilit\u00e9 qui se forment sous la couverture terreuse. Cette carapace\u2026","rel":"","context":"Dans &quot;Charbon de bois&quot;","block_context":{"text":"Charbon de bois","link":"https:\/\/www.altimara.eu\/blog\/category\/charbon-de-bois-carbon-art\/"},"img":{"alt_text":"","src":"https:\/\/i0.wp.com\/www.altimara.eu\/blog\/wp-content\/uploads\/2018\/03\/MAR6358.jpg?resize=350%2C200&ssl=1","width":350,"height":200,"srcset":"https:\/\/i0.wp.com\/www.altimara.eu\/blog\/wp-content\/uploads\/2018\/03\/MAR6358.jpg?resize=350%2C200&ssl=1 1x, https:\/\/i0.wp.com\/www.altimara.eu\/blog\/wp-content\/uploads\/2018\/03\/MAR6358.jpg?resize=525%2C300&ssl=1 1.5x"},"classes":[]}],"_links":{"self":[{"href":"https:\/\/www.altimara.eu\/blog\/wp-json\/wp\/v2\/posts\/4597","targetHints":{"allow":["GET"]}}],"collection":[{"href":"https:\/\/www.altimara.eu\/blog\/wp-json\/wp\/v2\/posts"}],"about":[{"href":"https:\/\/www.altimara.eu\/blog\/wp-json\/wp\/v2\/types\/post"}],"author":[{"embeddable":true,"href":"https:\/\/www.altimara.eu\/blog\/wp-json\/wp\/v2\/users\/3"}],"replies":[{"embeddable":true,"href":"https:\/\/www.altimara.eu\/blog\/wp-json\/wp\/v2\/comments?post=4597"}],"version-history":[{"count":0,"href":"https:\/\/www.altimara.eu\/blog\/wp-json\/wp\/v2\/posts\/4597\/revisions"}],"wp:attachment":[{"href":"https:\/\/www.altimara.eu\/blog\/wp-json\/wp\/v2\/media?parent=4597"}],"wp:term":[{"taxonomy":"category","embeddable":true,"href":"https:\/\/www.altimara.eu\/blog\/wp-json\/wp\/v2\/categories?post=4597"},{"taxonomy":"post_tag","embeddable":true,"href":"https:\/\/www.altimara.eu\/blog\/wp-json\/wp\/v2\/tags?post=4597"}],"curies":[{"name":"wp","href":"https:\/\/api.w.org\/{rel}","templated":true}]}}