{"id":4588,"date":"2025-05-05T17:59:38","date_gmt":"2025-05-05T16:59:38","guid":{"rendered":"https:\/\/www.altimara.eu\/blog\/?p=4588"},"modified":"2025-05-06T08:39:36","modified_gmt":"2025-05-06T07:39:36","slug":"charbonniere-et-vin","status":"publish","type":"post","link":"https:\/\/www.altimara.eu\/blog\/2025\/05\/05\/charbonniere-et-vin\/","title":{"rendered":"Charbonni\u00e8re et vin"},"content":{"rendered":"\n<p>Cette ann\u00e9e j&rsquo;ai \u00e0 nouveau l&rsquo;occasion d&rsquo;animer un stand charbonni\u00e8re lors de la f\u00eate du Ch\u00e2teau Lancyre, domaine viticole Pic-St-Loup.<\/p>\n\n\n\n<p>Samedi 17 mai et dimanche 18 mai. De 10h30 \u00e0 15 h.<\/p>\n\n\n\n<p>Un magnifique parcours entre vignes et garrigues sous le regard puissant et bienveillant du Pic-St-Loup. Je serai sur une hauteur dans un ancien emplacement d&rsquo;un charbonni\u00e8re et les vestiges de sa cabane.<\/p>\n\n\n<div class=\"wp-block-image\">\n<figure class=\"aligncenter size-full\"><img data-recalc-dims=\"1\" loading=\"lazy\" decoding=\"async\" width=\"424\" height=\"754\" data-attachment-id=\"4589\" data-permalink=\"https:\/\/www.altimara.eu\/blog\/2025\/05\/05\/charbonniere-et-vin\/screenshot-2\/\" data-orig-file=\"https:\/\/i0.wp.com\/www.altimara.eu\/blog\/wp-content\/uploads\/2025\/05\/Capture-decran-2025-05-05-a-18.47.52.jpg?fit=424%2C754&amp;ssl=1\" data-orig-size=\"424,754\" data-comments-opened=\"1\" data-image-meta=\"{&quot;aperture&quot;:&quot;0&quot;,&quot;credit&quot;:&quot;&quot;,&quot;camera&quot;:&quot;&quot;,&quot;caption&quot;:&quot;Screenshot&quot;,&quot;created_timestamp&quot;:&quot;0&quot;,&quot;copyright&quot;:&quot;&quot;,&quot;focal_length&quot;:&quot;0&quot;,&quot;iso&quot;:&quot;0&quot;,&quot;shutter_speed&quot;:&quot;0&quot;,&quot;title&quot;:&quot;Screenshot&quot;,&quot;orientation&quot;:&quot;1&quot;}\" data-image-title=\"Screenshot\" data-image-description=\"\" data-image-caption=\"&lt;p&gt;Screenshot&lt;\/p&gt;\n\" data-large-file=\"https:\/\/i0.wp.com\/www.altimara.eu\/blog\/wp-content\/uploads\/2025\/05\/Capture-decran-2025-05-05-a-18.47.52.jpg?fit=424%2C754&amp;ssl=1\" src=\"https:\/\/i0.wp.com\/www.altimara.eu\/blog\/wp-content\/uploads\/2025\/05\/Capture-decran-2025-05-05-a-18.47.52.jpg?resize=424%2C754&#038;ssl=1\" alt=\"\" class=\"wp-image-4589\" srcset=\"https:\/\/i0.wp.com\/www.altimara.eu\/blog\/wp-content\/uploads\/2025\/05\/Capture-decran-2025-05-05-a-18.47.52.jpg?w=424&amp;ssl=1 424w, https:\/\/i0.wp.com\/www.altimara.eu\/blog\/wp-content\/uploads\/2025\/05\/Capture-decran-2025-05-05-a-18.47.52.jpg?resize=169%2C300&amp;ssl=1 169w\" sizes=\"auto, (max-width: 424px) 100vw, 424px\" \/><figcaption class=\"wp-element-caption\">Screenshot<\/figcaption><\/figure>\n<\/div>\n\n\n<p>Durant ces deux jours, un beau programme vous attend :<\/p>\n\n\n\n<ul class=\"wp-block-list\">\n<li>Muni de votre kit (verre personnalis\u00e9, chapeau aux couleurs de l\u2019\u00e9v\u00e8nement, porte-verre, programme, quizz\u2026) arpentez notre balade oenotouristique de 4.5km, au c\u0153ur de nos vignes avec panneaux th\u00e9matiques&nbsp;<em>(le parcours n\u2019est pas accessible aux personnes \u00e0 mobilit\u00e9 r\u00e9duite ni aux poussettes)<\/em><\/li>\n\n\n\n<li>D\u00e9parts libres de 10h30 \u00e0 15h<\/li>\n\n\n\n<li>Accordez-vous une pause sur nos stands d\u00e9gustation et associez nos vins aux diff\u00e9rents amuse-bouches sal\u00e9s\/sucr\u00e9s. Pour vos enfants, entre autres, des sirops artisanaux seront \u00e0 d\u00e9couvrir \u00e0 l\u2019aveugle<\/li>\n\n\n\n<li>Tout au long du parcours, des animations th\u00e9matiques vous sont propos\u00e9es :\n<ul class=\"wp-block-list\">\n<li>Immersion dans les vignes avec&nbsp;R\u00e9gis et Christel Valentin, vignerons du domaine<\/li>\n\n\n\n<li>Reconstitution et explication d\u2019une charbonni\u00e8re par&nbsp;Martial Acquarone<\/li>\n\n\n\n<li>Visite de la Chapelle d\u2019Aleyrac avec l\u2019Association des Amis de la Chapelle d\u2019Aleyrac <em>(pour toute r\u00e9servation,&nbsp;<\/em><em>1\u20ac sera revers\u00e9 \u00e0 l\u2019Association)<\/em><\/li>\n\n\n\n<li>D\u00e9couverte du monde ol\u00e9icole avec&nbsp;Alice Badoux \u00e0 travers la d\u00e9gustation d\u2019huiles d\u2019olives du Moulin de Villevieille \u00e0 Sommi\u00e8res<\/li>\n\n\n\n<li>D\u00e9gustation de charcuteries de l\u2019\u00e9levage des \u00ab Cochons des garrigues \u00bb de Pompignan en pr\u00e9sence de l\u2019\u00e9l\u00e9veuse Isabelle Alary<\/li>\n\n\n\n<li>Exposition d\u2019aquarelles et peintures \u00e0 l\u2019huile par l&rsquo;artiste Jean-No\u00ebl Le Junter au caveau<\/li>\n<\/ul>\n<\/li>\n\n\n\n<li>Et bien d\u2019autres surprises festives !<\/li>\n<\/ul>\n","protected":false},"excerpt":{"rendered":"<p>Cette ann\u00e9e j&rsquo;ai \u00e0 nouveau l&rsquo;occasion d&rsquo;animer un stand charbonni\u00e8re lors de la f\u00eate du Ch\u00e2teau Lancyre, domaine viticole Pic-St-Loup. Samedi 17 mai et dimanche 18 mai. De 10h30 \u00e0 15 h. Un magnifique parcours entre vignes et garrigues sous le regard puissant et bienveillant du Pic-St-Loup. Je serai sur une hauteur dans un ancien [&hellip;]<\/p>\n","protected":false},"author":3,"featured_media":0,"comment_status":"open","ping_status":"open","sticky":false,"template":"","format":"standard","meta":{"ngg_post_thumbnail":0,"jetpack_post_was_ever_published":false,"_jetpack_newsletter_access":"","_jetpack_dont_email_post_to_subs":false,"_jetpack_newsletter_tier_id":0,"_jetpack_memberships_contains_paywalled_content":false,"_jetpack_memberships_contains_paid_content":false,"footnotes":"","jetpack_publicize_message":"","jetpack_publicize_feature_enabled":true,"jetpack_social_post_already_shared":true,"jetpack_social_options":{"image_generator_settings":{"template":"highway","default_image_id":0,"font":"","enabled":false},"version":2}},"categories":[37],"tags":[12,18],"class_list":["post-4588","post","type-post","status-publish","format-standard","hentry","category-evenementiel","tag-charbonniere","tag-garrigue"],"jetpack_publicize_connections":[],"jetpack_featured_media_url":"","jetpack_shortlink":"https:\/\/wp.me\/p4r91c-1c0","jetpack_sharing_enabled":true,"jetpack-related-posts":[{"id":4007,"url":"https:\/\/www.altimara.eu\/blog\/2023\/04\/19\/charbonniere-a-jean\/","url_meta":{"origin":4588,"position":0},"title":"Charbonni\u00e8re \u00e0 Jean","author":"Martiou","date":"19 avril 2023","format":false,"excerpt":"Mois de mai, mois des charbonni\u00e8res. Pendant que je conduirai la mienne \u00e0 cot\u00e9 du Pic-St-Loup, Jean et son \u00e9quipe auront la leur dans le petit coin de garrigue ard\u00e9choise comme chaque ann\u00e9e. Faites f\u00eate au charbon de bois et aux charbonni\u00e8r-es !","rel":"","context":"Dans &quot;Charbon de bois&quot;","block_context":{"text":"Charbon de bois","link":"https:\/\/www.altimara.eu\/blog\/category\/charbon-de-bois-carbon-art\/"},"img":{"alt_text":"","src":"https:\/\/i0.wp.com\/www.altimara.eu\/blog\/wp-content\/uploads\/2023\/04\/Affiche-Charbonniere-2023_V25.jpg?resize=350%2C200&ssl=1","width":350,"height":200,"srcset":"https:\/\/i0.wp.com\/www.altimara.eu\/blog\/wp-content\/uploads\/2023\/04\/Affiche-Charbonniere-2023_V25.jpg?resize=350%2C200&ssl=1 1x, https:\/\/i0.wp.com\/www.altimara.eu\/blog\/wp-content\/uploads\/2023\/04\/Affiche-Charbonniere-2023_V25.jpg?resize=525%2C300&ssl=1 1.5x, https:\/\/i0.wp.com\/www.altimara.eu\/blog\/wp-content\/uploads\/2023\/04\/Affiche-Charbonniere-2023_V25.jpg?resize=700%2C400&ssl=1 2x, https:\/\/i0.wp.com\/www.altimara.eu\/blog\/wp-content\/uploads\/2023\/04\/Affiche-Charbonniere-2023_V25.jpg?resize=1050%2C600&ssl=1 3x, https:\/\/i0.wp.com\/www.altimara.eu\/blog\/wp-content\/uploads\/2023\/04\/Affiche-Charbonniere-2023_V25.jpg?resize=1400%2C800&ssl=1 4x"},"classes":[]},{"id":3851,"url":"https:\/\/www.altimara.eu\/blog\/2022\/05\/12\/balade-vigneronne\/","url_meta":{"origin":4588,"position":1},"title":"Balade vigneronne","author":"Martiou","date":"12 mai 2022","format":false,"excerpt":"Samedi 15 et dimanche matin 16 rendez-vous sur le parcours de d\u00e9couverte du vignoble du domaine de Lancyre \u00e0 Valflaun\u00e8s. Je serai sur l'emplacement d'une ancienne loge charbonni\u00e8re pour parler de ce beau m\u00e9tier. Ce vendredi avec mes deux stagiaires nous allons monter une meule sur cet emplacement. D\u00e9gustation et\u2026","rel":"","context":"Dans &quot;Non class\u00e9&quot;","block_context":{"text":"Non class\u00e9","link":"https:\/\/www.altimara.eu\/blog\/category\/non-classe\/"},"img":{"alt_text":"","src":"https:\/\/i0.wp.com\/www.altimara.eu\/blog\/wp-content\/uploads\/2022\/05\/Capture-de%CC%81cran-2022-05-12-a%CC%80-12.54.32.jpg?resize=350%2C200&ssl=1","width":350,"height":200},"classes":[]},{"id":527,"url":"https:\/\/www.altimara.eu\/blog\/2014\/02\/04\/la-grande-epic-au-saint-loup\/","url_meta":{"origin":4588,"position":2},"title":"La Grande E[pic] au Saint Loup","author":"Martiou","date":"4 f\u00e9vrier 2014","format":false,"excerpt":"Berta Tarrag\u00f2 , r\u00e9alisatrice de spectacles vivants, m'a demand\u00e9 de participer \u00e0 son prochain \u00e9v\u00e9nement qui va se d\u00e9rouler\u00a0au Pic-St-Loup en octobre 2014. Cette collaboration provient de notre rencontre lors de la visite du Pic que j'ai guid\u00e9 et o\u00f9 nous avons \u00e9chang\u00e9 sur l'histoire locale et les traditions dans\u2026","rel":"","context":"Dans &quot;2 La Grande E[pic] au Saint Loup&quot;","block_context":{"text":"2 La Grande E[pic] au Saint Loup","link":"https:\/\/www.altimara.eu\/blog\/category\/2-la-grande-epic-au-saint-loup\/"},"img":{"alt_text":"_MAC4888","src":"https:\/\/i0.wp.com\/www.altimara.eu\/blog\/wp-content\/uploads\/2014\/02\/mac4888.jpg?resize=350%2C200","width":350,"height":200,"srcset":"https:\/\/i0.wp.com\/www.altimara.eu\/blog\/wp-content\/uploads\/2014\/02\/mac4888.jpg?resize=350%2C200 1x, https:\/\/i0.wp.com\/www.altimara.eu\/blog\/wp-content\/uploads\/2014\/02\/mac4888.jpg?resize=525%2C300 1.5x"},"classes":[]},{"id":654,"url":"https:\/\/www.altimara.eu\/blog\/2014\/02\/18\/festival-des-charbonnieres-4\/","url_meta":{"origin":4588,"position":3},"title":"Festival des charbonni\u00e8res","author":"Martiou","date":"18 f\u00e9vrier 2014","format":false,"excerpt":"Apr\u00e8s les sangliers qui d\u00e9foncent nos am\u00e9nagements, voil\u00e0 que les motos s'y mettent. Deux motards ont r\u00e9solument emprunt\u00e9 les sentiers de l'\u00e9cosite sans se poser de questions. R\u00e9sultats: la destruction d'un certain nombres de marches. De plus des visiteurs ont \u00e9t\u00e9 choqu\u00e9s par leur attitude un peu agressive. Le site\u2026","rel":"","context":"Dans &quot;1 Festival charbonni\u00e8res LO GAROU&quot;","block_context":{"text":"1 Festival charbonni\u00e8res LO GAROU","link":"https:\/\/www.altimara.eu\/blog\/category\/1-festival-charbonnieres-lo-garou\/"},"img":{"alt_text":"titre-noir","src":"https:\/\/i0.wp.com\/www.altimara.eu\/blog\/wp-content\/uploads\/2014\/02\/titre-noir2.jpg?resize=350%2C200","width":350,"height":200},"classes":[]},{"id":3855,"url":"https:\/\/www.altimara.eu\/blog\/2022\/05\/15\/charbonniere-vigneronne\/","url_meta":{"origin":4588,"position":4},"title":"Charbonni\u00e8re vigneronne","author":"Martiou","date":"15 mai 2022","format":false,"excerpt":"De tr\u00e8s bons moments dans un environnement superbe au milieu des vignes du Ch\u00e2teau de Lancyre et face au Pic-St-Loup. Les visiteurs avaient un parcours au travers des vignes et de la garrigue. J'\u00e9tais post\u00e9 dans une ancienne charbonni\u00e8re, au sommet d'une colline avec de la Syrah et du Carignan\u2026","rel":"","context":"Dans &quot;0- MES CHARBONNI\u00c8RES&quot;","block_context":{"text":"0- MES CHARBONNI\u00c8RES","link":"https:\/\/www.altimara.eu\/blog\/category\/mes-charbonnieres\/"},"img":{"alt_text":"","src":"https:\/\/i0.wp.com\/www.altimara.eu\/blog\/wp-content\/uploads\/2022\/05\/IMG_20220515_102518.jpg?resize=350%2C200&ssl=1","width":350,"height":200,"srcset":"https:\/\/i0.wp.com\/www.altimara.eu\/blog\/wp-content\/uploads\/2022\/05\/IMG_20220515_102518.jpg?resize=350%2C200&ssl=1 1x, https:\/\/i0.wp.com\/www.altimara.eu\/blog\/wp-content\/uploads\/2022\/05\/IMG_20220515_102518.jpg?resize=525%2C300&ssl=1 1.5x, https:\/\/i0.wp.com\/www.altimara.eu\/blog\/wp-content\/uploads\/2022\/05\/IMG_20220515_102518.jpg?resize=700%2C400&ssl=1 2x, https:\/\/i0.wp.com\/www.altimara.eu\/blog\/wp-content\/uploads\/2022\/05\/IMG_20220515_102518.jpg?resize=1050%2C600&ssl=1 3x, https:\/\/i0.wp.com\/www.altimara.eu\/blog\/wp-content\/uploads\/2022\/05\/IMG_20220515_102518.jpg?resize=1400%2C800&ssl=1 4x"},"classes":[]},{"id":1607,"url":"https:\/\/www.altimara.eu\/blog\/2016\/01\/25\/inventaire-des-charbonnieres\/","url_meta":{"origin":4588,"position":5},"title":"Inventaire des charbonni\u00e8res","author":"Martiou","date":"25 janvier 2016","format":false,"excerpt":"Nous avons accueilli un groupe d'\u00e9tudiant(e)s de P\u00f4le Sup Montpellier sur l'\u00e9cosite des charbonni\u00e8res de Ste-Croix-De-Quintillargues. Dans leurs\u00a0 formations de gestionnaires et d'animateurs de la nature, la connaissance des savoir faire li\u00e9s aux garrigues est un plus. Nous avons parcouru une partie du site pour d\u00e9couvrir les charbonni\u00e8res mais aussi\u2026","rel":"","context":"Dans &quot;Charbon de bois&quot;","block_context":{"text":"Charbon de bois","link":"https:\/\/www.altimara.eu\/blog\/category\/charbon-de-bois-carbon-art\/"},"img":{"alt_text":"_MAR9025 - copie","src":"https:\/\/i0.wp.com\/www.altimara.eu\/blog\/wp-content\/uploads\/2016\/01\/MAR9025-copie.jpg?resize=350%2C200","width":350,"height":200,"srcset":"https:\/\/i0.wp.com\/www.altimara.eu\/blog\/wp-content\/uploads\/2016\/01\/MAR9025-copie.jpg?resize=350%2C200 1x, https:\/\/i0.wp.com\/www.altimara.eu\/blog\/wp-content\/uploads\/2016\/01\/MAR9025-copie.jpg?resize=525%2C300 1.5x, https:\/\/i0.wp.com\/www.altimara.eu\/blog\/wp-content\/uploads\/2016\/01\/MAR9025-copie.jpg?resize=700%2C400 2x"},"classes":[]}],"_links":{"self":[{"href":"https:\/\/www.altimara.eu\/blog\/wp-json\/wp\/v2\/posts\/4588","targetHints":{"allow":["GET"]}}],"collection":[{"href":"https:\/\/www.altimara.eu\/blog\/wp-json\/wp\/v2\/posts"}],"about":[{"href":"https:\/\/www.altimara.eu\/blog\/wp-json\/wp\/v2\/types\/post"}],"author":[{"embeddable":true,"href":"https:\/\/www.altimara.eu\/blog\/wp-json\/wp\/v2\/users\/3"}],"replies":[{"embeddable":true,"href":"https:\/\/www.altimara.eu\/blog\/wp-json\/wp\/v2\/comments?post=4588"}],"version-history":[{"count":0,"href":"https:\/\/www.altimara.eu\/blog\/wp-json\/wp\/v2\/posts\/4588\/revisions"}],"wp:attachment":[{"href":"https:\/\/www.altimara.eu\/blog\/wp-json\/wp\/v2\/media?parent=4588"}],"wp:term":[{"taxonomy":"category","embeddable":true,"href":"https:\/\/www.altimara.eu\/blog\/wp-json\/wp\/v2\/categories?post=4588"},{"taxonomy":"post_tag","embeddable":true,"href":"https:\/\/www.altimara.eu\/blog\/wp-json\/wp\/v2\/tags?post=4588"}],"curies":[{"name":"wp","href":"https:\/\/api.w.org\/{rel}","templated":true}]}}