{"id":4582,"date":"2025-04-18T13:50:31","date_gmt":"2025-04-18T12:50:31","guid":{"rendered":"https:\/\/www.altimara.eu\/blog\/?p=4582"},"modified":"2025-04-18T13:50:31","modified_gmt":"2025-04-18T12:50:31","slug":"chez-jean-2025","status":"publish","type":"post","link":"https:\/\/www.altimara.eu\/blog\/2025\/04\/18\/chez-jean-2025\/","title":{"rendered":"Chez Jean 2025"},"content":{"rendered":"\n<p>Jean continue son festival charbonni\u00e8re avec son \u00e9quipe de martelleurs qu&rsquo;on appelle des forgerons voir des m\u00e9tallurgistes ! En tout cas c&rsquo;est toujours chouette et sympathique.<\/p>\n\n\n\n<p>La charbonni\u00e8re reste le point central des animations. Jean se lance dans la cuisson en four m\u00e9tallique. Nous passerons les voir dans la semaine. Par contre les 17 et 18 mai j&rsquo;animerai un stand patrimoine charbonni\u00e8re au domaine de Lancyre.<\/p>\n\n\n\n<p>Qu&rsquo;on se le dise !<\/p>\n\n\n<div class=\"wp-block-image\">\n<figure class=\"aligncenter size-full\"><img data-recalc-dims=\"1\" loading=\"lazy\" decoding=\"async\" width=\"627\" height=\"836\" data-attachment-id=\"4585\" data-permalink=\"https:\/\/www.altimara.eu\/blog\/2025\/04\/18\/chez-jean-2025\/affiche-2025-v2\/\" data-orig-file=\"https:\/\/i0.wp.com\/www.altimara.eu\/blog\/wp-content\/uploads\/2025\/04\/Affiche-2025-v2.jpg?fit=756%2C1008&amp;ssl=1\" data-orig-size=\"756,1008\" data-comments-opened=\"1\" data-image-meta=\"{&quot;aperture&quot;:&quot;0&quot;,&quot;credit&quot;:&quot;&quot;,&quot;camera&quot;:&quot;&quot;,&quot;caption&quot;:&quot;&quot;,&quot;created_timestamp&quot;:&quot;0&quot;,&quot;copyright&quot;:&quot;&quot;,&quot;focal_length&quot;:&quot;0&quot;,&quot;iso&quot;:&quot;0&quot;,&quot;shutter_speed&quot;:&quot;0&quot;,&quot;title&quot;:&quot;&quot;,&quot;orientation&quot;:&quot;0&quot;}\" data-image-title=\"Affiche 2025-v2\" data-image-description=\"\" data-image-caption=\"\" data-large-file=\"https:\/\/i0.wp.com\/www.altimara.eu\/blog\/wp-content\/uploads\/2025\/04\/Affiche-2025-v2.jpg?fit=627%2C836&amp;ssl=1\" src=\"https:\/\/i0.wp.com\/www.altimara.eu\/blog\/wp-content\/uploads\/2025\/04\/Affiche-2025-v2.jpg?resize=627%2C836&#038;ssl=1\" alt=\"\" class=\"wp-image-4585\" srcset=\"https:\/\/i0.wp.com\/www.altimara.eu\/blog\/wp-content\/uploads\/2025\/04\/Affiche-2025-v2.jpg?w=756&amp;ssl=1 756w, https:\/\/i0.wp.com\/www.altimara.eu\/blog\/wp-content\/uploads\/2025\/04\/Affiche-2025-v2.jpg?resize=225%2C300&amp;ssl=1 225w\" sizes=\"auto, (max-width: 627px) 100vw, 627px\" \/><\/figure>\n<\/div>","protected":false},"excerpt":{"rendered":"<p>Jean continue son festival charbonni\u00e8re avec son \u00e9quipe de martelleurs qu&rsquo;on appelle des forgerons voir des m\u00e9tallurgistes ! En tout cas c&rsquo;est toujours chouette et sympathique. La charbonni\u00e8re reste le point central des animations. Jean se lance dans la cuisson en four m\u00e9tallique. Nous passerons les voir dans la semaine. Par contre les 17 et [&hellip;]<\/p>\n","protected":false},"author":3,"featured_media":0,"comment_status":"open","ping_status":"open","sticky":false,"template":"","format":"standard","meta":{"ngg_post_thumbnail":0,"jetpack_post_was_ever_published":false,"_jetpack_newsletter_access":"","_jetpack_dont_email_post_to_subs":false,"_jetpack_newsletter_tier_id":0,"_jetpack_memberships_contains_paywalled_content":false,"_jetpack_memberships_contains_paid_content":false,"footnotes":"","jetpack_publicize_message":"","jetpack_publicize_feature_enabled":true,"jetpack_social_post_already_shared":true,"jetpack_social_options":{"image_generator_settings":{"template":"highway","default_image_id":0,"font":"","enabled":false},"version":2}},"categories":[103,37],"tags":[12,18],"class_list":["post-4582","post","type-post","status-publish","format-standard","hentry","category-charbonnier-en-france","category-evenementiel","tag-charbonniere","tag-garrigue"],"jetpack_publicize_connections":[],"jetpack_featured_media_url":"","jetpack_shortlink":"https:\/\/wp.me\/p4r91c-1bU","jetpack_sharing_enabled":true,"jetpack-related-posts":[{"id":1696,"url":"https:\/\/www.altimara.eu\/blog\/2016\/02\/17\/chez-jean-le-charbonnier\/","url_meta":{"origin":4582,"position":0},"title":"Chez Jean le Charbonnier","author":"Martiou","date":"17 f\u00e9vrier 2016","format":false,"excerpt":"Jean Chaudi\u00e8re, animateur carbone d'Ard\u00e8che, pr\u00e9sente son programme pour le mois de mai. Avec la cuisson d'une charbonni\u00e8re, il y aura d\u00e9monstration de forgerons en continu. N'oublions pas que la production du charbon de bois en quantit\u00e9 a permis le travail des m\u00e9taux depuis le chalcolithique. Tous chez Jean en\u2026","rel":"","context":"Dans &quot;Charbon de bois&quot;","block_context":{"text":"Charbon de bois","link":"https:\/\/www.altimara.eu\/blog\/category\/charbon-de-bois-carbon-art\/"},"img":{"alt_text":"plaquette charbonnie\u0300re 6 dernie\u0300re version","src":"https:\/\/i0.wp.com\/www.altimara.eu\/blog\/wp-content\/uploads\/2016\/02\/plaquette-charbonnie%CC%80re-6-dernie%CC%80re-version-1024x723.jpg?resize=350%2C200","width":350,"height":200,"srcset":"https:\/\/i0.wp.com\/www.altimara.eu\/blog\/wp-content\/uploads\/2016\/02\/plaquette-charbonnie%CC%80re-6-dernie%CC%80re-version-1024x723.jpg?resize=350%2C200 1x, https:\/\/i0.wp.com\/www.altimara.eu\/blog\/wp-content\/uploads\/2016\/02\/plaquette-charbonnie%CC%80re-6-dernie%CC%80re-version-1024x723.jpg?resize=525%2C300 1.5x"},"classes":[]},{"id":4007,"url":"https:\/\/www.altimara.eu\/blog\/2023\/04\/19\/charbonniere-a-jean\/","url_meta":{"origin":4582,"position":1},"title":"Charbonni\u00e8re \u00e0 Jean","author":"Martiou","date":"19 avril 2023","format":false,"excerpt":"Mois de mai, mois des charbonni\u00e8res. Pendant que je conduirai la mienne \u00e0 cot\u00e9 du Pic-St-Loup, Jean et son \u00e9quipe auront la leur dans le petit coin de garrigue ard\u00e9choise comme chaque ann\u00e9e. Faites f\u00eate au charbon de bois et aux charbonni\u00e8r-es !","rel":"","context":"Dans &quot;Charbon de bois&quot;","block_context":{"text":"Charbon de bois","link":"https:\/\/www.altimara.eu\/blog\/category\/charbon-de-bois-carbon-art\/"},"img":{"alt_text":"","src":"https:\/\/i0.wp.com\/www.altimara.eu\/blog\/wp-content\/uploads\/2023\/04\/Affiche-Charbonniere-2023_V25.jpg?resize=350%2C200&ssl=1","width":350,"height":200,"srcset":"https:\/\/i0.wp.com\/www.altimara.eu\/blog\/wp-content\/uploads\/2023\/04\/Affiche-Charbonniere-2023_V25.jpg?resize=350%2C200&ssl=1 1x, https:\/\/i0.wp.com\/www.altimara.eu\/blog\/wp-content\/uploads\/2023\/04\/Affiche-Charbonniere-2023_V25.jpg?resize=525%2C300&ssl=1 1.5x, https:\/\/i0.wp.com\/www.altimara.eu\/blog\/wp-content\/uploads\/2023\/04\/Affiche-Charbonniere-2023_V25.jpg?resize=700%2C400&ssl=1 2x, https:\/\/i0.wp.com\/www.altimara.eu\/blog\/wp-content\/uploads\/2023\/04\/Affiche-Charbonniere-2023_V25.jpg?resize=1050%2C600&ssl=1 3x, https:\/\/i0.wp.com\/www.altimara.eu\/blog\/wp-content\/uploads\/2023\/04\/Affiche-Charbonniere-2023_V25.jpg?resize=1400%2C800&ssl=1 4x"},"classes":[]},{"id":4362,"url":"https:\/\/www.altimara.eu\/blog\/2024\/04\/11\/deux-evenements-importants\/","url_meta":{"origin":4582,"position":2},"title":"Deux \u00e9v\u00e9nements importants","author":"Martiou","date":"11 avril 2024","format":false,"excerpt":"Attention, rendez-vous nationaux \u00e0 ne pas rater (rien \u00e0 voir avec les jeux olympiques !!) : Notre ami Jean, charbonnier de l'Ard\u00e8che, r\u00e9alisera sa vingti\u00e8me charbonni\u00e8re avec tous ses amies, du 11 au 20 mai, dans son terrain de garrigues \u00e0 Bourg-St-And\u00e9ol. L'\u00e9quipe de forgeron-es, m\u00e9tallurgistes et autres artisans, animeront\u2026","rel":"","context":"Dans &quot;Charbon de bois&quot;","block_context":{"text":"Charbon de bois","link":"https:\/\/www.altimara.eu\/blog\/category\/charbon-de-bois-carbon-art\/"},"img":{"alt_text":"","src":"https:\/\/i0.wp.com\/www.altimara.eu\/blog\/wp-content\/uploads\/2024\/04\/AFF-binic-web-RVB.jpg?resize=350%2C200&ssl=1","width":350,"height":200,"srcset":"https:\/\/i0.wp.com\/www.altimara.eu\/blog\/wp-content\/uploads\/2024\/04\/AFF-binic-web-RVB.jpg?resize=350%2C200&ssl=1 1x, https:\/\/i0.wp.com\/www.altimara.eu\/blog\/wp-content\/uploads\/2024\/04\/AFF-binic-web-RVB.jpg?resize=525%2C300&ssl=1 1.5x"},"classes":[]},{"id":3089,"url":"https:\/\/www.altimara.eu\/blog\/2019\/05\/30\/jean-2019\/","url_meta":{"origin":4582,"position":3},"title":"Jean 2019","author":"Martiou","date":"30 mai 2019","format":false,"excerpt":"Un vent \u00e0 d\u00e9corner les taureaux a retard\u00e9 l'allumage des charbonni\u00e8res. Jean, Krem et toute l'\u00e9quipe avaient pr\u00e9par\u00e9 la meule. Pour ma part, j'avais creus\u00e9 courageusement un plus grand trou que l'ann\u00e9e derni\u00e8re \u00e0 l'emplacement de la charbonni\u00e8re en fosse. Elle \u00e9tait pr\u00eate avec son bois sous la terre. Enfin\u2026","rel":"","context":"Dans &quot;0- MES CHARBONNI\u00c8RES&quot;","block_context":{"text":"0- MES CHARBONNI\u00c8RES","link":"https:\/\/www.altimara.eu\/blog\/category\/mes-charbonnieres\/"},"img":{"alt_text":"","src":"https:\/\/i0.wp.com\/www.altimara.eu\/blog\/wp-content\/uploads\/2019\/05\/MAR9835.jpg?resize=350%2C200&ssl=1","width":350,"height":200,"srcset":"https:\/\/i0.wp.com\/www.altimara.eu\/blog\/wp-content\/uploads\/2019\/05\/MAR9835.jpg?resize=350%2C200&ssl=1 1x, https:\/\/i0.wp.com\/www.altimara.eu\/blog\/wp-content\/uploads\/2019\/05\/MAR9835.jpg?resize=525%2C300&ssl=1 1.5x, https:\/\/i0.wp.com\/www.altimara.eu\/blog\/wp-content\/uploads\/2019\/05\/MAR9835.jpg?resize=700%2C400&ssl=1 2x"},"classes":[]},{"id":4588,"url":"https:\/\/www.altimara.eu\/blog\/2025\/05\/05\/charbonniere-et-vin\/","url_meta":{"origin":4582,"position":4},"title":"Charbonni\u00e8re et vin","author":"Martiou","date":"5 mai 2025","format":false,"excerpt":"Cette ann\u00e9e j'ai \u00e0 nouveau l'occasion d'animer un stand charbonni\u00e8re lors de la f\u00eate du Ch\u00e2teau Lancyre, domaine viticole Pic-St-Loup. Samedi 17 mai et dimanche 18 mai. De 10h30 \u00e0 15 h. Un magnifique parcours entre vignes et garrigues sous le regard puissant et bienveillant du Pic-St-Loup. Je serai sur\u2026","rel":"","context":"Dans &quot;\u00e9v\u00e9nementiel&quot;","block_context":{"text":"\u00e9v\u00e9nementiel","link":"https:\/\/www.altimara.eu\/blog\/category\/evenementiel\/"},"img":{"alt_text":"","src":"https:\/\/i0.wp.com\/www.altimara.eu\/blog\/wp-content\/uploads\/2025\/05\/Capture-decran-2025-05-05-a-18.47.52.jpg?resize=350%2C200&ssl=1","width":350,"height":200},"classes":[]},{"id":3057,"url":"https:\/\/www.altimara.eu\/blog\/2019\/04\/30\/charbonniere-a-caveirac-suite\/","url_meta":{"origin":4582,"position":5},"title":"Charbonni\u00e8re \u00e0 Caveirac, suite","author":"Martiou","date":"30 avril 2019","format":false,"excerpt":"Le site en garrigue de la colline de St Roch \u00e0 Caveirac est tr\u00e8s plaisant et magnifiquement mis en valeur par l'association Pierre S\u00e8che et Garrigue pr\u00e9sid\u00e9e par Andr\u00e9 Calvini. L'allumage, un moment important. J'ai pass\u00e9 l\u00e0 3 jours agr\u00e9ables, dans ce lieu de capitelles magnifiques, avec les membres de\u2026","rel":"","context":"Dans &quot;Charbon de bois&quot;","block_context":{"text":"Charbon de bois","link":"https:\/\/www.altimara.eu\/blog\/category\/charbon-de-bois-carbon-art\/"},"img":{"alt_text":"","src":"https:\/\/i0.wp.com\/www.altimara.eu\/blog\/wp-content\/uploads\/2019\/04\/MAR9571.jpg?resize=350%2C200&ssl=1","width":350,"height":200,"srcset":"https:\/\/i0.wp.com\/www.altimara.eu\/blog\/wp-content\/uploads\/2019\/04\/MAR9571.jpg?resize=350%2C200&ssl=1 1x, https:\/\/i0.wp.com\/www.altimara.eu\/blog\/wp-content\/uploads\/2019\/04\/MAR9571.jpg?resize=525%2C300&ssl=1 1.5x"},"classes":[]}],"_links":{"self":[{"href":"https:\/\/www.altimara.eu\/blog\/wp-json\/wp\/v2\/posts\/4582","targetHints":{"allow":["GET"]}}],"collection":[{"href":"https:\/\/www.altimara.eu\/blog\/wp-json\/wp\/v2\/posts"}],"about":[{"href":"https:\/\/www.altimara.eu\/blog\/wp-json\/wp\/v2\/types\/post"}],"author":[{"embeddable":true,"href":"https:\/\/www.altimara.eu\/blog\/wp-json\/wp\/v2\/users\/3"}],"replies":[{"embeddable":true,"href":"https:\/\/www.altimara.eu\/blog\/wp-json\/wp\/v2\/comments?post=4582"}],"version-history":[{"count":0,"href":"https:\/\/www.altimara.eu\/blog\/wp-json\/wp\/v2\/posts\/4582\/revisions"}],"wp:attachment":[{"href":"https:\/\/www.altimara.eu\/blog\/wp-json\/wp\/v2\/media?parent=4582"}],"wp:term":[{"taxonomy":"category","embeddable":true,"href":"https:\/\/www.altimara.eu\/blog\/wp-json\/wp\/v2\/categories?post=4582"},{"taxonomy":"post_tag","embeddable":true,"href":"https:\/\/www.altimara.eu\/blog\/wp-json\/wp\/v2\/tags?post=4582"}],"curies":[{"name":"wp","href":"https:\/\/api.w.org\/{rel}","templated":true}]}}