{"id":4569,"date":"2025-01-24T10:31:21","date_gmt":"2025-01-24T09:31:21","guid":{"rendered":"https:\/\/www.altimara.eu\/blog\/?p=4569"},"modified":"2025-01-24T10:31:21","modified_gmt":"2025-01-24T09:31:21","slug":"lupin-is-suite","status":"publish","type":"post","link":"https:\/\/www.altimara.eu\/blog\/2025\/01\/24\/lupin-is-suite\/","title":{"rendered":"Lupin.is suite"},"content":{"rendered":"\n<div class=\"wp-block-media-text is-stacked-on-mobile\"><figure class=\"wp-block-media-text__media\"><img loading=\"lazy\" decoding=\"async\" width=\"203\" height=\"200\" data-attachment-id=\"4571\" data-permalink=\"https:\/\/www.altimara.eu\/blog\/2025\/01\/24\/lupin-is-suite\/logo_europaeischer_koehlerverband1-2\/\" data-orig-file=\"https:\/\/i0.wp.com\/www.altimara.eu\/blog\/wp-content\/uploads\/2025\/01\/Logo_europaeischer_koehlerverband1.jpg?fit=203%2C200&amp;ssl=1\" data-orig-size=\"203,200\" data-comments-opened=\"1\" data-image-meta=\"{&quot;aperture&quot;:&quot;0&quot;,&quot;credit&quot;:&quot;&quot;,&quot;camera&quot;:&quot;&quot;,&quot;caption&quot;:&quot;&quot;,&quot;created_timestamp&quot;:&quot;0&quot;,&quot;copyright&quot;:&quot;&quot;,&quot;focal_length&quot;:&quot;0&quot;,&quot;iso&quot;:&quot;0&quot;,&quot;shutter_speed&quot;:&quot;0&quot;,&quot;title&quot;:&quot;&quot;,&quot;orientation&quot;:&quot;0&quot;}\" data-image-title=\"Logo_europaeischer_koehlerverband1\" data-image-description=\"\" data-image-caption=\"\" data-large-file=\"https:\/\/i0.wp.com\/www.altimara.eu\/blog\/wp-content\/uploads\/2025\/01\/Logo_europaeischer_koehlerverband1.jpg?fit=203%2C200&amp;ssl=1\" src=\"https:\/\/i0.wp.com\/www.altimara.eu\/blog\/wp-content\/uploads\/2025\/01\/Logo_europaeischer_koehlerverband1.jpg?fit=203%2C200&amp;ssl=1\" alt=\"\" class=\"wp-image-4571 size-full\"\/><\/figure><div class=\"wp-block-media-text__content\">\n<p>Publication dans le journal des charbonniers europ\u00e9ens. le num\u00e9ro 19.<\/p>\n\n\n\n<p><a href=\"https:\/\/www.europkoehler.com\/\" target=\"_blank\" rel=\"noreferrer noopener\">www.europkoehler.com<\/a><\/p>\n<\/div><\/div>\n\n\n<div class=\"wp-block-image\">\n<figure class=\"aligncenter size-large\"><img data-recalc-dims=\"1\" loading=\"lazy\" decoding=\"async\" width=\"627\" height=\"887\" data-attachment-id=\"4570\" data-permalink=\"https:\/\/www.altimara.eu\/blog\/2025\/01\/24\/lupin-is-suite\/ekw-19-copie\/\" data-orig-file=\"https:\/\/i0.wp.com\/www.altimara.eu\/blog\/wp-content\/uploads\/2025\/01\/EKW-19-copie.jpg?fit=1080%2C1528&amp;ssl=1\" data-orig-size=\"1080,1528\" data-comments-opened=\"1\" data-image-meta=\"{&quot;aperture&quot;:&quot;0&quot;,&quot;credit&quot;:&quot;&quot;,&quot;camera&quot;:&quot;MG5500 series&quot;,&quot;caption&quot;:&quot;&quot;,&quot;created_timestamp&quot;:&quot;0&quot;,&quot;copyright&quot;:&quot;&quot;,&quot;focal_length&quot;:&quot;0&quot;,&quot;iso&quot;:&quot;0&quot;,&quot;shutter_speed&quot;:&quot;0&quot;,&quot;title&quot;:&quot;&quot;,&quot;orientation&quot;:&quot;1&quot;}\" data-image-title=\"EKW 19 &amp;#8211; copie\" data-image-description=\"\" data-image-caption=\"\" data-large-file=\"https:\/\/i0.wp.com\/www.altimara.eu\/blog\/wp-content\/uploads\/2025\/01\/EKW-19-copie.jpg?fit=627%2C887&amp;ssl=1\" src=\"https:\/\/i0.wp.com\/www.altimara.eu\/blog\/wp-content\/uploads\/2025\/01\/EKW-19-copie.jpg?resize=627%2C887&#038;ssl=1\" alt=\"\" class=\"wp-image-4570\" srcset=\"https:\/\/i0.wp.com\/www.altimara.eu\/blog\/wp-content\/uploads\/2025\/01\/EKW-19-copie.jpg?resize=724%2C1024&amp;ssl=1 724w, https:\/\/i0.wp.com\/www.altimara.eu\/blog\/wp-content\/uploads\/2025\/01\/EKW-19-copie.jpg?resize=212%2C300&amp;ssl=1 212w, https:\/\/i0.wp.com\/www.altimara.eu\/blog\/wp-content\/uploads\/2025\/01\/EKW-19-copie.jpg?resize=768%2C1087&amp;ssl=1 768w, https:\/\/i0.wp.com\/www.altimara.eu\/blog\/wp-content\/uploads\/2025\/01\/EKW-19-copie.jpg?w=1080&amp;ssl=1 1080w\" sizes=\"auto, (max-width: 627px) 100vw, 627px\" \/><\/figure>\n<\/div>","protected":false},"excerpt":{"rendered":"<p>Publication dans le journal des charbonniers europ\u00e9ens. le num\u00e9ro 19. www.europkoehler.com<\/p>\n","protected":false},"author":3,"featured_media":0,"comment_status":"open","ping_status":"open","sticky":false,"template":"","format":"standard","meta":{"ngg_post_thumbnail":0,"jetpack_post_was_ever_published":false,"_jetpack_newsletter_access":"","_jetpack_dont_email_post_to_subs":false,"_jetpack_newsletter_tier_id":0,"_jetpack_memberships_contains_paywalled_content":false,"_jetpack_memberships_contains_paid_content":false,"footnotes":"","jetpack_publicize_message":"","jetpack_publicize_feature_enabled":true,"jetpack_social_post_already_shared":true,"jetpack_social_options":{"image_generator_settings":{"template":"highway","default_image_id":0,"font":"","enabled":false},"version":2}},"categories":[65,86,147],"tags":[91,33],"class_list":["post-4569","post","type-post","status-publish","format-standard","hentry","category-mes-charbonnieres","category-charbon-vegetal","category-four-metalliques","tag-charbon-vegetal","tag-islande"],"jetpack_publicize_connections":[],"jetpack_featured_media_url":"","jetpack_shortlink":"https:\/\/wp.me\/p4r91c-1bH","jetpack_sharing_enabled":true,"jetpack-related-posts":[{"id":1904,"url":"https:\/\/www.altimara.eu\/blog\/2016\/06\/21\/charbon-vegetal\/","url_meta":{"origin":4569,"position":0},"title":"Charbon v\u00e9g\u00e9tal","author":"Martiou","date":"21 juin 2016","format":false,"excerpt":"Suite \u00e0 sa mission avec la Croix Rouge \u00e0 Macenta, en Guin\u00e9e Conakry, pour la terrible \u00e9pid\u00e9mie d'Ebola, mon fils Antonin a gard\u00e9 des contacts positifs avec des acteurs de terrain guin\u00e9ens. Regroup\u00e9s dans l'association (ou ONG) COOPEDA, ils d\u00e9veloppent des programmes d\u2019autonomie \u00e9nerg\u00e9tique, dans le solaire principalement. Le charbon\u2026","rel":"","context":"Dans &quot;Charbon de bois&quot;","block_context":{"text":"Charbon de bois","link":"https:\/\/www.altimara.eu\/blog\/category\/charbon-de-bois-carbon-art\/"},"img":{"alt_text":"12039617_473223816213736_6462458700753161519_n","src":"https:\/\/i0.wp.com\/www.altimara.eu\/blog\/wp-content\/uploads\/2016\/06\/12039617_473223816213736_6462458700753161519_n.png?resize=350%2C200","width":350,"height":200},"classes":[]},{"id":3818,"url":"https:\/\/www.altimara.eu\/blog\/2022\/02\/21\/four-jardin\/","url_meta":{"origin":4569,"position":1},"title":"Four jardin","author":"Martiou","date":"21 f\u00e9vrier 2022","format":false,"excerpt":"Retour en cette presque fin d'hiver au Jardin de Fontan\u00e8s. Je vais reprendre la carbonisation des v\u00e9g\u00e9taux. Le four en terre est bien mal en point. A priori nous n'allons plus l'utiliser, tout au moins dans cette forme. Le stock est bien sec, biochar en vue. Kevin a taill\u00e9 ses\u2026","rel":"","context":"Dans &quot;biochar&quot;","block_context":{"text":"biochar","link":"https:\/\/www.altimara.eu\/blog\/category\/charbon-vegetal\/biochar\/"},"img":{"alt_text":"","src":"https:\/\/i0.wp.com\/www.altimara.eu\/blog\/wp-content\/uploads\/2022\/02\/IMG_20220218_151012-2-scaled.jpg?resize=350%2C200&ssl=1","width":350,"height":200,"srcset":"https:\/\/i0.wp.com\/www.altimara.eu\/blog\/wp-content\/uploads\/2022\/02\/IMG_20220218_151012-2-scaled.jpg?resize=350%2C200&ssl=1 1x, https:\/\/i0.wp.com\/www.altimara.eu\/blog\/wp-content\/uploads\/2022\/02\/IMG_20220218_151012-2-scaled.jpg?resize=525%2C300&ssl=1 1.5x, https:\/\/i0.wp.com\/www.altimara.eu\/blog\/wp-content\/uploads\/2022\/02\/IMG_20220218_151012-2-scaled.jpg?resize=700%2C400&ssl=1 2x, https:\/\/i0.wp.com\/www.altimara.eu\/blog\/wp-content\/uploads\/2022\/02\/IMG_20220218_151012-2-scaled.jpg?resize=1050%2C600&ssl=1 3x, https:\/\/i0.wp.com\/www.altimara.eu\/blog\/wp-content\/uploads\/2022\/02\/IMG_20220218_151012-2-scaled.jpg?resize=1400%2C800&ssl=1 4x"},"classes":[]},{"id":1913,"url":"https:\/\/www.altimara.eu\/blog\/2016\/07\/03\/charbon-vegetal-2\/","url_meta":{"origin":4569,"position":2},"title":"Charbon v\u00e9g\u00e9tal","author":"Martiou","date":"3 juillet 2016","format":false,"excerpt":"Il existe tout un tas de techniques pour fabriquer des \"briquettes\" ou \"galets\" de charbon de bois \u00e0 partir de poudre de charbon. Il faut avoir un stock de charbon v\u00e9g\u00e9tal assez cons\u00e9quent pour produire, \u00e0 l'\u00e9chelle artisanale, une quantit\u00e9 suffisante qui soit rentable. La mati\u00e8re premi\u00e8re, celle qu'il faut\u2026","rel":"","context":"Dans &quot;Charbon de bois&quot;","block_context":{"text":"Charbon de bois","link":"https:\/\/www.altimara.eu\/blog\/category\/charbon-de-bois-carbon-art\/"},"img":{"alt_text":"12039617_473223816213736_6462458700753161519_n","src":"https:\/\/i0.wp.com\/www.altimara.eu\/blog\/wp-content\/uploads\/2016\/06\/12039617_473223816213736_6462458700753161519_n-150x150.png?resize=350%2C200","width":350,"height":200},"classes":[]},{"id":3307,"url":"https:\/\/www.altimara.eu\/blog\/2020\/03\/28\/charbon-partiel\/","url_meta":{"origin":4569,"position":3},"title":"Charbon partiel","author":"Martiou","date":"28 mars 2020","format":false,"excerpt":"J'ai la \"chance\" d'avoir chez moi l'atelier de fabrication de l'\u00e9cochar, ce charbon reconstitu\u00e9 en galette. Ainsi je presse chaque apr\u00e8s midi le m\u00e9lange de liant et de d\u00e9chets v\u00e9g\u00e9taux carbonis\u00e9s. le stock se constitue petit \u00e0 petit et aux beaux jours, apr\u00e8s l'alerte si tout va mieux, nous pourrons\u2026","rel":"","context":"Dans &quot;Charbon v\u00e9g\u00e9tal&quot;","block_context":{"text":"Charbon v\u00e9g\u00e9tal","link":"https:\/\/www.altimara.eu\/blog\/category\/charbon-vegetal\/"},"img":{"alt_text":"","src":"https:\/\/i0.wp.com\/www.altimara.eu\/blog\/wp-content\/uploads\/2020\/03\/IMG_20200327_185724539.jpg?resize=350%2C200&ssl=1","width":350,"height":200,"srcset":"https:\/\/i0.wp.com\/www.altimara.eu\/blog\/wp-content\/uploads\/2020\/03\/IMG_20200327_185724539.jpg?resize=350%2C200&ssl=1 1x, https:\/\/i0.wp.com\/www.altimara.eu\/blog\/wp-content\/uploads\/2020\/03\/IMG_20200327_185724539.jpg?resize=525%2C300&ssl=1 1.5x"},"classes":[]},{"id":2486,"url":"https:\/\/www.altimara.eu\/blog\/2017\/10\/23\/baguette-noire\/","url_meta":{"origin":4569,"position":4},"title":"Baguette noire","author":"Martiou","date":"23 octobre 2017","format":false,"excerpt":"Charbon tu me rends fou!!! Encore une espace que le charbon v\u00e9g\u00e9tal (charbon actif ici) investit, la boulangerie. Un reportage que FR3 Normandie a diffus\u00e9. Une boulangerie \u00e0 Vernon dans l'Eure produit des baguettes noires car m\u00e9lang\u00e9es avec du charbon v\u00e9g\u00e9tal actif. Vendues comme detox, je me demande si l\u2019absorption\u2026","rel":"","context":"Dans &quot;Charbon v\u00e9g\u00e9tal&quot;","block_context":{"text":"Charbon v\u00e9g\u00e9tal","link":"https:\/\/www.altimara.eu\/blog\/category\/charbon-vegetal\/"},"img":{"alt_text":"","src":"https:\/\/i0.wp.com\/www.altimara.eu\/blog\/wp-content\/uploads\/2017\/10\/effrayant-tete-de-citrouille-d-39-halloween_318-30163-150x150.jpg?resize=350%2C200","width":350,"height":200},"classes":[]},{"id":3445,"url":"https:\/\/www.altimara.eu\/blog\/2020\/09\/08\/biochar-2\/","url_meta":{"origin":4569,"position":5},"title":"Biochar","author":"Martiou","date":"8 septembre 2020","format":false,"excerpt":"Kevin, le maraicher BIO du Jardin de Fontan\u00e8s, est tr\u00e8s int\u00e9ress\u00e9 par l'ajout de biochar pour ses cultures. C'est dans ce jardin que nous avons install\u00e9 nos fours gazog\u00e8nes. Jusqu'\u00e0 maintenant nous transformions notre charbon v\u00e9g\u00e9tal en \u00e9cochar, les galettes pour la cuisson. La production de biochar s'inscrit dans la\u2026","rel":"","context":"Dans &quot;biochar&quot;","block_context":{"text":"biochar","link":"https:\/\/www.altimara.eu\/blog\/category\/charbon-vegetal\/biochar\/"},"img":{"alt_text":"biochar","src":"https:\/\/i0.wp.com\/www.altimara.eu\/blog\/wp-content\/uploads\/2020\/09\/IMG_20200908_111647-2.jpg?resize=350%2C200&ssl=1","width":350,"height":200,"srcset":"https:\/\/i0.wp.com\/www.altimara.eu\/blog\/wp-content\/uploads\/2020\/09\/IMG_20200908_111647-2.jpg?resize=350%2C200&ssl=1 1x, https:\/\/i0.wp.com\/www.altimara.eu\/blog\/wp-content\/uploads\/2020\/09\/IMG_20200908_111647-2.jpg?resize=525%2C300&ssl=1 1.5x, https:\/\/i0.wp.com\/www.altimara.eu\/blog\/wp-content\/uploads\/2020\/09\/IMG_20200908_111647-2.jpg?resize=700%2C400&ssl=1 2x, https:\/\/i0.wp.com\/www.altimara.eu\/blog\/wp-content\/uploads\/2020\/09\/IMG_20200908_111647-2.jpg?resize=1050%2C600&ssl=1 3x, https:\/\/i0.wp.com\/www.altimara.eu\/blog\/wp-content\/uploads\/2020\/09\/IMG_20200908_111647-2.jpg?resize=1400%2C800&ssl=1 4x"},"classes":[]}],"_links":{"self":[{"href":"https:\/\/www.altimara.eu\/blog\/wp-json\/wp\/v2\/posts\/4569","targetHints":{"allow":["GET"]}}],"collection":[{"href":"https:\/\/www.altimara.eu\/blog\/wp-json\/wp\/v2\/posts"}],"about":[{"href":"https:\/\/www.altimara.eu\/blog\/wp-json\/wp\/v2\/types\/post"}],"author":[{"embeddable":true,"href":"https:\/\/www.altimara.eu\/blog\/wp-json\/wp\/v2\/users\/3"}],"replies":[{"embeddable":true,"href":"https:\/\/www.altimara.eu\/blog\/wp-json\/wp\/v2\/comments?post=4569"}],"version-history":[{"count":0,"href":"https:\/\/www.altimara.eu\/blog\/wp-json\/wp\/v2\/posts\/4569\/revisions"}],"wp:attachment":[{"href":"https:\/\/www.altimara.eu\/blog\/wp-json\/wp\/v2\/media?parent=4569"}],"wp:term":[{"taxonomy":"category","embeddable":true,"href":"https:\/\/www.altimara.eu\/blog\/wp-json\/wp\/v2\/categories?post=4569"},{"taxonomy":"post_tag","embeddable":true,"href":"https:\/\/www.altimara.eu\/blog\/wp-json\/wp\/v2\/tags?post=4569"}],"curies":[{"name":"wp","href":"https:\/\/api.w.org\/{rel}","templated":true}]}}