{"id":4562,"date":"2025-01-07T15:49:18","date_gmt":"2025-01-07T14:49:18","guid":{"rendered":"https:\/\/www.altimara.eu\/blog\/?p=4562"},"modified":"2025-01-07T15:49:52","modified_gmt":"2025-01-07T14:49:52","slug":"un-charbonnier-a-ete-assassine","status":"publish","type":"post","link":"https:\/\/www.altimara.eu\/blog\/2025\/01\/07\/un-charbonnier-a-ete-assassine\/","title":{"rendered":"Un Charbonnier a \u00e9t\u00e9 assassin\u00e9 !"},"content":{"rendered":"\n<p>Il y a dix ans un honteux, stupide et r\u00e9voltant massacre pour un proph\u00e8te inculte qui n&rsquo;aimait pas le dessin a voulu d\u00e9truire l\u2019insubmersible volont\u00e9 de libert\u00e9 de nos pens\u00e9es. <\/p>\n\n\n\n<p>Charb s&rsquo;appellait St\u00e9phane CHARBONNIER de son vrai nom. R\u00e9dacteur en chef de <em>Charlie Hebdo<\/em>, il \u00e9tait connu pour des textes et des dessins irr\u00e9v\u00e9rencieux mais tellement pertinents.<\/p>\n\n\n<div class=\"wp-block-image\">\n<figure class=\"aligncenter size-full\"><img data-recalc-dims=\"1\" loading=\"lazy\" decoding=\"async\" width=\"580\" height=\"580\" data-attachment-id=\"4563\" data-permalink=\"https:\/\/www.altimara.eu\/blog\/2025\/01\/07\/un-charbonnier-a-ete-assassine\/proxy-image-2\/\" data-orig-file=\"https:\/\/i0.wp.com\/www.altimara.eu\/blog\/wp-content\/uploads\/2025\/01\/proxy-image.jpg?fit=580%2C580&amp;ssl=1\" data-orig-size=\"580,580\" data-comments-opened=\"1\" data-image-meta=\"{&quot;aperture&quot;:&quot;0&quot;,&quot;credit&quot;:&quot;&quot;,&quot;camera&quot;:&quot;&quot;,&quot;caption&quot;:&quot;&quot;,&quot;created_timestamp&quot;:&quot;0&quot;,&quot;copyright&quot;:&quot;&quot;,&quot;focal_length&quot;:&quot;0&quot;,&quot;iso&quot;:&quot;0&quot;,&quot;shutter_speed&quot;:&quot;0&quot;,&quot;title&quot;:&quot;&quot;,&quot;orientation&quot;:&quot;0&quot;}\" data-image-title=\"proxy-image\" data-image-description=\"\" data-image-caption=\"\" data-large-file=\"https:\/\/i0.wp.com\/www.altimara.eu\/blog\/wp-content\/uploads\/2025\/01\/proxy-image.jpg?fit=580%2C580&amp;ssl=1\" src=\"https:\/\/i0.wp.com\/www.altimara.eu\/blog\/wp-content\/uploads\/2025\/01\/proxy-image.jpg?resize=580%2C580&#038;ssl=1\" alt=\"\" class=\"wp-image-4563\" srcset=\"https:\/\/i0.wp.com\/www.altimara.eu\/blog\/wp-content\/uploads\/2025\/01\/proxy-image.jpg?w=580&amp;ssl=1 580w, https:\/\/i0.wp.com\/www.altimara.eu\/blog\/wp-content\/uploads\/2025\/01\/proxy-image.jpg?resize=300%2C300&amp;ssl=1 300w, https:\/\/i0.wp.com\/www.altimara.eu\/blog\/wp-content\/uploads\/2025\/01\/proxy-image.jpg?resize=150%2C150&amp;ssl=1 150w\" sizes=\"auto, (max-width: 580px) 100vw, 580px\" \/><\/figure>\n<\/div>\n\n\n<p>De son nom nous pouvons penser qu&rsquo;\u00e0 une \u00e9poque, un lointain parent, avait \u00e9t\u00e9 charbonnier. Il y a environ 7000 personnes qui portent ce nom actuellement en France.<\/p>\n\n\n\n<p>Charb, Cabu, Wolinsky et tous les autres vous nous manquez !<\/p>\n\n\n<div class=\"wp-block-image\">\n<figure class=\"aligncenter size-full\"><img data-recalc-dims=\"1\" loading=\"lazy\" decoding=\"async\" width=\"217\" height=\"170\" data-attachment-id=\"4341\" data-permalink=\"https:\/\/www.altimara.eu\/blog\/je-suis-charb-1\/\" data-orig-file=\"https:\/\/i0.wp.com\/www.altimara.eu\/blog\/wp-content\/uploads\/2024\/03\/je-suis-charb-1.png?fit=217%2C170&amp;ssl=1\" data-orig-size=\"217,170\" data-comments-opened=\"1\" data-image-meta=\"{&quot;aperture&quot;:&quot;0&quot;,&quot;credit&quot;:&quot;&quot;,&quot;camera&quot;:&quot;&quot;,&quot;caption&quot;:&quot;&quot;,&quot;created_timestamp&quot;:&quot;0&quot;,&quot;copyright&quot;:&quot;&quot;,&quot;focal_length&quot;:&quot;0&quot;,&quot;iso&quot;:&quot;0&quot;,&quot;shutter_speed&quot;:&quot;0&quot;,&quot;title&quot;:&quot;&quot;,&quot;orientation&quot;:&quot;0&quot;}\" data-image-title=\"je-suis-charb-1\" data-image-description=\"\" data-image-caption=\"\" data-large-file=\"https:\/\/i0.wp.com\/www.altimara.eu\/blog\/wp-content\/uploads\/2024\/03\/je-suis-charb-1.png?fit=217%2C170&amp;ssl=1\" src=\"https:\/\/i0.wp.com\/www.altimara.eu\/blog\/wp-content\/uploads\/2024\/03\/je-suis-charb-1.png?resize=217%2C170&#038;ssl=1\" alt=\"\" class=\"wp-image-4341\"\/><\/figure>\n<\/div>","protected":false},"excerpt":{"rendered":"<p>Il y a dix ans un honteux, stupide et r\u00e9voltant massacre pour un proph\u00e8te inculte qui n&rsquo;aimait pas le dessin a voulu d\u00e9truire l\u2019insubmersible volont\u00e9 de libert\u00e9 de nos pens\u00e9es. Charb s&rsquo;appellait St\u00e9phane CHARBONNIER de son vrai nom. R\u00e9dacteur en chef de Charlie Hebdo, il \u00e9tait connu pour des textes et des dessins irr\u00e9v\u00e9rencieux mais [&hellip;]<\/p>\n","protected":false},"author":3,"featured_media":0,"comment_status":"open","ping_status":"open","sticky":false,"template":"","format":"standard","meta":{"ngg_post_thumbnail":0,"jetpack_post_was_ever_published":false,"_jetpack_newsletter_access":"","_jetpack_dont_email_post_to_subs":false,"_jetpack_newsletter_tier_id":0,"_jetpack_memberships_contains_paywalled_content":false,"_jetpack_memberships_contains_paid_content":false,"footnotes":"","jetpack_publicize_message":"","jetpack_publicize_feature_enabled":true,"jetpack_social_post_already_shared":true,"jetpack_social_options":{"image_generator_settings":{"template":"highway","default_image_id":0,"font":"","enabled":false},"version":2}},"categories":[199,37],"tags":[203],"class_list":["post-4562","post","type-post","status-publish","format-standard","hentry","category-autres","category-evenementiel","tag-charb"],"jetpack_publicize_connections":[],"jetpack_featured_media_url":"","jetpack_shortlink":"https:\/\/wp.me\/p4r91c-1bA","jetpack_sharing_enabled":true,"jetpack-related-posts":[{"id":2230,"url":"https:\/\/www.altimara.eu\/blog\/2017\/03\/10\/je-mappelle-charbonnier\/","url_meta":{"origin":4562,"position":0},"title":"Je m&rsquo;appelle Charbonnier","author":"Martiou","date":"10 mars 2017","format":false,"excerpt":"\u00a0 Charb, dessinateur et r\u00e9dacteur en chef de Charlie Hebdo, assassin\u00e9 en 2015, s'appelait St\u00e9phane Charbonnier. L'auteur des irr\u00e9v\u00e9rencieux\u00a0 Maurice et Patapon avait donc un nom qui est assez r\u00e9pandu en France. \u00a0 D'apr\u00e8s le site \"nom-famille.com\" , il existe 12 194 personnes qui ont ce nom de famille. Ce\u2026","rel":"","context":"Dans &quot;charbonnier en france&quot;","block_context":{"text":"charbonnier en france","link":"https:\/\/www.altimara.eu\/blog\/category\/charbonnier-en-france\/"},"img":{"alt_text":"","src":"https:\/\/i0.wp.com\/www.altimara.eu\/blog\/wp-content\/uploads\/2017\/03\/th-150x150.jpg?resize=350%2C200","width":350,"height":200},"classes":[]},{"id":1158,"url":"https:\/\/www.altimara.eu\/blog\/2015\/01\/07\/un-charbonnier-est-mort\/","url_meta":{"origin":4562,"position":1},"title":"Un Charbonnier est mort","author":"Martiou","date":"7 janvier 2015","format":false,"excerpt":"St\u00e9phane Charbonnier plus connu sous le nom de Charb vient d'\u00eatre assassin\u00e9 par des non-\u00eatres. http:\/\/www.stars-portraits.com\/en\/portrait-273505.html","rel":"","context":"Dans &quot;Autre&quot;","block_context":{"text":"Autre","link":"https:\/\/www.altimara.eu\/blog\/category\/autre\/"},"img":{"alt_text":"","src":"https:\/\/i0.wp.com\/www.altimara.eu\/blog\/wp-content\/uploads\/2024\/03\/Capture-decran-2024-03-15-a-11.28.57.jpg?resize=350%2C200&ssl=1","width":350,"height":200,"srcset":"https:\/\/i0.wp.com\/www.altimara.eu\/blog\/wp-content\/uploads\/2024\/03\/Capture-decran-2024-03-15-a-11.28.57.jpg?resize=350%2C200&ssl=1 1x, https:\/\/i0.wp.com\/www.altimara.eu\/blog\/wp-content\/uploads\/2024\/03\/Capture-decran-2024-03-15-a-11.28.57.jpg?resize=525%2C300&ssl=1 1.5x"},"classes":[]},{"id":1205,"url":"https:\/\/www.altimara.eu\/blog\/2015\/02\/14\/cartopartie-charb\/","url_meta":{"origin":4562,"position":2},"title":"Cartopartie charb","author":"Martiou","date":"14 f\u00e9vrier 2015","format":false,"excerpt":"Une belle journ\u00e9e, un peu pluvieuse, dans le village de Combas, Gard, accueilli par la sympathique \u00e9quipe de l'association de sauvegarde du bois des Lens. Organis\u00e9 sous l'\u00e9gide du Collectif des Garrigues et \u00e0 ma demande de cr\u00e9er une carte inventaire des charbonni\u00e8res en garrigues du Languedoc Oriental , nous\u2026","rel":"","context":"Dans &quot;Autre&quot;","block_context":{"text":"Autre","link":"https:\/\/www.altimara.eu\/blog\/category\/autre\/"},"img":{"alt_text":"_MAR4283","src":"https:\/\/i0.wp.com\/www.altimara.eu\/blog\/wp-content\/uploads\/2015\/02\/MAR4283.jpg?resize=350%2C200","width":350,"height":200,"srcset":"https:\/\/i0.wp.com\/www.altimara.eu\/blog\/wp-content\/uploads\/2015\/02\/MAR4283.jpg?resize=350%2C200 1x, https:\/\/i0.wp.com\/www.altimara.eu\/blog\/wp-content\/uploads\/2015\/02\/MAR4283.jpg?resize=525%2C300 1.5x, https:\/\/i0.wp.com\/www.altimara.eu\/blog\/wp-content\/uploads\/2015\/02\/MAR4283.jpg?resize=700%2C400 2x"},"classes":[]},{"id":1186,"url":"https:\/\/www.altimara.eu\/blog\/2015\/01\/23\/carto-partie-charb\/","url_meta":{"origin":4562,"position":3},"title":"Carto-partie charb","author":"Martiou","date":"23 janvier 2015","format":false,"excerpt":"Le 14 f\u00e9vrier j'animerai avec le groupe \"Cartogarrigue\" du Collectif des Garrigues et le Collectif du bois des Lens, une sortie en garrigue pour inventorier le petit patrimoine, orient\u00e9 charbonni\u00e8res, \u00e0 Combas (Gard). \u00a0Cette sortie s'inclue dans le programme des activit\u00e9s du groupe (Voir:\u00a0http:\/\/www.wikigarrigue.info\/wakka.php?wiki=CartoGarrigue). Elle me permet d'\u00e9largir le p\u00e9rim\u00e8tre\u2026","rel":"","context":"Dans &quot;Charbon de bois&quot;","block_context":{"text":"Charbon de bois","link":"https:\/\/www.altimara.eu\/blog\/category\/charbon-de-bois-carbon-art\/"},"img":{"alt_text":"","src":"","width":0,"height":0},"classes":[]},{"id":4080,"url":"https:\/\/www.altimara.eu\/blog\/2023\/09\/17\/gruben-charb-en-fosse\/","url_meta":{"origin":4562,"position":4},"title":"Gruben &#8211; charb en fosse","author":"Martiou","date":"17 septembre 2023","format":false,"excerpt":"L'EKV, association europ\u00e9enne des charbonniers, a publi\u00e9 un livret sur les charbonni\u00e8res en fosse. Nous sommes quatre r\u00e9dacteurs a y avoir contribu\u00e9. \"A propos de la carbonisation du bois dans les fosses\". Les diff\u00e9rents articles sont pratiquement tous relatant des exp\u00e9riences, dans des fosses plut\u00f4t classiques en rond. Et souvent\u2026","rel":"","context":"Dans &quot;Charbon de bois&quot;","block_context":{"text":"Charbon de bois","link":"https:\/\/www.altimara.eu\/blog\/category\/charbon-de-bois-carbon-art\/"},"img":{"alt_text":"","src":"https:\/\/i0.wp.com\/www.altimara.eu\/blog\/wp-content\/uploads\/2023\/09\/gb-1-copie.jpeg?resize=350%2C200&ssl=1","width":350,"height":200,"srcset":"https:\/\/i0.wp.com\/www.altimara.eu\/blog\/wp-content\/uploads\/2023\/09\/gb-1-copie.jpeg?resize=350%2C200&ssl=1 1x, https:\/\/i0.wp.com\/www.altimara.eu\/blog\/wp-content\/uploads\/2023\/09\/gb-1-copie.jpeg?resize=525%2C300&ssl=1 1.5x, https:\/\/i0.wp.com\/www.altimara.eu\/blog\/wp-content\/uploads\/2023\/09\/gb-1-copie.jpeg?resize=700%2C400&ssl=1 2x"},"classes":[]},{"id":1895,"url":"https:\/\/www.altimara.eu\/blog\/2016\/06\/13\/meteorite-charbonneuse-dorgueil\/","url_meta":{"origin":4562,"position":5},"title":"M\u00e9t\u00e9orite charbonneuse d&rsquo;Orgueil","author":"Martiou","date":"13 juin 2016","format":false,"excerpt":"En visitant l'exposition des \"Savanturiers\" actuellement pr\u00e9sent\u00e9e au mus\u00e9e d'histoires naturelles de Toulouse, j'ai vu un objet insolite en relation avec le charbon. En fait c'est un simple bocal dans lequel il y a une sorte de poussi\u00e8re noire. L'\u00e9tiquette indique: \"m\u00e9t\u00e9orite charbonneuse Orgueil\". Le 14 mai 1864, une m\u00e9t\u00e9orite\u2026","rel":"","context":"Dans &quot;Autre&quot;","block_context":{"text":"Autre","link":"https:\/\/www.altimara.eu\/blog\/category\/autre\/"},"img":{"alt_text":"me\u0301te\u0301orite charb","src":"https:\/\/i0.wp.com\/www.altimara.eu\/blog\/wp-content\/uploads\/2016\/06\/me%CC%81te%CC%81orite-charb.jpg?resize=350%2C200","width":350,"height":200},"classes":[]}],"_links":{"self":[{"href":"https:\/\/www.altimara.eu\/blog\/wp-json\/wp\/v2\/posts\/4562","targetHints":{"allow":["GET"]}}],"collection":[{"href":"https:\/\/www.altimara.eu\/blog\/wp-json\/wp\/v2\/posts"}],"about":[{"href":"https:\/\/www.altimara.eu\/blog\/wp-json\/wp\/v2\/types\/post"}],"author":[{"embeddable":true,"href":"https:\/\/www.altimara.eu\/blog\/wp-json\/wp\/v2\/users\/3"}],"replies":[{"embeddable":true,"href":"https:\/\/www.altimara.eu\/blog\/wp-json\/wp\/v2\/comments?post=4562"}],"version-history":[{"count":0,"href":"https:\/\/www.altimara.eu\/blog\/wp-json\/wp\/v2\/posts\/4562\/revisions"}],"wp:attachment":[{"href":"https:\/\/www.altimara.eu\/blog\/wp-json\/wp\/v2\/media?parent=4562"}],"wp:term":[{"taxonomy":"category","embeddable":true,"href":"https:\/\/www.altimara.eu\/blog\/wp-json\/wp\/v2\/categories?post=4562"},{"taxonomy":"post_tag","embeddable":true,"href":"https:\/\/www.altimara.eu\/blog\/wp-json\/wp\/v2\/tags?post=4562"}],"curies":[{"name":"wp","href":"https:\/\/api.w.org\/{rel}","templated":true}]}}