{"id":4525,"date":"2024-09-25T22:08:53","date_gmt":"2024-09-25T21:08:53","guid":{"rendered":"https:\/\/www.altimara.eu\/blog\/?p=4525"},"modified":"2024-09-25T22:08:53","modified_gmt":"2024-09-25T21:08:53","slug":"charbonniere-a-cambous-2-2","status":"publish","type":"post","link":"https:\/\/www.altimara.eu\/blog\/2024\/09\/25\/charbonniere-a-cambous-2-2\/","title":{"rendered":"Charbonni\u00e8re \u00e0 Cambous.2"},"content":{"rendered":"\n<p>A la demande de la Soci\u00e9t\u00e9 Languedocienne de Pr\u00e9histoire, SLP,  je vais r\u00e9aliser une charbonni\u00e8re \u00e0 l&rsquo;entr\u00e9e du village n\u00e9olithique de Cambous. Les arch\u00e9ologues vont \u00e9tudier le d\u00e9roulement du processus de carbonisation et de l&rsquo;\u00e9tude des charbons produits. Nous avions d\u00e9j\u00e0 collabor\u00e9 au m\u00eame endroit en mai avec un petit manque de temps de cuisson qui n&rsquo;avait pas permis la carbonisation compl\u00e8te. Cette fois ci nous allons prendre une bonne semaine pour aller jusqu&rsquo;au bout.<\/p>\n\n\n\n<p>Vendredi 27: mise en place du site et arriv\u00e9e du bois. Samedi 28 : montage de la meule charbonni\u00e8re. Dimanche 29 : allumage. Puis du lundi \u00e0 certainement jeudi, carbonisation et conduite du feu et extinction. Weekend du 5 et 6 octobre nous caverons et r\u00e9cup\u00e9ration du charbon.<\/p>\n\n\n\n<p>Pendant ce dernier we il y aura la r\u00e9novation du toit de la maison n\u00e9olithique et diff\u00e9rentes conf\u00e9rences.<\/p>\n\n\n\n<p>Bienvenue \u00e0 toutes et tous (jour et nuits).<\/p>\n\n\n\n<figure class=\"wp-block-image size-large\"><img data-recalc-dims=\"1\" loading=\"lazy\" decoding=\"async\" width=\"627\" height=\"396\" data-attachment-id=\"4526\" data-permalink=\"https:\/\/www.altimara.eu\/blog\/2024\/09\/25\/charbonniere-a-cambous-2-2\/screenshot\/\" data-orig-file=\"https:\/\/i0.wp.com\/www.altimara.eu\/blog\/wp-content\/uploads\/2024\/09\/Viols-en-laval.jpg?fit=1516%2C958&amp;ssl=1\" data-orig-size=\"1516,958\" data-comments-opened=\"1\" data-image-meta=\"{&quot;aperture&quot;:&quot;0&quot;,&quot;credit&quot;:&quot;&quot;,&quot;camera&quot;:&quot;&quot;,&quot;caption&quot;:&quot;Screenshot&quot;,&quot;created_timestamp&quot;:&quot;0&quot;,&quot;copyright&quot;:&quot;&quot;,&quot;focal_length&quot;:&quot;0&quot;,&quot;iso&quot;:&quot;0&quot;,&quot;shutter_speed&quot;:&quot;0&quot;,&quot;title&quot;:&quot;Screenshot&quot;,&quot;orientation&quot;:&quot;1&quot;}\" data-image-title=\"Screenshot\" data-image-description=\"\" data-image-caption=\"&lt;p&gt;Screenshot&lt;\/p&gt;\n\" data-large-file=\"https:\/\/i0.wp.com\/www.altimara.eu\/blog\/wp-content\/uploads\/2024\/09\/Viols-en-laval.jpg?fit=627%2C396&amp;ssl=1\" src=\"https:\/\/i0.wp.com\/www.altimara.eu\/blog\/wp-content\/uploads\/2024\/09\/Viols-en-laval.jpg?resize=627%2C396&#038;ssl=1\" alt=\"\" class=\"wp-image-4526\" srcset=\"https:\/\/i0.wp.com\/www.altimara.eu\/blog\/wp-content\/uploads\/2024\/09\/Viols-en-laval.jpg?resize=1024%2C647&amp;ssl=1 1024w, https:\/\/i0.wp.com\/www.altimara.eu\/blog\/wp-content\/uploads\/2024\/09\/Viols-en-laval.jpg?resize=300%2C190&amp;ssl=1 300w, https:\/\/i0.wp.com\/www.altimara.eu\/blog\/wp-content\/uploads\/2024\/09\/Viols-en-laval.jpg?resize=768%2C485&amp;ssl=1 768w, https:\/\/i0.wp.com\/www.altimara.eu\/blog\/wp-content\/uploads\/2024\/09\/Viols-en-laval.jpg?w=1516&amp;ssl=1 1516w, https:\/\/i0.wp.com\/www.altimara.eu\/blog\/wp-content\/uploads\/2024\/09\/Viols-en-laval.jpg?w=1254&amp;ssl=1 1254w\" sizes=\"auto, (max-width: 627px) 100vw, 627px\" \/><\/figure>\n\n\n<div class=\"wp-block-image\">\n<figure class=\"aligncenter size-full\"><img data-recalc-dims=\"1\" loading=\"lazy\" decoding=\"async\" width=\"627\" height=\"887\" data-attachment-id=\"4528\" data-permalink=\"https:\/\/www.altimara.eu\/blog\/2024\/09\/25\/charbonniere-a-cambous-2-2\/recto-2\/\" data-orig-file=\"https:\/\/i0.wp.com\/www.altimara.eu\/blog\/wp-content\/uploads\/2024\/09\/Recto-1.png?fit=668%2C945&amp;ssl=1\" data-orig-size=\"668,945\" data-comments-opened=\"1\" data-image-meta=\"{&quot;aperture&quot;:&quot;0&quot;,&quot;credit&quot;:&quot;&quot;,&quot;camera&quot;:&quot;&quot;,&quot;caption&quot;:&quot;&quot;,&quot;created_timestamp&quot;:&quot;0&quot;,&quot;copyright&quot;:&quot;&quot;,&quot;focal_length&quot;:&quot;0&quot;,&quot;iso&quot;:&quot;0&quot;,&quot;shutter_speed&quot;:&quot;0&quot;,&quot;title&quot;:&quot;&quot;,&quot;orientation&quot;:&quot;0&quot;}\" data-image-title=\"Recto\" data-image-description=\"\" data-image-caption=\"\" data-large-file=\"https:\/\/i0.wp.com\/www.altimara.eu\/blog\/wp-content\/uploads\/2024\/09\/Recto-1.png?fit=627%2C887&amp;ssl=1\" src=\"https:\/\/i0.wp.com\/www.altimara.eu\/blog\/wp-content\/uploads\/2024\/09\/Recto-1.png?resize=627%2C887&#038;ssl=1\" alt=\"\" class=\"wp-image-4528\" srcset=\"https:\/\/i0.wp.com\/www.altimara.eu\/blog\/wp-content\/uploads\/2024\/09\/Recto-1.png?w=668&amp;ssl=1 668w, https:\/\/i0.wp.com\/www.altimara.eu\/blog\/wp-content\/uploads\/2024\/09\/Recto-1.png?resize=212%2C300&amp;ssl=1 212w\" sizes=\"auto, (max-width: 627px) 100vw, 627px\" \/><\/figure>\n<\/div>\n\n<div class=\"wp-block-image\">\n<figure class=\"aligncenter size-full\"><img data-recalc-dims=\"1\" loading=\"lazy\" decoding=\"async\" width=\"627\" height=\"887\" data-attachment-id=\"4529\" data-permalink=\"https:\/\/www.altimara.eu\/blog\/2024\/09\/25\/charbonniere-a-cambous-2-2\/verso\/\" data-orig-file=\"https:\/\/i0.wp.com\/www.altimara.eu\/blog\/wp-content\/uploads\/2024\/09\/Verso.png?fit=668%2C945&amp;ssl=1\" data-orig-size=\"668,945\" data-comments-opened=\"1\" data-image-meta=\"{&quot;aperture&quot;:&quot;0&quot;,&quot;credit&quot;:&quot;&quot;,&quot;camera&quot;:&quot;&quot;,&quot;caption&quot;:&quot;&quot;,&quot;created_timestamp&quot;:&quot;0&quot;,&quot;copyright&quot;:&quot;&quot;,&quot;focal_length&quot;:&quot;0&quot;,&quot;iso&quot;:&quot;0&quot;,&quot;shutter_speed&quot;:&quot;0&quot;,&quot;title&quot;:&quot;&quot;,&quot;orientation&quot;:&quot;0&quot;}\" data-image-title=\"Verso\" data-image-description=\"\" data-image-caption=\"\" data-large-file=\"https:\/\/i0.wp.com\/www.altimara.eu\/blog\/wp-content\/uploads\/2024\/09\/Verso.png?fit=627%2C887&amp;ssl=1\" src=\"https:\/\/i0.wp.com\/www.altimara.eu\/blog\/wp-content\/uploads\/2024\/09\/Verso.png?resize=627%2C887&#038;ssl=1\" alt=\"\" class=\"wp-image-4529\" srcset=\"https:\/\/i0.wp.com\/www.altimara.eu\/blog\/wp-content\/uploads\/2024\/09\/Verso.png?w=668&amp;ssl=1 668w, https:\/\/i0.wp.com\/www.altimara.eu\/blog\/wp-content\/uploads\/2024\/09\/Verso.png?resize=212%2C300&amp;ssl=1 212w\" sizes=\"auto, (max-width: 627px) 100vw, 627px\" \/><\/figure>\n<\/div>","protected":false},"excerpt":{"rendered":"<p>A la demande de la Soci\u00e9t\u00e9 Languedocienne de Pr\u00e9histoire, SLP, je vais r\u00e9aliser une charbonni\u00e8re \u00e0 l&rsquo;entr\u00e9e du village n\u00e9olithique de Cambous. Les arch\u00e9ologues vont \u00e9tudier le d\u00e9roulement du processus de carbonisation et de l&rsquo;\u00e9tude des charbons produits. Nous avions d\u00e9j\u00e0 collabor\u00e9 au m\u00eame endroit en mai avec un petit manque de temps de cuisson [&hellip;]<\/p>\n","protected":false},"author":3,"featured_media":0,"comment_status":"open","ping_status":"open","sticky":false,"template":"","format":"standard","meta":{"ngg_post_thumbnail":0,"jetpack_post_was_ever_published":false,"_jetpack_newsletter_access":"","_jetpack_dont_email_post_to_subs":false,"_jetpack_newsletter_tier_id":0,"_jetpack_memberships_contains_paywalled_content":false,"_jetpack_memberships_contains_paid_content":false,"footnotes":"","jetpack_publicize_message":"","jetpack_publicize_feature_enabled":true,"jetpack_social_post_already_shared":true,"jetpack_social_options":{"image_generator_settings":{"template":"highway","default_image_id":0,"font":"","enabled":false},"version":2}},"categories":[65,6,103,37],"tags":[34,13,18],"class_list":["post-4525","post","type-post","status-publish","format-standard","hentry","category-mes-charbonnieres","category-charbon-de-bois-carbon-art","category-charbonnier-en-france","category-evenementiel","tag-charbon-de-bois-carbon-art","tag-charbonnier","tag-garrigue"],"jetpack_publicize_connections":[],"jetpack_featured_media_url":"","jetpack_shortlink":"https:\/\/wp.me\/p4r91c-1aZ","jetpack_sharing_enabled":true,"jetpack-related-posts":[{"id":4669,"url":"https:\/\/www.altimara.eu\/blog\/2025\/10\/07\/cambous-noir-charbon\/","url_meta":{"origin":4525,"position":0},"title":"Cambous noir charbon","author":"Martiou","date":"7 octobre 2025","format":false,"excerpt":"J'ai allum\u00e9 la meule le lundi matin pour une extinction le vendredi midi soit 5 jours de cuisson et donc 4 nuits. La conduite du feu s'est parfaitement r\u00e9alis\u00e9e avec cette fois ci une terre moins capricieuse. Maya, Luc et Simon ont veill\u00e9 avec attention pendant les nuits. Ils ont\u2026","rel":"","context":"Dans &quot;0- MES CHARBONNI\u00c8RES&quot;","block_context":{"text":"0- MES CHARBONNI\u00c8RES","link":"https:\/\/www.altimara.eu\/blog\/category\/mes-charbonnieres\/"},"img":{"alt_text":"","src":"https:\/\/i0.wp.com\/www.altimara.eu\/blog\/wp-content\/uploads\/2025\/10\/MA5_7424-1.jpg?resize=350%2C200&ssl=1","width":350,"height":200,"srcset":"https:\/\/i0.wp.com\/www.altimara.eu\/blog\/wp-content\/uploads\/2025\/10\/MA5_7424-1.jpg?resize=350%2C200&ssl=1 1x, https:\/\/i0.wp.com\/www.altimara.eu\/blog\/wp-content\/uploads\/2025\/10\/MA5_7424-1.jpg?resize=525%2C300&ssl=1 1.5x, https:\/\/i0.wp.com\/www.altimara.eu\/blog\/wp-content\/uploads\/2025\/10\/MA5_7424-1.jpg?resize=700%2C400&ssl=1 2x, https:\/\/i0.wp.com\/www.altimara.eu\/blog\/wp-content\/uploads\/2025\/10\/MA5_7424-1.jpg?resize=1050%2C600&ssl=1 3x"},"classes":[]},{"id":3980,"url":"https:\/\/www.altimara.eu\/blog\/2022\/12\/02\/les-compagnons-de-france-a-cambous\/","url_meta":{"origin":4525,"position":1},"title":"Les Compagnons de France \u00e0 Cambous","author":"Martiou","date":"2 d\u00e9cembre 2022","format":false,"excerpt":"Il est courant, ou tout moins possible, en se promenant dans nos garrigues de trouver des cercles de fer rouill\u00e9. Pour la plupart en piteux \u00e9tats, ces ronds sont des restes de four \u00e0 charbonner. Chaque cercle correspond \u00e0 un \u00e9l\u00e9ment de ces fours. Viroles, couvercles ou simple anneau, ils\u2026","rel":"","context":"Dans &quot;Autre&quot;","block_context":{"text":"Autre","link":"https:\/\/www.altimara.eu\/blog\/category\/autre\/"},"img":{"alt_text":"","src":"https:\/\/i0.wp.com\/www.altimara.eu\/blog\/wp-content\/uploads\/2022\/12\/proxy-image.jpg?resize=350%2C200&ssl=1","width":350,"height":200},"classes":[]},{"id":4159,"url":"https:\/\/www.altimara.eu\/blog\/2023\/10\/05\/charbonniere-de-lou-cambous\/","url_meta":{"origin":4525,"position":2},"title":"Charbonni\u00e8re de lou Cambous","author":"Martiou","date":"5 octobre 2023","format":false,"excerpt":"Aujourd'hui a \u00e9tait le jour des travaux les plus \u00e9reintants. Agrandissement de la faulde. Avec un niveau et un bastain comme pour du b\u00e9ton. Av\u00e9 le caritou...trois pierres au centre, tradition. Livraison de 6 st\u00e8res de ch\u00eanes verts, environ 4 T, voire un peu plus. C'est C\u00e9dric Lavabre de Sainte-Croix-De-Quintillargues\u2026","rel":"","context":"Dans &quot;0- MES CHARBONNI\u00c8RES&quot;","block_context":{"text":"0- MES CHARBONNI\u00c8RES","link":"https:\/\/www.altimara.eu\/blog\/category\/mes-charbonnieres\/"},"img":{"alt_text":"","src":"https:\/\/i0.wp.com\/www.altimara.eu\/blog\/wp-content\/uploads\/2023\/10\/MA5_2807.jpg?resize=350%2C200&ssl=1","width":350,"height":200,"srcset":"https:\/\/i0.wp.com\/www.altimara.eu\/blog\/wp-content\/uploads\/2023\/10\/MA5_2807.jpg?resize=350%2C200&ssl=1 1x, https:\/\/i0.wp.com\/www.altimara.eu\/blog\/wp-content\/uploads\/2023\/10\/MA5_2807.jpg?resize=525%2C300&ssl=1 1.5x, https:\/\/i0.wp.com\/www.altimara.eu\/blog\/wp-content\/uploads\/2023\/10\/MA5_2807.jpg?resize=700%2C400&ssl=1 2x, https:\/\/i0.wp.com\/www.altimara.eu\/blog\/wp-content\/uploads\/2023\/10\/MA5_2807.jpg?resize=1050%2C600&ssl=1 3x, https:\/\/i0.wp.com\/www.altimara.eu\/blog\/wp-content\/uploads\/2023\/10\/MA5_2807.jpg?resize=1400%2C800&ssl=1 4x"},"classes":[]},{"id":4659,"url":"https:\/\/www.altimara.eu\/blog\/2025\/09\/28\/cambous-suite-1\/","url_meta":{"origin":4525,"position":3},"title":"Cambous suite 1","author":"Martiou","date":"28 septembre 2025","format":false,"excerpt":"Montage de la meule, le tas de bois avec sa couverture de terre. Les Padawans toujours aussi efficaces dans le plant\u00e9 du baton. La disposition en rond a \u00e9t\u00e9 parfaite pour la manipulation des buches. Le r\u00e9sultat parle de lui m\u00eame. Il y a un ma\u00eetre charbonnier qui traine sur\u2026","rel":"","context":"Dans &quot;0- MES CHARBONNI\u00c8RES&quot;","block_context":{"text":"0- MES CHARBONNI\u00c8RES","link":"https:\/\/www.altimara.eu\/blog\/category\/mes-charbonnieres\/"},"img":{"alt_text":"","src":"https:\/\/i0.wp.com\/www.altimara.eu\/blog\/wp-content\/uploads\/2025\/09\/P1070054.jpg?resize=350%2C200&ssl=1","width":350,"height":200,"srcset":"https:\/\/i0.wp.com\/www.altimara.eu\/blog\/wp-content\/uploads\/2025\/09\/P1070054.jpg?resize=350%2C200&ssl=1 1x, https:\/\/i0.wp.com\/www.altimara.eu\/blog\/wp-content\/uploads\/2025\/09\/P1070054.jpg?resize=525%2C300&ssl=1 1.5x, https:\/\/i0.wp.com\/www.altimara.eu\/blog\/wp-content\/uploads\/2025\/09\/P1070054.jpg?resize=700%2C400&ssl=1 2x, https:\/\/i0.wp.com\/www.altimara.eu\/blog\/wp-content\/uploads\/2025\/09\/P1070054.jpg?resize=1050%2C600&ssl=1 3x"},"classes":[]},{"id":4140,"url":"https:\/\/www.altimara.eu\/blog\/2023\/09\/25\/charbonniere-a-cambous-2\/","url_meta":{"origin":4525,"position":4},"title":"Charbonni\u00e8re \u00e0 Cambous","author":"Martiou","date":"25 septembre 2023","format":false,"excerpt":"Si le ciel nous tombe pas sur la t\u00eate (citation historique !!), j'aurai l'occasion de r\u00e9aliser une charbonni\u00e8re sur le site du village pr\u00e9historique de Cambous du 6 au 15 octobre. Cette cuisson s'inscrit dans le cadre des journ\u00e9es \"Arch\u00e9ologie et Patrimoine\" qui auront lieu les 13, 14 et 15\u2026","rel":"","context":"Dans &quot;0- MES CHARBONNI\u00c8RES&quot;","block_context":{"text":"0- MES CHARBONNI\u00c8RES","link":"https:\/\/www.altimara.eu\/blog\/category\/mes-charbonnieres\/"},"img":{"alt_text":"","src":"https:\/\/i0.wp.com\/www.altimara.eu\/blog\/wp-content\/uploads\/2023\/09\/IMG_20230430_163206-copie.jpg?resize=350%2C200&ssl=1","width":350,"height":200,"srcset":"https:\/\/i0.wp.com\/www.altimara.eu\/blog\/wp-content\/uploads\/2023\/09\/IMG_20230430_163206-copie.jpg?resize=350%2C200&ssl=1 1x, https:\/\/i0.wp.com\/www.altimara.eu\/blog\/wp-content\/uploads\/2023\/09\/IMG_20230430_163206-copie.jpg?resize=525%2C300&ssl=1 1.5x, https:\/\/i0.wp.com\/www.altimara.eu\/blog\/wp-content\/uploads\/2023\/09\/IMG_20230430_163206-copie.jpg?resize=700%2C400&ssl=1 2x"},"classes":[]},{"id":4002,"url":"https:\/\/www.altimara.eu\/blog\/2023\/04\/11\/charbonniere-a-cambous\/","url_meta":{"origin":4525,"position":5},"title":"Charbonni\u00e8re \u00e0 Cambous","author":"Martiou","date":"11 avril 2023","format":false,"excerpt":"Cambous est un un site arch\u00e9ologique, proche du village de Viols-En-Laval dans l'H\u00e9raut. Ce site est remarquable par son village n\u00e9olithique, avec des fonds de cabanes bien conserv\u00e9es. Une maison de cette \u00e9poque a \u00e9t\u00e9 reconstitu\u00e9, avec un toit en chaume, qui sont des roseaux de sagnes. Le lieux sert\u2026","rel":"","context":"Dans &quot;0- MES CHARBONNI\u00c8RES&quot;","block_context":{"text":"0- MES CHARBONNI\u00c8RES","link":"https:\/\/www.altimara.eu\/blog\/category\/mes-charbonnieres\/"},"img":{"alt_text":"","src":"https:\/\/i0.wp.com\/www.altimara.eu\/blog\/wp-content\/uploads\/2023\/04\/Capture-decran-2023-04-11-a-12.46.37.jpg?resize=350%2C200&ssl=1","width":350,"height":200,"srcset":"https:\/\/i0.wp.com\/www.altimara.eu\/blog\/wp-content\/uploads\/2023\/04\/Capture-decran-2023-04-11-a-12.46.37.jpg?resize=350%2C200&ssl=1 1x, https:\/\/i0.wp.com\/www.altimara.eu\/blog\/wp-content\/uploads\/2023\/04\/Capture-decran-2023-04-11-a-12.46.37.jpg?resize=525%2C300&ssl=1 1.5x, https:\/\/i0.wp.com\/www.altimara.eu\/blog\/wp-content\/uploads\/2023\/04\/Capture-decran-2023-04-11-a-12.46.37.jpg?resize=700%2C400&ssl=1 2x, https:\/\/i0.wp.com\/www.altimara.eu\/blog\/wp-content\/uploads\/2023\/04\/Capture-decran-2023-04-11-a-12.46.37.jpg?resize=1050%2C600&ssl=1 3x, https:\/\/i0.wp.com\/www.altimara.eu\/blog\/wp-content\/uploads\/2023\/04\/Capture-decran-2023-04-11-a-12.46.37.jpg?resize=1400%2C800&ssl=1 4x"},"classes":[]}],"_links":{"self":[{"href":"https:\/\/www.altimara.eu\/blog\/wp-json\/wp\/v2\/posts\/4525","targetHints":{"allow":["GET"]}}],"collection":[{"href":"https:\/\/www.altimara.eu\/blog\/wp-json\/wp\/v2\/posts"}],"about":[{"href":"https:\/\/www.altimara.eu\/blog\/wp-json\/wp\/v2\/types\/post"}],"author":[{"embeddable":true,"href":"https:\/\/www.altimara.eu\/blog\/wp-json\/wp\/v2\/users\/3"}],"replies":[{"embeddable":true,"href":"https:\/\/www.altimara.eu\/blog\/wp-json\/wp\/v2\/comments?post=4525"}],"version-history":[{"count":0,"href":"https:\/\/www.altimara.eu\/blog\/wp-json\/wp\/v2\/posts\/4525\/revisions"}],"wp:attachment":[{"href":"https:\/\/www.altimara.eu\/blog\/wp-json\/wp\/v2\/media?parent=4525"}],"wp:term":[{"taxonomy":"category","embeddable":true,"href":"https:\/\/www.altimara.eu\/blog\/wp-json\/wp\/v2\/categories?post=4525"},{"taxonomy":"post_tag","embeddable":true,"href":"https:\/\/www.altimara.eu\/blog\/wp-json\/wp\/v2\/tags?post=4525"}],"curies":[{"name":"wp","href":"https:\/\/api.w.org\/{rel}","templated":true}]}}