{"id":4482,"date":"2024-09-08T14:41:23","date_gmt":"2024-09-08T13:41:23","guid":{"rendered":"https:\/\/www.altimara.eu\/blog\/?p=4482"},"modified":"2024-09-08T14:41:23","modified_gmt":"2024-09-08T13:41:23","slug":"lupin-is-6-le-resultat","status":"publish","type":"post","link":"https:\/\/www.altimara.eu\/blog\/2024\/09\/08\/lupin-is-6-le-resultat\/","title":{"rendered":"Lupin.is-6, le r\u00e9sultat."},"content":{"rendered":"\n<p><strong>Projet Ekokolakaka <\/strong><\/p>\n\n\n\n<p>Le volcan Sundhn\u00fakag\u00edgar nous accompagne en cr\u00e9ant un \u00e9pais voile qui enveloppe toute la c\u00f4te sud. Parfois le brouillard se d\u00e9chire et laisse passer des rayons de lumi\u00e8re dans l&rsquo;atmosph\u00e8re bleue de la fum\u00e9e volcanique. Fum\u00e9e bleue comme celle des charbonni\u00e8res, \u00e9trange !<\/p>\n\n\n<div class=\"wp-block-image\">\n<figure class=\"aligncenter size-large\"><img data-recalc-dims=\"1\" loading=\"lazy\" decoding=\"async\" width=\"627\" height=\"940\" data-attachment-id=\"4484\" data-permalink=\"https:\/\/www.altimara.eu\/blog\/2024\/09\/08\/lupin-is-6-le-resultat\/ma5_4922\/\" data-orig-file=\"https:\/\/i0.wp.com\/www.altimara.eu\/blog\/wp-content\/uploads\/2024\/09\/MA5_4922-scaled.jpg?fit=1707%2C2560&amp;ssl=1\" data-orig-size=\"1707,2560\" data-comments-opened=\"1\" data-image-meta=\"{&quot;aperture&quot;:&quot;16&quot;,&quot;credit&quot;:&quot;Martial Acquarone&quot;,&quot;camera&quot;:&quot;NIKON D850&quot;,&quot;caption&quot;:&quot;&quot;,&quot;created_timestamp&quot;:&quot;1620876989&quot;,&quot;copyright&quot;:&quot;CC BY-SA 4.0&quot;,&quot;focal_length&quot;:&quot;35&quot;,&quot;iso&quot;:&quot;500&quot;,&quot;shutter_speed&quot;:&quot;0.0025&quot;,&quot;title&quot;:&quot;&quot;,&quot;orientation&quot;:&quot;0&quot;}\" data-image-title=\"MA5_4922\" data-image-description=\"\" data-image-caption=\"\" data-large-file=\"https:\/\/i0.wp.com\/www.altimara.eu\/blog\/wp-content\/uploads\/2024\/09\/MA5_4922-scaled.jpg?fit=627%2C940&amp;ssl=1\" src=\"https:\/\/i0.wp.com\/www.altimara.eu\/blog\/wp-content\/uploads\/2024\/09\/MA5_4922.jpg?resize=627%2C940&#038;ssl=1\" alt=\"\" class=\"wp-image-4484\" srcset=\"https:\/\/i0.wp.com\/www.altimara.eu\/blog\/wp-content\/uploads\/2024\/09\/MA5_4922-scaled.jpg?resize=683%2C1024&amp;ssl=1 683w, https:\/\/i0.wp.com\/www.altimara.eu\/blog\/wp-content\/uploads\/2024\/09\/MA5_4922-scaled.jpg?resize=200%2C300&amp;ssl=1 200w, https:\/\/i0.wp.com\/www.altimara.eu\/blog\/wp-content\/uploads\/2024\/09\/MA5_4922-scaled.jpg?resize=768%2C1152&amp;ssl=1 768w, https:\/\/i0.wp.com\/www.altimara.eu\/blog\/wp-content\/uploads\/2024\/09\/MA5_4922-scaled.jpg?resize=1024%2C1536&amp;ssl=1 1024w, https:\/\/i0.wp.com\/www.altimara.eu\/blog\/wp-content\/uploads\/2024\/09\/MA5_4922-scaled.jpg?resize=1366%2C2048&amp;ssl=1 1366w, https:\/\/i0.wp.com\/www.altimara.eu\/blog\/wp-content\/uploads\/2024\/09\/MA5_4922-scaled.jpg?w=1707&amp;ssl=1 1707w, https:\/\/i0.wp.com\/www.altimara.eu\/blog\/wp-content\/uploads\/2024\/09\/MA5_4922-scaled.jpg?w=1254&amp;ssl=1 1254w\" sizes=\"auto, (max-width: 627px) 100vw, 627px\" \/><\/figure>\n<\/div>\n\n\n<p>La qualit\u00e9 de la chemin\u00e9e de gros calibre limite notre propre production de fum\u00e9e. Plut\u00f4t fonc\u00e9e au d\u00e9marrage des gaz de carbonisation.<\/p>\n\n\n<div class=\"wp-block-image\">\n<figure class=\"aligncenter size-large\"><img data-recalc-dims=\"1\" loading=\"lazy\" decoding=\"async\" width=\"627\" height=\"940\" data-attachment-id=\"4485\" data-permalink=\"https:\/\/www.altimara.eu\/blog\/2024\/09\/08\/lupin-is-6-le-resultat\/ma5_4928\/\" data-orig-file=\"https:\/\/i0.wp.com\/www.altimara.eu\/blog\/wp-content\/uploads\/2024\/09\/MA5_4928-scaled.jpg?fit=1707%2C2560&amp;ssl=1\" data-orig-size=\"1707,2560\" data-comments-opened=\"1\" data-image-meta=\"{&quot;aperture&quot;:&quot;13&quot;,&quot;credit&quot;:&quot;Martial Acquarone&quot;,&quot;camera&quot;:&quot;NIKON D850&quot;,&quot;caption&quot;:&quot;&quot;,&quot;created_timestamp&quot;:&quot;1620876989&quot;,&quot;copyright&quot;:&quot;CC BY-SA 4.0&quot;,&quot;focal_length&quot;:&quot;24&quot;,&quot;iso&quot;:&quot;500&quot;,&quot;shutter_speed&quot;:&quot;0.0125&quot;,&quot;title&quot;:&quot;&quot;,&quot;orientation&quot;:&quot;0&quot;}\" data-image-title=\"MA5_4928\" data-image-description=\"\" data-image-caption=\"\" data-large-file=\"https:\/\/i0.wp.com\/www.altimara.eu\/blog\/wp-content\/uploads\/2024\/09\/MA5_4928-scaled.jpg?fit=627%2C940&amp;ssl=1\" src=\"https:\/\/i0.wp.com\/www.altimara.eu\/blog\/wp-content\/uploads\/2024\/09\/MA5_4928.jpg?resize=627%2C940&#038;ssl=1\" alt=\"\" class=\"wp-image-4485\" srcset=\"https:\/\/i0.wp.com\/www.altimara.eu\/blog\/wp-content\/uploads\/2024\/09\/MA5_4928-scaled.jpg?resize=683%2C1024&amp;ssl=1 683w, https:\/\/i0.wp.com\/www.altimara.eu\/blog\/wp-content\/uploads\/2024\/09\/MA5_4928-scaled.jpg?resize=200%2C300&amp;ssl=1 200w, https:\/\/i0.wp.com\/www.altimara.eu\/blog\/wp-content\/uploads\/2024\/09\/MA5_4928-scaled.jpg?resize=768%2C1152&amp;ssl=1 768w, https:\/\/i0.wp.com\/www.altimara.eu\/blog\/wp-content\/uploads\/2024\/09\/MA5_4928-scaled.jpg?resize=1024%2C1536&amp;ssl=1 1024w, https:\/\/i0.wp.com\/www.altimara.eu\/blog\/wp-content\/uploads\/2024\/09\/MA5_4928-scaled.jpg?resize=1366%2C2048&amp;ssl=1 1366w, https:\/\/i0.wp.com\/www.altimara.eu\/blog\/wp-content\/uploads\/2024\/09\/MA5_4928-scaled.jpg?w=1707&amp;ssl=1 1707w, https:\/\/i0.wp.com\/www.altimara.eu\/blog\/wp-content\/uploads\/2024\/09\/MA5_4928-scaled.jpg?w=1254&amp;ssl=1 1254w\" sizes=\"auto, (max-width: 627px) 100vw, 627px\" \/><\/figure>\n<\/div>\n\n\n<p>L&rsquo;atelier presse. Des bouts de tuyaux, de vieilles bouteilles et quelques morceaux de fer : ultra simple !<\/p>\n\n\n\n<figure class=\"wp-block-image size-large\"><img data-recalc-dims=\"1\" loading=\"lazy\" decoding=\"async\" width=\"627\" height=\"469\" data-attachment-id=\"4488\" data-permalink=\"https:\/\/www.altimara.eu\/blog\/2024\/09\/08\/lupin-is-6-le-resultat\/img_20240827_133454\/\" data-orig-file=\"https:\/\/i0.wp.com\/www.altimara.eu\/blog\/wp-content\/uploads\/2024\/09\/IMG_20240827_133454-scaled.jpg?fit=2560%2C1915&amp;ssl=1\" data-orig-size=\"2560,1915\" data-comments-opened=\"1\" data-image-meta=\"{&quot;aperture&quot;:&quot;1.8&quot;,&quot;credit&quot;:&quot;Martial Acquarone&quot;,&quot;camera&quot;:&quot;M2003J15SC&quot;,&quot;caption&quot;:&quot;&quot;,&quot;created_timestamp&quot;:&quot;1620876989&quot;,&quot;copyright&quot;:&quot;CC BY-SA 4.0&quot;,&quot;focal_length&quot;:&quot;4.74&quot;,&quot;iso&quot;:&quot;153&quot;,&quot;shutter_speed&quot;:&quot;0.02&quot;,&quot;title&quot;:&quot;&quot;,&quot;orientation&quot;:&quot;0&quot;}\" data-image-title=\"IMG_20240827_133454\" data-image-description=\"\" data-image-caption=\"\" data-large-file=\"https:\/\/i0.wp.com\/www.altimara.eu\/blog\/wp-content\/uploads\/2024\/09\/IMG_20240827_133454-scaled.jpg?fit=627%2C469&amp;ssl=1\" src=\"https:\/\/i0.wp.com\/www.altimara.eu\/blog\/wp-content\/uploads\/2024\/09\/IMG_20240827_133454.jpg?resize=627%2C469&#038;ssl=1\" alt=\"\" class=\"wp-image-4488\" srcset=\"https:\/\/i0.wp.com\/www.altimara.eu\/blog\/wp-content\/uploads\/2024\/09\/IMG_20240827_133454-scaled.jpg?resize=1024%2C766&amp;ssl=1 1024w, https:\/\/i0.wp.com\/www.altimara.eu\/blog\/wp-content\/uploads\/2024\/09\/IMG_20240827_133454-scaled.jpg?resize=300%2C224&amp;ssl=1 300w, https:\/\/i0.wp.com\/www.altimara.eu\/blog\/wp-content\/uploads\/2024\/09\/IMG_20240827_133454-scaled.jpg?resize=768%2C575&amp;ssl=1 768w, https:\/\/i0.wp.com\/www.altimara.eu\/blog\/wp-content\/uploads\/2024\/09\/IMG_20240827_133454-scaled.jpg?resize=1536%2C1149&amp;ssl=1 1536w, https:\/\/i0.wp.com\/www.altimara.eu\/blog\/wp-content\/uploads\/2024\/09\/IMG_20240827_133454-scaled.jpg?resize=2048%2C1532&amp;ssl=1 2048w, https:\/\/i0.wp.com\/www.altimara.eu\/blog\/wp-content\/uploads\/2024\/09\/IMG_20240827_133454-scaled.jpg?w=1254&amp;ssl=1 1254w, https:\/\/i0.wp.com\/www.altimara.eu\/blog\/wp-content\/uploads\/2024\/09\/IMG_20240827_133454-scaled.jpg?w=1881&amp;ssl=1 1881w\" sizes=\"auto, (max-width: 627px) 100vw, 627px\" \/><\/figure>\n\n\n\n<p>Apr\u00e8s toutes ces \u00e9preuves il \u00e9tait temps de faire nos Kolakaka. Voici la recette : prenez 8 parts d&rsquo;une belle poudre noire de lupins carbonis\u00e9s. Cette plante qui est pass\u00e9e dans notre four, s&rsquo;\u00e9crase facilement et donne une poudre l\u00e9g\u00e8re comme une aurore bor\u00e9ale&#8230;noire. M\u00e9langez avec de la hveiti \u00e0 20 %, qui a \u00e9t\u00e9 dilu\u00e9 auparavant \u00e0 10 % avec l&rsquo;eau du M\u00fdrdalsj\u00f6kull, une eau qui peut avoir 1000 ans d&rsquo;\u00e2ge. Apr\u00e8s c&rsquo;est tout simple, un bout de tuyaux et paf trois coups avec le marteau de Thor (prononcez Ssor !). <\/p>\n\n\n\n<figure class=\"wp-block-image size-large is-resized\"><img data-recalc-dims=\"1\" loading=\"lazy\" decoding=\"async\" width=\"627\" height=\"940\" data-attachment-id=\"4486\" data-permalink=\"https:\/\/www.altimara.eu\/blog\/2024\/09\/08\/lupin-is-6-le-resultat\/ma5_4930\/\" data-orig-file=\"https:\/\/i0.wp.com\/www.altimara.eu\/blog\/wp-content\/uploads\/2024\/09\/MA5_4930-scaled.jpg?fit=1707%2C2560&amp;ssl=1\" data-orig-size=\"1707,2560\" data-comments-opened=\"1\" data-image-meta=\"{&quot;aperture&quot;:&quot;5.6&quot;,&quot;credit&quot;:&quot;Martial Acquarone&quot;,&quot;camera&quot;:&quot;NIKON D850&quot;,&quot;caption&quot;:&quot;&quot;,&quot;created_timestamp&quot;:&quot;1620876989&quot;,&quot;copyright&quot;:&quot;CC BY-SA 4.0&quot;,&quot;focal_length&quot;:&quot;32&quot;,&quot;iso&quot;:&quot;800&quot;,&quot;shutter_speed&quot;:&quot;0.05&quot;,&quot;title&quot;:&quot;&quot;,&quot;orientation&quot;:&quot;0&quot;}\" data-image-title=\"MA5_4930\" data-image-description=\"\" data-image-caption=\"\" data-large-file=\"https:\/\/i0.wp.com\/www.altimara.eu\/blog\/wp-content\/uploads\/2024\/09\/MA5_4930-scaled.jpg?fit=627%2C940&amp;ssl=1\" src=\"https:\/\/i0.wp.com\/www.altimara.eu\/blog\/wp-content\/uploads\/2024\/09\/MA5_4930.jpg?resize=627%2C940&#038;ssl=1\" alt=\"\" class=\"wp-image-4486\" style=\"width:840px;height:auto\" srcset=\"https:\/\/i0.wp.com\/www.altimara.eu\/blog\/wp-content\/uploads\/2024\/09\/MA5_4930-scaled.jpg?resize=683%2C1024&amp;ssl=1 683w, https:\/\/i0.wp.com\/www.altimara.eu\/blog\/wp-content\/uploads\/2024\/09\/MA5_4930-scaled.jpg?resize=200%2C300&amp;ssl=1 200w, https:\/\/i0.wp.com\/www.altimara.eu\/blog\/wp-content\/uploads\/2024\/09\/MA5_4930-scaled.jpg?resize=768%2C1152&amp;ssl=1 768w, https:\/\/i0.wp.com\/www.altimara.eu\/blog\/wp-content\/uploads\/2024\/09\/MA5_4930-scaled.jpg?resize=1024%2C1536&amp;ssl=1 1024w, https:\/\/i0.wp.com\/www.altimara.eu\/blog\/wp-content\/uploads\/2024\/09\/MA5_4930-scaled.jpg?resize=1366%2C2048&amp;ssl=1 1366w, https:\/\/i0.wp.com\/www.altimara.eu\/blog\/wp-content\/uploads\/2024\/09\/MA5_4930-scaled.jpg?w=1707&amp;ssl=1 1707w, https:\/\/i0.wp.com\/www.altimara.eu\/blog\/wp-content\/uploads\/2024\/09\/MA5_4930-scaled.jpg?w=1254&amp;ssl=1 1254w\" sizes=\"auto, (max-width: 627px) 100vw, 627px\" \/><figcaption class=\"wp-element-caption\">Le marteau de \u00deor \u00e0 l&rsquo;arri\u00e8re plan !!<\/figcaption><\/figure>\n\n\n\n<p>Et voil\u00e0 nos kakas (gateaux) carbonis\u00e9s (Kola). <\/p>\n\n\n\n<figure class=\"wp-block-image size-large\"><img data-recalc-dims=\"1\" loading=\"lazy\" decoding=\"async\" width=\"627\" height=\"418\" data-attachment-id=\"4487\" data-permalink=\"https:\/\/www.altimara.eu\/blog\/2024\/09\/08\/lupin-is-6-le-resultat\/ma5_5119\/\" data-orig-file=\"https:\/\/i0.wp.com\/www.altimara.eu\/blog\/wp-content\/uploads\/2024\/09\/MA5_5119-scaled.jpg?fit=2560%2C1707&amp;ssl=1\" data-orig-size=\"2560,1707\" data-comments-opened=\"1\" data-image-meta=\"{&quot;aperture&quot;:&quot;13&quot;,&quot;credit&quot;:&quot;Martial Acquarone&quot;,&quot;camera&quot;:&quot;NIKON D850&quot;,&quot;caption&quot;:&quot;&quot;,&quot;created_timestamp&quot;:&quot;1620876989&quot;,&quot;copyright&quot;:&quot;CC BY-SA 4.0&quot;,&quot;focal_length&quot;:&quot;70&quot;,&quot;iso&quot;:&quot;500&quot;,&quot;shutter_speed&quot;:&quot;0.004&quot;,&quot;title&quot;:&quot;&quot;,&quot;orientation&quot;:&quot;0&quot;}\" data-image-title=\"MA5_5119\" data-image-description=\"\" data-image-caption=\"\" data-large-file=\"https:\/\/i0.wp.com\/www.altimara.eu\/blog\/wp-content\/uploads\/2024\/09\/MA5_5119-scaled.jpg?fit=627%2C418&amp;ssl=1\" src=\"https:\/\/i0.wp.com\/www.altimara.eu\/blog\/wp-content\/uploads\/2024\/09\/MA5_5119.jpg?resize=627%2C418&#038;ssl=1\" alt=\"\" class=\"wp-image-4487\" srcset=\"https:\/\/i0.wp.com\/www.altimara.eu\/blog\/wp-content\/uploads\/2024\/09\/MA5_5119-scaled.jpg?resize=1024%2C683&amp;ssl=1 1024w, https:\/\/i0.wp.com\/www.altimara.eu\/blog\/wp-content\/uploads\/2024\/09\/MA5_5119-scaled.jpg?resize=300%2C200&amp;ssl=1 300w, https:\/\/i0.wp.com\/www.altimara.eu\/blog\/wp-content\/uploads\/2024\/09\/MA5_5119-scaled.jpg?resize=768%2C512&amp;ssl=1 768w, https:\/\/i0.wp.com\/www.altimara.eu\/blog\/wp-content\/uploads\/2024\/09\/MA5_5119-scaled.jpg?resize=1536%2C1024&amp;ssl=1 1536w, https:\/\/i0.wp.com\/www.altimara.eu\/blog\/wp-content\/uploads\/2024\/09\/MA5_5119-scaled.jpg?resize=2048%2C1366&amp;ssl=1 2048w, https:\/\/i0.wp.com\/www.altimara.eu\/blog\/wp-content\/uploads\/2024\/09\/MA5_5119-scaled.jpg?w=1254&amp;ssl=1 1254w, https:\/\/i0.wp.com\/www.altimara.eu\/blog\/wp-content\/uploads\/2024\/09\/MA5_5119-scaled.jpg?w=1881&amp;ssl=1 1881w\" sizes=\"auto, (max-width: 627px) 100vw, 627px\" \/><\/figure>\n\n\n\n<p>Pour Kidda et Siggi, c&rsquo;est une grande d\u00e9couverte. Ils ont trouv\u00e9 un bon moyen de valoriser ces lupins envahisseurs. L&rsquo;atmosph\u00e8re de mise en place de cet atelier a \u00e9t\u00e9 des plus agr\u00e9ables. Chaleur de l&rsquo;accueil, qualit\u00e9 des mains d\u2019\u0153uvre, r\u00e9sultats au del\u00e0 de nos esp\u00e9rances et surtout bienveillance des personnes qui ont cru jusqu&rsquo;au bout au projet et ceci dans un environnement exceptionnel entre oc\u00e9an et glaciers. Nous avons eu de nombreuses visites de la part de personnes intrigu\u00e9es et vite convaincues de la faisabilit\u00e9 et l&rsquo;utilit\u00e9 du projet. D&rsquo;autres ateliers vont certainement voir le jour ici et tout autour du pays.<\/p>\n\n\n\n<p>Le nom du projet est : Ekokolakaka ou 4K. Et non pas Kaka-Kola comme certains l&rsquo;ont sugg\u00e9r\u00e9 !! Du charbon \u00e9cologique, mati\u00e8re renouvelable, lutte contre plantes invasives et capture de CO2. Si on y rajoute bonne ambiance et produit circuit court, nous avons r\u00e9ussi une belle exp\u00e9rience concr\u00e8te.<\/p>\n\n\n\n<p>Merci \u00e0 Kidda et Siggi d&rsquo;avoir cru en nous, de nous avoir autant donner d\u2019amiti\u00e9s et de nous permettre de r\u00e9aliser ce projet qui me tenait tant \u00e0 c\u0153ur.<\/p>\n","protected":false},"excerpt":{"rendered":"<p>Projet Ekokolakaka Le volcan Sundhn\u00fakag\u00edgar nous accompagne en cr\u00e9ant un \u00e9pais voile qui enveloppe toute la c\u00f4te sud. Parfois le brouillard se d\u00e9chire et laisse passer des rayons de lumi\u00e8re dans l&rsquo;atmosph\u00e8re bleue de la fum\u00e9e volcanique. Fum\u00e9e bleue comme celle des charbonni\u00e8res, \u00e9trange ! La qualit\u00e9 de la chemin\u00e9e de gros calibre limite notre [&hellip;]<\/p>\n","protected":false},"author":3,"featured_media":0,"comment_status":"open","ping_status":"open","sticky":false,"template":"","format":"standard","meta":{"ngg_post_thumbnail":0,"jetpack_post_was_ever_published":false,"_jetpack_newsletter_access":"","_jetpack_dont_email_post_to_subs":false,"_jetpack_newsletter_tier_id":0,"_jetpack_memberships_contains_paywalled_content":false,"_jetpack_memberships_contains_paid_content":false,"footnotes":"","jetpack_publicize_message":"","jetpack_publicize_feature_enabled":true,"jetpack_social_post_already_shared":true,"jetpack_social_options":{"image_generator_settings":{"template":"highway","default_image_id":0,"font":"","enabled":false},"version":2}},"categories":[176,35,86,147],"tags":[91,149],"class_list":["post-4482","post","type-post","status-publish","format-standard","hentry","category-biochar","category-bois-dislande-bois-flotte-bois-plante","category-charbon-vegetal","category-four-metalliques","tag-charbon-vegetal","tag-coopdea"],"jetpack_publicize_connections":[],"jetpack_featured_media_url":"","jetpack_shortlink":"https:\/\/wp.me\/p4r91c-1ai","jetpack_sharing_enabled":true,"jetpack-related-posts":[{"id":4597,"url":"https:\/\/www.altimara.eu\/blog\/2025\/05\/15\/jean-xxv\/","url_meta":{"origin":4482,"position":0},"title":"Jean XXV","author":"Martiou","date":"15 mai 2025","format":false,"excerpt":"De la fum\u00e9e blanche dans tous les coins, fum\u00e9es non papales, habemus Carbonisarius. Santa Laura Carbonia Finalement c'est curieux de voir que pour faire un charbon tr\u00e8s noir on produit d'\u00e9normes quantit\u00e9s de fum\u00e9es blanches. Fum\u00e9es qui jaunissent puis donnent un superbe bleu digne des \u0153uvres de Van Gogh. Jean\u2026","rel":"","context":"Dans &quot;Charbon de bois&quot;","block_context":{"text":"Charbon de bois","link":"https:\/\/www.altimara.eu\/blog\/category\/charbon-de-bois-carbon-art\/"},"img":{"alt_text":"","src":"https:\/\/i0.wp.com\/www.altimara.eu\/blog\/wp-content\/uploads\/2025\/05\/IMG_20250514_155526-scaled.jpg?resize=350%2C200&ssl=1","width":350,"height":200,"srcset":"https:\/\/i0.wp.com\/www.altimara.eu\/blog\/wp-content\/uploads\/2025\/05\/IMG_20250514_155526-scaled.jpg?resize=350%2C200&ssl=1 1x, https:\/\/i0.wp.com\/www.altimara.eu\/blog\/wp-content\/uploads\/2025\/05\/IMG_20250514_155526-scaled.jpg?resize=525%2C300&ssl=1 1.5x, https:\/\/i0.wp.com\/www.altimara.eu\/blog\/wp-content\/uploads\/2025\/05\/IMG_20250514_155526-scaled.jpg?resize=700%2C400&ssl=1 2x, https:\/\/i0.wp.com\/www.altimara.eu\/blog\/wp-content\/uploads\/2025\/05\/IMG_20250514_155526-scaled.jpg?resize=1050%2C600&ssl=1 3x, https:\/\/i0.wp.com\/www.altimara.eu\/blog\/wp-content\/uploads\/2025\/05\/IMG_20250514_155526-scaled.jpg?resize=1400%2C800&ssl=1 4x"},"classes":[]},{"id":1913,"url":"https:\/\/www.altimara.eu\/blog\/2016\/07\/03\/charbon-vegetal-2\/","url_meta":{"origin":4482,"position":1},"title":"Charbon v\u00e9g\u00e9tal","author":"Martiou","date":"3 juillet 2016","format":false,"excerpt":"Il existe tout un tas de techniques pour fabriquer des \"briquettes\" ou \"galets\" de charbon de bois \u00e0 partir de poudre de charbon. Il faut avoir un stock de charbon v\u00e9g\u00e9tal assez cons\u00e9quent pour produire, \u00e0 l'\u00e9chelle artisanale, une quantit\u00e9 suffisante qui soit rentable. La mati\u00e8re premi\u00e8re, celle qu'il faut\u2026","rel":"","context":"Dans &quot;Charbon de bois&quot;","block_context":{"text":"Charbon de bois","link":"https:\/\/www.altimara.eu\/blog\/category\/charbon-de-bois-carbon-art\/"},"img":{"alt_text":"12039617_473223816213736_6462458700753161519_n","src":"https:\/\/i0.wp.com\/www.altimara.eu\/blog\/wp-content\/uploads\/2016\/06\/12039617_473223816213736_6462458700753161519_n-150x150.png?resize=350%2C200","width":350,"height":200},"classes":[]},{"id":1533,"url":"https:\/\/www.altimara.eu\/blog\/2015\/11\/26\/cop-21\/","url_meta":{"origin":4482,"position":2},"title":"COP 21","author":"Martiou","date":"26 novembre 2015","format":false,"excerpt":"LE CHARBONNIER EST IL UN POLLUEUR? La cuisson d\u2019une charbonni\u00e8re est surtout caract\u00e9ristique par les fum\u00e9es qui s\u2019en d\u00e9gage. Au d\u00e9part, pour l\u2019allumage, de grosses volutes de fum\u00e9es blanches enveloppent la meule et le charbonnier a les yeux qui piquent. Puis c\u2019est la conduite du feu \u00e0 l\u2019int\u00e9rieur de la\u2026","rel":"","context":"Dans &quot;4 Empreinte Carbone&quot;","block_context":{"text":"4 Empreinte Carbone","link":"https:\/\/www.altimara.eu\/blog\/category\/empreinte-cabone\/"},"img":{"alt_text":"cop21-tousensemble_ohhure","src":"https:\/\/i0.wp.com\/www.altimara.eu\/blog\/wp-content\/uploads\/2015\/11\/cop21-tousensemble_ohhure-207x300.jpg?resize=350%2C200","width":350,"height":200},"classes":[]},{"id":2006,"url":"https:\/\/www.altimara.eu\/blog\/2016\/09\/21\/festa-del-bosc-2\/","url_meta":{"origin":4482,"position":3},"title":"Festa Del Bosc","author":"Martiou","date":"21 septembre 2016","format":false,"excerpt":"Une manifestation fort sympathique dans les bois de la montagne noire. C'est dans une scierie, celle d'Arno, que la f\u00eate a eu lieu. Une pluie diluvienne avait d\u00e9tremp\u00e9e la terre argileuse et heureusement tous les artisans avait un bon abris dans le hangar. Sauf moi, charbonni\u00e8re oblige. faire du feu\u2026","rel":"","context":"Dans &quot;Charbon de bois&quot;","block_context":{"text":"Charbon de bois","link":"https:\/\/www.altimara.eu\/blog\/category\/charbon-de-bois-carbon-art\/"},"img":{"alt_text":"_mar1409","src":"https:\/\/i0.wp.com\/www.altimara.eu\/blog\/wp-content\/uploads\/2016\/09\/MAR1409.jpg?resize=350%2C200","width":350,"height":200,"srcset":"https:\/\/i0.wp.com\/www.altimara.eu\/blog\/wp-content\/uploads\/2016\/09\/MAR1409.jpg?resize=350%2C200 1x, https:\/\/i0.wp.com\/www.altimara.eu\/blog\/wp-content\/uploads\/2016\/09\/MAR1409.jpg?resize=525%2C300 1.5x, https:\/\/i0.wp.com\/www.altimara.eu\/blog\/wp-content\/uploads\/2016\/09\/MAR1409.jpg?resize=700%2C400 2x"},"classes":[]},{"id":2828,"url":"https:\/\/www.altimara.eu\/blog\/2018\/09\/18\/festa-del-bosc-ii\/","url_meta":{"origin":4482,"position":4},"title":"Festa del Bosc II","author":"Martiou","date":"18 septembre 2018","format":false,"excerpt":"Toujours aussi sympathique cette manifestation dans la scierie de Campredon (Commune de Ferrals-les-Montagnes). Nous nous sommes retrouv\u00e9s entre passionn\u00e9s du bois et de son utilisation. Puis le public a d\u00e9fil\u00e9 pendant ces deux jours. J'ai r\u00e9alis\u00e9 une cuisson de meule charbonni\u00e8re avec une premi\u00e8re pour moi, la carbonisation de cypr\u00e8s...\u2026","rel":"","context":"Dans &quot;0- MES CHARBONNI\u00c8RES&quot;","block_context":{"text":"0- MES CHARBONNI\u00c8RES","link":"https:\/\/www.altimara.eu\/blog\/category\/mes-charbonnieres\/"},"img":{"alt_text":"","src":"https:\/\/i0.wp.com\/www.altimara.eu\/blog\/wp-content\/uploads\/2018\/09\/MAR8566.jpg?resize=350%2C200","width":350,"height":200,"srcset":"https:\/\/i0.wp.com\/www.altimara.eu\/blog\/wp-content\/uploads\/2018\/09\/MAR8566.jpg?resize=350%2C200 1x, https:\/\/i0.wp.com\/www.altimara.eu\/blog\/wp-content\/uploads\/2018\/09\/MAR8566.jpg?resize=525%2C300 1.5x, https:\/\/i0.wp.com\/www.altimara.eu\/blog\/wp-content\/uploads\/2018\/09\/MAR8566.jpg?resize=700%2C400 2x"},"classes":[]},{"id":4614,"url":"https:\/\/www.altimara.eu\/blog\/2025\/07\/26\/kolakaka-episode-2\/","url_meta":{"origin":4482,"position":5},"title":"Kolakaka \u00e9pisode 2","author":"Martiou","date":"26 juillet 2025","format":false,"excerpt":"Nous voil\u00e0 de retour dans la ferme de Kidda et Siggi, au sud de l'Islande. L'endroit est isol\u00e9, non loin de l'oc\u00e9an et sous le regard du M\u00fdrdalsj\u00f6kull, formidable calotte glaciaire qui chapeaute le terrible volcan Katla. La ferme \u00deikkvab\u00e6jarklaustur. Premier temps, d\u00e9guster des c\u00f4telettes d'agneaux de la ferme cuites\u2026","rel":"","context":"Dans &quot;0- MES CHARBONNI\u00c8RES&quot;","block_context":{"text":"0- MES CHARBONNI\u00c8RES","link":"https:\/\/www.altimara.eu\/blog\/category\/mes-charbonnieres\/"},"img":{"alt_text":"","src":"https:\/\/i0.wp.com\/www.altimara.eu\/blog\/wp-content\/uploads\/2025\/07\/MA5_6966.jpg?resize=350%2C200&ssl=1","width":350,"height":200,"srcset":"https:\/\/i0.wp.com\/www.altimara.eu\/blog\/wp-content\/uploads\/2025\/07\/MA5_6966.jpg?resize=350%2C200&ssl=1 1x, https:\/\/i0.wp.com\/www.altimara.eu\/blog\/wp-content\/uploads\/2025\/07\/MA5_6966.jpg?resize=525%2C300&ssl=1 1.5x, https:\/\/i0.wp.com\/www.altimara.eu\/blog\/wp-content\/uploads\/2025\/07\/MA5_6966.jpg?resize=700%2C400&ssl=1 2x"},"classes":[]}],"_links":{"self":[{"href":"https:\/\/www.altimara.eu\/blog\/wp-json\/wp\/v2\/posts\/4482","targetHints":{"allow":["GET"]}}],"collection":[{"href":"https:\/\/www.altimara.eu\/blog\/wp-json\/wp\/v2\/posts"}],"about":[{"href":"https:\/\/www.altimara.eu\/blog\/wp-json\/wp\/v2\/types\/post"}],"author":[{"embeddable":true,"href":"https:\/\/www.altimara.eu\/blog\/wp-json\/wp\/v2\/users\/3"}],"replies":[{"embeddable":true,"href":"https:\/\/www.altimara.eu\/blog\/wp-json\/wp\/v2\/comments?post=4482"}],"version-history":[{"count":0,"href":"https:\/\/www.altimara.eu\/blog\/wp-json\/wp\/v2\/posts\/4482\/revisions"}],"wp:attachment":[{"href":"https:\/\/www.altimara.eu\/blog\/wp-json\/wp\/v2\/media?parent=4482"}],"wp:term":[{"taxonomy":"category","embeddable":true,"href":"https:\/\/www.altimara.eu\/blog\/wp-json\/wp\/v2\/categories?post=4482"},{"taxonomy":"post_tag","embeddable":true,"href":"https:\/\/www.altimara.eu\/blog\/wp-json\/wp\/v2\/tags?post=4482"}],"curies":[{"name":"wp","href":"https:\/\/api.w.org\/{rel}","templated":true}]}}