{"id":4417,"date":"2024-08-20T23:33:28","date_gmt":"2024-08-20T22:33:28","guid":{"rendered":"https:\/\/www.altimara.eu\/blog\/?p=4417"},"modified":"2024-08-20T23:33:28","modified_gmt":"2024-08-20T22:33:28","slug":"lupin-is-1","status":"publish","type":"post","link":"https:\/\/www.altimara.eu\/blog\/2024\/08\/20\/lupin-is-1\/","title":{"rendered":"Lupin.is -1"},"content":{"rendered":"\n<p>Nous voil\u00e0 arriv\u00e9s par un grand soleil chez Kidda et Siggi, la ferme o\u00f9 nous allons carboniser les lupins.<\/p>\n\n\n\n<figure class=\"wp-block-image size-large\"><img data-recalc-dims=\"1\" loading=\"lazy\" decoding=\"async\" width=\"627\" height=\"469\" data-attachment-id=\"4419\" data-permalink=\"https:\/\/www.altimara.eu\/blog\/2024\/08\/20\/lupin-is-1\/img_20240820_191920-copie\/\" data-orig-file=\"https:\/\/i0.wp.com\/www.altimara.eu\/blog\/wp-content\/uploads\/2024\/08\/IMG_20240820_191920-copie.jpg?fit=1417%2C1060&amp;ssl=1\" data-orig-size=\"1417,1060\" data-comments-opened=\"1\" data-image-meta=\"{&quot;aperture&quot;:&quot;1.79&quot;,&quot;credit&quot;:&quot;&quot;,&quot;camera&quot;:&quot;M2003J15SC&quot;,&quot;caption&quot;:&quot;&quot;,&quot;created_timestamp&quot;:&quot;1724181561&quot;,&quot;copyright&quot;:&quot;&quot;,&quot;focal_length&quot;:&quot;4.74&quot;,&quot;iso&quot;:&quot;102&quot;,&quot;shutter_speed&quot;:&quot;0.000596&quot;,&quot;title&quot;:&quot;&quot;,&quot;orientation&quot;:&quot;1&quot;}\" data-image-title=\"IMG_20240820_191920 copie\" data-image-description=\"\" data-image-caption=\"\" data-large-file=\"https:\/\/i0.wp.com\/www.altimara.eu\/blog\/wp-content\/uploads\/2024\/08\/IMG_20240820_191920-copie.jpg?fit=627%2C469&amp;ssl=1\" src=\"https:\/\/i0.wp.com\/www.altimara.eu\/blog\/wp-content\/uploads\/2024\/08\/IMG_20240820_191920-copie.jpg?resize=627%2C469&#038;ssl=1\" alt=\"\" class=\"wp-image-4419\" srcset=\"https:\/\/i0.wp.com\/www.altimara.eu\/blog\/wp-content\/uploads\/2024\/08\/IMG_20240820_191920-copie.jpg?resize=1024%2C766&amp;ssl=1 1024w, https:\/\/i0.wp.com\/www.altimara.eu\/blog\/wp-content\/uploads\/2024\/08\/IMG_20240820_191920-copie.jpg?resize=300%2C224&amp;ssl=1 300w, https:\/\/i0.wp.com\/www.altimara.eu\/blog\/wp-content\/uploads\/2024\/08\/IMG_20240820_191920-copie.jpg?resize=768%2C575&amp;ssl=1 768w, https:\/\/i0.wp.com\/www.altimara.eu\/blog\/wp-content\/uploads\/2024\/08\/IMG_20240820_191920-copie.jpg?w=1417&amp;ssl=1 1417w, https:\/\/i0.wp.com\/www.altimara.eu\/blog\/wp-content\/uploads\/2024\/08\/IMG_20240820_191920-copie.jpg?w=1254&amp;ssl=1 1254w\" sizes=\"auto, (max-width: 627px) 100vw, 627px\" \/><\/figure>\n\n\n\n<p>La ferme qui a un nom impronon\u00e7able, \u00deikkvib\u00e6jarklautur, se situe sur la cote sud du pays dans un sandur, le M\u00fdrdalssandur et plus pr\u00e9cis\u00e9ment en bordure du site des pseudo-crat\u00e8res de \u00c1lftavergigar. Les sandur sont de vastes \u00e9tendues de remplissage par les crues de la fonte des glaciers ou par les  tr\u00e8s grandes et longues coul\u00e9es de lave. Le M\u00fdrdalsj\u00f6kull, le deuxi\u00e8me plus grand volume de glace apr\u00e8s le Vatnaj\u00f6kull chapeaute le volcan Katla qui est tr\u00e8s redout\u00e9 par ses activit\u00e9s g\u00e9n\u00e9ratrice de nu\u00e9es ardentes. De temps en temps, comme il y a quelques semaines, des grandes coul\u00e9es de boue se r\u00e9pandent soudainement dans ces plaines. Les 35 km qui s\u00e9parent la ferme du piedmont du glacier laissent 2 h aux habitants pour s&rsquo;\u00e9chapper avant l&rsquo;arriv\u00e9e de l&rsquo;eau&#8230;<\/p>\n\n\n\n<p>Les f\u00fbts en fer de 200 L sont pr\u00eat.<\/p>\n\n\n\n<figure class=\"wp-block-image size-large\"><img data-recalc-dims=\"1\" loading=\"lazy\" decoding=\"async\" width=\"627\" height=\"469\" data-attachment-id=\"4420\" data-permalink=\"https:\/\/www.altimara.eu\/blog\/2024\/08\/20\/lupin-is-1\/img_20240820_191521-copie\/\" data-orig-file=\"https:\/\/i0.wp.com\/www.altimara.eu\/blog\/wp-content\/uploads\/2024\/08\/IMG_20240820_191521-copie.jpg?fit=1417%2C1060&amp;ssl=1\" data-orig-size=\"1417,1060\" data-comments-opened=\"1\" data-image-meta=\"{&quot;aperture&quot;:&quot;1.79&quot;,&quot;credit&quot;:&quot;&quot;,&quot;camera&quot;:&quot;M2003J15SC&quot;,&quot;caption&quot;:&quot;&quot;,&quot;created_timestamp&quot;:&quot;1724181322&quot;,&quot;copyright&quot;:&quot;&quot;,&quot;focal_length&quot;:&quot;4.74&quot;,&quot;iso&quot;:&quot;101&quot;,&quot;shutter_speed&quot;:&quot;0.000813&quot;,&quot;title&quot;:&quot;&quot;,&quot;orientation&quot;:&quot;1&quot;}\" data-image-title=\"IMG_20240820_191521 copie\" data-image-description=\"\" data-image-caption=\"\" data-large-file=\"https:\/\/i0.wp.com\/www.altimara.eu\/blog\/wp-content\/uploads\/2024\/08\/IMG_20240820_191521-copie.jpg?fit=627%2C469&amp;ssl=1\" src=\"https:\/\/i0.wp.com\/www.altimara.eu\/blog\/wp-content\/uploads\/2024\/08\/IMG_20240820_191521-copie.jpg?resize=627%2C469&#038;ssl=1\" alt=\"\" class=\"wp-image-4420\" srcset=\"https:\/\/i0.wp.com\/www.altimara.eu\/blog\/wp-content\/uploads\/2024\/08\/IMG_20240820_191521-copie.jpg?resize=1024%2C766&amp;ssl=1 1024w, https:\/\/i0.wp.com\/www.altimara.eu\/blog\/wp-content\/uploads\/2024\/08\/IMG_20240820_191521-copie.jpg?resize=300%2C224&amp;ssl=1 300w, https:\/\/i0.wp.com\/www.altimara.eu\/blog\/wp-content\/uploads\/2024\/08\/IMG_20240820_191521-copie.jpg?resize=768%2C575&amp;ssl=1 768w, https:\/\/i0.wp.com\/www.altimara.eu\/blog\/wp-content\/uploads\/2024\/08\/IMG_20240820_191521-copie.jpg?w=1417&amp;ssl=1 1417w, https:\/\/i0.wp.com\/www.altimara.eu\/blog\/wp-content\/uploads\/2024\/08\/IMG_20240820_191521-copie.jpg?w=1254&amp;ssl=1 1254w\" sizes=\"auto, (max-width: 627px) 100vw, 627px\" \/><\/figure>\n\n\n\n<p>Siggi est aussi garagiste, son atelier nous garantie des ressources en mat\u00e9riels et bricolages.<\/p>\n\n\n\n<figure class=\"wp-block-gallery has-nested-images columns-default is-cropped wp-block-gallery-1 is-layout-flex wp-block-gallery-is-layout-flex\">\n<figure class=\"wp-block-image size-large\"><img data-recalc-dims=\"1\" loading=\"lazy\" decoding=\"async\" width=\"627\" height=\"469\" data-attachment-id=\"4421\" data-permalink=\"https:\/\/www.altimara.eu\/blog\/2024\/08\/20\/lupin-is-1\/img_20240820_191630-copie\/\" data-orig-file=\"https:\/\/i0.wp.com\/www.altimara.eu\/blog\/wp-content\/uploads\/2024\/08\/IMG_20240820_191630-copie.jpg?fit=1417%2C1060&amp;ssl=1\" data-orig-size=\"1417,1060\" data-comments-opened=\"1\" data-image-meta=\"{&quot;aperture&quot;:&quot;1.79&quot;,&quot;credit&quot;:&quot;&quot;,&quot;camera&quot;:&quot;M2003J15SC&quot;,&quot;caption&quot;:&quot;&quot;,&quot;created_timestamp&quot;:&quot;1724181391&quot;,&quot;copyright&quot;:&quot;&quot;,&quot;focal_length&quot;:&quot;4.74&quot;,&quot;iso&quot;:&quot;108&quot;,&quot;shutter_speed&quot;:&quot;0.020003000008824&quot;,&quot;title&quot;:&quot;&quot;,&quot;orientation&quot;:&quot;1&quot;}\" data-image-title=\"IMG_20240820_191630 copie\" data-image-description=\"\" data-image-caption=\"\" data-large-file=\"https:\/\/i0.wp.com\/www.altimara.eu\/blog\/wp-content\/uploads\/2024\/08\/IMG_20240820_191630-copie.jpg?fit=627%2C469&amp;ssl=1\" data-id=\"4421\" src=\"https:\/\/i0.wp.com\/www.altimara.eu\/blog\/wp-content\/uploads\/2024\/08\/IMG_20240820_191630-copie.jpg?resize=627%2C469&#038;ssl=1\" alt=\"\" class=\"wp-image-4421\" srcset=\"https:\/\/i0.wp.com\/www.altimara.eu\/blog\/wp-content\/uploads\/2024\/08\/IMG_20240820_191630-copie.jpg?resize=1024%2C766&amp;ssl=1 1024w, https:\/\/i0.wp.com\/www.altimara.eu\/blog\/wp-content\/uploads\/2024\/08\/IMG_20240820_191630-copie.jpg?resize=300%2C224&amp;ssl=1 300w, https:\/\/i0.wp.com\/www.altimara.eu\/blog\/wp-content\/uploads\/2024\/08\/IMG_20240820_191630-copie.jpg?resize=768%2C575&amp;ssl=1 768w, https:\/\/i0.wp.com\/www.altimara.eu\/blog\/wp-content\/uploads\/2024\/08\/IMG_20240820_191630-copie.jpg?w=1417&amp;ssl=1 1417w, https:\/\/i0.wp.com\/www.altimara.eu\/blog\/wp-content\/uploads\/2024\/08\/IMG_20240820_191630-copie.jpg?w=1254&amp;ssl=1 1254w\" sizes=\"auto, (max-width: 627px) 100vw, 627px\" \/><\/figure>\n<\/figure>\n\n\n\n<p>Pour l&rsquo;instant un petit bric \u00e0 brac attend sagement d&rsquo;\u00eatre utilis\u00e9. Demain doit arriver un f\u00fbt de 60 L qui servira pour le four int\u00e9rieur, mais ceci est un autre histoire. \u00c0 suivre&#8230;<\/p>\n\n\n\n<figure class=\"wp-block-image size-large\"><img data-recalc-dims=\"1\" loading=\"lazy\" decoding=\"async\" width=\"627\" height=\"469\" data-attachment-id=\"4422\" data-permalink=\"https:\/\/www.altimara.eu\/blog\/2024\/08\/20\/lupin-is-1\/img_20240820_191602-copie\/\" data-orig-file=\"https:\/\/i0.wp.com\/www.altimara.eu\/blog\/wp-content\/uploads\/2024\/08\/IMG_20240820_191602-copie.jpg?fit=1417%2C1060&amp;ssl=1\" data-orig-size=\"1417,1060\" data-comments-opened=\"1\" data-image-meta=\"{&quot;aperture&quot;:&quot;1.79&quot;,&quot;credit&quot;:&quot;&quot;,&quot;camera&quot;:&quot;M2003J15SC&quot;,&quot;caption&quot;:&quot;&quot;,&quot;created_timestamp&quot;:&quot;1724181364&quot;,&quot;copyright&quot;:&quot;&quot;,&quot;focal_length&quot;:&quot;4.74&quot;,&quot;iso&quot;:&quot;244&quot;,&quot;shutter_speed&quot;:&quot;0.029997999995876&quot;,&quot;title&quot;:&quot;&quot;,&quot;orientation&quot;:&quot;1&quot;}\" data-image-title=\"IMG_20240820_191602 copie\" data-image-description=\"\" data-image-caption=\"\" data-large-file=\"https:\/\/i0.wp.com\/www.altimara.eu\/blog\/wp-content\/uploads\/2024\/08\/IMG_20240820_191602-copie.jpg?fit=627%2C469&amp;ssl=1\" src=\"https:\/\/i0.wp.com\/www.altimara.eu\/blog\/wp-content\/uploads\/2024\/08\/IMG_20240820_191602-copie.jpg?resize=627%2C469&#038;ssl=1\" alt=\"\" class=\"wp-image-4422\" srcset=\"https:\/\/i0.wp.com\/www.altimara.eu\/blog\/wp-content\/uploads\/2024\/08\/IMG_20240820_191602-copie.jpg?resize=1024%2C766&amp;ssl=1 1024w, https:\/\/i0.wp.com\/www.altimara.eu\/blog\/wp-content\/uploads\/2024\/08\/IMG_20240820_191602-copie.jpg?resize=300%2C224&amp;ssl=1 300w, https:\/\/i0.wp.com\/www.altimara.eu\/blog\/wp-content\/uploads\/2024\/08\/IMG_20240820_191602-copie.jpg?resize=768%2C575&amp;ssl=1 768w, https:\/\/i0.wp.com\/www.altimara.eu\/blog\/wp-content\/uploads\/2024\/08\/IMG_20240820_191602-copie.jpg?w=1417&amp;ssl=1 1417w, https:\/\/i0.wp.com\/www.altimara.eu\/blog\/wp-content\/uploads\/2024\/08\/IMG_20240820_191602-copie.jpg?w=1254&amp;ssl=1 1254w\" sizes=\"auto, (max-width: 627px) 100vw, 627px\" \/><\/figure>\n","protected":false},"excerpt":{"rendered":"<p>Nous voil\u00e0 arriv\u00e9s par un grand soleil chez Kidda et Siggi, la ferme o\u00f9 nous allons carboniser les lupins. La ferme qui a un nom impronon\u00e7able, \u00deikkvib\u00e6jarklautur, se situe sur la cote sud du pays dans un sandur, le M\u00fdrdalssandur et plus pr\u00e9cis\u00e9ment en bordure du site des pseudo-crat\u00e8res de \u00c1lftavergigar. Les sandur sont de [&hellip;]<\/p>\n","protected":false},"author":3,"featured_media":0,"comment_status":"open","ping_status":"open","sticky":false,"template":"","format":"standard","meta":{"ngg_post_thumbnail":0,"jetpack_post_was_ever_published":false,"_jetpack_newsletter_access":"","_jetpack_dont_email_post_to_subs":false,"_jetpack_newsletter_tier_id":0,"_jetpack_memberships_contains_paywalled_content":false,"_jetpack_memberships_contains_paid_content":false,"footnotes":"","jetpack_publicize_message":"","jetpack_publicize_feature_enabled":true,"jetpack_social_post_already_shared":true,"jetpack_social_options":{"image_generator_settings":{"template":"highway","default_image_id":0,"font":"","enabled":false},"version":2}},"categories":[65,176,86,147],"tags":[93,91,149,33],"class_list":["post-4417","post","type-post","status-publish","format-standard","hentry","category-mes-charbonnieres","category-biochar","category-charbon-vegetal","category-four-metalliques","tag-biochar","tag-charbon-vegetal","tag-coopdea","tag-islande"],"jetpack_publicize_connections":[],"jetpack_featured_media_url":"","jetpack_shortlink":"https:\/\/wp.me\/p4r91c-19f","jetpack_sharing_enabled":true,"jetpack-related-posts":[{"id":3445,"url":"https:\/\/www.altimara.eu\/blog\/2020\/09\/08\/biochar-2\/","url_meta":{"origin":4417,"position":0},"title":"Biochar","author":"Martiou","date":"8 septembre 2020","format":false,"excerpt":"Kevin, le maraicher BIO du Jardin de Fontan\u00e8s, est tr\u00e8s int\u00e9ress\u00e9 par l'ajout de biochar pour ses cultures. C'est dans ce jardin que nous avons install\u00e9 nos fours gazog\u00e8nes. Jusqu'\u00e0 maintenant nous transformions notre charbon v\u00e9g\u00e9tal en \u00e9cochar, les galettes pour la cuisson. La production de biochar s'inscrit dans la\u2026","rel":"","context":"Dans &quot;biochar&quot;","block_context":{"text":"biochar","link":"https:\/\/www.altimara.eu\/blog\/category\/charbon-vegetal\/biochar\/"},"img":{"alt_text":"biochar","src":"https:\/\/i0.wp.com\/www.altimara.eu\/blog\/wp-content\/uploads\/2020\/09\/IMG_20200908_111647-2.jpg?resize=350%2C200&ssl=1","width":350,"height":200,"srcset":"https:\/\/i0.wp.com\/www.altimara.eu\/blog\/wp-content\/uploads\/2020\/09\/IMG_20200908_111647-2.jpg?resize=350%2C200&ssl=1 1x, https:\/\/i0.wp.com\/www.altimara.eu\/blog\/wp-content\/uploads\/2020\/09\/IMG_20200908_111647-2.jpg?resize=525%2C300&ssl=1 1.5x, https:\/\/i0.wp.com\/www.altimara.eu\/blog\/wp-content\/uploads\/2020\/09\/IMG_20200908_111647-2.jpg?resize=700%2C400&ssl=1 2x, https:\/\/i0.wp.com\/www.altimara.eu\/blog\/wp-content\/uploads\/2020\/09\/IMG_20200908_111647-2.jpg?resize=1050%2C600&ssl=1 3x, https:\/\/i0.wp.com\/www.altimara.eu\/blog\/wp-content\/uploads\/2020\/09\/IMG_20200908_111647-2.jpg?resize=1400%2C800&ssl=1 4x"},"classes":[]},{"id":4446,"url":"https:\/\/www.altimara.eu\/blog\/2024\/09\/16\/la-ferme-de-thykkvabaejarklautur\/","url_meta":{"origin":4417,"position":1},"title":"La ferme de \u00deykkvab\u00e6jarklautur","author":"Martiou","date":"16 septembre 2024","format":false,"excerpt":"Et comment les lupins sont au centre de cette histoire. Nous sommes dans le sud de l'Islande, le long de cette c\u00f4te lin\u00e9aire et courbe, aux vastes \u00e9tendues. Tout le long les grandes masses de glace surplombent les sandar, immenses plats \u00e0 perte de vue, entrecoup\u00e9s de coul\u00e9es de laves\u2026","rel":"","context":"Dans &quot;Charbonnier du Monde&quot;","block_context":{"text":"Charbonnier du Monde","link":"https:\/\/www.altimara.eu\/blog\/category\/charbonnier-du-monde\/"},"img":{"alt_text":"","src":"https:\/\/i0.wp.com\/www.altimara.eu\/blog\/wp-content\/uploads\/2024\/09\/IMG_20240826_135605.jpg?resize=350%2C200&ssl=1","width":350,"height":200,"srcset":"https:\/\/i0.wp.com\/www.altimara.eu\/blog\/wp-content\/uploads\/2024\/09\/IMG_20240826_135605.jpg?resize=350%2C200&ssl=1 1x, https:\/\/i0.wp.com\/www.altimara.eu\/blog\/wp-content\/uploads\/2024\/09\/IMG_20240826_135605.jpg?resize=525%2C300&ssl=1 1.5x, https:\/\/i0.wp.com\/www.altimara.eu\/blog\/wp-content\/uploads\/2024\/09\/IMG_20240826_135605.jpg?resize=700%2C400&ssl=1 2x, https:\/\/i0.wp.com\/www.altimara.eu\/blog\/wp-content\/uploads\/2024\/09\/IMG_20240826_135605.jpg?resize=1050%2C600&ssl=1 3x"},"classes":[]},{"id":3611,"url":"https:\/\/www.altimara.eu\/blog\/2021\/03\/30\/charbon-dolivier\/","url_meta":{"origin":4417,"position":2},"title":"Charbon d&rsquo;olivier","author":"Martiou","date":"30 mars 2021","format":false,"excerpt":"Les tailles des oliviers g\u00e9n\u00e8rent un grand volume de branches dont il faut se d\u00e9barrasser. La carbonisation est parfaite pour transformer cette bio-masse en biochar qui la valorise. Les feuilles et les petites branches se carbonisent facilement car elles donnent une grande quantit\u00e9 de bio-gaz inflammable. Les temp\u00e9ratures des fours\u2026","rel":"","context":"Dans &quot;biochar&quot;","block_context":{"text":"biochar","link":"https:\/\/www.altimara.eu\/blog\/category\/charbon-vegetal\/biochar\/"},"img":{"alt_text":"","src":"https:\/\/i0.wp.com\/www.altimara.eu\/blog\/wp-content\/uploads\/2021\/03\/IMG_20210326_165438.jpg?resize=350%2C200&ssl=1","width":350,"height":200,"srcset":"https:\/\/i0.wp.com\/www.altimara.eu\/blog\/wp-content\/uploads\/2021\/03\/IMG_20210326_165438.jpg?resize=350%2C200&ssl=1 1x, https:\/\/i0.wp.com\/www.altimara.eu\/blog\/wp-content\/uploads\/2021\/03\/IMG_20210326_165438.jpg?resize=525%2C300&ssl=1 1.5x, https:\/\/i0.wp.com\/www.altimara.eu\/blog\/wp-content\/uploads\/2021\/03\/IMG_20210326_165438.jpg?resize=700%2C400&ssl=1 2x"},"classes":[]},{"id":3594,"url":"https:\/\/www.altimara.eu\/blog\/2021\/03\/19\/fin-dhiver\/","url_meta":{"origin":4417,"position":3},"title":"Fin d&rsquo;hiver","author":"Martiou","date":"19 mars 2021","format":false,"excerpt":"De nombreux travaux au Jardin et \u00e0 l'atelier. La taille des olivier donne un bon volume de v\u00e9g\u00e9tal a carboniser. C'est une piste int\u00e9ressante pour tous les exploitants d'olivettes (oliveraies) pour valoriser leurs d\u00e9chets. Cuissons au Jardin de Fontan\u00e8s avec le four n\u00b01, le plus ancien, retap\u00e9 pour l'occasion. L'autre\u2026","rel":"","context":"Dans &quot;biochar&quot;","block_context":{"text":"biochar","link":"https:\/\/www.altimara.eu\/blog\/category\/charbon-vegetal\/biochar\/"},"img":{"alt_text":"","src":"https:\/\/i0.wp.com\/www.altimara.eu\/blog\/wp-content\/uploads\/2021\/03\/IMG_20210316_154021-scaled.jpg?resize=350%2C200&ssl=1","width":350,"height":200,"srcset":"https:\/\/i0.wp.com\/www.altimara.eu\/blog\/wp-content\/uploads\/2021\/03\/IMG_20210316_154021-scaled.jpg?resize=350%2C200&ssl=1 1x, https:\/\/i0.wp.com\/www.altimara.eu\/blog\/wp-content\/uploads\/2021\/03\/IMG_20210316_154021-scaled.jpg?resize=525%2C300&ssl=1 1.5x, https:\/\/i0.wp.com\/www.altimara.eu\/blog\/wp-content\/uploads\/2021\/03\/IMG_20210316_154021-scaled.jpg?resize=700%2C400&ssl=1 2x, https:\/\/i0.wp.com\/www.altimara.eu\/blog\/wp-content\/uploads\/2021\/03\/IMG_20210316_154021-scaled.jpg?resize=1050%2C600&ssl=1 3x, https:\/\/i0.wp.com\/www.altimara.eu\/blog\/wp-content\/uploads\/2021\/03\/IMG_20210316_154021-scaled.jpg?resize=1400%2C800&ssl=1 4x"},"classes":[]},{"id":3537,"url":"https:\/\/www.altimara.eu\/blog\/2020\/12\/11\/biochar-au-jardin\/","url_meta":{"origin":4417,"position":4},"title":"Biochar au jardin","author":"Martiou","date":"11 d\u00e9cembre 2020","format":false,"excerpt":"Au Jardin de Fontan\u00e8s, jardin maraicher o\u00f9 nous avons notre four pilote, nous avons pratiqu\u00e9 des tests de culture avec biochar. Le biochar \u00e9tant de la poudre de charbon v\u00e9g\u00e9tal, utilis\u00e9 de plus en plus dans divers endroits du Monde. Cet ajout fortifie les qualit\u00e9s du sol en stockant dans\u2026","rel":"","context":"Dans &quot;biochar&quot;","block_context":{"text":"biochar","link":"https:\/\/www.altimara.eu\/blog\/category\/charbon-vegetal\/biochar\/"},"img":{"alt_text":"","src":"https:\/\/i0.wp.com\/www.altimara.eu\/blog\/wp-content\/uploads\/2020\/12\/IMG_20201106_152053-scaled.jpg?resize=350%2C200&ssl=1","width":350,"height":200,"srcset":"https:\/\/i0.wp.com\/www.altimara.eu\/blog\/wp-content\/uploads\/2020\/12\/IMG_20201106_152053-scaled.jpg?resize=350%2C200&ssl=1 1x, https:\/\/i0.wp.com\/www.altimara.eu\/blog\/wp-content\/uploads\/2020\/12\/IMG_20201106_152053-scaled.jpg?resize=525%2C300&ssl=1 1.5x, https:\/\/i0.wp.com\/www.altimara.eu\/blog\/wp-content\/uploads\/2020\/12\/IMG_20201106_152053-scaled.jpg?resize=700%2C400&ssl=1 2x, https:\/\/i0.wp.com\/www.altimara.eu\/blog\/wp-content\/uploads\/2020\/12\/IMG_20201106_152053-scaled.jpg?resize=1050%2C600&ssl=1 3x, https:\/\/i0.wp.com\/www.altimara.eu\/blog\/wp-content\/uploads\/2020\/12\/IMG_20201106_152053-scaled.jpg?resize=1400%2C800&ssl=1 4x"},"classes":[]},{"id":1324,"url":"https:\/\/www.altimara.eu\/blog\/2015\/04\/24\/ong-biochar\/","url_meta":{"origin":4417,"position":5},"title":"ONG Biochar","author":"Martiou","date":"24 avril 2015","format":false,"excerpt":"J'ai d\u00e9couvert une association humanitaire qui propose des actions avec du charbon \"vert\". Plus pr\u00e9cis\u00e9ment il s'agit de fabriquer et d'utiliser le \"biochar\" pour am\u00e9liorer la qualit\u00e9 des sols. En effet le biochar donne dans des sols pauvres et secs un plus par ses qualit\u00e9s sanitaires et de r\u00e9silience d'eau.\u2026","rel":"","context":"Dans &quot;Autre&quot;","block_context":{"text":"Autre","link":"https:\/\/www.altimara.eu\/blog\/category\/autre\/"},"img":{"alt_text":"SuperChar-100-Mk-II-kiln-225x300","src":"https:\/\/i0.wp.com\/www.altimara.eu\/blog\/wp-content\/uploads\/2015\/04\/SuperChar-100-Mk-II-kiln-225x300-225x300.jpg?resize=350%2C200&ssl=1","width":350,"height":200},"classes":[]}],"_links":{"self":[{"href":"https:\/\/www.altimara.eu\/blog\/wp-json\/wp\/v2\/posts\/4417","targetHints":{"allow":["GET"]}}],"collection":[{"href":"https:\/\/www.altimara.eu\/blog\/wp-json\/wp\/v2\/posts"}],"about":[{"href":"https:\/\/www.altimara.eu\/blog\/wp-json\/wp\/v2\/types\/post"}],"author":[{"embeddable":true,"href":"https:\/\/www.altimara.eu\/blog\/wp-json\/wp\/v2\/users\/3"}],"replies":[{"embeddable":true,"href":"https:\/\/www.altimara.eu\/blog\/wp-json\/wp\/v2\/comments?post=4417"}],"version-history":[{"count":0,"href":"https:\/\/www.altimara.eu\/blog\/wp-json\/wp\/v2\/posts\/4417\/revisions"}],"wp:attachment":[{"href":"https:\/\/www.altimara.eu\/blog\/wp-json\/wp\/v2\/media?parent=4417"}],"wp:term":[{"taxonomy":"category","embeddable":true,"href":"https:\/\/www.altimara.eu\/blog\/wp-json\/wp\/v2\/categories?post=4417"},{"taxonomy":"post_tag","embeddable":true,"href":"https:\/\/www.altimara.eu\/blog\/wp-json\/wp\/v2\/tags?post=4417"}],"curies":[{"name":"wp","href":"https:\/\/api.w.org\/{rel}","templated":true}]}}