{"id":4401,"date":"2024-08-19T20:36:36","date_gmt":"2024-08-19T19:36:36","guid":{"rendered":"https:\/\/www.altimara.eu\/blog\/?p=4401"},"modified":"2024-10-19T10:15:15","modified_gmt":"2024-10-19T09:15:15","slug":"noir-cest-noir-is","status":"publish","type":"post","link":"https:\/\/www.altimara.eu\/blog\/2024\/08\/19\/noir-cest-noir-is\/","title":{"rendered":"Noir c&rsquo;est noir.Is"},"content":{"rendered":"\n<p>Un petit tour du cot\u00e9 de chez le volcan, enfin les volcans puisque la sixi\u00e8me \u00e9ruption est imminente au m\u00eame endroit. C&rsquo;est \u00e0 dire au bout de la presqu&rsquo;ile de Reykjanes. Ce prolongement de l&rsquo;\u00eele vers l&rsquo;ouest est un bout de la dorsale m\u00e9dio-atlantique. Zone tr\u00e8s active qui est la s\u00e9paration des croutes oc\u00e9aniques euroasiatique et am\u00e9ricaine et qui s&rsquo;\u00e9loignent l&rsquo;une de l&rsquo;autre en continu. Forc\u00e9ment les forces tectoniques vomissent des laves tout au long de cette dorsale dans cette partie a\u00e9rienne qu&rsquo;est l&rsquo;Islande, le reste est au fond de l&rsquo;oc\u00e9an. La presqu&rsquo;\u00eele n&rsquo;est que le bout occidental qui plonge au fond de l&rsquo;oc\u00e9an atlantique.<\/p>\n\n\n\n<figure class=\"wp-block-image size-large\"><img data-recalc-dims=\"1\" loading=\"lazy\" decoding=\"async\" width=\"627\" height=\"418\" data-attachment-id=\"4404\" data-permalink=\"https:\/\/www.altimara.eu\/blog\/2024\/08\/19\/noir-cest-noir-is\/ma5_4444\/\" data-orig-file=\"https:\/\/i0.wp.com\/www.altimara.eu\/blog\/wp-content\/uploads\/2024\/08\/MA5_4444.jpg?fit=1417%2C945&amp;ssl=1\" data-orig-size=\"1417,945\" data-comments-opened=\"1\" data-image-meta=\"{&quot;aperture&quot;:&quot;14&quot;,&quot;credit&quot;:&quot;Martial Acquarone&quot;,&quot;camera&quot;:&quot;NIKON D850&quot;,&quot;caption&quot;:&quot;&quot;,&quot;created_timestamp&quot;:&quot;1620876989&quot;,&quot;copyright&quot;:&quot;CC BY-SA 4.0&quot;,&quot;focal_length&quot;:&quot;52&quot;,&quot;iso&quot;:&quot;500&quot;,&quot;shutter_speed&quot;:&quot;0.00125&quot;,&quot;title&quot;:&quot;&quot;,&quot;orientation&quot;:&quot;0&quot;}\" data-image-title=\"MA5_4444\" data-image-description=\"\" data-image-caption=\"\" data-large-file=\"https:\/\/i0.wp.com\/www.altimara.eu\/blog\/wp-content\/uploads\/2024\/08\/MA5_4444.jpg?fit=627%2C418&amp;ssl=1\" src=\"https:\/\/i0.wp.com\/www.altimara.eu\/blog\/wp-content\/uploads\/2024\/08\/MA5_4444.jpg?resize=627%2C418&#038;ssl=1\" alt=\"\" class=\"wp-image-4404\" srcset=\"https:\/\/i0.wp.com\/www.altimara.eu\/blog\/wp-content\/uploads\/2024\/08\/MA5_4444.jpg?resize=1024%2C683&amp;ssl=1 1024w, https:\/\/i0.wp.com\/www.altimara.eu\/blog\/wp-content\/uploads\/2024\/08\/MA5_4444.jpg?resize=300%2C200&amp;ssl=1 300w, https:\/\/i0.wp.com\/www.altimara.eu\/blog\/wp-content\/uploads\/2024\/08\/MA5_4444.jpg?resize=768%2C512&amp;ssl=1 768w, https:\/\/i0.wp.com\/www.altimara.eu\/blog\/wp-content\/uploads\/2024\/08\/MA5_4444.jpg?w=1417&amp;ssl=1 1417w, https:\/\/i0.wp.com\/www.altimara.eu\/blog\/wp-content\/uploads\/2024\/08\/MA5_4444.jpg?w=1254&amp;ssl=1 1254w\" sizes=\"auto, (max-width: 627px) 100vw, 627px\" \/><\/figure>\n\n\n\n<p>Depuis la fin de l&rsquo;ann\u00e9e derni\u00e8re, une m\u00eame fissure est le th\u00e9\u00e2tre d&rsquo;\u00e9ruptions quasiment au m\u00eame endroit. La petite ville de Grindavik en a fait les frais et les 4000 habitants ont du partir sans savoir s&rsquo;ils pourront un jour revenir dans leurs maisons. Habitations bien abim\u00e9es par les s\u00e9ismes o\u00f9 de profondes fissures ont \u00e9ventr\u00e9 le sol, parfois avec d&rsquo;immenses profondeurs. <\/p>\n\n\n\n<p>Les derni\u00e8res p\u00e9riodes d&rsquo;activit\u00e9s dans cette presqu&rsquo;\u00eele remontent au moyen-\u00e2ge et ont dur\u00e9 200 ans. De quoi doucher les espoirs de revenir en ces lieux pour y vivre. La prochaine est imminente, 5 ont d\u00e9j\u00e0 eu lieu.<\/p>\n\n\n\n<figure class=\"wp-block-image size-large\"><img data-recalc-dims=\"1\" loading=\"lazy\" decoding=\"async\" width=\"627\" height=\"540\" data-attachment-id=\"4403\" data-permalink=\"https:\/\/www.altimara.eu\/blog\/2024\/08\/19\/noir-cest-noir-is\/attachment\/1260836\/\" data-orig-file=\"https:\/\/i0.wp.com\/www.altimara.eu\/blog\/wp-content\/uploads\/2024\/08\/1260836.webp?fit=1536%2C1323&amp;ssl=1\" data-orig-size=\"1536,1323\" data-comments-opened=\"1\" data-image-meta=\"{&quot;aperture&quot;:&quot;0&quot;,&quot;credit&quot;:&quot;&quot;,&quot;camera&quot;:&quot;&quot;,&quot;caption&quot;:&quot;&quot;,&quot;created_timestamp&quot;:&quot;0&quot;,&quot;copyright&quot;:&quot;&quot;,&quot;focal_length&quot;:&quot;0&quot;,&quot;iso&quot;:&quot;0&quot;,&quot;shutter_speed&quot;:&quot;0&quot;,&quot;title&quot;:&quot;&quot;,&quot;orientation&quot;:&quot;0&quot;}\" data-image-title=\"1260836\" data-image-description=\"\" data-image-caption=\"\" data-large-file=\"https:\/\/i0.wp.com\/www.altimara.eu\/blog\/wp-content\/uploads\/2024\/08\/1260836.webp?fit=627%2C540&amp;ssl=1\" src=\"https:\/\/i0.wp.com\/www.altimara.eu\/blog\/wp-content\/uploads\/2024\/08\/1260836.webp?resize=627%2C540&#038;ssl=1\" alt=\"\" class=\"wp-image-4403\" srcset=\"https:\/\/i0.wp.com\/www.altimara.eu\/blog\/wp-content\/uploads\/2024\/08\/1260836.webp?resize=1024%2C882&amp;ssl=1 1024w, https:\/\/i0.wp.com\/www.altimara.eu\/blog\/wp-content\/uploads\/2024\/08\/1260836.webp?resize=300%2C258&amp;ssl=1 300w, https:\/\/i0.wp.com\/www.altimara.eu\/blog\/wp-content\/uploads\/2024\/08\/1260836.webp?resize=768%2C662&amp;ssl=1 768w, https:\/\/i0.wp.com\/www.altimara.eu\/blog\/wp-content\/uploads\/2024\/08\/1260836.webp?w=1536&amp;ssl=1 1536w, https:\/\/i0.wp.com\/www.altimara.eu\/blog\/wp-content\/uploads\/2024\/08\/1260836.webp?w=1254&amp;ssl=1 1254w\" sizes=\"auto, (max-width: 627px) 100vw, 627px\" \/><\/figure>\n\n\n\n<p>Nous, nous y sommes all\u00e9s voir depuis une colline limitrophe en bordure des coul\u00e9es. Impressionnante l&rsquo;\u00e9tendue de lave et dont on voit tout autour des habitations. La fissure dans un axe NE\/SO est de plusieurs km avec un \u00e9talement large de part et d&rsquo;autre. Des fum\u00e9es sortent en maint endroit, la surface des coul\u00e9es est parfois tr\u00e8s chaotique, lave AA, et sur de grandes surfaces, plate et un peu bossel\u00e9e, lave pahoe pahoe. Les autorit\u00e9s construisent des murs de confinement haut de 25 m pour les endiguer. Pour l&rsquo;instant \u00e7a fonctionne mais \u00e7a pourrai passer par dessous voir les embarquer si une coul\u00e9e sort au pied comme aux \u00eeles Vestmann en 1973. La zone est interdite d&rsquo;acc\u00e8s, nous nous sommes limit\u00e9s \u00e0 une approche s\u00e9curite et pas trop pr\u00e8s.<\/p>\n\n\n\n<figure class=\"wp-block-image size-large\"><img data-recalc-dims=\"1\" loading=\"lazy\" decoding=\"async\" width=\"627\" height=\"418\" data-attachment-id=\"4405\" data-permalink=\"https:\/\/www.altimara.eu\/blog\/2024\/08\/19\/noir-cest-noir-is\/ma5_4514\/\" data-orig-file=\"https:\/\/i0.wp.com\/www.altimara.eu\/blog\/wp-content\/uploads\/2024\/08\/MA5_4514.jpg?fit=1417%2C945&amp;ssl=1\" data-orig-size=\"1417,945\" data-comments-opened=\"1\" data-image-meta=\"{&quot;aperture&quot;:&quot;11&quot;,&quot;credit&quot;:&quot;Martial Acquarone&quot;,&quot;camera&quot;:&quot;NIKON D850&quot;,&quot;caption&quot;:&quot;&quot;,&quot;created_timestamp&quot;:&quot;1620876989&quot;,&quot;copyright&quot;:&quot;CC BY-SA 4.0&quot;,&quot;focal_length&quot;:&quot;370&quot;,&quot;iso&quot;:&quot;500&quot;,&quot;shutter_speed&quot;:&quot;0.00125&quot;,&quot;title&quot;:&quot;&quot;,&quot;orientation&quot;:&quot;0&quot;}\" data-image-title=\"MA5_4514\" data-image-description=\"\" data-image-caption=\"\" data-large-file=\"https:\/\/i0.wp.com\/www.altimara.eu\/blog\/wp-content\/uploads\/2024\/08\/MA5_4514.jpg?fit=627%2C418&amp;ssl=1\" src=\"https:\/\/i0.wp.com\/www.altimara.eu\/blog\/wp-content\/uploads\/2024\/08\/MA5_4514.jpg?resize=627%2C418&#038;ssl=1\" alt=\"\" class=\"wp-image-4405\" srcset=\"https:\/\/i0.wp.com\/www.altimara.eu\/blog\/wp-content\/uploads\/2024\/08\/MA5_4514.jpg?resize=1024%2C683&amp;ssl=1 1024w, https:\/\/i0.wp.com\/www.altimara.eu\/blog\/wp-content\/uploads\/2024\/08\/MA5_4514.jpg?resize=300%2C200&amp;ssl=1 300w, https:\/\/i0.wp.com\/www.altimara.eu\/blog\/wp-content\/uploads\/2024\/08\/MA5_4514.jpg?resize=768%2C512&amp;ssl=1 768w, https:\/\/i0.wp.com\/www.altimara.eu\/blog\/wp-content\/uploads\/2024\/08\/MA5_4514.jpg?w=1417&amp;ssl=1 1417w, https:\/\/i0.wp.com\/www.altimara.eu\/blog\/wp-content\/uploads\/2024\/08\/MA5_4514.jpg?w=1254&amp;ssl=1 1254w\" sizes=\"auto, (max-width: 627px) 100vw, 627px\" \/><\/figure>\n\n\n\n<figure class=\"wp-block-gallery has-nested-images columns-default is-cropped wp-block-gallery-1 is-layout-flex wp-block-gallery-is-layout-flex\">\n<figure class=\"wp-block-image size-large\"><img data-recalc-dims=\"1\" loading=\"lazy\" decoding=\"async\" width=\"627\" height=\"418\" data-attachment-id=\"4408\" data-permalink=\"https:\/\/www.altimara.eu\/blog\/2024\/08\/19\/noir-cest-noir-is\/ma5_4542\/\" data-orig-file=\"https:\/\/i0.wp.com\/www.altimara.eu\/blog\/wp-content\/uploads\/2024\/08\/MA5_4542.jpg?fit=1417%2C945&amp;ssl=1\" data-orig-size=\"1417,945\" data-comments-opened=\"1\" data-image-meta=\"{&quot;aperture&quot;:&quot;11&quot;,&quot;credit&quot;:&quot;Martial Acquarone&quot;,&quot;camera&quot;:&quot;NIKON D850&quot;,&quot;caption&quot;:&quot;&quot;,&quot;created_timestamp&quot;:&quot;1620876989&quot;,&quot;copyright&quot;:&quot;CC BY-SA 4.0&quot;,&quot;focal_length&quot;:&quot;460&quot;,&quot;iso&quot;:&quot;500&quot;,&quot;shutter_speed&quot;:&quot;0.002&quot;,&quot;title&quot;:&quot;&quot;,&quot;orientation&quot;:&quot;0&quot;}\" data-image-title=\"MA5_4542\" data-image-description=\"\" data-image-caption=\"\" data-large-file=\"https:\/\/i0.wp.com\/www.altimara.eu\/blog\/wp-content\/uploads\/2024\/08\/MA5_4542.jpg?fit=627%2C418&amp;ssl=1\" data-id=\"4408\" src=\"https:\/\/i0.wp.com\/www.altimara.eu\/blog\/wp-content\/uploads\/2024\/08\/MA5_4542.jpg?resize=627%2C418&#038;ssl=1\" alt=\"\" class=\"wp-image-4408\" srcset=\"https:\/\/i0.wp.com\/www.altimara.eu\/blog\/wp-content\/uploads\/2024\/08\/MA5_4542.jpg?resize=1024%2C683&amp;ssl=1 1024w, https:\/\/i0.wp.com\/www.altimara.eu\/blog\/wp-content\/uploads\/2024\/08\/MA5_4542.jpg?resize=300%2C200&amp;ssl=1 300w, https:\/\/i0.wp.com\/www.altimara.eu\/blog\/wp-content\/uploads\/2024\/08\/MA5_4542.jpg?resize=768%2C512&amp;ssl=1 768w, https:\/\/i0.wp.com\/www.altimara.eu\/blog\/wp-content\/uploads\/2024\/08\/MA5_4542.jpg?w=1417&amp;ssl=1 1417w, https:\/\/i0.wp.com\/www.altimara.eu\/blog\/wp-content\/uploads\/2024\/08\/MA5_4542.jpg?w=1254&amp;ssl=1 1254w\" sizes=\"auto, (max-width: 627px) 100vw, 627px\" \/><\/figure>\n<\/figure>\n\n\n\n<figure class=\"wp-block-gallery has-nested-images columns-default is-cropped wp-block-gallery-2 is-layout-flex wp-block-gallery-is-layout-flex\">\n<figure class=\"wp-block-image size-large\"><img data-recalc-dims=\"1\" loading=\"lazy\" decoding=\"async\" width=\"627\" height=\"418\" data-attachment-id=\"4410\" data-permalink=\"https:\/\/www.altimara.eu\/blog\/2024\/08\/19\/noir-cest-noir-is\/ma5_4522\/\" data-orig-file=\"https:\/\/i0.wp.com\/www.altimara.eu\/blog\/wp-content\/uploads\/2024\/08\/MA5_4522.jpg?fit=1417%2C945&amp;ssl=1\" data-orig-size=\"1417,945\" data-comments-opened=\"1\" data-image-meta=\"{&quot;aperture&quot;:&quot;11&quot;,&quot;credit&quot;:&quot;Martial Acquarone&quot;,&quot;camera&quot;:&quot;NIKON D850&quot;,&quot;caption&quot;:&quot;&quot;,&quot;created_timestamp&quot;:&quot;1620876989&quot;,&quot;copyright&quot;:&quot;CC BY-SA 4.0&quot;,&quot;focal_length&quot;:&quot;460&quot;,&quot;iso&quot;:&quot;500&quot;,&quot;shutter_speed&quot;:&quot;0.0008&quot;,&quot;title&quot;:&quot;&quot;,&quot;orientation&quot;:&quot;0&quot;}\" data-image-title=\"MA5_4522\" data-image-description=\"\" data-image-caption=\"\" data-large-file=\"https:\/\/i0.wp.com\/www.altimara.eu\/blog\/wp-content\/uploads\/2024\/08\/MA5_4522.jpg?fit=627%2C418&amp;ssl=1\" data-id=\"4410\" src=\"https:\/\/i0.wp.com\/www.altimara.eu\/blog\/wp-content\/uploads\/2024\/08\/MA5_4522.jpg?resize=627%2C418&#038;ssl=1\" alt=\"\" class=\"wp-image-4410\" srcset=\"https:\/\/i0.wp.com\/www.altimara.eu\/blog\/wp-content\/uploads\/2024\/08\/MA5_4522.jpg?resize=1024%2C683&amp;ssl=1 1024w, https:\/\/i0.wp.com\/www.altimara.eu\/blog\/wp-content\/uploads\/2024\/08\/MA5_4522.jpg?resize=300%2C200&amp;ssl=1 300w, https:\/\/i0.wp.com\/www.altimara.eu\/blog\/wp-content\/uploads\/2024\/08\/MA5_4522.jpg?resize=768%2C512&amp;ssl=1 768w, https:\/\/i0.wp.com\/www.altimara.eu\/blog\/wp-content\/uploads\/2024\/08\/MA5_4522.jpg?w=1417&amp;ssl=1 1417w, https:\/\/i0.wp.com\/www.altimara.eu\/blog\/wp-content\/uploads\/2024\/08\/MA5_4522.jpg?w=1254&amp;ssl=1 1254w\" sizes=\"auto, (max-width: 627px) 100vw, 627px\" \/><\/figure>\n<\/figure>\n","protected":false},"excerpt":{"rendered":"<p>Un petit tour du cot\u00e9 de chez le volcan, enfin les volcans puisque la sixi\u00e8me \u00e9ruption est imminente au m\u00eame endroit. C&rsquo;est \u00e0 dire au bout de la presqu&rsquo;ile de Reykjanes. Ce prolongement de l&rsquo;\u00eele vers l&rsquo;ouest est un bout de la dorsale m\u00e9dio-atlantique. Zone tr\u00e8s active qui est la s\u00e9paration des croutes oc\u00e9aniques euroasiatique [&hellip;]<\/p>\n","protected":false},"author":3,"featured_media":0,"comment_status":"open","ping_status":"open","sticky":false,"template":"","format":"standard","meta":{"ngg_post_thumbnail":0,"jetpack_post_was_ever_published":false,"_jetpack_newsletter_access":"","_jetpack_dont_email_post_to_subs":false,"_jetpack_newsletter_tier_id":0,"_jetpack_memberships_contains_paywalled_content":false,"_jetpack_memberships_contains_paid_content":false,"footnotes":"","jetpack_publicize_message":"","jetpack_publicize_feature_enabled":true,"jetpack_social_post_already_shared":true,"jetpack_social_options":{"image_generator_settings":{"template":"highway","default_image_id":0,"font":"","enabled":false},"version":2}},"categories":[5,197],"tags":[33],"class_list":["post-4401","post","type-post","status-publish","format-standard","hentry","category-autre","category-volcan","tag-islande"],"jetpack_publicize_connections":[],"jetpack_featured_media_url":"","jetpack_shortlink":"https:\/\/wp.me\/p4r91c-18Z","jetpack_sharing_enabled":true,"jetpack-related-posts":[{"id":4050,"url":"https:\/\/www.altimara.eu\/blog\/2023\/08\/02\/la-charbonniere-qui-pete\/","url_meta":{"origin":4401,"position":0},"title":"La charbonni\u00e8re qui p\u00e8te !","author":"Martiou","date":"2 ao\u00fbt 2023","format":false,"excerpt":"Litli-H\u00fartur est le nom d'une colline qui surplombe la fissure \u00e9ruptive de cette ann\u00e9e 2023 dans la presqu'\u00eele de Reykjanes, \u00e0 40 km de Reykjav\u00edk, Islande. L'activit\u00e9 volcanique est \u00e0 sa fin d'apr\u00e8s les volcanologues, avec un crat\u00e8re final qui montre de belles projections de lave. Bien que l'approche soit\u2026","rel":"","context":"Dans &quot;\u00e9v\u00e9nementiel&quot;","block_context":{"text":"\u00e9v\u00e9nementiel","link":"https:\/\/www.altimara.eu\/blog\/category\/evenementiel\/"},"img":{"alt_text":"","src":"https:\/\/i0.wp.com\/www.altimara.eu\/blog\/wp-content\/uploads\/2023\/08\/MA5_2249.jpg?resize=350%2C200&ssl=1","width":350,"height":200,"srcset":"https:\/\/i0.wp.com\/www.altimara.eu\/blog\/wp-content\/uploads\/2023\/08\/MA5_2249.jpg?resize=350%2C200&ssl=1 1x, https:\/\/i0.wp.com\/www.altimara.eu\/blog\/wp-content\/uploads\/2023\/08\/MA5_2249.jpg?resize=525%2C300&ssl=1 1.5x, https:\/\/i0.wp.com\/www.altimara.eu\/blog\/wp-content\/uploads\/2023\/08\/MA5_2249.jpg?resize=700%2C400&ssl=1 2x, https:\/\/i0.wp.com\/www.altimara.eu\/blog\/wp-content\/uploads\/2023\/08\/MA5_2249.jpg?resize=1050%2C600&ssl=1 3x, https:\/\/i0.wp.com\/www.altimara.eu\/blog\/wp-content\/uploads\/2023\/08\/MA5_2249.jpg?resize=1400%2C800&ssl=1 4x"},"classes":[]},{"id":1966,"url":"https:\/\/www.altimara.eu\/blog\/2016\/08\/15\/sel-noir-dislande\/","url_meta":{"origin":4401,"position":1},"title":"Sel noir d&rsquo;Islande","author":"Martiou","date":"15 ao\u00fbt 2016","format":false,"excerpt":"Le sel noir fait recette en Islande. Le sel islandais est issu de l'oc\u00e9an Atlantique, par traitement g\u00e9othermique, c'est \u00e0 dire par \u00e9vaporation forc\u00e9e de l'eau de mer au contact de la chaleur de l'eau chaude naturelle. Le sel noir est inspir\u00e9 du fameux sel d'Hawa\u00ef. Un sel m\u00e9lang\u00e9 de\u2026","rel":"","context":"Dans &quot;Autre&quot;","block_context":{"text":"Autre","link":"https:\/\/www.altimara.eu\/blog\/category\/autre\/"},"img":{"alt_text":"IMG_20160705_101429104_HDR-2","src":"https:\/\/i0.wp.com\/www.altimara.eu\/blog\/wp-content\/uploads\/2016\/08\/IMG_20160705_101429104_HDR-2-261x300.jpg?resize=350%2C200","width":350,"height":200},"classes":[]},{"id":4223,"url":"https:\/\/www.altimara.eu\/blog\/2023\/11\/17\/montagne-meule\/","url_meta":{"origin":4401,"position":2},"title":"Montagne meule","author":"Martiou","date":"17 novembre 2023","format":false,"excerpt":"Si j'\u00e9prouve des int\u00e9r\u00eats pour le volcanisme islandais, qui \u00e0 ce jour du 16 novembre 2023, est en pleine activit\u00e9, c'est lors d'une promenade en Auvergne que j'ai rencontr\u00e9 un volcan ami. J'ai \u00e9t\u00e9 saisi par la ressemblance forte de la structure des orgues basaltiques avec nos meules de charbonni\u00e8res.\u2026","rel":"","context":"Dans &quot;Non class\u00e9&quot;","block_context":{"text":"Non class\u00e9","link":"https:\/\/www.altimara.eu\/blog\/category\/non-classe\/"},"img":{"alt_text":"","src":"https:\/\/i0.wp.com\/www.altimara.eu\/blog\/wp-content\/uploads\/2024\/01\/4.png?resize=350%2C200&ssl=1","width":350,"height":200,"srcset":"https:\/\/i0.wp.com\/www.altimara.eu\/blog\/wp-content\/uploads\/2024\/01\/4.png?resize=350%2C200&ssl=1 1x, https:\/\/i0.wp.com\/www.altimara.eu\/blog\/wp-content\/uploads\/2024\/01\/4.png?resize=525%2C300&ssl=1 1.5x, https:\/\/i0.wp.com\/www.altimara.eu\/blog\/wp-content\/uploads\/2024\/01\/4.png?resize=700%2C400&ssl=1 2x"},"classes":[]},{"id":3952,"url":"https:\/\/www.altimara.eu\/blog\/2022\/08\/24\/ceci-nest-pas-du-charbon-2\/","url_meta":{"origin":4401,"position":3},"title":"Ceci n&rsquo;est pas du charbon 2","author":"Martiou","date":"24 ao\u00fbt 2022","format":false,"excerpt":"Belle visite au site du nouveau volcan islandais. \u00c9ruption tr\u00e8s rapide qui n'a dur\u00e9 que trois semaines. Le paysage en lui m\u00eame reste superbe et nous avons eu la surprise de voir un lambeau de lave incandescente, isol\u00e9 dans la masse noire.","rel":"","context":"Dans &quot;volcan&quot;","block_context":{"text":"volcan","link":"https:\/\/www.altimara.eu\/blog\/category\/volcan\/"},"img":{"alt_text":"","src":"https:\/\/i0.wp.com\/www.altimara.eu\/blog\/wp-content\/uploads\/2022\/08\/MAR0344-copie.jpg?resize=350%2C200&ssl=1","width":350,"height":200,"srcset":"https:\/\/i0.wp.com\/www.altimara.eu\/blog\/wp-content\/uploads\/2022\/08\/MAR0344-copie.jpg?resize=350%2C200&ssl=1 1x, https:\/\/i0.wp.com\/www.altimara.eu\/blog\/wp-content\/uploads\/2022\/08\/MAR0344-copie.jpg?resize=525%2C300&ssl=1 1.5x, https:\/\/i0.wp.com\/www.altimara.eu\/blog\/wp-content\/uploads\/2022\/08\/MAR0344-copie.jpg?resize=700%2C400&ssl=1 2x"},"classes":[]},{"id":4446,"url":"https:\/\/www.altimara.eu\/blog\/2024\/09\/16\/la-ferme-de-thykkvabaejarklautur\/","url_meta":{"origin":4401,"position":4},"title":"La ferme de \u00deykkvab\u00e6jarklautur","author":"Martiou","date":"16 septembre 2024","format":false,"excerpt":"Et comment les lupins sont au centre de cette histoire. Nous sommes dans le sud de l'Islande, le long de cette c\u00f4te lin\u00e9aire et courbe, aux vastes \u00e9tendues. Tout le long les grandes masses de glace surplombent les sandar, immenses plats \u00e0 perte de vue, entrecoup\u00e9s de coul\u00e9es de laves\u2026","rel":"","context":"Dans &quot;Charbonnier du Monde&quot;","block_context":{"text":"Charbonnier du Monde","link":"https:\/\/www.altimara.eu\/blog\/category\/charbonnier-du-monde\/"},"img":{"alt_text":"","src":"https:\/\/i0.wp.com\/www.altimara.eu\/blog\/wp-content\/uploads\/2024\/09\/IMG_20240826_135605.jpg?resize=350%2C200&ssl=1","width":350,"height":200,"srcset":"https:\/\/i0.wp.com\/www.altimara.eu\/blog\/wp-content\/uploads\/2024\/09\/IMG_20240826_135605.jpg?resize=350%2C200&ssl=1 1x, https:\/\/i0.wp.com\/www.altimara.eu\/blog\/wp-content\/uploads\/2024\/09\/IMG_20240826_135605.jpg?resize=525%2C300&ssl=1 1.5x, https:\/\/i0.wp.com\/www.altimara.eu\/blog\/wp-content\/uploads\/2024\/09\/IMG_20240826_135605.jpg?resize=700%2C400&ssl=1 2x, https:\/\/i0.wp.com\/www.altimara.eu\/blog\/wp-content\/uploads\/2024\/09\/IMG_20240826_135605.jpg?resize=1050%2C600&ssl=1 3x"},"classes":[]},{"id":1005,"url":"https:\/\/www.altimara.eu\/blog\/2014\/08\/30\/bois-dislande-9\/","url_meta":{"origin":4401,"position":5},"title":"Bois d&rsquo;Islande","author":"Martiou","date":"30 ao\u00fbt 2014","format":false,"excerpt":"Un lieu \u00e9trange, l'activit\u00e9 volcanique devenue sculptrice, l'actualit\u00e9 rejoint le pass\u00e9. Une \u00e9ruption du volcan Katla, tant redout\u00e9, il y a plus de 1200 ans \u00e0 g\u00e9n\u00e9r\u00e9 une coul\u00e9e de boue, un jokullhraup, qui a enseveli une belle for\u00eat. Il y avait l\u00e0 des arbres de 500 \u00e0 600 ans.\u2026","rel":"","context":"Dans &quot;Bois d'Islande, bois flott\u00e9, bois plant\u00e9&quot;","block_context":{"text":"Bois d'Islande, bois flott\u00e9, bois plant\u00e9","link":"https:\/\/www.altimara.eu\/blog\/category\/charbon-de-bois-islande\/bois-dislande-bois-flotte-bois-plante\/"},"img":{"alt_text":"_MAR2445","src":"https:\/\/i0.wp.com\/www.altimara.eu\/blog\/wp-content\/uploads\/2014\/08\/MAR2445.jpg?resize=350%2C200","width":350,"height":200,"srcset":"https:\/\/i0.wp.com\/www.altimara.eu\/blog\/wp-content\/uploads\/2014\/08\/MAR2445.jpg?resize=350%2C200 1x, https:\/\/i0.wp.com\/www.altimara.eu\/blog\/wp-content\/uploads\/2014\/08\/MAR2445.jpg?resize=525%2C300 1.5x, https:\/\/i0.wp.com\/www.altimara.eu\/blog\/wp-content\/uploads\/2014\/08\/MAR2445.jpg?resize=700%2C400 2x"},"classes":[]}],"_links":{"self":[{"href":"https:\/\/www.altimara.eu\/blog\/wp-json\/wp\/v2\/posts\/4401","targetHints":{"allow":["GET"]}}],"collection":[{"href":"https:\/\/www.altimara.eu\/blog\/wp-json\/wp\/v2\/posts"}],"about":[{"href":"https:\/\/www.altimara.eu\/blog\/wp-json\/wp\/v2\/types\/post"}],"author":[{"embeddable":true,"href":"https:\/\/www.altimara.eu\/blog\/wp-json\/wp\/v2\/users\/3"}],"replies":[{"embeddable":true,"href":"https:\/\/www.altimara.eu\/blog\/wp-json\/wp\/v2\/comments?post=4401"}],"version-history":[{"count":0,"href":"https:\/\/www.altimara.eu\/blog\/wp-json\/wp\/v2\/posts\/4401\/revisions"}],"wp:attachment":[{"href":"https:\/\/www.altimara.eu\/blog\/wp-json\/wp\/v2\/media?parent=4401"}],"wp:term":[{"taxonomy":"category","embeddable":true,"href":"https:\/\/www.altimara.eu\/blog\/wp-json\/wp\/v2\/categories?post=4401"},{"taxonomy":"post_tag","embeddable":true,"href":"https:\/\/www.altimara.eu\/blog\/wp-json\/wp\/v2\/tags?post=4401"}],"curies":[{"name":"wp","href":"https:\/\/api.w.org\/{rel}","templated":true}]}}