{"id":4362,"date":"2024-04-11T13:18:42","date_gmt":"2024-04-11T12:18:42","guid":{"rendered":"https:\/\/www.altimara.eu\/blog\/?p=4362"},"modified":"2024-04-11T13:20:11","modified_gmt":"2024-04-11T12:20:11","slug":"deux-evenements-importants","status":"publish","type":"post","link":"https:\/\/www.altimara.eu\/blog\/2024\/04\/11\/deux-evenements-importants\/","title":{"rendered":"Deux \u00e9v\u00e9nements importants"},"content":{"rendered":"\n<p>Attention, rendez-vous nationaux \u00e0 ne pas rater (rien \u00e0 voir avec les jeux olympiques !!) :<\/p>\n\n\n\n<p>Notre ami Jean, charbonnier de l&rsquo;Ard\u00e8che, r\u00e9alisera sa vingti\u00e8me charbonni\u00e8re avec tous ses amies, du 11 au 20 mai, dans son terrain de garrigues \u00e0 Bourg-St-And\u00e9ol.<\/p>\n\n\n<div class=\"wp-block-image\">\n<figure class=\"aligncenter size-full\"><img data-recalc-dims=\"1\" loading=\"lazy\" decoding=\"async\" width=\"627\" height=\"444\" data-attachment-id=\"4363\" data-permalink=\"https:\/\/www.altimara.eu\/blog\/2024\/04\/11\/deux-evenements-importants\/flyer-a4-recto-verso-20eme-edition\/\" data-orig-file=\"https:\/\/i0.wp.com\/www.altimara.eu\/blog\/wp-content\/uploads\/2024\/04\/FLYER-A4-recto-verso-20eme-edition.jpg?fit=841%2C595&amp;ssl=1\" data-orig-size=\"841,595\" data-comments-opened=\"1\" data-image-meta=\"{&quot;aperture&quot;:&quot;0&quot;,&quot;credit&quot;:&quot;&quot;,&quot;camera&quot;:&quot;&quot;,&quot;caption&quot;:&quot;&quot;,&quot;created_timestamp&quot;:&quot;0&quot;,&quot;copyright&quot;:&quot;&quot;,&quot;focal_length&quot;:&quot;0&quot;,&quot;iso&quot;:&quot;0&quot;,&quot;shutter_speed&quot;:&quot;0&quot;,&quot;title&quot;:&quot;&quot;,&quot;orientation&quot;:&quot;0&quot;}\" data-image-title=\"FLYER-A4-recto-verso-20eme-edition\" data-image-description=\"\" data-image-caption=\"\" data-large-file=\"https:\/\/i0.wp.com\/www.altimara.eu\/blog\/wp-content\/uploads\/2024\/04\/FLYER-A4-recto-verso-20eme-edition.jpg?fit=627%2C444&amp;ssl=1\" src=\"https:\/\/i0.wp.com\/www.altimara.eu\/blog\/wp-content\/uploads\/2024\/04\/FLYER-A4-recto-verso-20eme-edition.jpg?resize=627%2C444&#038;ssl=1\" alt=\"\" class=\"wp-image-4363\" srcset=\"https:\/\/i0.wp.com\/www.altimara.eu\/blog\/wp-content\/uploads\/2024\/04\/FLYER-A4-recto-verso-20eme-edition.jpg?w=841&amp;ssl=1 841w, https:\/\/i0.wp.com\/www.altimara.eu\/blog\/wp-content\/uploads\/2024\/04\/FLYER-A4-recto-verso-20eme-edition.jpg?resize=300%2C212&amp;ssl=1 300w, https:\/\/i0.wp.com\/www.altimara.eu\/blog\/wp-content\/uploads\/2024\/04\/FLYER-A4-recto-verso-20eme-edition.jpg?resize=768%2C543&amp;ssl=1 768w\" sizes=\"auto, (max-width: 627px) 100vw, 627px\" \/><\/figure>\n<\/div>\n\n\n<p>L&rsquo;\u00e9quipe de forgeron-es, m\u00e9tallurgistes et autres artisans, animeront comme chaque fois la semaine. Des personnes tr\u00e8s sympathiques et surtout tr\u00e8s comp\u00e9tentes dans leurs domaines, un plaisir de les rencontrer. Pour notre part avec Martine, nous y seront qu&rsquo;en d\u00e9but de semaine car un autre \u00e9v\u00e9nement nous attends un peu plus loin, voir ci-dessous. Et avec Jean nous allons trouver le temps de faire de l&rsquo;huile de cade.<\/p>\n\n\n\n<p>C&rsquo;est en Bretagne que ce passera l&rsquo;autre rencontre qui n&rsquo;a rien \u00e0 voir avec le charbon mais qui me tient \u00e0 c\u0153ur. Je vais pr\u00e9senter mon exposition \u00ab\u00a0L&rsquo;\u00cele d&rsquo;Enfer\u00a0\u00bb \u00e0 la f\u00eate maritime de Binic, le f\u00eate de la morue (h\u00e9 oui!). Rendez-vous du 9 au 12 mai. L&rsquo;\u00cele d&rsquo;Enfer c&rsquo;est par ici : <a href=\"https:\/\/ile-denfer.eu\/\" target=\"_blank\" rel=\"noreferrer noopener\">https:\/\/ile-denfer.eu\/<\/a><\/p>\n\n\n<div class=\"wp-block-image\">\n<figure class=\"aligncenter size-full\"><img data-recalc-dims=\"1\" loading=\"lazy\" decoding=\"async\" width=\"598\" height=\"840\" data-attachment-id=\"4364\" data-permalink=\"https:\/\/www.altimara.eu\/blog\/2024\/04\/11\/deux-evenements-importants\/aff-binic-web-rvb\/\" data-orig-file=\"https:\/\/i0.wp.com\/www.altimara.eu\/blog\/wp-content\/uploads\/2024\/04\/AFF-binic-web-RVB.jpg?fit=598%2C840&amp;ssl=1\" data-orig-size=\"598,840\" data-comments-opened=\"1\" data-image-meta=\"{&quot;aperture&quot;:&quot;0&quot;,&quot;credit&quot;:&quot;&quot;,&quot;camera&quot;:&quot;&quot;,&quot;caption&quot;:&quot;&quot;,&quot;created_timestamp&quot;:&quot;0&quot;,&quot;copyright&quot;:&quot;&quot;,&quot;focal_length&quot;:&quot;0&quot;,&quot;iso&quot;:&quot;0&quot;,&quot;shutter_speed&quot;:&quot;0&quot;,&quot;title&quot;:&quot;&quot;,&quot;orientation&quot;:&quot;0&quot;}\" data-image-title=\"AFF-binic-web-RVB\" data-image-description=\"\" data-image-caption=\"\" data-large-file=\"https:\/\/i0.wp.com\/www.altimara.eu\/blog\/wp-content\/uploads\/2024\/04\/AFF-binic-web-RVB.jpg?fit=598%2C840&amp;ssl=1\" src=\"https:\/\/i0.wp.com\/www.altimara.eu\/blog\/wp-content\/uploads\/2024\/04\/AFF-binic-web-RVB.jpg?resize=598%2C840&#038;ssl=1\" alt=\"\" class=\"wp-image-4364\" srcset=\"https:\/\/i0.wp.com\/www.altimara.eu\/blog\/wp-content\/uploads\/2024\/04\/AFF-binic-web-RVB.jpg?w=598&amp;ssl=1 598w, https:\/\/i0.wp.com\/www.altimara.eu\/blog\/wp-content\/uploads\/2024\/04\/AFF-binic-web-RVB.jpg?resize=214%2C300&amp;ssl=1 214w\" sizes=\"auto, (max-width: 598px) 100vw, 598px\" \/><\/figure>\n<\/div>\n\n\n<p>Mus\u00e9e d&rsquo;art et de tradition : <a href=\"https:\/\/www.museebinic.fr\/\" target=\"_blank\" rel=\"noreferrer noopener\">https:\/\/www.museebinic.fr\/<\/a><\/p>\n","protected":false},"excerpt":{"rendered":"<p>Attention, rendez-vous nationaux \u00e0 ne pas rater (rien \u00e0 voir avec les jeux olympiques !!) : Notre ami Jean, charbonnier de l&rsquo;Ard\u00e8che, r\u00e9alisera sa vingti\u00e8me charbonni\u00e8re avec tous ses amies, du 11 au 20 mai, dans son terrain de garrigues \u00e0 Bourg-St-And\u00e9ol. L&rsquo;\u00e9quipe de forgeron-es, m\u00e9tallurgistes et autres artisans, animeront comme chaque fois la semaine. [&hellip;]<\/p>\n","protected":false},"author":3,"featured_media":0,"comment_status":"open","ping_status":"open","sticky":false,"template":"","format":"standard","meta":{"ngg_post_thumbnail":0,"jetpack_post_was_ever_published":false,"_jetpack_newsletter_access":"","_jetpack_dont_email_post_to_subs":false,"_jetpack_newsletter_tier_id":0,"_jetpack_memberships_contains_paywalled_content":false,"_jetpack_memberships_contains_paid_content":false,"footnotes":"","jetpack_publicize_message":"","jetpack_publicize_feature_enabled":true,"jetpack_social_post_already_shared":true,"jetpack_social_options":{"image_generator_settings":{"template":"highway","default_image_id":0,"font":"","enabled":false},"version":2}},"categories":[6,103,37],"tags":[12],"class_list":["post-4362","post","type-post","status-publish","format-standard","hentry","category-charbon-de-bois-carbon-art","category-charbonnier-en-france","category-evenementiel","tag-charbonniere"],"jetpack_publicize_connections":[],"jetpack_featured_media_url":"","jetpack_shortlink":"https:\/\/wp.me\/p4r91c-18m","jetpack_sharing_enabled":true,"jetpack-related-posts":[{"id":2765,"url":"https:\/\/www.altimara.eu\/blog\/2018\/05\/03\/jean-de-la-charbonniere-2018\/","url_meta":{"origin":4362,"position":0},"title":"Jean de la Charbonni\u00e8re&#8230;2018","author":"Martiou","date":"3 mai 2018","format":false,"excerpt":"4 jours de bonheur, bien arros\u00e9s...par la pluie, dans l'Eden de Jean. Nous nous sommes retrouv\u00e9s avec les ami(e)s de Jean, les forgerons et m\u00e9tallurgistes pour \"Charbonni\u00e8re en f\u00eate\". Cette manifestation a lieu pendant plus d'une semaine.\u00a0 La grosse meule a \u00e9t\u00e9 mont\u00e9e par de nombreux volontaires. La terre est\u2026","rel":"","context":"Dans &quot;charbonnier en france&quot;","block_context":{"text":"charbonnier en france","link":"https:\/\/www.altimara.eu\/blog\/category\/charbonnier-en-france\/"},"img":{"alt_text":"","src":"https:\/\/i0.wp.com\/www.altimara.eu\/blog\/wp-content\/uploads\/2018\/05\/MAR6861.jpg?resize=350%2C200","width":350,"height":200,"srcset":"https:\/\/i0.wp.com\/www.altimara.eu\/blog\/wp-content\/uploads\/2018\/05\/MAR6861.jpg?resize=350%2C200 1x, https:\/\/i0.wp.com\/www.altimara.eu\/blog\/wp-content\/uploads\/2018\/05\/MAR6861.jpg?resize=525%2C300 1.5x, https:\/\/i0.wp.com\/www.altimara.eu\/blog\/wp-content\/uploads\/2018\/05\/MAR6861.jpg?resize=700%2C400 2x"},"classes":[]},{"id":4759,"url":"https:\/\/www.altimara.eu\/blog\/2026\/04\/11\/22eme-fete-chez-jean\/","url_meta":{"origin":4362,"position":1},"title":"22\u00e8me f\u00eate chez Jean","author":"Martiou","date":"11 avril 2026","format":false,"excerpt":"Jean et ses co-charbonnier-es proposent la 22\u00e8me \u00e9dition de la f\u00eate de la charbonni\u00e8re en Ard\u00e8che. Une valeur sure dans le monde restreint des charbonniers. La semaine de cuisson est dans un endroit accueillant o\u00f9 il fait bon de visiter et rester voir ou participer aux nombreux ateliers de forge.\u2026","rel":"","context":"Dans &quot;charbonnier en france&quot;","block_context":{"text":"charbonnier en france","link":"https:\/\/www.altimara.eu\/blog\/category\/charbonnier-en-france\/"},"img":{"alt_text":"","src":"https:\/\/i0.wp.com\/www.altimara.eu\/blog\/wp-content\/uploads\/2026\/04\/Flyer-fete-charbo-2026-copie.jpg?resize=350%2C200&ssl=1","width":350,"height":200,"srcset":"https:\/\/i0.wp.com\/www.altimara.eu\/blog\/wp-content\/uploads\/2026\/04\/Flyer-fete-charbo-2026-copie.jpg?resize=350%2C200&ssl=1 1x, https:\/\/i0.wp.com\/www.altimara.eu\/blog\/wp-content\/uploads\/2026\/04\/Flyer-fete-charbo-2026-copie.jpg?resize=525%2C300&ssl=1 1.5x, https:\/\/i0.wp.com\/www.altimara.eu\/blog\/wp-content\/uploads\/2026\/04\/Flyer-fete-charbo-2026-copie.jpg?resize=700%2C400&ssl=1 2x, https:\/\/i0.wp.com\/www.altimara.eu\/blog\/wp-content\/uploads\/2026\/04\/Flyer-fete-charbo-2026-copie.jpg?resize=1050%2C600&ssl=1 3x, https:\/\/i0.wp.com\/www.altimara.eu\/blog\/wp-content\/uploads\/2026\/04\/Flyer-fete-charbo-2026-copie.jpg?resize=1400%2C800&ssl=1 4x"},"classes":[]},{"id":1826,"url":"https:\/\/www.altimara.eu\/blog\/2016\/04\/24\/jean-le-charbonnier\/","url_meta":{"origin":4362,"position":2},"title":"Jean le charbonnier","author":"Martiou","date":"24 avril 2016","format":false,"excerpt":"Bient\u00f4t le mois de mai et la f\u00eate charbonni\u00e8re de Jean en Ard\u00e8che. Montage de la meule \u00e0 partir du vendredi 13 et allumage le samedi 14. Cuisson pendant la semaine et d\u00e9cavage le 20 mai. Contact direct Jean: 06 37 60 66 25 De nombreuses activit\u00e9s sont au programme","rel":"","context":"Dans &quot;Charbon de bois&quot;","block_context":{"text":"Charbon de bois","link":"https:\/\/www.altimara.eu\/blog\/category\/charbon-de-bois-carbon-art\/"},"img":{"alt_text":"plaquette charbonnie\u0300re 9","src":"https:\/\/i0.wp.com\/www.altimara.eu\/blog\/wp-content\/uploads\/2016\/04\/plaquette-charbonnie%CC%80re-9.jpg?resize=350%2C200","width":350,"height":200,"srcset":"https:\/\/i0.wp.com\/www.altimara.eu\/blog\/wp-content\/uploads\/2016\/04\/plaquette-charbonnie%CC%80re-9.jpg?resize=350%2C200 1x, https:\/\/i0.wp.com\/www.altimara.eu\/blog\/wp-content\/uploads\/2016\/04\/plaquette-charbonnie%CC%80re-9.jpg?resize=525%2C300 1.5x, https:\/\/i0.wp.com\/www.altimara.eu\/blog\/wp-content\/uploads\/2016\/04\/plaquette-charbonnie%CC%80re-9.jpg?resize=700%2C400 2x"},"classes":[]},{"id":2318,"url":"https:\/\/www.altimara.eu\/blog\/2017\/05\/08\/chez-jean-2\/","url_meta":{"origin":4362,"position":3},"title":"Chez Jean","author":"Martiou","date":"8 mai 2017","format":false,"excerpt":"Le bois est cuit, du bon charbon de bois, comme seule les cuissons en meule peuvent en donner avec l'art du charbonnier. Mon ami Jean chaudi\u00e8re a bien r\u00e9ussi sa carbonisation et sa f\u00eate des charbonniers. Nous avons \u00e9t\u00e9 nombreux a participer \u00e0 ce rassemblement. Les forgerons et m\u00e9tallurgistes ont\u2026","rel":"","context":"Dans &quot;Charbon de bois&quot;","block_context":{"text":"Charbon de bois","link":"https:\/\/www.altimara.eu\/blog\/category\/charbon-de-bois-carbon-art\/"},"img":{"alt_text":"","src":"https:\/\/i0.wp.com\/www.altimara.eu\/blog\/wp-content\/uploads\/2017\/05\/MAR2527.jpg?resize=350%2C200","width":350,"height":200,"srcset":"https:\/\/i0.wp.com\/www.altimara.eu\/blog\/wp-content\/uploads\/2017\/05\/MAR2527.jpg?resize=350%2C200 1x, https:\/\/i0.wp.com\/www.altimara.eu\/blog\/wp-content\/uploads\/2017\/05\/MAR2527.jpg?resize=525%2C300 1.5x"},"classes":[]},{"id":4582,"url":"https:\/\/www.altimara.eu\/blog\/2025\/04\/18\/chez-jean-2025\/","url_meta":{"origin":4362,"position":4},"title":"Chez Jean 2025","author":"Martiou","date":"18 avril 2025","format":false,"excerpt":"Jean continue son festival charbonni\u00e8re avec son \u00e9quipe de martelleurs qu'on appelle des forgerons voir des m\u00e9tallurgistes ! En tout cas c'est toujours chouette et sympathique. La charbonni\u00e8re reste le point central des animations. Jean se lance dans la cuisson en four m\u00e9tallique. Nous passerons les voir dans la semaine.\u2026","rel":"","context":"Dans &quot;charbonnier en france&quot;","block_context":{"text":"charbonnier en france","link":"https:\/\/www.altimara.eu\/blog\/category\/charbonnier-en-france\/"},"img":{"alt_text":"","src":"https:\/\/i0.wp.com\/www.altimara.eu\/blog\/wp-content\/uploads\/2025\/04\/Affiche-2025-v2.jpg?resize=350%2C200&ssl=1","width":350,"height":200,"srcset":"https:\/\/i0.wp.com\/www.altimara.eu\/blog\/wp-content\/uploads\/2025\/04\/Affiche-2025-v2.jpg?resize=350%2C200&ssl=1 1x, https:\/\/i0.wp.com\/www.altimara.eu\/blog\/wp-content\/uploads\/2025\/04\/Affiche-2025-v2.jpg?resize=525%2C300&ssl=1 1.5x, https:\/\/i0.wp.com\/www.altimara.eu\/blog\/wp-content\/uploads\/2025\/04\/Affiche-2025-v2.jpg?resize=700%2C400&ssl=1 2x"},"classes":[]},{"id":3385,"url":"https:\/\/www.altimara.eu\/blog\/2020\/06\/18\/premiere-vente-ecochar\/","url_meta":{"origin":4362,"position":5},"title":"Premi\u00e8re vente \u00e9cochar","author":"Martiou","date":"18 juin 2020","format":false,"excerpt":"Suite \u00e0 deux semaines de cuissons d'\u00e9cochar dans nos fours, nous avons pu r\u00e9aliser notre premi\u00e8re vente d'\u00e9cochar. Tous les jeudis, K\u00e9vin et sa compagne, dans son domaine du Jardin de Fontan\u00e8s, ouvrent la vente de sa production de l\u00e9gumes et fruits. J'y ai install\u00e9 un stand avec une vingtaine\u2026","rel":"","context":"Dans &quot;Charbon v\u00e9g\u00e9tal&quot;","block_context":{"text":"Charbon v\u00e9g\u00e9tal","link":"https:\/\/www.altimara.eu\/blog\/category\/charbon-vegetal\/"},"img":{"alt_text":"","src":"https:\/\/i0.wp.com\/www.altimara.eu\/blog\/wp-content\/uploads\/2020\/06\/ecochar-4.jpg?resize=350%2C200&ssl=1","width":350,"height":200,"srcset":"https:\/\/i0.wp.com\/www.altimara.eu\/blog\/wp-content\/uploads\/2020\/06\/ecochar-4.jpg?resize=350%2C200&ssl=1 1x, https:\/\/i0.wp.com\/www.altimara.eu\/blog\/wp-content\/uploads\/2020\/06\/ecochar-4.jpg?resize=525%2C300&ssl=1 1.5x, https:\/\/i0.wp.com\/www.altimara.eu\/blog\/wp-content\/uploads\/2020\/06\/ecochar-4.jpg?resize=700%2C400&ssl=1 2x, https:\/\/i0.wp.com\/www.altimara.eu\/blog\/wp-content\/uploads\/2020\/06\/ecochar-4.jpg?resize=1050%2C600&ssl=1 3x, https:\/\/i0.wp.com\/www.altimara.eu\/blog\/wp-content\/uploads\/2020\/06\/ecochar-4.jpg?resize=1400%2C800&ssl=1 4x"},"classes":[]}],"_links":{"self":[{"href":"https:\/\/www.altimara.eu\/blog\/wp-json\/wp\/v2\/posts\/4362","targetHints":{"allow":["GET"]}}],"collection":[{"href":"https:\/\/www.altimara.eu\/blog\/wp-json\/wp\/v2\/posts"}],"about":[{"href":"https:\/\/www.altimara.eu\/blog\/wp-json\/wp\/v2\/types\/post"}],"author":[{"embeddable":true,"href":"https:\/\/www.altimara.eu\/blog\/wp-json\/wp\/v2\/users\/3"}],"replies":[{"embeddable":true,"href":"https:\/\/www.altimara.eu\/blog\/wp-json\/wp\/v2\/comments?post=4362"}],"version-history":[{"count":0,"href":"https:\/\/www.altimara.eu\/blog\/wp-json\/wp\/v2\/posts\/4362\/revisions"}],"wp:attachment":[{"href":"https:\/\/www.altimara.eu\/blog\/wp-json\/wp\/v2\/media?parent=4362"}],"wp:term":[{"taxonomy":"category","embeddable":true,"href":"https:\/\/www.altimara.eu\/blog\/wp-json\/wp\/v2\/categories?post=4362"},{"taxonomy":"post_tag","embeddable":true,"href":"https:\/\/www.altimara.eu\/blog\/wp-json\/wp\/v2\/tags?post=4362"}],"curies":[{"name":"wp","href":"https:\/\/api.w.org\/{rel}","templated":true}]}}