{"id":4259,"date":"2024-03-14T11:22:42","date_gmt":"2024-03-14T10:22:42","guid":{"rendered":"https:\/\/www.altimara.eu\/blog\/?p=4259"},"modified":"2024-03-15T09:39:00","modified_gmt":"2024-03-15T08:39:00","slug":"villaines-mais-belles","status":"publish","type":"post","link":"https:\/\/www.altimara.eu\/blog\/2024\/03\/14\/villaines-mais-belles\/","title":{"rendered":"Villaines mais belles"},"content":{"rendered":"\n<p>Petit s\u00e9jour en Anjou, pas loin de la Loire avec ses ch\u00e2teaux, dans la petite ville de Villaines-Les-Rochers, capitale de la vannerie. Dans la rue principale les maisons accol\u00e9es \u00e0 une sorte de colline plate ont toutes des extensions troglodytiques. Creus\u00e9es dans le tuffeau, ces petites pi\u00e8ces servaient d&rsquo;habitations et de r\u00e9serves. La r\u00e9gion est riche de cette architecture souterraine. Nous sommes donc ici pour la semaine, Martine \u00e0 un stage de tressage de l&rsquo;osier chez Romand&rsquo;art avec Catherine et Christophe, de v\u00e9ritables artistes de la vannerie https:\/\/www.vannerie-romand-art.com\/vanniers-villaines-les-rochers\/<a href=\"https:\/\/www.vannerie-romand-art.com\/vanniers-villaines-les-rochers\/\" target=\"_blank\" rel=\"noreferrer noopener\">https:\/\/www.vannerie-romand-art.com\/vanniers-villaines-les-rochers\/<\/a><\/p>\n\n\n<div class=\"wp-block-image\">\n<figure class=\"aligncenter size-large\"><img data-recalc-dims=\"1\" loading=\"lazy\" decoding=\"async\" width=\"627\" height=\"418\" data-attachment-id=\"4261\" data-permalink=\"https:\/\/www.altimara.eu\/blog\/2024\/03\/14\/villaines-mais-belles\/ma5_3220\/\" data-orig-file=\"https:\/\/i0.wp.com\/www.altimara.eu\/blog\/wp-content\/uploads\/2024\/03\/MA5_3220.jpg?fit=2400%2C1600&amp;ssl=1\" data-orig-size=\"2400,1600\" data-comments-opened=\"1\" data-image-meta=\"{&quot;aperture&quot;:&quot;8&quot;,&quot;credit&quot;:&quot;Martial Acquarone&quot;,&quot;camera&quot;:&quot;NIKON D850&quot;,&quot;caption&quot;:&quot;&quot;,&quot;created_timestamp&quot;:&quot;1710349474&quot;,&quot;copyright&quot;:&quot;CC BY-SA 4.0&quot;,&quot;focal_length&quot;:&quot;38&quot;,&quot;iso&quot;:&quot;640&quot;,&quot;shutter_speed&quot;:&quot;0.000625&quot;,&quot;title&quot;:&quot;&quot;,&quot;orientation&quot;:&quot;0&quot;}\" data-image-title=\"MA5_3220\" data-image-description=\"\" data-image-caption=\"\" data-large-file=\"https:\/\/i0.wp.com\/www.altimara.eu\/blog\/wp-content\/uploads\/2024\/03\/MA5_3220.jpg?fit=627%2C418&amp;ssl=1\" src=\"https:\/\/i0.wp.com\/www.altimara.eu\/blog\/wp-content\/uploads\/2024\/03\/MA5_3220.jpg?resize=627%2C418&#038;ssl=1\" alt=\"\" class=\"wp-image-4261\" srcset=\"https:\/\/i0.wp.com\/www.altimara.eu\/blog\/wp-content\/uploads\/2024\/03\/MA5_3220.jpg?resize=1024%2C683&amp;ssl=1 1024w, https:\/\/i0.wp.com\/www.altimara.eu\/blog\/wp-content\/uploads\/2024\/03\/MA5_3220.jpg?resize=300%2C200&amp;ssl=1 300w, https:\/\/i0.wp.com\/www.altimara.eu\/blog\/wp-content\/uploads\/2024\/03\/MA5_3220.jpg?resize=768%2C512&amp;ssl=1 768w, https:\/\/i0.wp.com\/www.altimara.eu\/blog\/wp-content\/uploads\/2024\/03\/MA5_3220.jpg?resize=1536%2C1024&amp;ssl=1 1536w, https:\/\/i0.wp.com\/www.altimara.eu\/blog\/wp-content\/uploads\/2024\/03\/MA5_3220.jpg?resize=2048%2C1365&amp;ssl=1 2048w, https:\/\/i0.wp.com\/www.altimara.eu\/blog\/wp-content\/uploads\/2024\/03\/MA5_3220.jpg?w=1254&amp;ssl=1 1254w, https:\/\/i0.wp.com\/www.altimara.eu\/blog\/wp-content\/uploads\/2024\/03\/MA5_3220.jpg?w=1881&amp;ssl=1 1881w\" sizes=\"auto, (max-width: 627px) 100vw, 627px\" \/><\/figure>\n<\/div>\n\n\n<p>Cette r\u00e9gion est faite d&rsquo;alternance de champs et de petit bois. La toponymie du coin nous renseigne sur une activit\u00e9 qui bien sur d\u00e9clenche chez moi un int\u00e9r\u00eat premier. Au d\u00e9tour d&rsquo;un virage, un panneau indique \u00ab\u00a0La charbonni\u00e8re\u00a0\u00bb. Ce lieu-dit abrite trois maisons dont une revendique le nom. <\/p>\n\n\n<div class=\"wp-block-image\">\n<figure class=\"aligncenter size-large\"><img data-recalc-dims=\"1\" loading=\"lazy\" decoding=\"async\" width=\"627\" height=\"418\" data-attachment-id=\"4262\" data-permalink=\"https:\/\/www.altimara.eu\/blog\/2024\/03\/14\/villaines-mais-belles\/ma5_3185\/\" data-orig-file=\"https:\/\/i0.wp.com\/www.altimara.eu\/blog\/wp-content\/uploads\/2024\/03\/MA5_3185.jpg?fit=2400%2C1600&amp;ssl=1\" data-orig-size=\"2400,1600\" data-comments-opened=\"1\" data-image-meta=\"{&quot;aperture&quot;:&quot;9&quot;,&quot;credit&quot;:&quot;Martial Acquarone&quot;,&quot;camera&quot;:&quot;NIKON D850&quot;,&quot;caption&quot;:&quot;&quot;,&quot;created_timestamp&quot;:&quot;1710260110&quot;,&quot;copyright&quot;:&quot;CC BY-SA 4.0&quot;,&quot;focal_length&quot;:&quot;70&quot;,&quot;iso&quot;:&quot;640&quot;,&quot;shutter_speed&quot;:&quot;0.0025&quot;,&quot;title&quot;:&quot;&quot;,&quot;orientation&quot;:&quot;0&quot;}\" data-image-title=\"MA5_3185\" data-image-description=\"\" data-image-caption=\"\" data-large-file=\"https:\/\/i0.wp.com\/www.altimara.eu\/blog\/wp-content\/uploads\/2024\/03\/MA5_3185.jpg?fit=627%2C418&amp;ssl=1\" src=\"https:\/\/i0.wp.com\/www.altimara.eu\/blog\/wp-content\/uploads\/2024\/03\/MA5_3185.jpg?resize=627%2C418&#038;ssl=1\" alt=\"\" class=\"wp-image-4262\" srcset=\"https:\/\/i0.wp.com\/www.altimara.eu\/blog\/wp-content\/uploads\/2024\/03\/MA5_3185.jpg?resize=1024%2C683&amp;ssl=1 1024w, https:\/\/i0.wp.com\/www.altimara.eu\/blog\/wp-content\/uploads\/2024\/03\/MA5_3185.jpg?resize=300%2C200&amp;ssl=1 300w, https:\/\/i0.wp.com\/www.altimara.eu\/blog\/wp-content\/uploads\/2024\/03\/MA5_3185.jpg?resize=768%2C512&amp;ssl=1 768w, https:\/\/i0.wp.com\/www.altimara.eu\/blog\/wp-content\/uploads\/2024\/03\/MA5_3185.jpg?resize=1536%2C1024&amp;ssl=1 1536w, https:\/\/i0.wp.com\/www.altimara.eu\/blog\/wp-content\/uploads\/2024\/03\/MA5_3185.jpg?resize=2048%2C1365&amp;ssl=1 2048w, https:\/\/i0.wp.com\/www.altimara.eu\/blog\/wp-content\/uploads\/2024\/03\/MA5_3185.jpg?w=1254&amp;ssl=1 1254w, https:\/\/i0.wp.com\/www.altimara.eu\/blog\/wp-content\/uploads\/2024\/03\/MA5_3185.jpg?w=1881&amp;ssl=1 1881w\" sizes=\"auto, (max-width: 627px) 100vw, 627px\" \/><\/figure>\n<\/div>\n\n\n<p>Dans la ville de Villaines, il y a aussi dans la route qui part vers Azay-Le-Rideaux, un emplacement qui porte aussi la d\u00e9signation de charbonni\u00e8re. Je n&rsquo;ai pas r\u00e9ussi a trouver des explications mais il est facile de comprendre que l&rsquo;activit\u00e9 du charbon de bois \u00e9tait bien pr\u00e9sente dans ce territoire comme partout ailleurs. <\/p>\n\n\n<div class=\"wp-block-image is-style-rounded\">\n<figure class=\"aligncenter size-large\"><img data-recalc-dims=\"1\" loading=\"lazy\" decoding=\"async\" width=\"627\" height=\"828\" data-attachment-id=\"4299\" data-permalink=\"https:\/\/www.altimara.eu\/blog\/2024\/03\/14\/villaines-mais-belles\/capture-decran-2024-03-14-a-14-51-55\/\" data-orig-file=\"https:\/\/i0.wp.com\/www.altimara.eu\/blog\/wp-content\/uploads\/2024\/03\/Capture-decran-2024-03-14-a-14.51.55.jpeg?fit=878%2C1160&amp;ssl=1\" data-orig-size=\"878,1160\" data-comments-opened=\"1\" data-image-meta=\"{&quot;aperture&quot;:&quot;0&quot;,&quot;credit&quot;:&quot;&quot;,&quot;camera&quot;:&quot;&quot;,&quot;caption&quot;:&quot;&quot;,&quot;created_timestamp&quot;:&quot;0&quot;,&quot;copyright&quot;:&quot;&quot;,&quot;focal_length&quot;:&quot;0&quot;,&quot;iso&quot;:&quot;0&quot;,&quot;shutter_speed&quot;:&quot;0&quot;,&quot;title&quot;:&quot;&quot;,&quot;orientation&quot;:&quot;1&quot;}\" data-image-title=\"Capture-decran-2024-03-14-a-14.51.55\" data-image-description=\"\" data-image-caption=\"\" data-large-file=\"https:\/\/i0.wp.com\/www.altimara.eu\/blog\/wp-content\/uploads\/2024\/03\/Capture-decran-2024-03-14-a-14.51.55.jpeg?fit=627%2C828&amp;ssl=1\" src=\"https:\/\/i0.wp.com\/www.altimara.eu\/blog\/wp-content\/uploads\/2024\/03\/Capture-decran-2024-03-14-a-14.51.55.jpeg?resize=627%2C828&#038;ssl=1\" alt=\"\" class=\"wp-image-4299\" srcset=\"https:\/\/i0.wp.com\/www.altimara.eu\/blog\/wp-content\/uploads\/2024\/03\/Capture-decran-2024-03-14-a-14.51.55.jpeg?resize=775%2C1024&amp;ssl=1 775w, https:\/\/i0.wp.com\/www.altimara.eu\/blog\/wp-content\/uploads\/2024\/03\/Capture-decran-2024-03-14-a-14.51.55.jpeg?resize=227%2C300&amp;ssl=1 227w, https:\/\/i0.wp.com\/www.altimara.eu\/blog\/wp-content\/uploads\/2024\/03\/Capture-decran-2024-03-14-a-14.51.55.jpeg?resize=768%2C1015&amp;ssl=1 768w, https:\/\/i0.wp.com\/www.altimara.eu\/blog\/wp-content\/uploads\/2024\/03\/Capture-decran-2024-03-14-a-14.51.55.jpeg?w=878&amp;ssl=1 878w\" sizes=\"auto, (max-width: 627px) 100vw, 627px\" \/><\/figure>\n<\/div>\n\n\n<figure class=\"wp-block-image size-large\"><img data-recalc-dims=\"1\" loading=\"lazy\" decoding=\"async\" width=\"627\" height=\"418\" data-attachment-id=\"4263\" data-permalink=\"https:\/\/www.altimara.eu\/blog\/2024\/03\/14\/villaines-mais-belles\/ma5_3202\/\" data-orig-file=\"https:\/\/i0.wp.com\/www.altimara.eu\/blog\/wp-content\/uploads\/2024\/03\/MA5_3202.jpg?fit=2400%2C1600&amp;ssl=1\" data-orig-size=\"2400,1600\" data-comments-opened=\"1\" data-image-meta=\"{&quot;aperture&quot;:&quot;8&quot;,&quot;credit&quot;:&quot;Martial Acquarone&quot;,&quot;camera&quot;:&quot;NIKON D850&quot;,&quot;caption&quot;:&quot;&quot;,&quot;created_timestamp&quot;:&quot;1710347862&quot;,&quot;copyright&quot;:&quot;CC BY-SA 4.0&quot;,&quot;focal_length&quot;:&quot;66&quot;,&quot;iso&quot;:&quot;640&quot;,&quot;shutter_speed&quot;:&quot;0.0008&quot;,&quot;title&quot;:&quot;&quot;,&quot;orientation&quot;:&quot;0&quot;}\" data-image-title=\"MA5_3202\" data-image-description=\"\" data-image-caption=\"\" data-large-file=\"https:\/\/i0.wp.com\/www.altimara.eu\/blog\/wp-content\/uploads\/2024\/03\/MA5_3202.jpg?fit=627%2C418&amp;ssl=1\" src=\"https:\/\/i0.wp.com\/www.altimara.eu\/blog\/wp-content\/uploads\/2024\/03\/MA5_3202.jpg?resize=627%2C418&#038;ssl=1\" alt=\"\" class=\"wp-image-4263\" srcset=\"https:\/\/i0.wp.com\/www.altimara.eu\/blog\/wp-content\/uploads\/2024\/03\/MA5_3202.jpg?resize=1024%2C683&amp;ssl=1 1024w, https:\/\/i0.wp.com\/www.altimara.eu\/blog\/wp-content\/uploads\/2024\/03\/MA5_3202.jpg?resize=300%2C200&amp;ssl=1 300w, https:\/\/i0.wp.com\/www.altimara.eu\/blog\/wp-content\/uploads\/2024\/03\/MA5_3202.jpg?resize=768%2C512&amp;ssl=1 768w, https:\/\/i0.wp.com\/www.altimara.eu\/blog\/wp-content\/uploads\/2024\/03\/MA5_3202.jpg?resize=1536%2C1024&amp;ssl=1 1536w, https:\/\/i0.wp.com\/www.altimara.eu\/blog\/wp-content\/uploads\/2024\/03\/MA5_3202.jpg?resize=2048%2C1365&amp;ssl=1 2048w, https:\/\/i0.wp.com\/www.altimara.eu\/blog\/wp-content\/uploads\/2024\/03\/MA5_3202.jpg?w=1254&amp;ssl=1 1254w, https:\/\/i0.wp.com\/www.altimara.eu\/blog\/wp-content\/uploads\/2024\/03\/MA5_3202.jpg?w=1881&amp;ssl=1 1881w\" sizes=\"auto, (max-width: 627px) 100vw, 627px\" \/><figcaption class=\"wp-element-caption\">M\u00eame les abris bus sont en osier.<\/figcaption><\/figure>\n\n\n\n<p>Suite \u00e0 mes articles sur les villages qui portent le nom de Charbonni\u00e8re, il est donc courant de trouver de nombreux lieux qui rappellent ce travail. <a href=\"https:\/\/www.altimara.eu\/blog\/2016\/10\/15\/village-charbonnieres-2\/\" target=\"_blank\" rel=\"noreferrer noopener\">https:\/\/www.altimara.eu\/blog\/2019\/06\/19\/village-carbone\/  <\/a><\/p>\n\n\n<div class=\"wp-block-image\">\n<figure class=\"aligncenter size-large\"><img data-recalc-dims=\"1\" loading=\"lazy\" decoding=\"async\" width=\"627\" height=\"418\" data-attachment-id=\"4264\" data-permalink=\"https:\/\/www.altimara.eu\/blog\/2024\/03\/14\/villaines-mais-belles\/ma5_3187\/\" data-orig-file=\"https:\/\/i0.wp.com\/www.altimara.eu\/blog\/wp-content\/uploads\/2024\/03\/MA5_3187.jpg?fit=2400%2C1600&amp;ssl=1\" data-orig-size=\"2400,1600\" data-comments-opened=\"1\" data-image-meta=\"{&quot;aperture&quot;:&quot;5.6&quot;,&quot;credit&quot;:&quot;Martial Acquarone&quot;,&quot;camera&quot;:&quot;NIKON D850&quot;,&quot;caption&quot;:&quot;&quot;,&quot;created_timestamp&quot;:&quot;1710260131&quot;,&quot;copyright&quot;:&quot;CC BY-SA 4.0&quot;,&quot;focal_length&quot;:&quot;70&quot;,&quot;iso&quot;:&quot;640&quot;,&quot;shutter_speed&quot;:&quot;0.000625&quot;,&quot;title&quot;:&quot;&quot;,&quot;orientation&quot;:&quot;0&quot;}\" data-image-title=\"MA5_3187\" data-image-description=\"\" data-image-caption=\"\" data-large-file=\"https:\/\/i0.wp.com\/www.altimara.eu\/blog\/wp-content\/uploads\/2024\/03\/MA5_3187.jpg?fit=627%2C418&amp;ssl=1\" src=\"https:\/\/i0.wp.com\/www.altimara.eu\/blog\/wp-content\/uploads\/2024\/03\/MA5_3187.jpg?resize=627%2C418&#038;ssl=1\" alt=\"\" class=\"wp-image-4264\" srcset=\"https:\/\/i0.wp.com\/www.altimara.eu\/blog\/wp-content\/uploads\/2024\/03\/MA5_3187.jpg?resize=1024%2C683&amp;ssl=1 1024w, https:\/\/i0.wp.com\/www.altimara.eu\/blog\/wp-content\/uploads\/2024\/03\/MA5_3187.jpg?resize=300%2C200&amp;ssl=1 300w, https:\/\/i0.wp.com\/www.altimara.eu\/blog\/wp-content\/uploads\/2024\/03\/MA5_3187.jpg?resize=768%2C512&amp;ssl=1 768w, https:\/\/i0.wp.com\/www.altimara.eu\/blog\/wp-content\/uploads\/2024\/03\/MA5_3187.jpg?resize=1536%2C1024&amp;ssl=1 1536w, https:\/\/i0.wp.com\/www.altimara.eu\/blog\/wp-content\/uploads\/2024\/03\/MA5_3187.jpg?resize=2048%2C1365&amp;ssl=1 2048w, https:\/\/i0.wp.com\/www.altimara.eu\/blog\/wp-content\/uploads\/2024\/03\/MA5_3187.jpg?w=1254&amp;ssl=1 1254w, https:\/\/i0.wp.com\/www.altimara.eu\/blog\/wp-content\/uploads\/2024\/03\/MA5_3187.jpg?w=1881&amp;ssl=1 1881w\" sizes=\"auto, (max-width: 627px) 100vw, 627px\" \/><\/figure>\n<\/div>\n\n\n<p>\u00c0 Villaines, l&rsquo;osier cache le charbon et nous savons combien les paniers en osiers ont \u00e9t\u00e9 utile au travail des charbonniers. <a href=\"https:\/\/www.altimara.eu\/blog\/2016\/04\/30\/respe-vannerie-charbonniere\/\" target=\"_blank\" rel=\"noreferrer noopener\">https:\/\/www.altimara.eu\/blog\/2016\/04\/30\/respe-vannerie-charbonniere\/<\/a><\/p>\n\n\n\nngg_shortcode_0_placeholder\n","protected":false},"excerpt":{"rendered":"<p>Petit s\u00e9jour en Anjou, pas loin de la Loire avec ses ch\u00e2teaux, dans la petite ville de Villaines-Les-Rochers, capitale de la vannerie. Dans la rue principale les maisons accol\u00e9es \u00e0 une sorte de colline plate ont toutes des extensions troglodytiques. Creus\u00e9es dans le tuffeau, ces petites pi\u00e8ces servaient d&rsquo;habitations et de r\u00e9serves. La r\u00e9gion est [&hellip;]<\/p>\n","protected":false},"author":3,"featured_media":0,"comment_status":"open","ping_status":"open","sticky":false,"template":"","format":"standard","meta":{"ngg_post_thumbnail":0,"jetpack_post_was_ever_published":false,"_jetpack_newsletter_access":"","_jetpack_dont_email_post_to_subs":false,"_jetpack_newsletter_tier_id":0,"_jetpack_memberships_contains_paywalled_content":false,"_jetpack_memberships_contains_paid_content":false,"footnotes":"","jetpack_publicize_message":"","jetpack_publicize_feature_enabled":true,"jetpack_social_post_already_shared":true,"jetpack_social_options":{"image_generator_settings":{"template":"highway","default_image_id":0,"font":"","enabled":false},"version":2}},"categories":[103],"tags":[12],"class_list":["post-4259","post","type-post","status-publish","format-standard","hentry","category-charbonnier-en-france","tag-charbonniere"],"jetpack_publicize_connections":[],"jetpack_featured_media_url":"","jetpack_shortlink":"https:\/\/wp.me\/p4r91c-16H","jetpack_sharing_enabled":true,"jetpack-related-posts":[{"id":1832,"url":"https:\/\/www.altimara.eu\/blog\/2016\/04\/30\/respe-vannerie-charbonniere\/","url_meta":{"origin":4259,"position":0},"title":"Respe, vannerie charbonni\u00e8re","author":"Martiou","date":"30 avril 2016","format":false,"excerpt":"Une fois la meule charbonni\u00e8re cuite et apr\u00e8s extinction, le charbonnier r\u00e9cup\u00e8re le charbon et le met en sacs. En nos garrigues, nous n'avons pas de documents, pour l'instant, qui montrent comment cela se pratiquait. Par comparaison avec d'autres r\u00e9gions et l'Italie, on peut penser que l'utilisation d'un versoir en\u2026","rel":"","context":"Dans &quot;Autre&quot;","block_context":{"text":"Autre","link":"https:\/\/www.altimara.eu\/blog\/category\/autre\/"},"img":{"alt_text":"IMG_20160428_120412661_HDR","src":"https:\/\/i0.wp.com\/www.altimara.eu\/blog\/wp-content\/uploads\/2016\/04\/IMG_20160428_120412661_HDR.jpg?resize=350%2C200","width":350,"height":200,"srcset":"https:\/\/i0.wp.com\/www.altimara.eu\/blog\/wp-content\/uploads\/2016\/04\/IMG_20160428_120412661_HDR.jpg?resize=350%2C200 1x, https:\/\/i0.wp.com\/www.altimara.eu\/blog\/wp-content\/uploads\/2016\/04\/IMG_20160428_120412661_HDR.jpg?resize=525%2C300 1.5x, https:\/\/i0.wp.com\/www.altimara.eu\/blog\/wp-content\/uploads\/2016\/04\/IMG_20160428_120412661_HDR.jpg?resize=700%2C400 2x"},"classes":[]},{"id":1075,"url":"https:\/\/www.altimara.eu\/blog\/2014\/11\/02\/la-grande-epic-au-saint-loup-23\/","url_meta":{"origin":4259,"position":1},"title":"La Grande E[pic] au Saint Loup","author":"Martiou","date":"2 novembre 2014","format":false,"excerpt":"Belles t\u00eates, vous ai je dans\u00a0la mienne, petit \u00e0 petit en grimpant le sentier rocailleux votre existence\u00a0s'affirme. Transformation dans la grande boite en fer, charbonnier vs vannier, faire de l'objet une oeuvre. L'art charbonn\u00e9, charbon de bois vs Porcopolis, la Grande nous a propuls\u00e9 vers les \u00e9toiles de la cr\u00e9ation.\u2026","rel":"","context":"Dans &quot;2 La Grande E[pic] au Saint Loup&quot;","block_context":{"text":"2 La Grande E[pic] au Saint Loup","link":"https:\/\/www.altimara.eu\/blog\/category\/2-la-grande-epic-au-saint-loup\/"},"img":{"alt_text":"49 Pic","src":"https:\/\/i0.wp.com\/www.altimara.eu\/blog\/wp-content\/uploads\/2014\/11\/49-Pic.jpg?resize=350%2C200","width":350,"height":200,"srcset":"https:\/\/i0.wp.com\/www.altimara.eu\/blog\/wp-content\/uploads\/2014\/11\/49-Pic.jpg?resize=350%2C200 1x, https:\/\/i0.wp.com\/www.altimara.eu\/blog\/wp-content\/uploads\/2014\/11\/49-Pic.jpg?resize=525%2C300 1.5x"},"classes":[]},{"id":117,"url":"https:\/\/www.altimara.eu\/blog\/2013\/12\/19\/carbon-art\/","url_meta":{"origin":4259,"position":2},"title":"Carbon-art","author":"Martiou","date":"19 d\u00e9cembre 2013","format":false,"excerpt":"carbon-art en bois des mers. Islande 2014 Carbon-art en osier. France. \u00a0\u00a0\u00a0A\u00a0l'origine \u00e9tait la mati\u00e8re brute. Noble bois ou ligneux malingres des garrigues. Ces bois ont servi de tout temps, en toute circonstance et pour tous les usages. L'Homme a commenc\u00e9 \u00e0 maitriser le feu que par l'apport de bois.\u2026","rel":"","context":"Dans &quot;Autre&quot;","block_context":{"text":"Autre","link":"https:\/\/www.altimara.eu\/blog\/category\/autre\/"},"img":{"alt_text":"","src":"https:\/\/i0.wp.com\/www.altimara.eu\/blog\/wp-content\/uploads\/2014\/01\/mac6926.jpg?resize=350%2C200&ssl=1","width":350,"height":200,"srcset":"https:\/\/i0.wp.com\/www.altimara.eu\/blog\/wp-content\/uploads\/2014\/01\/mac6926.jpg?resize=350%2C200&ssl=1 1x, https:\/\/i0.wp.com\/www.altimara.eu\/blog\/wp-content\/uploads\/2014\/01\/mac6926.jpg?resize=525%2C300&ssl=1 1.5x, https:\/\/i0.wp.com\/www.altimara.eu\/blog\/wp-content\/uploads\/2014\/01\/mac6926.jpg?resize=700%2C400&ssl=1 2x, https:\/\/i0.wp.com\/www.altimara.eu\/blog\/wp-content\/uploads\/2014\/01\/mac6926.jpg?resize=1050%2C600&ssl=1 3x, https:\/\/i0.wp.com\/www.altimara.eu\/blog\/wp-content\/uploads\/2014\/01\/mac6926.jpg?resize=1400%2C800&ssl=1 4x"},"classes":[]},{"id":4192,"url":"https:\/\/www.altimara.eu\/blog\/2023\/10\/19\/cambousland\/","url_meta":{"origin":4259,"position":3},"title":"Cambousland","author":"Martiou","date":"19 octobre 2023","format":false,"excerpt":"Les 14 et 15 octobre, le site n\u00e9olithique de Cambous aux maisons imposantes, recevait un grand nombre d'activit\u00e9s orient\u00e9es pr\u00e9histoire. Notre ami Ren\u00e9, le king du feu, a comme toujours, capt\u00e9 l'attention des visiteurs avec son fabuleux stand des techniques du feu. Planqu\u00e9 dans la maison n\u00e9olithique reconstitu\u00e9e, attention la\u2026","rel":"","context":"Dans &quot;0- MES CHARBONNI\u00c8RES&quot;","block_context":{"text":"0- MES CHARBONNI\u00c8RES","link":"https:\/\/www.altimara.eu\/blog\/category\/mes-charbonnieres\/"},"img":{"alt_text":"","src":"https:\/\/i0.wp.com\/www.altimara.eu\/blog\/wp-content\/uploads\/2023\/10\/MAR1380.jpg?resize=350%2C200&ssl=1","width":350,"height":200,"srcset":"https:\/\/i0.wp.com\/www.altimara.eu\/blog\/wp-content\/uploads\/2023\/10\/MAR1380.jpg?resize=350%2C200&ssl=1 1x, https:\/\/i0.wp.com\/www.altimara.eu\/blog\/wp-content\/uploads\/2023\/10\/MAR1380.jpg?resize=525%2C300&ssl=1 1.5x, https:\/\/i0.wp.com\/www.altimara.eu\/blog\/wp-content\/uploads\/2023\/10\/MAR1380.jpg?resize=700%2C400&ssl=1 2x, https:\/\/i0.wp.com\/www.altimara.eu\/blog\/wp-content\/uploads\/2023\/10\/MAR1380.jpg?resize=1050%2C600&ssl=1 3x, https:\/\/i0.wp.com\/www.altimara.eu\/blog\/wp-content\/uploads\/2023\/10\/MAR1380.jpg?resize=1400%2C800&ssl=1 4x"},"classes":[]},{"id":767,"url":"https:\/\/www.altimara.eu\/blog\/2014\/03\/26\/la-grande-epic-au-saint-loup-7\/","url_meta":{"origin":4259,"position":4},"title":"La Grande E[pic] au Saint Loup","author":"Martiou","date":"26 mars 2014","format":false,"excerpt":"Premier atelier de fabrication des grosses t\u00eates. Une vingtaine de personnes se sont employ\u00e9s pendant tout le weekend a donner forme aux structures en fer avec de la vannerie. En amont, Berta et Thierry ont coup\u00e9 et \u00e9pluch\u00e9 un tr\u00e8s grand nombre de cannes. Nous \u00e9tions accueilli dans un superbe\u2026","rel":"","context":"Dans &quot;2 La Grande E[pic] au Saint Loup&quot;","block_context":{"text":"2 La Grande E[pic] au Saint Loup","link":"https:\/\/www.altimara.eu\/blog\/category\/2-la-grande-epic-au-saint-loup\/"},"img":{"alt_text":"_MAC7778","src":"https:\/\/i0.wp.com\/www.altimara.eu\/blog\/wp-content\/uploads\/2014\/03\/MAC7778.jpg?resize=350%2C200","width":350,"height":200,"srcset":"https:\/\/i0.wp.com\/www.altimara.eu\/blog\/wp-content\/uploads\/2014\/03\/MAC7778.jpg?resize=350%2C200 1x, https:\/\/i0.wp.com\/www.altimara.eu\/blog\/wp-content\/uploads\/2014\/03\/MAC7778.jpg?resize=525%2C300 1.5x"},"classes":[]},{"id":890,"url":"https:\/\/www.altimara.eu\/blog\/2014\/05\/04\/respe\/","url_meta":{"origin":4259,"position":5},"title":"Respe","author":"Martiou","date":"4 mai 2014","format":false,"excerpt":"Ce mot \"respe\", peu commun, d\u00e9signe deux \u00e9l\u00e9ments tr\u00e8s diff\u00e9rents mais qui ont un rapport avec le charbon de bois. Une ancienne unit\u00e9 de mesure: La respe est le nom d\u2019une unit\u00e9 de mesure utilis\u00e9e pour les haut-fourneaux. C\u2019est une mesure de consommation de 110 l de bois torr\u00e9fi\u00e9 (charbonn\u00e9).\u2026","rel":"","context":"Dans &quot;Autre&quot;","block_context":{"text":"Autre","link":"https:\/\/www.altimara.eu\/blog\/category\/autre\/"},"img":{"alt_text":"respe2","src":"https:\/\/i0.wp.com\/www.altimara.eu\/blog\/wp-content\/uploads\/2014\/05\/respe2.jpg?resize=350%2C200","width":350,"height":200,"srcset":"https:\/\/i0.wp.com\/www.altimara.eu\/blog\/wp-content\/uploads\/2014\/05\/respe2.jpg?resize=350%2C200 1x, https:\/\/i0.wp.com\/www.altimara.eu\/blog\/wp-content\/uploads\/2014\/05\/respe2.jpg?resize=525%2C300 1.5x"},"classes":[]}],"_links":{"self":[{"href":"https:\/\/www.altimara.eu\/blog\/wp-json\/wp\/v2\/posts\/4259","targetHints":{"allow":["GET"]}}],"collection":[{"href":"https:\/\/www.altimara.eu\/blog\/wp-json\/wp\/v2\/posts"}],"about":[{"href":"https:\/\/www.altimara.eu\/blog\/wp-json\/wp\/v2\/types\/post"}],"author":[{"embeddable":true,"href":"https:\/\/www.altimara.eu\/blog\/wp-json\/wp\/v2\/users\/3"}],"replies":[{"embeddable":true,"href":"https:\/\/www.altimara.eu\/blog\/wp-json\/wp\/v2\/comments?post=4259"}],"version-history":[{"count":0,"href":"https:\/\/www.altimara.eu\/blog\/wp-json\/wp\/v2\/posts\/4259\/revisions"}],"wp:attachment":[{"href":"https:\/\/www.altimara.eu\/blog\/wp-json\/wp\/v2\/media?parent=4259"}],"wp:term":[{"taxonomy":"category","embeddable":true,"href":"https:\/\/www.altimara.eu\/blog\/wp-json\/wp\/v2\/categories?post=4259"},{"taxonomy":"post_tag","embeddable":true,"href":"https:\/\/www.altimara.eu\/blog\/wp-json\/wp\/v2\/tags?post=4259"}],"curies":[{"name":"wp","href":"https:\/\/api.w.org\/{rel}","templated":true}]}}