{"id":4247,"date":"2024-01-05T21:06:04","date_gmt":"2024-01-05T20:06:04","guid":{"rendered":"https:\/\/www.altimara.eu\/blog\/?p=4247"},"modified":"2024-01-05T21:06:04","modified_gmt":"2024-01-05T20:06:04","slug":"zou-pour-24","status":"publish","type":"post","link":"https:\/\/www.altimara.eu\/blog\/2024\/01\/05\/zou-pour-24\/","title":{"rendered":"Zou pour 24"},"content":{"rendered":"\n<p>Nous voil\u00e0 vers\u00e9s dans une nouvelle ann\u00e9e qui ne se pr\u00e9sente par trop bien et dans laquelle va falloir charbonner. Certains ont envoy\u00e9 leurs v\u0153ux avec des missiles, la suffisance des moins que rien. De ces inutiles m\u00e9chants \u00e0 qui j&rsquo;envoie mes v\u0153ux pour qui s&rsquo;\u00e9touffent dans leur haine de la vie. Aux victimes, aux simples, aux heureux je partage notre bonheur de vivre et&#8230;de charbonner.<\/p>\n\n\n\n<p>Et remontons un peu dans la temps, sur les berges d&rsquo;un grand fleuve historique, le Nil. L\u00e0 aussi, les formes caract\u00e9ristiques des plus grands \u00e9difices de cette \u00e9poque rappellent nos meules de bois. Formes coniques, bien sur je fais allusion aux pyramides. Les volcans sont essentiellement coniques, les pyramides itou et les meules de charbonniers de m\u00eame. Formes la plus stable dans la nature que l&rsquo;homme ancien a reproduit pour son usage. En pierre, immense et \u00e0 degr\u00e9s, en bois, petite ou \u00e0 \u00e9tage. Les pyramides sont des tombeaux, les charbonni\u00e8res le d\u00e9but de l&rsquo;activit\u00e9 industrielle humaine.<\/p>\n\n\n<div class=\"wp-block-image\">\n<figure class=\"aligncenter size-full\"><img data-recalc-dims=\"1\" loading=\"lazy\" decoding=\"async\" width=\"627\" height=\"386\" data-attachment-id=\"4248\" data-permalink=\"https:\/\/www.altimara.eu\/blog\/2024\/01\/05\/zou-pour-24\/pyra\/\" data-orig-file=\"https:\/\/i0.wp.com\/www.altimara.eu\/blog\/wp-content\/uploads\/2024\/01\/pyra.png?fit=709%2C437&amp;ssl=1\" data-orig-size=\"709,437\" data-comments-opened=\"1\" data-image-meta=\"{&quot;aperture&quot;:&quot;0&quot;,&quot;credit&quot;:&quot;&quot;,&quot;camera&quot;:&quot;&quot;,&quot;caption&quot;:&quot;&quot;,&quot;created_timestamp&quot;:&quot;0&quot;,&quot;copyright&quot;:&quot;&quot;,&quot;focal_length&quot;:&quot;0&quot;,&quot;iso&quot;:&quot;0&quot;,&quot;shutter_speed&quot;:&quot;0&quot;,&quot;title&quot;:&quot;&quot;,&quot;orientation&quot;:&quot;0&quot;}\" data-image-title=\"pyra\" data-image-description=\"\" data-image-caption=\"\" data-large-file=\"https:\/\/i0.wp.com\/www.altimara.eu\/blog\/wp-content\/uploads\/2024\/01\/pyra.png?fit=627%2C386&amp;ssl=1\" src=\"https:\/\/i0.wp.com\/www.altimara.eu\/blog\/wp-content\/uploads\/2024\/01\/pyra.png?resize=627%2C386&#038;ssl=1\" alt=\"\" class=\"wp-image-4248\" srcset=\"https:\/\/i0.wp.com\/www.altimara.eu\/blog\/wp-content\/uploads\/2024\/01\/pyra.png?w=709&amp;ssl=1 709w, https:\/\/i0.wp.com\/www.altimara.eu\/blog\/wp-content\/uploads\/2024\/01\/pyra.png?resize=300%2C185&amp;ssl=1 300w\" sizes=\"auto, (max-width: 627px) 100vw, 627px\" \/><figcaption class=\"wp-element-caption\">Par Ricardo Liberato \u2014 All Gizah Pyramids, CC BY-SA 2.0, https:\/\/commons.wikimedia.org\/w\/index.php?curid=2258048<\/figcaption><\/figure>\n<\/div>\n\n\n<p>L\u2019\u00c9gypte ancienne est une r\u00e9f\u00e9rence dans les civilisations fondatrices de nos d\u00e9veloppements modernes. Les dynasties ont marqu\u00e9s notre Histoire par leurs puissances et leurs rayonnements. Outils, armes, mat\u00e9riel sophistiqu\u00e9, il en fallait pour construire ces pyramides et temples. <\/p>\n\n\n\n<p>Dans le fameux tr\u00e9sor de Toutankhamon, l&rsquo;or est \u00e0 profusion, l&rsquo;argent tr\u00e8s utilis\u00e9 aussi mais le fer rare. Une simple boite avec quelques outils et surtout avec l&rsquo;extraordinaire dague en fer m\u00e9t\u00e9orite. Superbe travail de forgeron. Il avait donc cet artisan du charbon de bois. Mais \u00e0 la r\u00e9flexion, les berges du Nil ont une ripisylve tr\u00e8s peu fourni en arbre donc en bois. Les palmiers ne sont pas des arbres mais des plantes sans cambium.<\/p>\n\n\n\n<p>Les hi\u00e9roglyphes et de nombreux dessins sur les murs des temples et tombes, montrent des personnages en activit\u00e9s, souvent en agriculture. Quid des charbonniers ?<\/p>\n\n\n<div class=\"wp-block-image\">\n<figure class=\"aligncenter size-full\"><img data-recalc-dims=\"1\" loading=\"lazy\" decoding=\"async\" width=\"627\" height=\"293\" data-attachment-id=\"4249\" data-permalink=\"https:\/\/www.altimara.eu\/blog\/2024\/01\/05\/zou-pour-24\/capture-decran-2024-01-05-a-19-21-45\/\" data-orig-file=\"https:\/\/i0.wp.com\/www.altimara.eu\/blog\/wp-content\/uploads\/2024\/01\/Capture-decran-2024-01-05-a-19.21.45.jpg?fit=657%2C307&amp;ssl=1\" data-orig-size=\"657,307\" data-comments-opened=\"1\" data-image-meta=\"{&quot;aperture&quot;:&quot;0&quot;,&quot;credit&quot;:&quot;&quot;,&quot;camera&quot;:&quot;&quot;,&quot;caption&quot;:&quot;&quot;,&quot;created_timestamp&quot;:&quot;0&quot;,&quot;copyright&quot;:&quot;&quot;,&quot;focal_length&quot;:&quot;0&quot;,&quot;iso&quot;:&quot;0&quot;,&quot;shutter_speed&quot;:&quot;0&quot;,&quot;title&quot;:&quot;&quot;,&quot;orientation&quot;:&quot;1&quot;}\" data-image-title=\"Capture-decran-2024-01-05-a-19.21.45\" data-image-description=\"\" data-image-caption=\"\" data-large-file=\"https:\/\/i0.wp.com\/www.altimara.eu\/blog\/wp-content\/uploads\/2024\/01\/Capture-decran-2024-01-05-a-19.21.45.jpg?fit=627%2C293&amp;ssl=1\" src=\"https:\/\/i0.wp.com\/www.altimara.eu\/blog\/wp-content\/uploads\/2024\/01\/Capture-decran-2024-01-05-a-19.21.45.jpg?resize=627%2C293&#038;ssl=1\" alt=\"\" class=\"wp-image-4249\" srcset=\"https:\/\/i0.wp.com\/www.altimara.eu\/blog\/wp-content\/uploads\/2024\/01\/Capture-decran-2024-01-05-a-19.21.45.jpg?w=657&amp;ssl=1 657w, https:\/\/i0.wp.com\/www.altimara.eu\/blog\/wp-content\/uploads\/2024\/01\/Capture-decran-2024-01-05-a-19.21.45.jpg?resize=300%2C140&amp;ssl=1 300w\" sizes=\"auto, (max-width: 627px) 100vw, 627px\" \/><\/figure>\n<\/div>\n\n\n<p>Avec Arthur, l&rsquo;\u00e9gyptologue en devenir, nous nous sommes pos\u00e9s la question. Sa connaissance des langues antiques de l&rsquo;\u00c9gypte lui a permis de trouver un petit texte qui parle des charbonniers. Un scribe d\u00e9crit \u00e0 son fils tous les m\u00e9tiers, qu&rsquo;il s&#8217;emploie a d\u00e9valoriser, pour que celui-ci prenne sa suite.<\/p>\n\n\n<div class=\"wp-block-image\">\n<figure class=\"aligncenter size-full\"><img data-recalc-dims=\"1\" loading=\"lazy\" decoding=\"async\" width=\"627\" height=\"353\" data-attachment-id=\"4251\" data-permalink=\"https:\/\/www.altimara.eu\/blog\/2024\/01\/05\/zou-pour-24\/charb-egypte\/\" data-orig-file=\"https:\/\/i0.wp.com\/www.altimara.eu\/blog\/wp-content\/uploads\/2024\/01\/charb-egypte.jpeg?fit=800%2C450&amp;ssl=1\" data-orig-size=\"800,450\" data-comments-opened=\"1\" data-image-meta=\"{&quot;aperture&quot;:&quot;0&quot;,&quot;credit&quot;:&quot;&quot;,&quot;camera&quot;:&quot;&quot;,&quot;caption&quot;:&quot;&quot;,&quot;created_timestamp&quot;:&quot;0&quot;,&quot;copyright&quot;:&quot;&quot;,&quot;focal_length&quot;:&quot;0&quot;,&quot;iso&quot;:&quot;0&quot;,&quot;shutter_speed&quot;:&quot;0&quot;,&quot;title&quot;:&quot;&quot;,&quot;orientation&quot;:&quot;0&quot;}\" data-image-title=\"charb-egypte\" data-image-description=\"\" data-image-caption=\"\" data-large-file=\"https:\/\/i0.wp.com\/www.altimara.eu\/blog\/wp-content\/uploads\/2024\/01\/charb-egypte.jpeg?fit=627%2C353&amp;ssl=1\" src=\"https:\/\/i0.wp.com\/www.altimara.eu\/blog\/wp-content\/uploads\/2024\/01\/charb-egypte.jpeg?resize=627%2C353&#038;ssl=1\" alt=\"\" class=\"wp-image-4251\" srcset=\"https:\/\/i0.wp.com\/www.altimara.eu\/blog\/wp-content\/uploads\/2024\/01\/charb-egypte.jpeg?w=800&amp;ssl=1 800w, https:\/\/i0.wp.com\/www.altimara.eu\/blog\/wp-content\/uploads\/2024\/01\/charb-egypte.jpeg?resize=300%2C169&amp;ssl=1 300w, https:\/\/i0.wp.com\/www.altimara.eu\/blog\/wp-content\/uploads\/2024\/01\/charb-egypte.jpeg?resize=768%2C432&amp;ssl=1 768w\" sizes=\"auto, (max-width: 627px) 100vw, 627px\" \/><\/figure>\n<\/div>\n\n\n<p>Pas tr\u00e8s reluisant le m\u00e9tier de charbonnier. Par contre il nous donne une indication pr\u00e9cieuse dans ce texte, il parle des roseaux coup\u00e9s dans le Nil. le bois n&rsquo;est pas cit\u00e9. Est-ce que les \u00e9gyptiens anciens utilisaient le charbon v\u00e9g\u00e9tal, faute de bois, ou bien importaient-ils le charbon de bois ? Voil\u00e0 de quoi donner mati\u00e8re a travailler pour nos chercheurs en \u00e9gyptologie.<\/p>\n\n\n\n<p>Tous mes meilleurs v\u0153ux pour cette nouvelle ann\u00e9e !<\/p>\n\n\n\n<p>A l\u2019an que ven que se siam pas mai que siguem pas mens !<\/p>\n\n\n\n<p>Peut \u00eatre que les fils d&rsquo;Horus disaient comme \u00e7a : <\/p>\n\n\n\n<figure class=\"wp-block-image size-full\"><img data-recalc-dims=\"1\" loading=\"lazy\" decoding=\"async\" width=\"318\" height=\"97\" data-attachment-id=\"4250\" data-permalink=\"https:\/\/www.altimara.eu\/blog\/2024\/01\/05\/zou-pour-24\/ba-egyp\/\" data-orig-file=\"https:\/\/i0.wp.com\/www.altimara.eu\/blog\/wp-content\/uploads\/2024\/01\/BA-Egyp.jpg?fit=318%2C97&amp;ssl=1\" data-orig-size=\"318,97\" data-comments-opened=\"1\" data-image-meta=\"{&quot;aperture&quot;:&quot;0&quot;,&quot;credit&quot;:&quot;&quot;,&quot;camera&quot;:&quot;&quot;,&quot;caption&quot;:&quot;&quot;,&quot;created_timestamp&quot;:&quot;0&quot;,&quot;copyright&quot;:&quot;&quot;,&quot;focal_length&quot;:&quot;0&quot;,&quot;iso&quot;:&quot;0&quot;,&quot;shutter_speed&quot;:&quot;0&quot;,&quot;title&quot;:&quot;&quot;,&quot;orientation&quot;:&quot;1&quot;}\" data-image-title=\"BA-Egyp\" data-image-description=\"\" data-image-caption=\"\" data-large-file=\"https:\/\/i0.wp.com\/www.altimara.eu\/blog\/wp-content\/uploads\/2024\/01\/BA-Egyp.jpg?fit=318%2C97&amp;ssl=1\" src=\"https:\/\/i0.wp.com\/www.altimara.eu\/blog\/wp-content\/uploads\/2024\/01\/BA-Egyp.jpg?resize=318%2C97&#038;ssl=1\" alt=\"\" class=\"wp-image-4250\" srcset=\"https:\/\/i0.wp.com\/www.altimara.eu\/blog\/wp-content\/uploads\/2024\/01\/BA-Egyp.jpg?w=318&amp;ssl=1 318w, https:\/\/i0.wp.com\/www.altimara.eu\/blog\/wp-content\/uploads\/2024\/01\/BA-Egyp.jpg?resize=300%2C92&amp;ssl=1 300w\" sizes=\"auto, (max-width: 318px) 100vw, 318px\" \/><\/figure>\n","protected":false},"excerpt":{"rendered":"<p>Nous voil\u00e0 vers\u00e9s dans une nouvelle ann\u00e9e qui ne se pr\u00e9sente par trop bien et dans laquelle va falloir charbonner. Certains ont envoy\u00e9 leurs v\u0153ux avec des missiles, la suffisance des moins que rien. De ces inutiles m\u00e9chants \u00e0 qui j&rsquo;envoie mes v\u0153ux pour qui s&rsquo;\u00e9touffent dans leur haine de la vie. Aux victimes, aux [&hellip;]<\/p>\n","protected":false},"author":3,"featured_media":0,"comment_status":"open","ping_status":"open","sticky":false,"template":"","format":"standard","meta":{"ngg_post_thumbnail":0,"jetpack_post_was_ever_published":false,"_jetpack_newsletter_access":"","_jetpack_dont_email_post_to_subs":false,"_jetpack_newsletter_tier_id":0,"_jetpack_memberships_contains_paywalled_content":false,"_jetpack_memberships_contains_paid_content":false,"footnotes":"","jetpack_publicize_message":"","jetpack_publicize_feature_enabled":true,"jetpack_social_post_already_shared":true,"jetpack_social_options":{"image_generator_settings":{"template":"highway","default_image_id":0,"font":"","enabled":false},"version":2}},"categories":[86,72],"tags":[91],"class_list":["post-4247","post","type-post","status-publish","format-standard","hentry","category-charbon-vegetal","category-charbonnier-du-monde","tag-charbon-vegetal"],"jetpack_publicize_connections":[],"jetpack_featured_media_url":"","jetpack_shortlink":"https:\/\/wp.me\/p4r91c-16v","jetpack_sharing_enabled":true,"jetpack-related-posts":[{"id":3509,"url":"https:\/\/www.altimara.eu\/blog\/2020\/10\/31\/charbon-ecologique\/","url_meta":{"origin":4247,"position":0},"title":"Charbon \u00e9cologique","author":"Martiou","date":"31 octobre 2020","format":false,"excerpt":"Le charbon a mauvaise presse et c'est tout \u00e0 fait justifi\u00e9. L'utilisation des ressources fossiles provoque l'acc\u00e9l\u00e9ration du changement climatique et participe \u00e0 son d\u00e9r\u00e8glement. Le charbon est multiple. Il peut \u00eatre issu de terre, de bois, d'os, d'hydrocarbure, etc. Celui qui nous int\u00e9resse est d'origine v\u00e9g\u00e9tale et \u00e0 contrario\u2026","rel":"","context":"Dans &quot;Charbon v\u00e9g\u00e9tal&quot;","block_context":{"text":"Charbon v\u00e9g\u00e9tal","link":"https:\/\/www.altimara.eu\/blog\/category\/charbon-vegetal\/"},"img":{"alt_text":"","src":"https:\/\/i0.wp.com\/www.altimara.eu\/blog\/wp-content\/uploads\/2020\/10\/nuit1.jpg?resize=350%2C200&ssl=1","width":350,"height":200,"srcset":"https:\/\/i0.wp.com\/www.altimara.eu\/blog\/wp-content\/uploads\/2020\/10\/nuit1.jpg?resize=350%2C200&ssl=1 1x, https:\/\/i0.wp.com\/www.altimara.eu\/blog\/wp-content\/uploads\/2020\/10\/nuit1.jpg?resize=525%2C300&ssl=1 1.5x, https:\/\/i0.wp.com\/www.altimara.eu\/blog\/wp-content\/uploads\/2020\/10\/nuit1.jpg?resize=700%2C400&ssl=1 2x"},"classes":[]},{"id":3883,"url":"https:\/\/www.altimara.eu\/blog\/2022\/05\/27\/charbonnieres-chez-jean-1\/","url_meta":{"origin":4247,"position":1},"title":"Charbonni\u00e8res chez Jean-1","author":"Martiou","date":"27 mai 2022","format":false,"excerpt":"LES CHARBONNIERS, la meule. Nous nous sommes retrouv\u00e9s, charbonniers, forgerons, m\u00e9tallurgistes et autres artisans des savoir-faire ancestraux chez Jean, en Ard\u00e8che, comme chaque ann\u00e9e en mai. Il y avait la traditionnelle meule des forgerons et de Jean, une cuisson dans un four m\u00e9tallique et ma charbonni\u00e8re en fosse circulaire. J'\u00e9crirai\u2026","rel":"","context":"Dans &quot;Charbon de bois&quot;","block_context":{"text":"Charbon de bois","link":"https:\/\/www.altimara.eu\/blog\/category\/charbon-de-bois-carbon-art\/"},"img":{"alt_text":"","src":"https:\/\/i0.wp.com\/www.altimara.eu\/blog\/wp-content\/uploads\/2022\/05\/MAR8966.jpg?resize=350%2C200&ssl=1","width":350,"height":200,"srcset":"https:\/\/i0.wp.com\/www.altimara.eu\/blog\/wp-content\/uploads\/2022\/05\/MAR8966.jpg?resize=350%2C200&ssl=1 1x, https:\/\/i0.wp.com\/www.altimara.eu\/blog\/wp-content\/uploads\/2022\/05\/MAR8966.jpg?resize=525%2C300&ssl=1 1.5x, https:\/\/i0.wp.com\/www.altimara.eu\/blog\/wp-content\/uploads\/2022\/05\/MAR8966.jpg?resize=700%2C400&ssl=1 2x, https:\/\/i0.wp.com\/www.altimara.eu\/blog\/wp-content\/uploads\/2022\/05\/MAR8966.jpg?resize=1050%2C600&ssl=1 3x, https:\/\/i0.wp.com\/www.altimara.eu\/blog\/wp-content\/uploads\/2022\/05\/MAR8966.jpg?resize=1400%2C800&ssl=1 4x"},"classes":[]},{"id":2318,"url":"https:\/\/www.altimara.eu\/blog\/2017\/05\/08\/chez-jean-2\/","url_meta":{"origin":4247,"position":2},"title":"Chez Jean","author":"Martiou","date":"8 mai 2017","format":false,"excerpt":"Le bois est cuit, du bon charbon de bois, comme seule les cuissons en meule peuvent en donner avec l'art du charbonnier. Mon ami Jean chaudi\u00e8re a bien r\u00e9ussi sa carbonisation et sa f\u00eate des charbonniers. Nous avons \u00e9t\u00e9 nombreux a participer \u00e0 ce rassemblement. Les forgerons et m\u00e9tallurgistes ont\u2026","rel":"","context":"Dans &quot;Charbon de bois&quot;","block_context":{"text":"Charbon de bois","link":"https:\/\/www.altimara.eu\/blog\/category\/charbon-de-bois-carbon-art\/"},"img":{"alt_text":"","src":"https:\/\/i0.wp.com\/www.altimara.eu\/blog\/wp-content\/uploads\/2017\/05\/MAR2527.jpg?resize=350%2C200","width":350,"height":200,"srcset":"https:\/\/i0.wp.com\/www.altimara.eu\/blog\/wp-content\/uploads\/2017\/05\/MAR2527.jpg?resize=350%2C200 1x, https:\/\/i0.wp.com\/www.altimara.eu\/blog\/wp-content\/uploads\/2017\/05\/MAR2527.jpg?resize=525%2C300 1.5x"},"classes":[]},{"id":2822,"url":"https:\/\/www.altimara.eu\/blog\/2018\/09\/06\/festa-del-bosc-3\/","url_meta":{"origin":4247,"position":3},"title":"Festa del bosc","author":"Martiou","date":"6 septembre 2018","format":false,"excerpt":"Les 14, 15 et 16 septembre, il y aura la f\u00eate du bois \u00e0 Ferral-Les-Montagnes. J'y r\u00e9aliserai la cuisson d'une petite meule pour d\u00e9monstration. Ce sera aussi l'occasion de faire fonctionner le four \u00e0 charbon v\u00e9g\u00e9tal. Martine animera un atelier de fabrication de balais avec du gen\u00eat. Cette festa est\u2026","rel":"","context":"Dans &quot;Charbon de bois&quot;","block_context":{"text":"Charbon de bois","link":"https:\/\/www.altimara.eu\/blog\/category\/charbon-de-bois-carbon-art\/"},"img":{"alt_text":"","src":"https:\/\/i0.wp.com\/www.altimara.eu\/blog\/wp-content\/uploads\/2018\/09\/festa-del-bosc-2018-affiche-ok-all.jpg?resize=350%2C200","width":350,"height":200,"srcset":"https:\/\/i0.wp.com\/www.altimara.eu\/blog\/wp-content\/uploads\/2018\/09\/festa-del-bosc-2018-affiche-ok-all.jpg?resize=350%2C200 1x, https:\/\/i0.wp.com\/www.altimara.eu\/blog\/wp-content\/uploads\/2018\/09\/festa-del-bosc-2018-affiche-ok-all.jpg?resize=525%2C300 1.5x, https:\/\/i0.wp.com\/www.altimara.eu\/blog\/wp-content\/uploads\/2018\/09\/festa-del-bosc-2018-affiche-ok-all.jpg?resize=700%2C400 2x"},"classes":[]},{"id":2580,"url":"https:\/\/www.altimara.eu\/blog\/2017\/12\/20\/carbonarius\/","url_meta":{"origin":4247,"position":4},"title":"Carbonarius","author":"Martiou","date":"20 d\u00e9cembre 2017","format":false,"excerpt":"Si le village de Sainte-Croix-De-Quintillargues a pour origine le nom d'un gallo-romain qui \u00e9tait certainement Quintilius, l'origine antique est donc bien pr\u00e9sente. Quintilius n'est pas le seul a avoir laiss\u00e9 des traces, nous avons dans la surface de la commune de nombreux vestiges de charbonni\u00e8res et four \u00e0 chaux. Deux\u2026","rel":"","context":"Dans &quot;Autre&quot;","block_context":{"text":"Autre","link":"https:\/\/www.altimara.eu\/blog\/category\/autre\/"},"img":{"alt_text":"","src":"","width":0,"height":0},"classes":[]},{"id":3939,"url":"https:\/\/www.altimara.eu\/blog\/2022\/09\/28\/bibracte\/","url_meta":{"origin":4247,"position":5},"title":"Bibracte","author":"Martiou","date":"28 septembre 2022","format":false,"excerpt":"L'oppidum de Bibracte, village perch\u00e9 de l'\u00e9poque gauloise, est aujourd'hui le plus vaste chantier de fouille de France et peut-\u00eatre d'Europe. 200 hectares, dans lesquels se r\u00e9partit une ancienne ville, avec diff\u00e9rents quartiers. Les fouilles prospectent dans plusieurs emplacements. Le reste de la colline est recouvert essentiellement d'une grande for\u00eat\u2026","rel":"","context":"Dans &quot;Charbon de bois&quot;","block_context":{"text":"Charbon de bois","link":"https:\/\/www.altimara.eu\/blog\/category\/charbon-de-bois-carbon-art\/"},"img":{"alt_text":"","src":"https:\/\/i0.wp.com\/www.altimara.eu\/blog\/wp-content\/uploads\/2022\/08\/IMG_20220801_122343-copie.jpg?resize=350%2C200&ssl=1","width":350,"height":200},"classes":[]}],"_links":{"self":[{"href":"https:\/\/www.altimara.eu\/blog\/wp-json\/wp\/v2\/posts\/4247","targetHints":{"allow":["GET"]}}],"collection":[{"href":"https:\/\/www.altimara.eu\/blog\/wp-json\/wp\/v2\/posts"}],"about":[{"href":"https:\/\/www.altimara.eu\/blog\/wp-json\/wp\/v2\/types\/post"}],"author":[{"embeddable":true,"href":"https:\/\/www.altimara.eu\/blog\/wp-json\/wp\/v2\/users\/3"}],"replies":[{"embeddable":true,"href":"https:\/\/www.altimara.eu\/blog\/wp-json\/wp\/v2\/comments?post=4247"}],"version-history":[{"count":0,"href":"https:\/\/www.altimara.eu\/blog\/wp-json\/wp\/v2\/posts\/4247\/revisions"}],"wp:attachment":[{"href":"https:\/\/www.altimara.eu\/blog\/wp-json\/wp\/v2\/media?parent=4247"}],"wp:term":[{"taxonomy":"category","embeddable":true,"href":"https:\/\/www.altimara.eu\/blog\/wp-json\/wp\/v2\/categories?post=4247"},{"taxonomy":"post_tag","embeddable":true,"href":"https:\/\/www.altimara.eu\/blog\/wp-json\/wp\/v2\/tags?post=4247"}],"curies":[{"name":"wp","href":"https:\/\/api.w.org\/{rel}","templated":true}]}}