{"id":4223,"date":"2023-11-17T13:29:01","date_gmt":"2023-11-17T12:29:01","guid":{"rendered":"https:\/\/www.altimara.eu\/blog\/?p=4223"},"modified":"2024-01-04T19:36:00","modified_gmt":"2024-01-04T18:36:00","slug":"montagne-meule","status":"publish","type":"post","link":"https:\/\/www.altimara.eu\/blog\/2023\/11\/17\/montagne-meule\/","title":{"rendered":"Montagne meule"},"content":{"rendered":"\n<p>Si j&rsquo;\u00e9prouve des int\u00e9r\u00eats pour le volcanisme islandais, qui \u00e0 ce jour du 16 novembre 2023, est en pleine activit\u00e9, c&rsquo;est lors d&rsquo;une promenade en Auvergne que j&rsquo;ai rencontr\u00e9 un volcan ami.<\/p>\n\n\n\n<p>J&rsquo;ai \u00e9t\u00e9 saisi par la ressemblance forte de la structure des orgues basaltiques avec nos meules de charbonni\u00e8res.<\/p>\n\n\n\n<p>Rappel de la construction d&rsquo;une meule de bois en pr\u00e9vision de la carbonisation. Un pilier central sur le quel nous appuyons des buches de bois en cercle tout autour de l&rsquo;axe du poteau. Une premi\u00e8re rang\u00e9e \u00e0 m\u00eame le sol puis un deuxi\u00e8me \u00e9tage avec la m\u00eame ordonnance et si besoin un troisi\u00e8me et ainsi de suite jusqu&rsquo;\u00e0 l&rsquo;\u00e9puisement du stock de bois. Les b\u00fbches, que nous appelons \u00ab\u00a0grand homme\u00a0\u00bb, sont l\u00e9g\u00e8rement pench\u00e9es vers le centre. La forme est caract\u00e9ristique et bien connue.<\/p>\n\n\n<div class=\"wp-block-image\">\n<figure class=\"aligncenter size-large\"><img data-recalc-dims=\"1\" loading=\"lazy\" decoding=\"async\" width=\"627\" height=\"424\" data-attachment-id=\"4239\" data-permalink=\"https:\/\/www.altimara.eu\/blog\/2023\/11\/17\/montagne-meule\/1-4\/\" data-orig-file=\"https:\/\/i0.wp.com\/www.altimara.eu\/blog\/wp-content\/uploads\/2024\/01\/1.png?fit=1056%2C714&amp;ssl=1\" data-orig-size=\"1056,714\" data-comments-opened=\"1\" data-image-meta=\"{&quot;aperture&quot;:&quot;0&quot;,&quot;credit&quot;:&quot;&quot;,&quot;camera&quot;:&quot;&quot;,&quot;caption&quot;:&quot;&quot;,&quot;created_timestamp&quot;:&quot;0&quot;,&quot;copyright&quot;:&quot;&quot;,&quot;focal_length&quot;:&quot;0&quot;,&quot;iso&quot;:&quot;0&quot;,&quot;shutter_speed&quot;:&quot;0&quot;,&quot;title&quot;:&quot;&quot;,&quot;orientation&quot;:&quot;0&quot;}\" data-image-title=\"1\" data-image-description=\"\" data-image-caption=\"\" data-large-file=\"https:\/\/i0.wp.com\/www.altimara.eu\/blog\/wp-content\/uploads\/2024\/01\/1.png?fit=627%2C424&amp;ssl=1\" src=\"https:\/\/i0.wp.com\/www.altimara.eu\/blog\/wp-content\/uploads\/2024\/01\/1.png?resize=627%2C424&#038;ssl=1\" alt=\"\" class=\"wp-image-4239\" srcset=\"https:\/\/i0.wp.com\/www.altimara.eu\/blog\/wp-content\/uploads\/2024\/01\/1.png?resize=1024%2C692&amp;ssl=1 1024w, https:\/\/i0.wp.com\/www.altimara.eu\/blog\/wp-content\/uploads\/2024\/01\/1.png?resize=300%2C203&amp;ssl=1 300w, https:\/\/i0.wp.com\/www.altimara.eu\/blog\/wp-content\/uploads\/2024\/01\/1.png?resize=768%2C519&amp;ssl=1 768w, https:\/\/i0.wp.com\/www.altimara.eu\/blog\/wp-content\/uploads\/2024\/01\/1.png?w=1056&amp;ssl=1 1056w\" sizes=\"auto, (max-width: 627px) 100vw, 627px\" \/><figcaption class=\"wp-element-caption\">Meule de 15 st\u00e8res<\/figcaption><\/figure>\n<\/div>\n\n\n<p>Et Dame Nature nous montre encore une fois qu&rsquo;elle a tout invent\u00e9. Une chemin\u00e9e centrale, un refroidissement lent du magma, du basalte qui se fige en prisme, les orgues basaltiques s&rsquo;assemblent bien ordonn\u00e9es.<\/p>\n\n\n<div class=\"wp-block-image\">\n<figure class=\"aligncenter size-full\"><img data-recalc-dims=\"1\" loading=\"lazy\" decoding=\"async\" width=\"627\" height=\"617\" data-attachment-id=\"4240\" data-permalink=\"https:\/\/www.altimara.eu\/blog\/2023\/11\/17\/montagne-meule\/2-3\/\" data-orig-file=\"https:\/\/i0.wp.com\/www.altimara.eu\/blog\/wp-content\/uploads\/2024\/01\/2.png?fit=980%2C964&amp;ssl=1\" data-orig-size=\"980,964\" data-comments-opened=\"1\" data-image-meta=\"{&quot;aperture&quot;:&quot;0&quot;,&quot;credit&quot;:&quot;&quot;,&quot;camera&quot;:&quot;&quot;,&quot;caption&quot;:&quot;&quot;,&quot;created_timestamp&quot;:&quot;0&quot;,&quot;copyright&quot;:&quot;&quot;,&quot;focal_length&quot;:&quot;0&quot;,&quot;iso&quot;:&quot;0&quot;,&quot;shutter_speed&quot;:&quot;0&quot;,&quot;title&quot;:&quot;&quot;,&quot;orientation&quot;:&quot;0&quot;}\" data-image-title=\"2\" data-image-description=\"\" data-image-caption=\"\" data-large-file=\"https:\/\/i0.wp.com\/www.altimara.eu\/blog\/wp-content\/uploads\/2024\/01\/2.png?fit=627%2C617&amp;ssl=1\" src=\"https:\/\/i0.wp.com\/www.altimara.eu\/blog\/wp-content\/uploads\/2024\/01\/2.png?resize=627%2C617&#038;ssl=1\" alt=\"\" class=\"wp-image-4240\" srcset=\"https:\/\/i0.wp.com\/www.altimara.eu\/blog\/wp-content\/uploads\/2024\/01\/2.png?w=980&amp;ssl=1 980w, https:\/\/i0.wp.com\/www.altimara.eu\/blog\/wp-content\/uploads\/2024\/01\/2.png?resize=300%2C295&amp;ssl=1 300w, https:\/\/i0.wp.com\/www.altimara.eu\/blog\/wp-content\/uploads\/2024\/01\/2.png?resize=768%2C755&amp;ssl=1 768w\" sizes=\"auto, (max-width: 627px) 100vw, 627px\" \/><figcaption class=\"wp-element-caption\">Volcan d&rsquo;Usson, village de la reine Margot.<\/figcaption><\/figure>\n<\/div>\n\n\n<p>Il est des sites o\u00f9 la structure est plus complexe. Les orgues basaltiques ne se forment qu&rsquo;en souterrain, dans la partie cach\u00e9e sous terre d&rsquo;une \u00e9ruption. En effet pour prendre la forme de tuyaux g\u00e9n\u00e9ralement octogonaux, les cristaux et leur agglom\u00e9ration ont besoin d&rsquo;un refroidissement lent. Le temps passant, l&rsquo;\u00e9rosion ou un mouvement du sol va d\u00e9couvrir ces agencements naturels.<\/p>\n\n\n<div class=\"wp-block-image\">\n<figure class=\"aligncenter size-full\"><img data-recalc-dims=\"1\" loading=\"lazy\" decoding=\"async\" width=\"471\" height=\"709\" data-attachment-id=\"4242\" data-permalink=\"https:\/\/www.altimara.eu\/blog\/2023\/11\/17\/montagne-meule\/3-2\/\" data-orig-file=\"https:\/\/i0.wp.com\/www.altimara.eu\/blog\/wp-content\/uploads\/2024\/01\/3.png?fit=471%2C709&amp;ssl=1\" data-orig-size=\"471,709\" data-comments-opened=\"1\" data-image-meta=\"{&quot;aperture&quot;:&quot;0&quot;,&quot;credit&quot;:&quot;&quot;,&quot;camera&quot;:&quot;&quot;,&quot;caption&quot;:&quot;&quot;,&quot;created_timestamp&quot;:&quot;0&quot;,&quot;copyright&quot;:&quot;&quot;,&quot;focal_length&quot;:&quot;0&quot;,&quot;iso&quot;:&quot;0&quot;,&quot;shutter_speed&quot;:&quot;0&quot;,&quot;title&quot;:&quot;&quot;,&quot;orientation&quot;:&quot;0&quot;}\" data-image-title=\"3\" data-image-description=\"\" data-image-caption=\"\" data-large-file=\"https:\/\/i0.wp.com\/www.altimara.eu\/blog\/wp-content\/uploads\/2024\/01\/3.png?fit=471%2C709&amp;ssl=1\" src=\"https:\/\/i0.wp.com\/www.altimara.eu\/blog\/wp-content\/uploads\/2024\/01\/3.png?resize=471%2C709&#038;ssl=1\" alt=\"\" class=\"wp-image-4242\" srcset=\"https:\/\/i0.wp.com\/www.altimara.eu\/blog\/wp-content\/uploads\/2024\/01\/3.png?w=471&amp;ssl=1 471w, https:\/\/i0.wp.com\/www.altimara.eu\/blog\/wp-content\/uploads\/2024\/01\/3.png?resize=199%2C300&amp;ssl=1 199w\" sizes=\"auto, (max-width: 471px) 100vw, 471px\" \/><figcaption class=\"wp-element-caption\">Hljo\u00f0aklettar, Islande.<\/figcaption><\/figure>\n<\/div>\n\n<div class=\"wp-block-image\">\n<figure class=\"aligncenter size-full\"><img data-recalc-dims=\"1\" loading=\"lazy\" decoding=\"async\" width=\"627\" height=\"422\" data-attachment-id=\"4243\" data-permalink=\"https:\/\/www.altimara.eu\/blog\/2023\/11\/17\/montagne-meule\/attachment\/4\/\" data-orig-file=\"https:\/\/i0.wp.com\/www.altimara.eu\/blog\/wp-content\/uploads\/2024\/01\/4.png?fit=709%2C477&amp;ssl=1\" data-orig-size=\"709,477\" data-comments-opened=\"1\" data-image-meta=\"{&quot;aperture&quot;:&quot;0&quot;,&quot;credit&quot;:&quot;&quot;,&quot;camera&quot;:&quot;&quot;,&quot;caption&quot;:&quot;&quot;,&quot;created_timestamp&quot;:&quot;0&quot;,&quot;copyright&quot;:&quot;&quot;,&quot;focal_length&quot;:&quot;0&quot;,&quot;iso&quot;:&quot;0&quot;,&quot;shutter_speed&quot;:&quot;0&quot;,&quot;title&quot;:&quot;&quot;,&quot;orientation&quot;:&quot;0&quot;}\" data-image-title=\"4\" data-image-description=\"\" data-image-caption=\"\" data-large-file=\"https:\/\/i0.wp.com\/www.altimara.eu\/blog\/wp-content\/uploads\/2024\/01\/4.png?fit=627%2C422&amp;ssl=1\" src=\"https:\/\/i0.wp.com\/www.altimara.eu\/blog\/wp-content\/uploads\/2024\/01\/4.png?resize=627%2C422&#038;ssl=1\" alt=\"\" class=\"wp-image-4243\" srcset=\"https:\/\/i0.wp.com\/www.altimara.eu\/blog\/wp-content\/uploads\/2024\/01\/4.png?w=709&amp;ssl=1 709w, https:\/\/i0.wp.com\/www.altimara.eu\/blog\/wp-content\/uploads\/2024\/01\/4.png?resize=300%2C202&amp;ssl=1 300w\" sizes=\"auto, (max-width: 627px) 100vw, 627px\" \/><figcaption class=\"wp-element-caption\">Aldeyjarfoss, Islande<\/figcaption><\/figure>\n<\/div>\n\n\n<p>L\u00e0 s&rsquo;arr\u00eate la comparaison, si le basalte est de teinte sombre, ce n&rsquo;est pas du charbon.<\/p>\n","protected":false},"excerpt":{"rendered":"<p>Si j&rsquo;\u00e9prouve des int\u00e9r\u00eats pour le volcanisme islandais, qui \u00e0 ce jour du 16 novembre 2023, est en pleine activit\u00e9, c&rsquo;est lors d&rsquo;une promenade en Auvergne que j&rsquo;ai rencontr\u00e9 un volcan ami. J&rsquo;ai \u00e9t\u00e9 saisi par la ressemblance forte de la structure des orgues basaltiques avec nos meules de charbonni\u00e8res. Rappel de la construction d&rsquo;une [&hellip;]<\/p>\n","protected":false},"author":3,"featured_media":0,"comment_status":"open","ping_status":"open","sticky":false,"template":"","format":"standard","meta":{"ngg_post_thumbnail":0,"jetpack_post_was_ever_published":false,"_jetpack_newsletter_access":"","_jetpack_dont_email_post_to_subs":false,"_jetpack_newsletter_tier_id":0,"_jetpack_memberships_contains_paywalled_content":false,"_jetpack_memberships_contains_paid_content":false,"footnotes":"","jetpack_publicize_message":"","jetpack_publicize_feature_enabled":true,"jetpack_social_post_already_shared":true,"jetpack_social_options":{"image_generator_settings":{"template":"highway","default_image_id":0,"font":"","enabled":false},"version":2}},"categories":[1,197],"tags":[12,33],"class_list":["post-4223","post","type-post","status-publish","format-standard","hentry","category-non-classe","category-volcan","tag-charbonniere","tag-islande"],"jetpack_publicize_connections":[],"jetpack_featured_media_url":"","jetpack_shortlink":"https:\/\/wp.me\/p4r91c-167","jetpack_sharing_enabled":true,"jetpack-related-posts":[{"id":4659,"url":"https:\/\/www.altimara.eu\/blog\/2025\/09\/28\/cambous-suite-1\/","url_meta":{"origin":4223,"position":0},"title":"Cambous suite 1","author":"Martiou","date":"28 septembre 2025","format":false,"excerpt":"Montage de la meule, le tas de bois avec sa couverture de terre. Les Padawans toujours aussi efficaces dans le plant\u00e9 du baton. La disposition en rond a \u00e9t\u00e9 parfaite pour la manipulation des buches. Le r\u00e9sultat parle de lui m\u00eame. Il y a un ma\u00eetre charbonnier qui traine sur\u2026","rel":"","context":"Dans &quot;0- MES CHARBONNI\u00c8RES&quot;","block_context":{"text":"0- MES CHARBONNI\u00c8RES","link":"https:\/\/www.altimara.eu\/blog\/category\/mes-charbonnieres\/"},"img":{"alt_text":"","src":"https:\/\/i0.wp.com\/www.altimara.eu\/blog\/wp-content\/uploads\/2025\/09\/P1070054.jpg?resize=350%2C200&ssl=1","width":350,"height":200,"srcset":"https:\/\/i0.wp.com\/www.altimara.eu\/blog\/wp-content\/uploads\/2025\/09\/P1070054.jpg?resize=350%2C200&ssl=1 1x, https:\/\/i0.wp.com\/www.altimara.eu\/blog\/wp-content\/uploads\/2025\/09\/P1070054.jpg?resize=525%2C300&ssl=1 1.5x, https:\/\/i0.wp.com\/www.altimara.eu\/blog\/wp-content\/uploads\/2025\/09\/P1070054.jpg?resize=700%2C400&ssl=1 2x, https:\/\/i0.wp.com\/www.altimara.eu\/blog\/wp-content\/uploads\/2025\/09\/P1070054.jpg?resize=1050%2C600&ssl=1 3x"},"classes":[]},{"id":2721,"url":"https:\/\/www.altimara.eu\/blog\/2018\/03\/20\/blanchette-et-son-charbon\/","url_meta":{"origin":4223,"position":1},"title":"Blanchette et son charbon","author":"Martiou","date":"20 mars 2018","format":false,"excerpt":"Ouverture de la meule, d\u00e9cavage, il y avait encore des braises. Quelques \"mouches\" ou imbrul\u00e9s, tr\u00e8s peu, juste du cot\u00e9 nord. Par contre dans tout le reste le charbon est complet m\u00eame au contact du sol. La difficult\u00e9 avec une petite meule est le manque de puissance calorique. De plus\u2026","rel":"","context":"Dans &quot;0- MES CHARBONNI\u00c8RES&quot;","block_context":{"text":"0- MES CHARBONNI\u00c8RES","link":"https:\/\/www.altimara.eu\/blog\/category\/mes-charbonnieres\/"},"img":{"alt_text":"","src":"https:\/\/i0.wp.com\/www.altimara.eu\/blog\/wp-content\/uploads\/2018\/03\/MAR6446.jpg?resize=350%2C200&ssl=1","width":350,"height":200,"srcset":"https:\/\/i0.wp.com\/www.altimara.eu\/blog\/wp-content\/uploads\/2018\/03\/MAR6446.jpg?resize=350%2C200&ssl=1 1x, https:\/\/i0.wp.com\/www.altimara.eu\/blog\/wp-content\/uploads\/2018\/03\/MAR6446.jpg?resize=525%2C300&ssl=1 1.5x, https:\/\/i0.wp.com\/www.altimara.eu\/blog\/wp-content\/uploads\/2018\/03\/MAR6446.jpg?resize=700%2C400&ssl=1 2x"},"classes":[]},{"id":2006,"url":"https:\/\/www.altimara.eu\/blog\/2016\/09\/21\/festa-del-bosc-2\/","url_meta":{"origin":4223,"position":2},"title":"Festa Del Bosc","author":"Martiou","date":"21 septembre 2016","format":false,"excerpt":"Une manifestation fort sympathique dans les bois de la montagne noire. C'est dans une scierie, celle d'Arno, que la f\u00eate a eu lieu. Une pluie diluvienne avait d\u00e9tremp\u00e9e la terre argileuse et heureusement tous les artisans avait un bon abris dans le hangar. Sauf moi, charbonni\u00e8re oblige. faire du feu\u2026","rel":"","context":"Dans &quot;Charbon de bois&quot;","block_context":{"text":"Charbon de bois","link":"https:\/\/www.altimara.eu\/blog\/category\/charbon-de-bois-carbon-art\/"},"img":{"alt_text":"_mar1409","src":"https:\/\/i0.wp.com\/www.altimara.eu\/blog\/wp-content\/uploads\/2016\/09\/MAR1409.jpg?resize=350%2C200","width":350,"height":200,"srcset":"https:\/\/i0.wp.com\/www.altimara.eu\/blog\/wp-content\/uploads\/2016\/09\/MAR1409.jpg?resize=350%2C200 1x, https:\/\/i0.wp.com\/www.altimara.eu\/blog\/wp-content\/uploads\/2016\/09\/MAR1409.jpg?resize=525%2C300 1.5x, https:\/\/i0.wp.com\/www.altimara.eu\/blog\/wp-content\/uploads\/2016\/09\/MAR1409.jpg?resize=700%2C400 2x"},"classes":[]},{"id":2828,"url":"https:\/\/www.altimara.eu\/blog\/2018\/09\/18\/festa-del-bosc-ii\/","url_meta":{"origin":4223,"position":3},"title":"Festa del Bosc II","author":"Martiou","date":"18 septembre 2018","format":false,"excerpt":"Toujours aussi sympathique cette manifestation dans la scierie de Campredon (Commune de Ferrals-les-Montagnes). Nous nous sommes retrouv\u00e9s entre passionn\u00e9s du bois et de son utilisation. Puis le public a d\u00e9fil\u00e9 pendant ces deux jours. J'ai r\u00e9alis\u00e9 une cuisson de meule charbonni\u00e8re avec une premi\u00e8re pour moi, la carbonisation de cypr\u00e8s...\u2026","rel":"","context":"Dans &quot;0- MES CHARBONNI\u00c8RES&quot;","block_context":{"text":"0- MES CHARBONNI\u00c8RES","link":"https:\/\/www.altimara.eu\/blog\/category\/mes-charbonnieres\/"},"img":{"alt_text":"","src":"https:\/\/i0.wp.com\/www.altimara.eu\/blog\/wp-content\/uploads\/2018\/09\/MAR8566.jpg?resize=350%2C200","width":350,"height":200,"srcset":"https:\/\/i0.wp.com\/www.altimara.eu\/blog\/wp-content\/uploads\/2018\/09\/MAR8566.jpg?resize=350%2C200 1x, https:\/\/i0.wp.com\/www.altimara.eu\/blog\/wp-content\/uploads\/2018\/09\/MAR8566.jpg?resize=525%2C300 1.5x, https:\/\/i0.wp.com\/www.altimara.eu\/blog\/wp-content\/uploads\/2018\/09\/MAR8566.jpg?resize=700%2C400 2x"},"classes":[]},{"id":801,"url":"https:\/\/www.altimara.eu\/blog\/2014\/03\/29\/festival-des-charbonnieres-7\/","url_meta":{"origin":4223,"position":4},"title":"Festival des charbonni\u00e8res","author":"Martiou","date":"29 mars 2014","format":false,"excerpt":"Allez c'est la grande ligne droite avant le festival des charbonni\u00e8res. Aujourd'hui nous \u00e9tions 10 \u00e0 ratisser, piocher, tailler et couper les diff\u00e9rents sentiers de l'\u00e9cosite. Reprise des plateformes aussi, l\u00e0 o\u00f9 les ateliers vont se d\u00e9rouler, une quinzaine. Du gros boulot par une \u00e9quipe en pleine forme, un peu\u2026","rel":"","context":"Dans &quot;1 Festival charbonni\u00e8res LO GAROU&quot;","block_context":{"text":"1 Festival charbonni\u00e8res LO GAROU","link":"https:\/\/www.altimara.eu\/blog\/category\/1-festival-charbonnieres-lo-garou\/"},"img":{"alt_text":"titre-noir","src":"https:\/\/i0.wp.com\/www.altimara.eu\/blog\/wp-content\/uploads\/2014\/02\/titre-noir2.jpg?resize=350%2C200","width":350,"height":200},"classes":[]},{"id":2673,"url":"https:\/\/www.altimara.eu\/blog\/2018\/03\/06\/blanchette-fait-la-meule\/","url_meta":{"origin":4223,"position":5},"title":"Blanchette fait la meule","author":"Martiou","date":"6 mars 2018","format":false,"excerpt":"Elle est pr\u00eate au d\u00e9collage...jeudi Le meule est le nom du tas de bois recouvert de terre. Meule de bois comme meule de foin, cqfd. C'est souvent ce qu'on appelle la charbonni\u00e8re. Dans d'autres r\u00e9gions le mot fourneau est aussi utilis\u00e9. Cette meule a un volume de 3 st\u00e8res. C'est\u2026","rel":"","context":"Dans &quot;Charbon de bois&quot;","block_context":{"text":"Charbon de bois","link":"https:\/\/www.altimara.eu\/blog\/category\/charbon-de-bois-carbon-art\/"},"img":{"alt_text":"","src":"https:\/\/i0.wp.com\/www.altimara.eu\/blog\/wp-content\/uploads\/2018\/03\/MAR5552.jpg?resize=350%2C200","width":350,"height":200,"srcset":"https:\/\/i0.wp.com\/www.altimara.eu\/blog\/wp-content\/uploads\/2018\/03\/MAR5552.jpg?resize=350%2C200 1x, https:\/\/i0.wp.com\/www.altimara.eu\/blog\/wp-content\/uploads\/2018\/03\/MAR5552.jpg?resize=525%2C300 1.5x, https:\/\/i0.wp.com\/www.altimara.eu\/blog\/wp-content\/uploads\/2018\/03\/MAR5552.jpg?resize=700%2C400 2x"},"classes":[]}],"_links":{"self":[{"href":"https:\/\/www.altimara.eu\/blog\/wp-json\/wp\/v2\/posts\/4223","targetHints":{"allow":["GET"]}}],"collection":[{"href":"https:\/\/www.altimara.eu\/blog\/wp-json\/wp\/v2\/posts"}],"about":[{"href":"https:\/\/www.altimara.eu\/blog\/wp-json\/wp\/v2\/types\/post"}],"author":[{"embeddable":true,"href":"https:\/\/www.altimara.eu\/blog\/wp-json\/wp\/v2\/users\/3"}],"replies":[{"embeddable":true,"href":"https:\/\/www.altimara.eu\/blog\/wp-json\/wp\/v2\/comments?post=4223"}],"version-history":[{"count":0,"href":"https:\/\/www.altimara.eu\/blog\/wp-json\/wp\/v2\/posts\/4223\/revisions"}],"wp:attachment":[{"href":"https:\/\/www.altimara.eu\/blog\/wp-json\/wp\/v2\/media?parent=4223"}],"wp:term":[{"taxonomy":"category","embeddable":true,"href":"https:\/\/www.altimara.eu\/blog\/wp-json\/wp\/v2\/categories?post=4223"},{"taxonomy":"post_tag","embeddable":true,"href":"https:\/\/www.altimara.eu\/blog\/wp-json\/wp\/v2\/tags?post=4223"}],"curies":[{"name":"wp","href":"https:\/\/api.w.org\/{rel}","templated":true}]}}