{"id":42,"date":"2013-12-18T10:04:31","date_gmt":"2013-12-18T10:04:31","guid":{"rendered":"http:\/\/altimara.wordpress.com\/?p=42"},"modified":"2013-12-18T10:04:31","modified_gmt":"2013-12-18T10:04:31","slug":"carbonisations-boreales","status":"publish","type":"post","link":"https:\/\/www.altimara.eu\/blog\/2013\/12\/18\/carbonisations-boreales\/","title":{"rendered":"Carbonisations bor\u00e9ales"},"content":{"rendered":"<p><a href=\"https:\/\/i0.wp.com\/www.altimara.eu\/blog\/wp-content\/uploads\/2013\/12\/mac1433.jpg\"><img data-recalc-dims=\"1\" loading=\"lazy\" decoding=\"async\" data-attachment-id=\"19\" data-permalink=\"https:\/\/www.altimara.eu\/blog\/_mac1433\/\" data-orig-file=\"https:\/\/i0.wp.com\/www.altimara.eu\/blog\/wp-content\/uploads\/2013\/12\/mac1433.jpg?fit=1024%2C681&amp;ssl=1\" data-orig-size=\"1024,681\" data-comments-opened=\"1\" data-image-meta=\"{&quot;aperture&quot;:&quot;-0.03&quot;,&quot;credit&quot;:&quot;&quot;,&quot;camera&quot;:&quot;\\u0001&quot;,&quot;caption&quot;:&quot;&quot;,&quot;created_timestamp&quot;:&quot;1301675922&quot;,&quot;copyright&quot;:&quot;Ver.1.02&quot;,&quot;focal_length&quot;:&quot;-2826.77471827&quot;,&quot;iso&quot;:&quot;400&quot;,&quot;shutter_speed&quot;:&quot;-5875.38793587&quot;,&quot;title&quot;:&quot;&quot;}\" data-image-title=\"_MAC1433\" data-image-description=\"\" data-image-caption=\"&lt;p&gt;Les couleurs de la fum\u00e9e&lt;\/p&gt;\n\" data-large-file=\"https:\/\/i0.wp.com\/www.altimara.eu\/blog\/wp-content\/uploads\/2013\/12\/mac1433.jpg?fit=627%2C417&amp;ssl=1\" class=\"alignnone  wp-image-19\" alt=\"_MAC1433\" src=\"https:\/\/i0.wp.com\/www.altimara.eu\/blog\/wp-content\/uploads\/2013\/12\/mac1433.jpg?resize=627%2C416\" width=\"627\" height=\"416\" srcset=\"https:\/\/i0.wp.com\/www.altimara.eu\/blog\/wp-content\/uploads\/2013\/12\/mac1433.jpg?w=1024&amp;ssl=1 1024w, https:\/\/i0.wp.com\/www.altimara.eu\/blog\/wp-content\/uploads\/2013\/12\/mac1433.jpg?resize=300%2C199&amp;ssl=1 300w\" sizes=\"auto, (max-width: 627px) 100vw, 627px\" \/><\/a><\/p>\n<p>Carboniser dans un pays sans arbres (ou presque), dans la neige et sous les aurores bor\u00e9ales, me voil\u00e0 parti dans un r\u00eave lointain.<\/p>\n<p>Demain j&rsquo;arrive tout au bout de la presqu&rsquo;\u00eele de Reykjanes pour participer avec 50 artistes au festival \u00ab\u00a0Fresh-winds in Gar\u00f0ur\u00a0\u00bb.<\/p>\n<p>Je vais r\u00e9aliser plusieurs cuissons de charbonni\u00e8res et carboniser des oeuvres d&rsquo;art&#8230;<\/p>\n<p>C&rsquo;est parti!<\/p>\n","protected":false},"excerpt":{"rendered":"<p>Carboniser dans un pays sans arbres (ou presque), dans la neige et sous les aurores bor\u00e9ales, me voil\u00e0 parti dans un r\u00eave lointain. Demain j&rsquo;arrive tout au bout de la presqu&rsquo;\u00eele de Reykjanes pour participer avec 50 artistes au festival \u00ab\u00a0Fresh-winds in Gar\u00f0ur\u00a0\u00bb. Je vais r\u00e9aliser plusieurs cuissons de charbonni\u00e8res et carboniser des oeuvres d&rsquo;art&#8230; [&hellip;]<\/p>\n","protected":false},"author":3,"featured_media":0,"comment_status":"open","ping_status":"open","sticky":false,"template":"","format":"standard","meta":{"ngg_post_thumbnail":0,"jetpack_post_was_ever_published":false,"_jetpack_newsletter_access":"","_jetpack_dont_email_post_to_subs":false,"_jetpack_newsletter_tier_id":0,"_jetpack_memberships_contains_paywalled_content":false,"_jetpack_memberships_contains_paid_content":false,"footnotes":"","jetpack_publicize_message":"","jetpack_publicize_feature_enabled":true,"jetpack_social_post_already_shared":false,"jetpack_social_options":{"image_generator_settings":{"template":"highway","default_image_id":0,"font":"","enabled":false},"version":2}},"categories":[6,4],"tags":[9,16,17,21,25],"class_list":["post-42","post","type-post","status-publish","format-standard","hentry","category-charbon-de-bois-carbon-art","category-3-islande-fresh-winds","tag-arts-and-entertainment","tag-france","tag-gardur","tag-kolagerd","tag-reykjanes"],"jetpack_publicize_connections":[],"jetpack_featured_media_url":"","jetpack_shortlink":"https:\/\/wp.me\/p4r91c-G","jetpack_sharing_enabled":true,"jetpack-related-posts":[{"id":192,"url":"https:\/\/www.altimara.eu\/blog\/2013\/12\/27\/me-voila-arrive\/","url_meta":{"origin":42,"position":0},"title":"Me voil\u00e0 arriv\u00e9 \u00e0 Gar\u00f0ur","author":"Martiou","date":"27 d\u00e9cembre 2013","format":"image","excerpt":"Un vent a d\u00e9corner les vikings avec des illuminations tr\u00e8s typ\u00e9es et un arbre au milieu de nulle part, vais je le carboniser !!! avec la maison du gnome la preuve par ses v\u00eatements et il n'est que 16:30","rel":"","context":"Dans &quot;FRESH WINDS art&quot;","block_context":{"text":"FRESH WINDS art","link":"https:\/\/www.altimara.eu\/blog\/category\/charbon-de-bois-islande\/3-islande-fresh-winds\/"},"img":{"alt_text":"_MAC5263","src":"https:\/\/i0.wp.com\/www.altimara.eu\/blog\/wp-content\/uploads\/2013\/12\/mac5263.jpg?resize=350%2C200","width":350,"height":200,"srcset":"https:\/\/i0.wp.com\/www.altimara.eu\/blog\/wp-content\/uploads\/2013\/12\/mac5263.jpg?resize=350%2C200 1x, https:\/\/i0.wp.com\/www.altimara.eu\/blog\/wp-content\/uploads\/2013\/12\/mac5263.jpg?resize=525%2C300 1.5x"},"classes":[]},{"id":105,"url":"https:\/\/www.altimara.eu\/blog\/2013\/12\/18\/fresh-winds-in-gardur\/","url_meta":{"origin":42,"position":1},"title":"Fresh-winds in Gar\u00f0ur","author":"Martiou","date":"18 d\u00e9cembre 2013","format":false,"excerpt":"La biennale Fresh-winds se d\u00e9roule en Islande du 21 d\u00e9cembre 2013 au 31 janvier 2014. Nous serons une cinquantaine d'artistes, plasticiens ou cr\u00e9atifs \u00e0 oeuvrer sur place. L'organisation met \u00e0 disposition un grand atelier. Les oeuvres seront expos\u00e9es en plein air principalement. Il y aura aussi des musiciens et chanteurs.\u2026","rel":"","context":"Dans &quot;FRESH WINDS art&quot;","block_context":{"text":"FRESH WINDS art","link":"https:\/\/www.altimara.eu\/blog\/category\/charbon-de-bois-islande\/3-islande-fresh-winds\/"},"img":{"alt_text":"993823_602365756477274_1292948919_n","src":"https:\/\/i0.wp.com\/www.altimara.eu\/blog\/wp-content\/uploads\/2013\/12\/993823_602365756477274_1292948919_n.png?resize=350%2C200","width":350,"height":200},"classes":[]},{"id":590,"url":"https:\/\/www.altimara.eu\/blog\/2014\/02\/11\/concert-de-tomoo\/","url_meta":{"origin":42,"position":2},"title":"Concert de Tomoo","author":"Martiou","date":"11 f\u00e9vrier 2014","format":false,"excerpt":"Belles retrouvailles avec des \"anciens\" de Fresh winds. Nous avons assist\u00e9 au concert de Tomoo \u00e0 Rodez. Il \u00e9tait accompagn\u00e9 par Samantha. Deux artistes que j'ai connu lors de la r\u00e9sidence \u00e0 Gardur. Tomoo est japonais et joue de la musique avec des \"orins\", bols fun\u00e9raires bouddhiques. Samatha est Loz\u00e9rienne\u2026","rel":"","context":"Dans &quot;FRESH WINDS art&quot;","block_context":{"text":"FRESH WINDS art","link":"https:\/\/www.altimara.eu\/blog\/category\/charbon-de-bois-islande\/3-islande-fresh-winds\/"},"img":{"alt_text":"DSCF4815","src":"https:\/\/i0.wp.com\/www.altimara.eu\/blog\/wp-content\/uploads\/2014\/02\/dscf4815.jpg?resize=350%2C200","width":350,"height":200,"srcset":"https:\/\/i0.wp.com\/www.altimara.eu\/blog\/wp-content\/uploads\/2014\/02\/dscf4815.jpg?resize=350%2C200 1x, https:\/\/i0.wp.com\/www.altimara.eu\/blog\/wp-content\/uploads\/2014\/02\/dscf4815.jpg?resize=525%2C300 1.5x"},"classes":[]},{"id":1923,"url":"https:\/\/www.altimara.eu\/blog\/2016\/07\/14\/charbon-boreal\/","url_meta":{"origin":42,"position":3},"title":"Charbon bor\u00e9al","author":"Martiou","date":"14 juillet 2016","format":false,"excerpt":"Nouvelle saison en Islande. Deux projets, l'un \"comment utiliser les immenses champs de lupins d'Alaska\" pour fabriquer des briquettes de charbon v\u00e9g\u00e9tal. Une id\u00e9e un peu folle que ce beau pays est capable d'accueillir. Et l'autre est la suite de la recherche des bois de mer, qui m'ont servi il\u2026","rel":"","context":"Dans &quot;3 Charbon de bois Islande&quot;","block_context":{"text":"3 Charbon de bois Islande","link":"https:\/\/www.altimara.eu\/blog\/category\/charbon-de-bois-islande\/"},"img":{"alt_text":"IMG_20160615_184028682_HDR","src":"https:\/\/i0.wp.com\/www.altimara.eu\/blog\/wp-content\/uploads\/2016\/07\/IMG_20160615_184028682_HDR.jpg?resize=350%2C200","width":350,"height":200,"srcset":"https:\/\/i0.wp.com\/www.altimara.eu\/blog\/wp-content\/uploads\/2016\/07\/IMG_20160615_184028682_HDR.jpg?resize=350%2C200 1x, https:\/\/i0.wp.com\/www.altimara.eu\/blog\/wp-content\/uploads\/2016\/07\/IMG_20160615_184028682_HDR.jpg?resize=525%2C300 1.5x, https:\/\/i0.wp.com\/www.altimara.eu\/blog\/wp-content\/uploads\/2016\/07\/IMG_20160615_184028682_HDR.jpg?resize=700%2C400 2x"},"classes":[]},{"id":672,"url":"https:\/\/www.altimara.eu\/blog\/2014\/02\/19\/suite-fresh-winds\/","url_meta":{"origin":42,"position":4},"title":"Suite Fresh winds","author":"Martiou","date":"19 f\u00e9vrier 2014","format":false,"excerpt":"Des nouvelles de Lionel Guibout, peintre amoureux des for\u00eats:\u00a0http:\/\/blogs.thenational.ae\/arts-culture\/the-art-blog\/five-minutes-with-lionel-guibout","rel":"","context":"Dans &quot;Autre&quot;","block_context":{"text":"Autre","link":"https:\/\/www.altimara.eu\/blog\/category\/autre\/"},"img":{"alt_text":"","src":"","width":0,"height":0},"classes":[]},{"id":69,"url":"https:\/\/www.altimara.eu\/blog\/2013\/12\/18\/comment-quon-fait-du-charbon-de-bois\/","url_meta":{"origin":42,"position":5},"title":"Comment qu&rsquo;on fait du charbon de bois","author":"Martiou","date":"18 d\u00e9cembre 2013","format":false,"excerpt":"A l'\u00e9touff\u00e9, sans flamme et avec flegme. Voir ce lien explicatif ( l\u00e0 je parais agit\u00e9 mais c'est pas vrai ): http:\/\/www.youtube.com\/watch?v=iWspcuntfDY Une premi\u00e8re animation\u00a0qui r\u00e9sume cela (cliquer dessus et attendre 2 s le d\u00e9marrage) \u00a0\u00a0 et une deuxi\u00e8me qui nous emporte en Islande \u00a0 \u00a0 Combustible utilis\u00e9 en Islande:\u2026","rel":"","context":"Dans &quot;1 Festival charbonni\u00e8res LO GAROU&quot;","block_context":{"text":"1 Festival charbonni\u00e8res LO GAROU","link":"https:\/\/www.altimara.eu\/blog\/category\/1-festival-charbonnieres-lo-garou\/"},"img":{"alt_text":"charb_1","src":"https:\/\/i0.wp.com\/www.altimara.eu\/blog\/wp-content\/uploads\/2013\/12\/charb_1.gif?resize=350%2C200","width":350,"height":200},"classes":[]}],"_links":{"self":[{"href":"https:\/\/www.altimara.eu\/blog\/wp-json\/wp\/v2\/posts\/42","targetHints":{"allow":["GET"]}}],"collection":[{"href":"https:\/\/www.altimara.eu\/blog\/wp-json\/wp\/v2\/posts"}],"about":[{"href":"https:\/\/www.altimara.eu\/blog\/wp-json\/wp\/v2\/types\/post"}],"author":[{"embeddable":true,"href":"https:\/\/www.altimara.eu\/blog\/wp-json\/wp\/v2\/users\/3"}],"replies":[{"embeddable":true,"href":"https:\/\/www.altimara.eu\/blog\/wp-json\/wp\/v2\/comments?post=42"}],"version-history":[{"count":0,"href":"https:\/\/www.altimara.eu\/blog\/wp-json\/wp\/v2\/posts\/42\/revisions"}],"wp:attachment":[{"href":"https:\/\/www.altimara.eu\/blog\/wp-json\/wp\/v2\/media?parent=42"}],"wp:term":[{"taxonomy":"category","embeddable":true,"href":"https:\/\/www.altimara.eu\/blog\/wp-json\/wp\/v2\/categories?post=42"},{"taxonomy":"post_tag","embeddable":true,"href":"https:\/\/www.altimara.eu\/blog\/wp-json\/wp\/v2\/tags?post=42"}],"curies":[{"name":"wp","href":"https:\/\/api.w.org\/{rel}","templated":true}]}}