{"id":4192,"date":"2023-10-19T20:25:01","date_gmt":"2023-10-19T19:25:01","guid":{"rendered":"https:\/\/www.altimara.eu\/blog\/?p=4192"},"modified":"2023-10-19T20:30:32","modified_gmt":"2023-10-19T19:30:32","slug":"cambousland","status":"publish","type":"post","link":"https:\/\/www.altimara.eu\/blog\/2023\/10\/19\/cambousland\/","title":{"rendered":"Cambousland"},"content":{"rendered":"\n<p>Les 14 et 15 octobre, le site n\u00e9olithique de Cambous aux maisons imposantes, recevait un grand nombre d&rsquo;activit\u00e9s orient\u00e9es pr\u00e9histoire.<\/p>\n\n\n\n<p>Notre ami Ren\u00e9, le king du feu, a comme toujours, capt\u00e9 l&rsquo;attention des visiteurs avec son fabuleux stand des techniques du feu. Planqu\u00e9 dans la maison n\u00e9olithique reconstitu\u00e9e, attention la porte est basse, il a pu d\u00e9montrer toute sa science de l&rsquo;allumage.<\/p>\n\n\n\n<figure class=\"wp-block-image size-large\"><img data-recalc-dims=\"1\" loading=\"lazy\" decoding=\"async\" width=\"627\" height=\"418\" data-attachment-id=\"4193\" data-permalink=\"https:\/\/www.altimara.eu\/blog\/2023\/10\/19\/cambousland\/mar1380\/\" data-orig-file=\"https:\/\/i0.wp.com\/www.altimara.eu\/blog\/wp-content\/uploads\/2023\/10\/MAR1380.jpg?fit=1500%2C1001&amp;ssl=1\" data-orig-size=\"1500,1001\" data-comments-opened=\"1\" data-image-meta=\"{&quot;aperture&quot;:&quot;9&quot;,&quot;credit&quot;:&quot;Martial Acquarone&quot;,&quot;camera&quot;:&quot;NIKON D800&quot;,&quot;caption&quot;:&quot;&quot;,&quot;created_timestamp&quot;:&quot;1697365386&quot;,&quot;copyright&quot;:&quot;CC BY-SA 4.0&quot;,&quot;focal_length&quot;:&quot;24&quot;,&quot;iso&quot;:&quot;1000&quot;,&quot;shutter_speed&quot;:&quot;0.1&quot;,&quot;title&quot;:&quot;&quot;,&quot;orientation&quot;:&quot;0&quot;}\" data-image-title=\"MAR1380\" data-image-description=\"\" data-image-caption=\"\" data-large-file=\"https:\/\/i0.wp.com\/www.altimara.eu\/blog\/wp-content\/uploads\/2023\/10\/MAR1380.jpg?fit=627%2C418&amp;ssl=1\" src=\"https:\/\/i0.wp.com\/www.altimara.eu\/blog\/wp-content\/uploads\/2023\/10\/MAR1380.jpg?resize=627%2C418&#038;ssl=1\" alt=\"\" class=\"wp-image-4193\" srcset=\"https:\/\/i0.wp.com\/www.altimara.eu\/blog\/wp-content\/uploads\/2023\/10\/MAR1380.jpg?resize=1024%2C683&amp;ssl=1 1024w, https:\/\/i0.wp.com\/www.altimara.eu\/blog\/wp-content\/uploads\/2023\/10\/MAR1380.jpg?resize=300%2C200&amp;ssl=1 300w, https:\/\/i0.wp.com\/www.altimara.eu\/blog\/wp-content\/uploads\/2023\/10\/MAR1380.jpg?resize=768%2C513&amp;ssl=1 768w, https:\/\/i0.wp.com\/www.altimara.eu\/blog\/wp-content\/uploads\/2023\/10\/MAR1380.jpg?w=1500&amp;ssl=1 1500w, https:\/\/i0.wp.com\/www.altimara.eu\/blog\/wp-content\/uploads\/2023\/10\/MAR1380.jpg?w=1254&amp;ssl=1 1254w\" sizes=\"auto, (max-width: 627px) 100vw, 627px\" \/><\/figure>\n\n\n\n<p>Dans la cabane il y avait aussi des \u00e9tudiantes qui montraient le fonctionnement d&rsquo;un m\u00e9tier \u00e0 tisser proto-historique. Elles avaient aussi une superbe jarre dans laquelle elles r\u00e9alisaient de la teinture v\u00e9g\u00e9tale. Ren\u00e9 n&rsquo;a pas pu s&#8217;emp\u00eacher de les allumer !<\/p>\n\n\n\n<figure class=\"wp-block-image size-large\"><img data-recalc-dims=\"1\" loading=\"lazy\" decoding=\"async\" width=\"627\" height=\"418\" data-attachment-id=\"4194\" data-permalink=\"https:\/\/www.altimara.eu\/blog\/2023\/10\/19\/cambousland\/mar1386\/\" data-orig-file=\"https:\/\/i0.wp.com\/www.altimara.eu\/blog\/wp-content\/uploads\/2023\/10\/MAR1386.jpg?fit=1500%2C1001&amp;ssl=1\" data-orig-size=\"1500,1001\" data-comments-opened=\"1\" data-image-meta=\"{&quot;aperture&quot;:&quot;3.5&quot;,&quot;credit&quot;:&quot;Martial Acquarone&quot;,&quot;camera&quot;:&quot;NIKON D800&quot;,&quot;caption&quot;:&quot;&quot;,&quot;created_timestamp&quot;:&quot;1697366228&quot;,&quot;copyright&quot;:&quot;CC BY-SA 4.0&quot;,&quot;focal_length&quot;:&quot;24&quot;,&quot;iso&quot;:&quot;1250&quot;,&quot;shutter_speed&quot;:&quot;0.076923076923077&quot;,&quot;title&quot;:&quot;&quot;,&quot;orientation&quot;:&quot;0&quot;}\" data-image-title=\"MAR1386\" data-image-description=\"\" data-image-caption=\"\" data-large-file=\"https:\/\/i0.wp.com\/www.altimara.eu\/blog\/wp-content\/uploads\/2023\/10\/MAR1386.jpg?fit=627%2C418&amp;ssl=1\" src=\"https:\/\/i0.wp.com\/www.altimara.eu\/blog\/wp-content\/uploads\/2023\/10\/MAR1386.jpg?resize=627%2C418&#038;ssl=1\" alt=\"\" class=\"wp-image-4194\" srcset=\"https:\/\/i0.wp.com\/www.altimara.eu\/blog\/wp-content\/uploads\/2023\/10\/MAR1386.jpg?resize=1024%2C683&amp;ssl=1 1024w, https:\/\/i0.wp.com\/www.altimara.eu\/blog\/wp-content\/uploads\/2023\/10\/MAR1386.jpg?resize=300%2C200&amp;ssl=1 300w, https:\/\/i0.wp.com\/www.altimara.eu\/blog\/wp-content\/uploads\/2023\/10\/MAR1386.jpg?resize=768%2C513&amp;ssl=1 768w, https:\/\/i0.wp.com\/www.altimara.eu\/blog\/wp-content\/uploads\/2023\/10\/MAR1386.jpg?w=1500&amp;ssl=1 1500w, https:\/\/i0.wp.com\/www.altimara.eu\/blog\/wp-content\/uploads\/2023\/10\/MAR1386.jpg?w=1254&amp;ssl=1 1254w\" sizes=\"auto, (max-width: 627px) 100vw, 627px\" \/><\/figure>\n\n\n\n<p>Martine, la vanni\u00e8re immortelle, pr\u00e9sentait une superbe collection d&rsquo;objets en vannerie. Des moules de poterie, en jonc, montraient comment nos anc\u00eatres lointains utilisaient le tressage des v\u00e9g\u00e9taux. Des visiteurs ont travaill\u00e9 certains v\u00e9g\u00e9taux sous la direction de Martine. Elle d\u00e9montre ainsi que la vannerie tr\u00e8s ancienne et quasi la m\u00eame qu&rsquo;aujourd&rsquo;hui.<\/p>\n\n\n\n<figure class=\"wp-block-image size-large\"><img data-recalc-dims=\"1\" loading=\"lazy\" decoding=\"async\" width=\"627\" height=\"418\" data-attachment-id=\"4195\" data-permalink=\"https:\/\/www.altimara.eu\/blog\/2023\/10\/19\/cambousland\/mar1378\/\" data-orig-file=\"https:\/\/i0.wp.com\/www.altimara.eu\/blog\/wp-content\/uploads\/2023\/10\/MAR1378.jpg?fit=1500%2C1001&amp;ssl=1\" data-orig-size=\"1500,1001\" data-comments-opened=\"1\" data-image-meta=\"{&quot;aperture&quot;:&quot;9&quot;,&quot;credit&quot;:&quot;Martial Acquarone&quot;,&quot;camera&quot;:&quot;NIKON D800&quot;,&quot;caption&quot;:&quot;&quot;,&quot;created_timestamp&quot;:&quot;1697365077&quot;,&quot;copyright&quot;:&quot;CC BY-SA 4.0&quot;,&quot;focal_length&quot;:&quot;24&quot;,&quot;iso&quot;:&quot;500&quot;,&quot;shutter_speed&quot;:&quot;0.00625&quot;,&quot;title&quot;:&quot;&quot;,&quot;orientation&quot;:&quot;0&quot;}\" data-image-title=\"MAR1378\" data-image-description=\"\" data-image-caption=\"\" data-large-file=\"https:\/\/i0.wp.com\/www.altimara.eu\/blog\/wp-content\/uploads\/2023\/10\/MAR1378.jpg?fit=627%2C418&amp;ssl=1\" src=\"https:\/\/i0.wp.com\/www.altimara.eu\/blog\/wp-content\/uploads\/2023\/10\/MAR1378.jpg?resize=627%2C418&#038;ssl=1\" alt=\"\" class=\"wp-image-4195\" srcset=\"https:\/\/i0.wp.com\/www.altimara.eu\/blog\/wp-content\/uploads\/2023\/10\/MAR1378.jpg?resize=1024%2C683&amp;ssl=1 1024w, https:\/\/i0.wp.com\/www.altimara.eu\/blog\/wp-content\/uploads\/2023\/10\/MAR1378.jpg?resize=300%2C200&amp;ssl=1 300w, https:\/\/i0.wp.com\/www.altimara.eu\/blog\/wp-content\/uploads\/2023\/10\/MAR1378.jpg?resize=768%2C513&amp;ssl=1 768w, https:\/\/i0.wp.com\/www.altimara.eu\/blog\/wp-content\/uploads\/2023\/10\/MAR1378.jpg?w=1500&amp;ssl=1 1500w, https:\/\/i0.wp.com\/www.altimara.eu\/blog\/wp-content\/uploads\/2023\/10\/MAR1378.jpg?w=1254&amp;ssl=1 1254w\" sizes=\"auto, (max-width: 627px) 100vw, 627px\" \/><\/figure>\n\n\n\n<p>Pour ma part, j&rsquo;ai accueilli tout au longs de ces deux journ\u00e9es, en compagnie de mon coll\u00e8gue ard\u00e9chois Jean, avec sa compagne Anne-Marie, un public continu. Beaucoup d\u2019int\u00e9r\u00eats ont \u00e9t\u00e9 exprim\u00e9 par ces visiteurs avec une forte envie qu&rsquo;on ouvre la meule.<\/p>\n\n\n\n<figure class=\"wp-block-image size-large\"><img data-recalc-dims=\"1\" loading=\"lazy\" decoding=\"async\" width=\"627\" height=\"418\" data-attachment-id=\"4196\" data-permalink=\"https:\/\/www.altimara.eu\/blog\/2023\/10\/19\/cambousland\/mar1389\/\" data-orig-file=\"https:\/\/i0.wp.com\/www.altimara.eu\/blog\/wp-content\/uploads\/2023\/10\/MAR1389.jpg?fit=1500%2C1001&amp;ssl=1\" data-orig-size=\"1500,1001\" data-comments-opened=\"1\" data-image-meta=\"{&quot;aperture&quot;:&quot;10&quot;,&quot;credit&quot;:&quot;Martial Acquarone&quot;,&quot;camera&quot;:&quot;NIKON D800&quot;,&quot;caption&quot;:&quot;&quot;,&quot;created_timestamp&quot;:&quot;1697383591&quot;,&quot;copyright&quot;:&quot;CC BY-SA 4.0&quot;,&quot;focal_length&quot;:&quot;26&quot;,&quot;iso&quot;:&quot;640&quot;,&quot;shutter_speed&quot;:&quot;0.004&quot;,&quot;title&quot;:&quot;&quot;,&quot;orientation&quot;:&quot;0&quot;}\" data-image-title=\"MAR1389\" data-image-description=\"\" data-image-caption=\"\" data-large-file=\"https:\/\/i0.wp.com\/www.altimara.eu\/blog\/wp-content\/uploads\/2023\/10\/MAR1389.jpg?fit=627%2C418&amp;ssl=1\" src=\"https:\/\/i0.wp.com\/www.altimara.eu\/blog\/wp-content\/uploads\/2023\/10\/MAR1389.jpg?resize=627%2C418&#038;ssl=1\" alt=\"\" class=\"wp-image-4196\" srcset=\"https:\/\/i0.wp.com\/www.altimara.eu\/blog\/wp-content\/uploads\/2023\/10\/MAR1389.jpg?resize=1024%2C683&amp;ssl=1 1024w, https:\/\/i0.wp.com\/www.altimara.eu\/blog\/wp-content\/uploads\/2023\/10\/MAR1389.jpg?resize=300%2C200&amp;ssl=1 300w, https:\/\/i0.wp.com\/www.altimara.eu\/blog\/wp-content\/uploads\/2023\/10\/MAR1389.jpg?resize=768%2C513&amp;ssl=1 768w, https:\/\/i0.wp.com\/www.altimara.eu\/blog\/wp-content\/uploads\/2023\/10\/MAR1389.jpg?w=1500&amp;ssl=1 1500w, https:\/\/i0.wp.com\/www.altimara.eu\/blog\/wp-content\/uploads\/2023\/10\/MAR1389.jpg?w=1254&amp;ssl=1 1254w\" sizes=\"auto, (max-width: 627px) 100vw, 627px\" \/><\/figure>\n\n\n\n<p>Ce fut chose faite dans l&rsquo;apr\u00e8s midi du dimanche. L\u2019extinction n&rsquo;\u00e9tant pas termin\u00e9e il a fallut jouer aux pompiers avec les reprises de feu.<\/p>\n\n\n\n<figure class=\"wp-block-image size-large\"><img data-recalc-dims=\"1\" loading=\"lazy\" decoding=\"async\" width=\"627\" height=\"418\" data-attachment-id=\"4197\" data-permalink=\"https:\/\/www.altimara.eu\/blog\/2023\/10\/19\/cambousland\/mar1400\/\" data-orig-file=\"https:\/\/i0.wp.com\/www.altimara.eu\/blog\/wp-content\/uploads\/2023\/10\/MAR1400.jpg?fit=1500%2C1001&amp;ssl=1\" data-orig-size=\"1500,1001\" data-comments-opened=\"1\" data-image-meta=\"{&quot;aperture&quot;:&quot;10&quot;,&quot;credit&quot;:&quot;Martial Acquarone&quot;,&quot;camera&quot;:&quot;NIKON D800&quot;,&quot;caption&quot;:&quot;&quot;,&quot;created_timestamp&quot;:&quot;1697388858&quot;,&quot;copyright&quot;:&quot;CC BY-SA 4.0&quot;,&quot;focal_length&quot;:&quot;36&quot;,&quot;iso&quot;:&quot;640&quot;,&quot;shutter_speed&quot;:&quot;0.025&quot;,&quot;title&quot;:&quot;&quot;,&quot;orientation&quot;:&quot;0&quot;}\" data-image-title=\"MAR1400\" data-image-description=\"\" data-image-caption=\"\" data-large-file=\"https:\/\/i0.wp.com\/www.altimara.eu\/blog\/wp-content\/uploads\/2023\/10\/MAR1400.jpg?fit=627%2C418&amp;ssl=1\" src=\"https:\/\/i0.wp.com\/www.altimara.eu\/blog\/wp-content\/uploads\/2023\/10\/MAR1400.jpg?resize=627%2C418&#038;ssl=1\" alt=\"\" class=\"wp-image-4197\" srcset=\"https:\/\/i0.wp.com\/www.altimara.eu\/blog\/wp-content\/uploads\/2023\/10\/MAR1400.jpg?resize=1024%2C683&amp;ssl=1 1024w, https:\/\/i0.wp.com\/www.altimara.eu\/blog\/wp-content\/uploads\/2023\/10\/MAR1400.jpg?resize=300%2C200&amp;ssl=1 300w, https:\/\/i0.wp.com\/www.altimara.eu\/blog\/wp-content\/uploads\/2023\/10\/MAR1400.jpg?resize=768%2C513&amp;ssl=1 768w, https:\/\/i0.wp.com\/www.altimara.eu\/blog\/wp-content\/uploads\/2023\/10\/MAR1400.jpg?w=1500&amp;ssl=1 1500w, https:\/\/i0.wp.com\/www.altimara.eu\/blog\/wp-content\/uploads\/2023\/10\/MAR1400.jpg?w=1254&amp;ssl=1 1254w\" sizes=\"auto, (max-width: 627px) 100vw, 627px\" \/><\/figure>\n\n\n\n<p>Il y avait dans le site un grand nombre de stands et d&rsquo;animations, dont de la m\u00e9tallurgie. Le charbon produit par ma charbonni\u00e8re Ar-Nhette servira aux exp\u00e9riences des arch\u00e9ologues dans les recherches sur le travail des m\u00e9taux. Le site de la Soci\u00e9t\u00e9 Languedocienne de Pr\u00e9histoire : <a href=\"https:\/\/www.prehistoire-cambous.org\/\" target=\"_blank\" rel=\"noreferrer noopener\">https:\/\/www.prehistoire-cambous.org\/ <\/a><\/p>\n\n\n\nngg_shortcode_0_placeholder\n","protected":false},"excerpt":{"rendered":"<p>Les 14 et 15 octobre, le site n\u00e9olithique de Cambous aux maisons imposantes, recevait un grand nombre d&rsquo;activit\u00e9s orient\u00e9es pr\u00e9histoire. Notre ami Ren\u00e9, le king du feu, a comme toujours, capt\u00e9 l&rsquo;attention des visiteurs avec son fabuleux stand des techniques du feu. Planqu\u00e9 dans la maison n\u00e9olithique reconstitu\u00e9e, attention la porte est basse, il a [&hellip;]<\/p>\n","protected":false},"author":3,"featured_media":0,"comment_status":"open","ping_status":"open","sticky":false,"template":"","format":"standard","meta":{"ngg_post_thumbnail":0,"jetpack_post_was_ever_published":false,"_jetpack_newsletter_access":"","_jetpack_dont_email_post_to_subs":false,"_jetpack_newsletter_tier_id":0,"_jetpack_memberships_contains_paywalled_content":false,"_jetpack_memberships_contains_paid_content":false,"footnotes":"","jetpack_publicize_message":"","jetpack_publicize_feature_enabled":true,"jetpack_social_post_already_shared":true,"jetpack_social_options":{"image_generator_settings":{"template":"highway","default_image_id":0,"font":"","enabled":false},"version":2}},"categories":[65,103,37],"tags":[12,18],"class_list":["post-4192","post","type-post","status-publish","format-standard","hentry","category-mes-charbonnieres","category-charbonnier-en-france","category-evenementiel","tag-charbonniere","tag-garrigue"],"jetpack_publicize_connections":[],"jetpack_featured_media_url":"","jetpack_shortlink":"https:\/\/wp.me\/p4r91c-15C","jetpack_sharing_enabled":true,"jetpack-related-posts":[{"id":4002,"url":"https:\/\/www.altimara.eu\/blog\/2023\/04\/11\/charbonniere-a-cambous\/","url_meta":{"origin":4192,"position":0},"title":"Charbonni\u00e8re \u00e0 Cambous","author":"Martiou","date":"11 avril 2023","format":false,"excerpt":"Cambous est un un site arch\u00e9ologique, proche du village de Viols-En-Laval dans l'H\u00e9raut. Ce site est remarquable par son village n\u00e9olithique, avec des fonds de cabanes bien conserv\u00e9es. Une maison de cette \u00e9poque a \u00e9t\u00e9 reconstitu\u00e9, avec un toit en chaume, qui sont des roseaux de sagnes. Le lieux sert\u2026","rel":"","context":"Dans &quot;0- MES CHARBONNI\u00c8RES&quot;","block_context":{"text":"0- MES CHARBONNI\u00c8RES","link":"https:\/\/www.altimara.eu\/blog\/category\/mes-charbonnieres\/"},"img":{"alt_text":"","src":"https:\/\/i0.wp.com\/www.altimara.eu\/blog\/wp-content\/uploads\/2023\/04\/Capture-decran-2023-04-11-a-12.46.37.jpg?resize=350%2C200&ssl=1","width":350,"height":200,"srcset":"https:\/\/i0.wp.com\/www.altimara.eu\/blog\/wp-content\/uploads\/2023\/04\/Capture-decran-2023-04-11-a-12.46.37.jpg?resize=350%2C200&ssl=1 1x, https:\/\/i0.wp.com\/www.altimara.eu\/blog\/wp-content\/uploads\/2023\/04\/Capture-decran-2023-04-11-a-12.46.37.jpg?resize=525%2C300&ssl=1 1.5x, https:\/\/i0.wp.com\/www.altimara.eu\/blog\/wp-content\/uploads\/2023\/04\/Capture-decran-2023-04-11-a-12.46.37.jpg?resize=700%2C400&ssl=1 2x, https:\/\/i0.wp.com\/www.altimara.eu\/blog\/wp-content\/uploads\/2023\/04\/Capture-decran-2023-04-11-a-12.46.37.jpg?resize=1050%2C600&ssl=1 3x, https:\/\/i0.wp.com\/www.altimara.eu\/blog\/wp-content\/uploads\/2023\/04\/Capture-decran-2023-04-11-a-12.46.37.jpg?resize=1400%2C800&ssl=1 4x"},"classes":[]},{"id":4140,"url":"https:\/\/www.altimara.eu\/blog\/2023\/09\/25\/charbonniere-a-cambous-2\/","url_meta":{"origin":4192,"position":1},"title":"Charbonni\u00e8re \u00e0 Cambous","author":"Martiou","date":"25 septembre 2023","format":false,"excerpt":"Si le ciel nous tombe pas sur la t\u00eate (citation historique !!), j'aurai l'occasion de r\u00e9aliser une charbonni\u00e8re sur le site du village pr\u00e9historique de Cambous du 6 au 15 octobre. Cette cuisson s'inscrit dans le cadre des journ\u00e9es \"Arch\u00e9ologie et Patrimoine\" qui auront lieu les 13, 14 et 15\u2026","rel":"","context":"Dans &quot;0- MES CHARBONNI\u00c8RES&quot;","block_context":{"text":"0- MES CHARBONNI\u00c8RES","link":"https:\/\/www.altimara.eu\/blog\/category\/mes-charbonnieres\/"},"img":{"alt_text":"","src":"https:\/\/i0.wp.com\/www.altimara.eu\/blog\/wp-content\/uploads\/2023\/09\/IMG_20230430_163206-copie.jpg?resize=350%2C200&ssl=1","width":350,"height":200,"srcset":"https:\/\/i0.wp.com\/www.altimara.eu\/blog\/wp-content\/uploads\/2023\/09\/IMG_20230430_163206-copie.jpg?resize=350%2C200&ssl=1 1x, https:\/\/i0.wp.com\/www.altimara.eu\/blog\/wp-content\/uploads\/2023\/09\/IMG_20230430_163206-copie.jpg?resize=525%2C300&ssl=1 1.5x, https:\/\/i0.wp.com\/www.altimara.eu\/blog\/wp-content\/uploads\/2023\/09\/IMG_20230430_163206-copie.jpg?resize=700%2C400&ssl=1 2x"},"classes":[]},{"id":4532,"url":"https:\/\/www.altimara.eu\/blog\/2024\/10\/10\/charbonniere-archeologique\/","url_meta":{"origin":4192,"position":2},"title":"Charbonni\u00e8re arch\u00e9ologique","author":"Martiou","date":"10 octobre 2024","format":false,"excerpt":"10 jours au site du village n\u00e9olithique de Cambous \u00e0 Viols-En-Laval. Tout a commenc\u00e9 avec la remise en \u00e9tat de l'aire de charbonnage et Fr\u00e9d\u00e9ric l'employ\u00e9 communal du village, qu'il soit remerci\u00e9 mille fois, est all\u00e9 chercher de la terre. Merci aussi \u00e0 Laurent Salvi, neveu de mon maitre charbonnier\u2026","rel":"","context":"Dans &quot;0- MES CHARBONNI\u00c8RES&quot;","block_context":{"text":"0- MES CHARBONNI\u00c8RES","link":"https:\/\/www.altimara.eu\/blog\/category\/mes-charbonnieres\/"},"img":{"alt_text":"","src":"https:\/\/i0.wp.com\/www.altimara.eu\/blog\/wp-content\/uploads\/2024\/10\/MA5_5296.jpg?resize=350%2C200&ssl=1","width":350,"height":200,"srcset":"https:\/\/i0.wp.com\/www.altimara.eu\/blog\/wp-content\/uploads\/2024\/10\/MA5_5296.jpg?resize=350%2C200&ssl=1 1x, https:\/\/i0.wp.com\/www.altimara.eu\/blog\/wp-content\/uploads\/2024\/10\/MA5_5296.jpg?resize=525%2C300&ssl=1 1.5x, https:\/\/i0.wp.com\/www.altimara.eu\/blog\/wp-content\/uploads\/2024\/10\/MA5_5296.jpg?resize=700%2C400&ssl=1 2x, https:\/\/i0.wp.com\/www.altimara.eu\/blog\/wp-content\/uploads\/2024\/10\/MA5_5296.jpg?resize=1050%2C600&ssl=1 3x, https:\/\/i0.wp.com\/www.altimara.eu\/blog\/wp-content\/uploads\/2024\/10\/MA5_5296.jpg?resize=1400%2C800&ssl=1 4x"},"classes":[]},{"id":4525,"url":"https:\/\/www.altimara.eu\/blog\/2024\/09\/25\/charbonniere-a-cambous-2-2\/","url_meta":{"origin":4192,"position":3},"title":"Charbonni\u00e8re \u00e0 Cambous.2","author":"Martiou","date":"25 septembre 2024","format":false,"excerpt":"A la demande de la Soci\u00e9t\u00e9 Languedocienne de Pr\u00e9histoire, SLP, je vais r\u00e9aliser une charbonni\u00e8re \u00e0 l'entr\u00e9e du village n\u00e9olithique de Cambous. Les arch\u00e9ologues vont \u00e9tudier le d\u00e9roulement du processus de carbonisation et de l'\u00e9tude des charbons produits. Nous avions d\u00e9j\u00e0 collabor\u00e9 au m\u00eame endroit en mai avec un petit\u2026","rel":"","context":"Dans &quot;0- MES CHARBONNI\u00c8RES&quot;","block_context":{"text":"0- MES CHARBONNI\u00c8RES","link":"https:\/\/www.altimara.eu\/blog\/category\/mes-charbonnieres\/"},"img":{"alt_text":"","src":"https:\/\/i0.wp.com\/www.altimara.eu\/blog\/wp-content\/uploads\/2024\/09\/Verso.png?resize=350%2C200&ssl=1","width":350,"height":200,"srcset":"https:\/\/i0.wp.com\/www.altimara.eu\/blog\/wp-content\/uploads\/2024\/09\/Verso.png?resize=350%2C200&ssl=1 1x, https:\/\/i0.wp.com\/www.altimara.eu\/blog\/wp-content\/uploads\/2024\/09\/Verso.png?resize=525%2C300&ssl=1 1.5x"},"classes":[]},{"id":4669,"url":"https:\/\/www.altimara.eu\/blog\/2025\/10\/07\/cambous-noir-charbon\/","url_meta":{"origin":4192,"position":4},"title":"Cambous noir charbon","author":"Martiou","date":"7 octobre 2025","format":false,"excerpt":"J'ai allum\u00e9 la meule le lundi matin pour une extinction le vendredi midi soit 5 jours de cuisson et donc 4 nuits. La conduite du feu s'est parfaitement r\u00e9alis\u00e9e avec cette fois ci une terre moins capricieuse. Maya, Luc et Simon ont veill\u00e9 avec attention pendant les nuits. Ils ont\u2026","rel":"","context":"Dans &quot;0- MES CHARBONNI\u00c8RES&quot;","block_context":{"text":"0- MES CHARBONNI\u00c8RES","link":"https:\/\/www.altimara.eu\/blog\/category\/mes-charbonnieres\/"},"img":{"alt_text":"","src":"https:\/\/i0.wp.com\/www.altimara.eu\/blog\/wp-content\/uploads\/2025\/10\/MA5_7424-1.jpg?resize=350%2C200&ssl=1","width":350,"height":200,"srcset":"https:\/\/i0.wp.com\/www.altimara.eu\/blog\/wp-content\/uploads\/2025\/10\/MA5_7424-1.jpg?resize=350%2C200&ssl=1 1x, https:\/\/i0.wp.com\/www.altimara.eu\/blog\/wp-content\/uploads\/2025\/10\/MA5_7424-1.jpg?resize=525%2C300&ssl=1 1.5x, https:\/\/i0.wp.com\/www.altimara.eu\/blog\/wp-content\/uploads\/2025\/10\/MA5_7424-1.jpg?resize=700%2C400&ssl=1 2x, https:\/\/i0.wp.com\/www.altimara.eu\/blog\/wp-content\/uploads\/2025\/10\/MA5_7424-1.jpg?resize=1050%2C600&ssl=1 3x"},"classes":[]},{"id":2698,"url":"https:\/\/www.altimara.eu\/blog\/2018\/03\/14\/blanchette-en-visite\/","url_meta":{"origin":4192,"position":5},"title":"Blanchette en visite","author":"Martiou","date":"14 mars 2018","format":false,"excerpt":"Avec Ren\u00e9, l'expert en technique du feu, nous avons accueilli un groupe de jeunes mal-entendants de Institut National des Jeunes Sourds \u00e0 Bordeaux, dans l'\u00e9cosite des charbonni\u00e8res. La visite s'est d\u00e9roul\u00e9e avec pour communiquer la langue des signes. Certains jeunes, bien appareill\u00e9s aux oreilles, pouvaient discuter normalement.\u00a0 Nous avons commenc\u00e9\u2026","rel":"","context":"Dans &quot;Charbon de bois&quot;","block_context":{"text":"Charbon de bois","link":"https:\/\/www.altimara.eu\/blog\/category\/charbon-de-bois-carbon-art\/"},"img":{"alt_text":"","src":"https:\/\/i0.wp.com\/www.altimara.eu\/blog\/wp-content\/uploads\/2018\/03\/serveimage-150x150.jpg?resize=350%2C200","width":350,"height":200},"classes":[]}],"_links":{"self":[{"href":"https:\/\/www.altimara.eu\/blog\/wp-json\/wp\/v2\/posts\/4192","targetHints":{"allow":["GET"]}}],"collection":[{"href":"https:\/\/www.altimara.eu\/blog\/wp-json\/wp\/v2\/posts"}],"about":[{"href":"https:\/\/www.altimara.eu\/blog\/wp-json\/wp\/v2\/types\/post"}],"author":[{"embeddable":true,"href":"https:\/\/www.altimara.eu\/blog\/wp-json\/wp\/v2\/users\/3"}],"replies":[{"embeddable":true,"href":"https:\/\/www.altimara.eu\/blog\/wp-json\/wp\/v2\/comments?post=4192"}],"version-history":[{"count":0,"href":"https:\/\/www.altimara.eu\/blog\/wp-json\/wp\/v2\/posts\/4192\/revisions"}],"wp:attachment":[{"href":"https:\/\/www.altimara.eu\/blog\/wp-json\/wp\/v2\/media?parent=4192"}],"wp:term":[{"taxonomy":"category","embeddable":true,"href":"https:\/\/www.altimara.eu\/blog\/wp-json\/wp\/v2\/categories?post=4192"},{"taxonomy":"post_tag","embeddable":true,"href":"https:\/\/www.altimara.eu\/blog\/wp-json\/wp\/v2\/tags?post=4192"}],"curies":[{"name":"wp","href":"https:\/\/api.w.org\/{rel}","templated":true}]}}