{"id":4178,"date":"2023-10-08T21:19:44","date_gmt":"2023-10-08T20:19:44","guid":{"rendered":"https:\/\/www.altimara.eu\/blog\/?p=4178"},"modified":"2023-10-08T21:20:01","modified_gmt":"2023-10-08T20:20:01","slug":"charbonniere-belle-de-jour","status":"publish","type":"post","link":"https:\/\/www.altimara.eu\/blog\/2023\/10\/08\/charbonniere-belle-de-jour\/","title":{"rendered":"Charbonni\u00e8re, belle de jour !"},"content":{"rendered":"\n<figure class=\"wp-block-image size-large\"><img data-recalc-dims=\"1\" loading=\"lazy\" decoding=\"async\" width=\"627\" height=\"422\" data-attachment-id=\"4179\" data-permalink=\"https:\/\/www.altimara.eu\/blog\/2023\/10\/08\/charbonniere-belle-de-jour\/mar1290\/\" data-orig-file=\"https:\/\/i0.wp.com\/www.altimara.eu\/blog\/wp-content\/uploads\/2023\/10\/MAR1290.jpg?fit=1500%2C1011&amp;ssl=1\" data-orig-size=\"1500,1011\" data-comments-opened=\"1\" data-image-meta=\"{&quot;aperture&quot;:&quot;5.6&quot;,&quot;credit&quot;:&quot;Martial Acquarone&quot;,&quot;camera&quot;:&quot;NIKON D800&quot;,&quot;caption&quot;:&quot;&quot;,&quot;created_timestamp&quot;:&quot;1696787271&quot;,&quot;copyright&quot;:&quot;CC BY-SA 4.0&quot;,&quot;focal_length&quot;:&quot;55&quot;,&quot;iso&quot;:&quot;400&quot;,&quot;shutter_speed&quot;:&quot;0.0125&quot;,&quot;title&quot;:&quot;&quot;,&quot;orientation&quot;:&quot;0&quot;}\" data-image-title=\"MAR1290\" data-image-description=\"\" data-image-caption=\"\" data-large-file=\"https:\/\/i0.wp.com\/www.altimara.eu\/blog\/wp-content\/uploads\/2023\/10\/MAR1290.jpg?fit=627%2C422&amp;ssl=1\" src=\"https:\/\/i0.wp.com\/www.altimara.eu\/blog\/wp-content\/uploads\/2023\/10\/MAR1290.jpg?resize=627%2C422&#038;ssl=1\" alt=\"\" class=\"wp-image-4179\" srcset=\"https:\/\/i0.wp.com\/www.altimara.eu\/blog\/wp-content\/uploads\/2023\/10\/MAR1290.jpg?resize=1024%2C690&amp;ssl=1 1024w, https:\/\/i0.wp.com\/www.altimara.eu\/blog\/wp-content\/uploads\/2023\/10\/MAR1290.jpg?resize=300%2C202&amp;ssl=1 300w, https:\/\/i0.wp.com\/www.altimara.eu\/blog\/wp-content\/uploads\/2023\/10\/MAR1290.jpg?resize=768%2C518&amp;ssl=1 768w, https:\/\/i0.wp.com\/www.altimara.eu\/blog\/wp-content\/uploads\/2023\/10\/MAR1290.jpg?w=1500&amp;ssl=1 1500w, https:\/\/i0.wp.com\/www.altimara.eu\/blog\/wp-content\/uploads\/2023\/10\/MAR1290.jpg?w=1254&amp;ssl=1 1254w\" sizes=\"auto, (max-width: 627px) 100vw, 627px\" \/><\/figure>\n\n\n\n<p>Finalement je suis revenu aupr\u00e8s de ma charbonni\u00e8re pour am\u00e9liorer sa robe-jupe. Collection automne &#8211; \u00e9t\u00e9 indien !<\/p>\n\n\n<div class=\"wp-block-image\">\n<figure class=\"aligncenter size-large\"><img data-recalc-dims=\"1\" loading=\"lazy\" decoding=\"async\" width=\"627\" height=\"886\" data-attachment-id=\"4180\" data-permalink=\"https:\/\/www.altimara.eu\/blog\/2023\/10\/08\/charbonniere-belle-de-jour\/affiche-jat-5-copie\/\" data-orig-file=\"https:\/\/i0.wp.com\/www.altimara.eu\/blog\/wp-content\/uploads\/2023\/10\/AFFICHE-JAT-5-copie.jpg?fit=1514%2C2137&amp;ssl=1\" data-orig-size=\"1514,2137\" data-comments-opened=\"1\" data-image-meta=\"{&quot;aperture&quot;:&quot;0&quot;,&quot;credit&quot;:&quot;&quot;,&quot;camera&quot;:&quot;&quot;,&quot;caption&quot;:&quot;&quot;,&quot;created_timestamp&quot;:&quot;0&quot;,&quot;copyright&quot;:&quot;&quot;,&quot;focal_length&quot;:&quot;0&quot;,&quot;iso&quot;:&quot;0&quot;,&quot;shutter_speed&quot;:&quot;0&quot;,&quot;title&quot;:&quot;&quot;,&quot;orientation&quot;:&quot;1&quot;}\" data-image-title=\"AFFICHE-JAT-5-copie\" data-image-description=\"\" data-image-caption=\"\" data-large-file=\"https:\/\/i0.wp.com\/www.altimara.eu\/blog\/wp-content\/uploads\/2023\/10\/AFFICHE-JAT-5-copie.jpg?fit=627%2C886&amp;ssl=1\" src=\"https:\/\/i0.wp.com\/www.altimara.eu\/blog\/wp-content\/uploads\/2023\/10\/AFFICHE-JAT-5-copie.jpg?resize=627%2C886&#038;ssl=1\" alt=\"\" class=\"wp-image-4180\" srcset=\"https:\/\/i0.wp.com\/www.altimara.eu\/blog\/wp-content\/uploads\/2023\/10\/AFFICHE-JAT-5-copie.jpg?resize=725%2C1024&amp;ssl=1 725w, https:\/\/i0.wp.com\/www.altimara.eu\/blog\/wp-content\/uploads\/2023\/10\/AFFICHE-JAT-5-copie.jpg?resize=213%2C300&amp;ssl=1 213w, https:\/\/i0.wp.com\/www.altimara.eu\/blog\/wp-content\/uploads\/2023\/10\/AFFICHE-JAT-5-copie.jpg?resize=768%2C1084&amp;ssl=1 768w, https:\/\/i0.wp.com\/www.altimara.eu\/blog\/wp-content\/uploads\/2023\/10\/AFFICHE-JAT-5-copie.jpg?resize=1088%2C1536&amp;ssl=1 1088w, https:\/\/i0.wp.com\/www.altimara.eu\/blog\/wp-content\/uploads\/2023\/10\/AFFICHE-JAT-5-copie.jpg?resize=1451%2C2048&amp;ssl=1 1451w, https:\/\/i0.wp.com\/www.altimara.eu\/blog\/wp-content\/uploads\/2023\/10\/AFFICHE-JAT-5-copie.jpg?w=1514&amp;ssl=1 1514w, https:\/\/i0.wp.com\/www.altimara.eu\/blog\/wp-content\/uploads\/2023\/10\/AFFICHE-JAT-5-copie.jpg?w=1254&amp;ssl=1 1254w\" sizes=\"auto, (max-width: 627px) 100vw, 627px\" \/><\/figure>\n<\/div>","protected":false},"excerpt":{"rendered":"<p>Finalement je suis revenu aupr\u00e8s de ma charbonni\u00e8re pour am\u00e9liorer sa robe-jupe. Collection automne &#8211; \u00e9t\u00e9 indien !<\/p>\n","protected":false},"author":3,"featured_media":0,"comment_status":"open","ping_status":"open","sticky":false,"template":"","format":"standard","meta":{"ngg_post_thumbnail":0,"jetpack_post_was_ever_published":false,"_jetpack_newsletter_access":"","_jetpack_dont_email_post_to_subs":false,"_jetpack_newsletter_tier_id":0,"_jetpack_memberships_contains_paywalled_content":false,"_jetpack_memberships_contains_paid_content":false,"footnotes":"","jetpack_publicize_message":"","jetpack_publicize_feature_enabled":true,"jetpack_social_post_already_shared":true,"jetpack_social_options":{"image_generator_settings":{"template":"highway","default_image_id":0,"font":"","enabled":false},"version":2}},"categories":[65,103],"tags":[12,18],"class_list":["post-4178","post","type-post","status-publish","format-standard","hentry","category-mes-charbonnieres","category-charbonnier-en-france","tag-charbonniere","tag-garrigue"],"jetpack_publicize_connections":[],"jetpack_featured_media_url":"","jetpack_shortlink":"https:\/\/wp.me\/p4r91c-15o","jetpack_sharing_enabled":true,"jetpack-related-posts":[{"id":1209,"url":"https:\/\/www.altimara.eu\/blog\/2015\/02\/17\/village-charbonnieres\/","url_meta":{"origin":4178,"position":0},"title":"Village Charbonni\u00e8res","author":"Martiou","date":"17 f\u00e9vrier 2015","format":false,"excerpt":"Un petit tour de France des villages ou lieux dit \"charbonni\u00e8res\" ou assimil\u00e9s. Commen\u00e7ons par un petit village dont les habitants ont la chance de s'appeler Charbonnier et Charbonni\u00e8re. Charbonni\u00e8res\u00a0est un petit village fran\u00e7ais, situ\u00e9 dans\u00a0le d\u00e9partement d'Eure-et-Loir\u00a0et\u00a0la r\u00e9gion du Centre. Ses habitants sont appel\u00e9s les Charbonniers et les Charbonni\u00e8res.La\u2026","rel":"","context":"Dans &quot;Autre&quot;","block_context":{"text":"Autre","link":"https:\/\/www.altimara.eu\/blog\/category\/autre\/"},"img":{"alt_text":"panneau-charbonnieres-71","src":"https:\/\/i0.wp.com\/www.altimara.eu\/blog\/wp-content\/uploads\/2015\/02\/panneau-charbonnieres-71.png?resize=350%2C200&ssl=1","width":350,"height":200},"classes":[]},{"id":1838,"url":"https:\/\/www.altimara.eu\/blog\/2016\/10\/15\/village-charbonnieres-2\/","url_meta":{"origin":4178,"position":1},"title":"Villages Charbonni\u00e8res","author":"Martiou","date":"15 octobre 2016","format":false,"excerpt":"Dans le post (article) \"https:\/\/www.altimara.eu\/blog\/?p=1209\", j'ai pr\u00e9sent\u00e9 le village Charbonni\u00e8res dont les heureux habitants se nomment Charbonnier (i\u00e8re). Il y a en France plusieurs villages portant ce nom: Charbonni\u00e8res, est un petit village fran\u00e7ais, situ\u00e9 dans le d\u00e9partement d'Eure-et-Loir et la r\u00e9gion du Centre-Val de Loire. Ses habitants sont appel\u00e9s\u2026","rel":"","context":"Dans &quot;Autre&quot;","block_context":{"text":"Autre","link":"https:\/\/www.altimara.eu\/blog\/category\/autre\/"},"img":{"alt_text":"pohkpoogefedqp7-725-220","src":"https:\/\/i0.wp.com\/www.altimara.eu\/blog\/wp-content\/uploads\/2016\/09\/pohkpoogefedqp7-725-220.jpg?resize=350%2C200","width":350,"height":200,"srcset":"https:\/\/i0.wp.com\/www.altimara.eu\/blog\/wp-content\/uploads\/2016\/09\/pohkpoogefedqp7-725-220.jpg?resize=350%2C200 1x, https:\/\/i0.wp.com\/www.altimara.eu\/blog\/wp-content\/uploads\/2016\/09\/pohkpoogefedqp7-725-220.jpg?resize=525%2C300 1.5x, https:\/\/i0.wp.com\/www.altimara.eu\/blog\/wp-content\/uploads\/2016\/09\/pohkpoogefedqp7-725-220.jpg?resize=700%2C400 2x"},"classes":[]},{"id":3735,"url":"https:\/\/www.altimara.eu\/blog\/2021\/10\/20\/charbonniere-hollande-3\/","url_meta":{"origin":4178,"position":2},"title":"Charbonni\u00e8re Hollande","author":"Martiou","date":"20 octobre 2021","format":false,"excerpt":"Photo Peter Van Hoeflaken","rel":"","context":"Dans &quot;0- MES CHARBONNI\u00c8RES&quot;","block_context":{"text":"0- MES CHARBONNI\u00c8RES","link":"https:\/\/www.altimara.eu\/blog\/category\/mes-charbonnieres\/"},"img":{"alt_text":"","src":"https:\/\/i0.wp.com\/www.altimara.eu\/blog\/wp-content\/uploads\/2021\/10\/20211015_193120-scaled.jpg?resize=350%2C200&ssl=1","width":350,"height":200,"srcset":"https:\/\/i0.wp.com\/www.altimara.eu\/blog\/wp-content\/uploads\/2021\/10\/20211015_193120-scaled.jpg?resize=350%2C200&ssl=1 1x, https:\/\/i0.wp.com\/www.altimara.eu\/blog\/wp-content\/uploads\/2021\/10\/20211015_193120-scaled.jpg?resize=525%2C300&ssl=1 1.5x, https:\/\/i0.wp.com\/www.altimara.eu\/blog\/wp-content\/uploads\/2021\/10\/20211015_193120-scaled.jpg?resize=700%2C400&ssl=1 2x, https:\/\/i0.wp.com\/www.altimara.eu\/blog\/wp-content\/uploads\/2021\/10\/20211015_193120-scaled.jpg?resize=1050%2C600&ssl=1 3x, https:\/\/i0.wp.com\/www.altimara.eu\/blog\/wp-content\/uploads\/2021\/10\/20211015_193120-scaled.jpg?resize=1400%2C800&ssl=1 4x"},"classes":[]},{"id":4173,"url":"https:\/\/www.altimara.eu\/blog\/2023\/10\/07\/charbonniere-phase-4\/","url_meta":{"origin":4178,"position":3},"title":"Charbonni\u00e8re phase 4","author":"Martiou","date":"7 octobre 2023","format":false,"excerpt":"Habillage de la dame charbonni\u00e8re, un bel ensemble couleur or. Emmaillotage fa\u00e7on culotte bavaroise. Couverture, les nuits deviennent fraiches , au rebours des journ\u00e9es tellement chaudes dans ce mois d'octobre. Tendinite au bras gauche en vue !!! Dimanche repos du guerrier charbonnier avant d'attaquer l'allumage lundi.","rel":"","context":"Dans &quot;0- MES CHARBONNI\u00c8RES&quot;","block_context":{"text":"0- MES CHARBONNI\u00c8RES","link":"https:\/\/www.altimara.eu\/blog\/category\/mes-charbonnieres\/"},"img":{"alt_text":"","src":"https:\/\/i0.wp.com\/www.altimara.eu\/blog\/wp-content\/uploads\/2023\/10\/MAR1274.jpg?resize=350%2C200&ssl=1","width":350,"height":200,"srcset":"https:\/\/i0.wp.com\/www.altimara.eu\/blog\/wp-content\/uploads\/2023\/10\/MAR1274.jpg?resize=350%2C200&ssl=1 1x, https:\/\/i0.wp.com\/www.altimara.eu\/blog\/wp-content\/uploads\/2023\/10\/MAR1274.jpg?resize=525%2C300&ssl=1 1.5x, https:\/\/i0.wp.com\/www.altimara.eu\/blog\/wp-content\/uploads\/2023\/10\/MAR1274.jpg?resize=700%2C400&ssl=1 2x, https:\/\/i0.wp.com\/www.altimara.eu\/blog\/wp-content\/uploads\/2023\/10\/MAR1274.jpg?resize=1050%2C600&ssl=1 3x, https:\/\/i0.wp.com\/www.altimara.eu\/blog\/wp-content\/uploads\/2023\/10\/MAR1274.jpg?resize=1400%2C800&ssl=1 4x"},"classes":[]},{"id":805,"url":"https:\/\/www.altimara.eu\/blog\/2014\/03\/30\/festival-des-charbonnieres-8\/","url_meta":{"origin":4178,"position":4},"title":"Festival des charbonni\u00e8res","author":"Martiou","date":"30 mars 2014","format":false,"excerpt":"Montage de la charbonni\u00e8re, d'un petit volume car je n'ai que 2 jours et demi de disponible pour la cuisson.","rel":"","context":"Dans &quot;1 Festival charbonni\u00e8res LO GAROU&quot;","block_context":{"text":"1 Festival charbonni\u00e8res LO GAROU","link":"https:\/\/www.altimara.eu\/blog\/category\/1-festival-charbonnieres-lo-garou\/"},"img":{"alt_text":"titre-noir","src":"https:\/\/i0.wp.com\/www.altimara.eu\/blog\/wp-content\/uploads\/2014\/02\/titre-noir2.jpg?resize=350%2C200","width":350,"height":200},"classes":[]},{"id":819,"url":"https:\/\/www.altimara.eu\/blog\/2014\/04\/10\/festival-des-charbonnieres-10\/","url_meta":{"origin":4178,"position":5},"title":"Festival des charbonni\u00e8res","author":"Martiou","date":"10 avril 2014","format":false,"excerpt":"Une jolie petite meule a carboniser. Le vent, fort les 2 premiers jours, a un peu perturb\u00e9 l'\u00e9quilibre en activant la carbonisation d'un cot\u00e9. La cuisson a continu\u00e9 tranquillement \u00e0 petit feu. L'ensemble semble bon et je l'ai \u00e9teinte dimanche soir. La charbonni\u00e8re 2014 prend le doux nom de \"Calinette\".","rel":"","context":"Dans &quot;1 Festival charbonni\u00e8res LO GAROU&quot;","block_context":{"text":"1 Festival charbonni\u00e8res LO GAROU","link":"https:\/\/www.altimara.eu\/blog\/category\/1-festival-charbonnieres-lo-garou\/"},"img":{"alt_text":"titre-noir","src":"https:\/\/i0.wp.com\/www.altimara.eu\/blog\/wp-content\/uploads\/2014\/02\/titre-noir2.jpg?resize=350%2C200","width":350,"height":200},"classes":[]}],"_links":{"self":[{"href":"https:\/\/www.altimara.eu\/blog\/wp-json\/wp\/v2\/posts\/4178","targetHints":{"allow":["GET"]}}],"collection":[{"href":"https:\/\/www.altimara.eu\/blog\/wp-json\/wp\/v2\/posts"}],"about":[{"href":"https:\/\/www.altimara.eu\/blog\/wp-json\/wp\/v2\/types\/post"}],"author":[{"embeddable":true,"href":"https:\/\/www.altimara.eu\/blog\/wp-json\/wp\/v2\/users\/3"}],"replies":[{"embeddable":true,"href":"https:\/\/www.altimara.eu\/blog\/wp-json\/wp\/v2\/comments?post=4178"}],"version-history":[{"count":0,"href":"https:\/\/www.altimara.eu\/blog\/wp-json\/wp\/v2\/posts\/4178\/revisions"}],"wp:attachment":[{"href":"https:\/\/www.altimara.eu\/blog\/wp-json\/wp\/v2\/media?parent=4178"}],"wp:term":[{"taxonomy":"category","embeddable":true,"href":"https:\/\/www.altimara.eu\/blog\/wp-json\/wp\/v2\/categories?post=4178"},{"taxonomy":"post_tag","embeddable":true,"href":"https:\/\/www.altimara.eu\/blog\/wp-json\/wp\/v2\/tags?post=4178"}],"curies":[{"name":"wp","href":"https:\/\/api.w.org\/{rel}","templated":true}]}}