{"id":4173,"date":"2023-10-07T19:39:49","date_gmt":"2023-10-07T18:39:49","guid":{"rendered":"https:\/\/www.altimara.eu\/blog\/?p=4173"},"modified":"2023-10-07T19:39:49","modified_gmt":"2023-10-07T18:39:49","slug":"charbonniere-phase-4","status":"publish","type":"post","link":"https:\/\/www.altimara.eu\/blog\/2023\/10\/07\/charbonniere-phase-4\/","title":{"rendered":"Charbonni\u00e8re phase 4"},"content":{"rendered":"\n<p>Habillage de la dame charbonni\u00e8re, un bel ensemble couleur or.<\/p>\n\n\n\n<figure class=\"wp-block-image size-large\"><img data-recalc-dims=\"1\" loading=\"lazy\" decoding=\"async\" width=\"627\" height=\"418\" data-attachment-id=\"4174\" data-permalink=\"https:\/\/www.altimara.eu\/blog\/2023\/10\/07\/charbonniere-phase-4\/mar1274\/\" data-orig-file=\"https:\/\/i0.wp.com\/www.altimara.eu\/blog\/wp-content\/uploads\/2023\/10\/MAR1274.jpg?fit=1500%2C1001&amp;ssl=1\" data-orig-size=\"1500,1001\" data-comments-opened=\"1\" data-image-meta=\"{&quot;aperture&quot;:&quot;18&quot;,&quot;credit&quot;:&quot;Martial Acquarone&quot;,&quot;camera&quot;:&quot;NIKON D800&quot;,&quot;caption&quot;:&quot;&quot;,&quot;created_timestamp&quot;:&quot;1696680103&quot;,&quot;copyright&quot;:&quot;CC BY-SA 4.0&quot;,&quot;focal_length&quot;:&quot;38&quot;,&quot;iso&quot;:&quot;400&quot;,&quot;shutter_speed&quot;:&quot;0.003125&quot;,&quot;title&quot;:&quot;&quot;,&quot;orientation&quot;:&quot;0&quot;}\" data-image-title=\"MAR1274\" data-image-description=\"\" data-image-caption=\"\" data-large-file=\"https:\/\/i0.wp.com\/www.altimara.eu\/blog\/wp-content\/uploads\/2023\/10\/MAR1274.jpg?fit=627%2C418&amp;ssl=1\" src=\"https:\/\/i0.wp.com\/www.altimara.eu\/blog\/wp-content\/uploads\/2023\/10\/MAR1274.jpg?resize=627%2C418&#038;ssl=1\" alt=\"\" class=\"wp-image-4174\" srcset=\"https:\/\/i0.wp.com\/www.altimara.eu\/blog\/wp-content\/uploads\/2023\/10\/MAR1274.jpg?resize=1024%2C683&amp;ssl=1 1024w, https:\/\/i0.wp.com\/www.altimara.eu\/blog\/wp-content\/uploads\/2023\/10\/MAR1274.jpg?resize=300%2C200&amp;ssl=1 300w, https:\/\/i0.wp.com\/www.altimara.eu\/blog\/wp-content\/uploads\/2023\/10\/MAR1274.jpg?resize=768%2C513&amp;ssl=1 768w, https:\/\/i0.wp.com\/www.altimara.eu\/blog\/wp-content\/uploads\/2023\/10\/MAR1274.jpg?w=1500&amp;ssl=1 1500w, https:\/\/i0.wp.com\/www.altimara.eu\/blog\/wp-content\/uploads\/2023\/10\/MAR1274.jpg?w=1254&amp;ssl=1 1254w\" sizes=\"auto, (max-width: 627px) 100vw, 627px\" \/><\/figure>\n\n\n\n<p>Emmaillotage fa\u00e7on culotte bavaroise.<\/p>\n\n\n\n<figure class=\"wp-block-image size-large\"><img data-recalc-dims=\"1\" loading=\"lazy\" decoding=\"async\" width=\"627\" height=\"418\" data-attachment-id=\"4175\" data-permalink=\"https:\/\/www.altimara.eu\/blog\/2023\/10\/07\/charbonniere-phase-4\/mar1278\/\" data-orig-file=\"https:\/\/i0.wp.com\/www.altimara.eu\/blog\/wp-content\/uploads\/2023\/10\/MAR1278.jpg?fit=1500%2C1001&amp;ssl=1\" data-orig-size=\"1500,1001\" data-comments-opened=\"1\" data-image-meta=\"{&quot;aperture&quot;:&quot;5.6&quot;,&quot;credit&quot;:&quot;Martial Acquarone&quot;,&quot;camera&quot;:&quot;NIKON D800&quot;,&quot;caption&quot;:&quot;&quot;,&quot;created_timestamp&quot;:&quot;1696691225&quot;,&quot;copyright&quot;:&quot;CC BY-SA 4.0&quot;,&quot;focal_length&quot;:&quot;32&quot;,&quot;iso&quot;:&quot;400&quot;,&quot;shutter_speed&quot;:&quot;0.003125&quot;,&quot;title&quot;:&quot;&quot;,&quot;orientation&quot;:&quot;0&quot;}\" data-image-title=\"MAR1278\" data-image-description=\"\" data-image-caption=\"\" data-large-file=\"https:\/\/i0.wp.com\/www.altimara.eu\/blog\/wp-content\/uploads\/2023\/10\/MAR1278.jpg?fit=627%2C418&amp;ssl=1\" src=\"https:\/\/i0.wp.com\/www.altimara.eu\/blog\/wp-content\/uploads\/2023\/10\/MAR1278.jpg?resize=627%2C418&#038;ssl=1\" alt=\"\" class=\"wp-image-4175\" srcset=\"https:\/\/i0.wp.com\/www.altimara.eu\/blog\/wp-content\/uploads\/2023\/10\/MAR1278.jpg?resize=1024%2C683&amp;ssl=1 1024w, https:\/\/i0.wp.com\/www.altimara.eu\/blog\/wp-content\/uploads\/2023\/10\/MAR1278.jpg?resize=300%2C200&amp;ssl=1 300w, https:\/\/i0.wp.com\/www.altimara.eu\/blog\/wp-content\/uploads\/2023\/10\/MAR1278.jpg?resize=768%2C513&amp;ssl=1 768w, https:\/\/i0.wp.com\/www.altimara.eu\/blog\/wp-content\/uploads\/2023\/10\/MAR1278.jpg?w=1500&amp;ssl=1 1500w, https:\/\/i0.wp.com\/www.altimara.eu\/blog\/wp-content\/uploads\/2023\/10\/MAR1278.jpg?w=1254&amp;ssl=1 1254w\" sizes=\"auto, (max-width: 627px) 100vw, 627px\" \/><\/figure>\n\n\n\n<p>Couverture, les nuits deviennent fraiches , au rebours des journ\u00e9es tellement chaudes dans ce mois d&rsquo;octobre.<\/p>\n\n\n\n<figure class=\"wp-block-image size-large\"><img data-recalc-dims=\"1\" loading=\"lazy\" decoding=\"async\" width=\"627\" height=\"418\" data-attachment-id=\"4176\" data-permalink=\"https:\/\/www.altimara.eu\/blog\/2023\/10\/07\/charbonniere-phase-4\/mar1280\/\" data-orig-file=\"https:\/\/i0.wp.com\/www.altimara.eu\/blog\/wp-content\/uploads\/2023\/10\/MAR1280.jpg?fit=1500%2C1001&amp;ssl=1\" data-orig-size=\"1500,1001\" data-comments-opened=\"1\" data-image-meta=\"{&quot;aperture&quot;:&quot;5.6&quot;,&quot;credit&quot;:&quot;Martial Acquarone&quot;,&quot;camera&quot;:&quot;NIKON D800&quot;,&quot;caption&quot;:&quot;&quot;,&quot;created_timestamp&quot;:&quot;1696700661&quot;,&quot;copyright&quot;:&quot;CC BY-SA 4.0&quot;,&quot;focal_length&quot;:&quot;45&quot;,&quot;iso&quot;:&quot;400&quot;,&quot;shutter_speed&quot;:&quot;0.008&quot;,&quot;title&quot;:&quot;&quot;,&quot;orientation&quot;:&quot;0&quot;}\" data-image-title=\"MAR1280\" data-image-description=\"\" data-image-caption=\"\" data-large-file=\"https:\/\/i0.wp.com\/www.altimara.eu\/blog\/wp-content\/uploads\/2023\/10\/MAR1280.jpg?fit=627%2C418&amp;ssl=1\" src=\"https:\/\/i0.wp.com\/www.altimara.eu\/blog\/wp-content\/uploads\/2023\/10\/MAR1280.jpg?resize=627%2C418&#038;ssl=1\" alt=\"\" class=\"wp-image-4176\" srcset=\"https:\/\/i0.wp.com\/www.altimara.eu\/blog\/wp-content\/uploads\/2023\/10\/MAR1280.jpg?resize=1024%2C683&amp;ssl=1 1024w, https:\/\/i0.wp.com\/www.altimara.eu\/blog\/wp-content\/uploads\/2023\/10\/MAR1280.jpg?resize=300%2C200&amp;ssl=1 300w, https:\/\/i0.wp.com\/www.altimara.eu\/blog\/wp-content\/uploads\/2023\/10\/MAR1280.jpg?resize=768%2C513&amp;ssl=1 768w, https:\/\/i0.wp.com\/www.altimara.eu\/blog\/wp-content\/uploads\/2023\/10\/MAR1280.jpg?w=1500&amp;ssl=1 1500w, https:\/\/i0.wp.com\/www.altimara.eu\/blog\/wp-content\/uploads\/2023\/10\/MAR1280.jpg?w=1254&amp;ssl=1 1254w\" sizes=\"auto, (max-width: 627px) 100vw, 627px\" \/><\/figure>\n\n\n\n<p>Tendinite au bras gauche en vue !!! Dimanche repos du guerrier charbonnier avant d&rsquo;attaquer l&rsquo;allumage lundi.<\/p>\n","protected":false},"excerpt":{"rendered":"<p>Habillage de la dame charbonni\u00e8re, un bel ensemble couleur or. Emmaillotage fa\u00e7on culotte bavaroise. Couverture, les nuits deviennent fraiches , au rebours des journ\u00e9es tellement chaudes dans ce mois d&rsquo;octobre. Tendinite au bras gauche en vue !!! Dimanche repos du guerrier charbonnier avant d&rsquo;attaquer l&rsquo;allumage lundi.<\/p>\n","protected":false},"author":3,"featured_media":0,"comment_status":"open","ping_status":"open","sticky":false,"template":"","format":"standard","meta":{"ngg_post_thumbnail":0,"jetpack_post_was_ever_published":false,"_jetpack_newsletter_access":"","_jetpack_dont_email_post_to_subs":false,"_jetpack_newsletter_tier_id":0,"_jetpack_memberships_contains_paywalled_content":false,"_jetpack_memberships_contains_paid_content":false,"footnotes":"","jetpack_publicize_message":"","jetpack_publicize_feature_enabled":true,"jetpack_social_post_already_shared":true,"jetpack_social_options":{"image_generator_settings":{"template":"highway","default_image_id":0,"font":"","enabled":false},"version":2}},"categories":[65,103],"tags":[12,18],"class_list":["post-4173","post","type-post","status-publish","format-standard","hentry","category-mes-charbonnieres","category-charbonnier-en-france","tag-charbonniere","tag-garrigue"],"jetpack_publicize_connections":[],"jetpack_featured_media_url":"","jetpack_shortlink":"https:\/\/wp.me\/p4r91c-15j","jetpack_sharing_enabled":true,"jetpack-related-posts":[{"id":1209,"url":"https:\/\/www.altimara.eu\/blog\/2015\/02\/17\/village-charbonnieres\/","url_meta":{"origin":4173,"position":0},"title":"Village Charbonni\u00e8res","author":"Martiou","date":"17 f\u00e9vrier 2015","format":false,"excerpt":"Un petit tour de France des villages ou lieux dit \"charbonni\u00e8res\" ou assimil\u00e9s. Commen\u00e7ons par un petit village dont les habitants ont la chance de s'appeler Charbonnier et Charbonni\u00e8re. Charbonni\u00e8res\u00a0est un petit village fran\u00e7ais, situ\u00e9 dans\u00a0le d\u00e9partement d'Eure-et-Loir\u00a0et\u00a0la r\u00e9gion du Centre. Ses habitants sont appel\u00e9s les Charbonniers et les Charbonni\u00e8res.La\u2026","rel":"","context":"Dans &quot;Autre&quot;","block_context":{"text":"Autre","link":"https:\/\/www.altimara.eu\/blog\/category\/autre\/"},"img":{"alt_text":"panneau-charbonnieres-71","src":"https:\/\/i0.wp.com\/www.altimara.eu\/blog\/wp-content\/uploads\/2015\/02\/panneau-charbonnieres-71.png?resize=350%2C200&ssl=1","width":350,"height":200},"classes":[]},{"id":4178,"url":"https:\/\/www.altimara.eu\/blog\/2023\/10\/08\/charbonniere-belle-de-jour\/","url_meta":{"origin":4173,"position":1},"title":"Charbonni\u00e8re, belle de jour !","author":"Martiou","date":"8 octobre 2023","format":false,"excerpt":"Finalement je suis revenu aupr\u00e8s de ma charbonni\u00e8re pour am\u00e9liorer sa robe-jupe. Collection automne - \u00e9t\u00e9 indien !","rel":"","context":"Dans &quot;0- MES CHARBONNI\u00c8RES&quot;","block_context":{"text":"0- MES CHARBONNI\u00c8RES","link":"https:\/\/www.altimara.eu\/blog\/category\/mes-charbonnieres\/"},"img":{"alt_text":"","src":"https:\/\/i0.wp.com\/www.altimara.eu\/blog\/wp-content\/uploads\/2023\/10\/MAR1290.jpg?resize=350%2C200&ssl=1","width":350,"height":200,"srcset":"https:\/\/i0.wp.com\/www.altimara.eu\/blog\/wp-content\/uploads\/2023\/10\/MAR1290.jpg?resize=350%2C200&ssl=1 1x, https:\/\/i0.wp.com\/www.altimara.eu\/blog\/wp-content\/uploads\/2023\/10\/MAR1290.jpg?resize=525%2C300&ssl=1 1.5x, https:\/\/i0.wp.com\/www.altimara.eu\/blog\/wp-content\/uploads\/2023\/10\/MAR1290.jpg?resize=700%2C400&ssl=1 2x, https:\/\/i0.wp.com\/www.altimara.eu\/blog\/wp-content\/uploads\/2023\/10\/MAR1290.jpg?resize=1050%2C600&ssl=1 3x, https:\/\/i0.wp.com\/www.altimara.eu\/blog\/wp-content\/uploads\/2023\/10\/MAR1290.jpg?resize=1400%2C800&ssl=1 4x"},"classes":[]},{"id":1838,"url":"https:\/\/www.altimara.eu\/blog\/2016\/10\/15\/village-charbonnieres-2\/","url_meta":{"origin":4173,"position":2},"title":"Villages Charbonni\u00e8res","author":"Martiou","date":"15 octobre 2016","format":false,"excerpt":"Dans le post (article) \"https:\/\/www.altimara.eu\/blog\/?p=1209\", j'ai pr\u00e9sent\u00e9 le village Charbonni\u00e8res dont les heureux habitants se nomment Charbonnier (i\u00e8re). Il y a en France plusieurs villages portant ce nom: Charbonni\u00e8res, est un petit village fran\u00e7ais, situ\u00e9 dans le d\u00e9partement d'Eure-et-Loir et la r\u00e9gion du Centre-Val de Loire. Ses habitants sont appel\u00e9s\u2026","rel":"","context":"Dans &quot;Autre&quot;","block_context":{"text":"Autre","link":"https:\/\/www.altimara.eu\/blog\/category\/autre\/"},"img":{"alt_text":"pohkpoogefedqp7-725-220","src":"https:\/\/i0.wp.com\/www.altimara.eu\/blog\/wp-content\/uploads\/2016\/09\/pohkpoogefedqp7-725-220.jpg?resize=350%2C200","width":350,"height":200,"srcset":"https:\/\/i0.wp.com\/www.altimara.eu\/blog\/wp-content\/uploads\/2016\/09\/pohkpoogefedqp7-725-220.jpg?resize=350%2C200 1x, https:\/\/i0.wp.com\/www.altimara.eu\/blog\/wp-content\/uploads\/2016\/09\/pohkpoogefedqp7-725-220.jpg?resize=525%2C300 1.5x, https:\/\/i0.wp.com\/www.altimara.eu\/blog\/wp-content\/uploads\/2016\/09\/pohkpoogefedqp7-725-220.jpg?resize=700%2C400 2x"},"classes":[]},{"id":3735,"url":"https:\/\/www.altimara.eu\/blog\/2021\/10\/20\/charbonniere-hollande-3\/","url_meta":{"origin":4173,"position":3},"title":"Charbonni\u00e8re Hollande","author":"Martiou","date":"20 octobre 2021","format":false,"excerpt":"Photo Peter Van Hoeflaken","rel":"","context":"Dans &quot;0- MES CHARBONNI\u00c8RES&quot;","block_context":{"text":"0- MES CHARBONNI\u00c8RES","link":"https:\/\/www.altimara.eu\/blog\/category\/mes-charbonnieres\/"},"img":{"alt_text":"","src":"https:\/\/i0.wp.com\/www.altimara.eu\/blog\/wp-content\/uploads\/2021\/10\/20211015_193120-scaled.jpg?resize=350%2C200&ssl=1","width":350,"height":200,"srcset":"https:\/\/i0.wp.com\/www.altimara.eu\/blog\/wp-content\/uploads\/2021\/10\/20211015_193120-scaled.jpg?resize=350%2C200&ssl=1 1x, https:\/\/i0.wp.com\/www.altimara.eu\/blog\/wp-content\/uploads\/2021\/10\/20211015_193120-scaled.jpg?resize=525%2C300&ssl=1 1.5x, https:\/\/i0.wp.com\/www.altimara.eu\/blog\/wp-content\/uploads\/2021\/10\/20211015_193120-scaled.jpg?resize=700%2C400&ssl=1 2x, https:\/\/i0.wp.com\/www.altimara.eu\/blog\/wp-content\/uploads\/2021\/10\/20211015_193120-scaled.jpg?resize=1050%2C600&ssl=1 3x, https:\/\/i0.wp.com\/www.altimara.eu\/blog\/wp-content\/uploads\/2021\/10\/20211015_193120-scaled.jpg?resize=1400%2C800&ssl=1 4x"},"classes":[]},{"id":805,"url":"https:\/\/www.altimara.eu\/blog\/2014\/03\/30\/festival-des-charbonnieres-8\/","url_meta":{"origin":4173,"position":4},"title":"Festival des charbonni\u00e8res","author":"Martiou","date":"30 mars 2014","format":false,"excerpt":"Montage de la charbonni\u00e8re, d'un petit volume car je n'ai que 2 jours et demi de disponible pour la cuisson.","rel":"","context":"Dans &quot;1 Festival charbonni\u00e8res LO GAROU&quot;","block_context":{"text":"1 Festival charbonni\u00e8res LO GAROU","link":"https:\/\/www.altimara.eu\/blog\/category\/1-festival-charbonnieres-lo-garou\/"},"img":{"alt_text":"titre-noir","src":"https:\/\/i0.wp.com\/www.altimara.eu\/blog\/wp-content\/uploads\/2014\/02\/titre-noir2.jpg?resize=350%2C200","width":350,"height":200},"classes":[]},{"id":819,"url":"https:\/\/www.altimara.eu\/blog\/2014\/04\/10\/festival-des-charbonnieres-10\/","url_meta":{"origin":4173,"position":5},"title":"Festival des charbonni\u00e8res","author":"Martiou","date":"10 avril 2014","format":false,"excerpt":"Une jolie petite meule a carboniser. Le vent, fort les 2 premiers jours, a un peu perturb\u00e9 l'\u00e9quilibre en activant la carbonisation d'un cot\u00e9. La cuisson a continu\u00e9 tranquillement \u00e0 petit feu. L'ensemble semble bon et je l'ai \u00e9teinte dimanche soir. La charbonni\u00e8re 2014 prend le doux nom de \"Calinette\".","rel":"","context":"Dans &quot;1 Festival charbonni\u00e8res LO GAROU&quot;","block_context":{"text":"1 Festival charbonni\u00e8res LO GAROU","link":"https:\/\/www.altimara.eu\/blog\/category\/1-festival-charbonnieres-lo-garou\/"},"img":{"alt_text":"titre-noir","src":"https:\/\/i0.wp.com\/www.altimara.eu\/blog\/wp-content\/uploads\/2014\/02\/titre-noir2.jpg?resize=350%2C200","width":350,"height":200},"classes":[]}],"_links":{"self":[{"href":"https:\/\/www.altimara.eu\/blog\/wp-json\/wp\/v2\/posts\/4173","targetHints":{"allow":["GET"]}}],"collection":[{"href":"https:\/\/www.altimara.eu\/blog\/wp-json\/wp\/v2\/posts"}],"about":[{"href":"https:\/\/www.altimara.eu\/blog\/wp-json\/wp\/v2\/types\/post"}],"author":[{"embeddable":true,"href":"https:\/\/www.altimara.eu\/blog\/wp-json\/wp\/v2\/users\/3"}],"replies":[{"embeddable":true,"href":"https:\/\/www.altimara.eu\/blog\/wp-json\/wp\/v2\/comments?post=4173"}],"version-history":[{"count":0,"href":"https:\/\/www.altimara.eu\/blog\/wp-json\/wp\/v2\/posts\/4173\/revisions"}],"wp:attachment":[{"href":"https:\/\/www.altimara.eu\/blog\/wp-json\/wp\/v2\/media?parent=4173"}],"wp:term":[{"taxonomy":"category","embeddable":true,"href":"https:\/\/www.altimara.eu\/blog\/wp-json\/wp\/v2\/categories?post=4173"},{"taxonomy":"post_tag","embeddable":true,"href":"https:\/\/www.altimara.eu\/blog\/wp-json\/wp\/v2\/tags?post=4173"}],"curies":[{"name":"wp","href":"https:\/\/api.w.org\/{rel}","templated":true}]}}