{"id":4166,"date":"2023-10-06T22:19:44","date_gmt":"2023-10-06T21:19:44","guid":{"rendered":"https:\/\/www.altimara.eu\/blog\/?p=4166"},"modified":"2023-10-06T22:20:43","modified_gmt":"2023-10-06T21:20:43","slug":"charbonniere-en-cours","status":"publish","type":"post","link":"https:\/\/www.altimara.eu\/blog\/2023\/10\/06\/charbonniere-en-cours\/","title":{"rendered":"Charbonni\u00e8re en cours"},"content":{"rendered":"\n<p>Nous avons, Arthur, Simon et moi, mont\u00e9 la meule de bois. Mais avant tout j&rsquo;ai voulu mettre des branches au sol pour isoler le bois de la terre. Cette terre de la faulde est souple et les rondins de bois s&rsquo;enfoncent un petit peu. Du coup la cuisson pourrai \u00eatre mauvaise \u00e0 cet endroit et provoquer de nombreux incuits.<\/p>\n\n\n<div class=\"wp-block-image\">\n<figure class=\"aligncenter size-large\"><img data-recalc-dims=\"1\" loading=\"lazy\" decoding=\"async\" width=\"627\" height=\"418\" data-attachment-id=\"4167\" data-permalink=\"https:\/\/www.altimara.eu\/blog\/2023\/10\/06\/charbonniere-en-cours\/mar1255\/\" data-orig-file=\"https:\/\/i0.wp.com\/www.altimara.eu\/blog\/wp-content\/uploads\/2023\/10\/MAR1255.jpg?fit=1500%2C1001&amp;ssl=1\" data-orig-size=\"1500,1001\" data-comments-opened=\"1\" data-image-meta=\"{&quot;aperture&quot;:&quot;9&quot;,&quot;credit&quot;:&quot;Martial Acquarone&quot;,&quot;camera&quot;:&quot;NIKON D800&quot;,&quot;caption&quot;:&quot;&quot;,&quot;created_timestamp&quot;:&quot;1696588330&quot;,&quot;copyright&quot;:&quot;CC BY-SA 4.0&quot;,&quot;focal_length&quot;:&quot;32&quot;,&quot;iso&quot;:&quot;640&quot;,&quot;shutter_speed&quot;:&quot;0.000625&quot;,&quot;title&quot;:&quot;&quot;,&quot;orientation&quot;:&quot;0&quot;}\" data-image-title=\"MAR1255\" data-image-description=\"\" data-image-caption=\"\" data-large-file=\"https:\/\/i0.wp.com\/www.altimara.eu\/blog\/wp-content\/uploads\/2023\/10\/MAR1255.jpg?fit=627%2C418&amp;ssl=1\" src=\"https:\/\/i0.wp.com\/www.altimara.eu\/blog\/wp-content\/uploads\/2023\/10\/MAR1255.jpg?resize=627%2C418&#038;ssl=1\" alt=\"\" class=\"wp-image-4167\" srcset=\"https:\/\/i0.wp.com\/www.altimara.eu\/blog\/wp-content\/uploads\/2023\/10\/MAR1255.jpg?resize=1024%2C683&amp;ssl=1 1024w, https:\/\/i0.wp.com\/www.altimara.eu\/blog\/wp-content\/uploads\/2023\/10\/MAR1255.jpg?resize=300%2C200&amp;ssl=1 300w, https:\/\/i0.wp.com\/www.altimara.eu\/blog\/wp-content\/uploads\/2023\/10\/MAR1255.jpg?resize=768%2C513&amp;ssl=1 768w, https:\/\/i0.wp.com\/www.altimara.eu\/blog\/wp-content\/uploads\/2023\/10\/MAR1255.jpg?w=1500&amp;ssl=1 1500w, https:\/\/i0.wp.com\/www.altimara.eu\/blog\/wp-content\/uploads\/2023\/10\/MAR1255.jpg?w=1254&amp;ssl=1 1254w\" sizes=\"auto, (max-width: 627px) 100vw, 627px\" \/><figcaption class=\"wp-element-caption\">Mikado g\u00e9ant.<\/figcaption><\/figure>\n<\/div>\n\n<div class=\"wp-block-image\">\n<figure class=\"aligncenter size-large\"><img data-recalc-dims=\"1\" loading=\"lazy\" decoding=\"async\" width=\"627\" height=\"418\" data-attachment-id=\"4168\" data-permalink=\"https:\/\/www.altimara.eu\/blog\/2023\/10\/06\/charbonniere-en-cours\/mar1260\/\" data-orig-file=\"https:\/\/i0.wp.com\/www.altimara.eu\/blog\/wp-content\/uploads\/2023\/10\/MAR1260.jpg?fit=1500%2C1001&amp;ssl=1\" data-orig-size=\"1500,1001\" data-comments-opened=\"1\" data-image-meta=\"{&quot;aperture&quot;:&quot;14&quot;,&quot;credit&quot;:&quot;Martial Acquarone&quot;,&quot;camera&quot;:&quot;NIKON D800&quot;,&quot;caption&quot;:&quot;&quot;,&quot;created_timestamp&quot;:&quot;1696590684&quot;,&quot;copyright&quot;:&quot;CC BY-SA 4.0&quot;,&quot;focal_length&quot;:&quot;31&quot;,&quot;iso&quot;:&quot;400&quot;,&quot;shutter_speed&quot;:&quot;0.0025&quot;,&quot;title&quot;:&quot;&quot;,&quot;orientation&quot;:&quot;0&quot;}\" data-image-title=\"MAR1260\" data-image-description=\"\" data-image-caption=\"\" data-large-file=\"https:\/\/i0.wp.com\/www.altimara.eu\/blog\/wp-content\/uploads\/2023\/10\/MAR1260.jpg?fit=627%2C418&amp;ssl=1\" src=\"https:\/\/i0.wp.com\/www.altimara.eu\/blog\/wp-content\/uploads\/2023\/10\/MAR1260.jpg?resize=627%2C418&#038;ssl=1\" alt=\"\" class=\"wp-image-4168\" srcset=\"https:\/\/i0.wp.com\/www.altimara.eu\/blog\/wp-content\/uploads\/2023\/10\/MAR1260.jpg?resize=1024%2C683&amp;ssl=1 1024w, https:\/\/i0.wp.com\/www.altimara.eu\/blog\/wp-content\/uploads\/2023\/10\/MAR1260.jpg?resize=300%2C200&amp;ssl=1 300w, https:\/\/i0.wp.com\/www.altimara.eu\/blog\/wp-content\/uploads\/2023\/10\/MAR1260.jpg?resize=768%2C513&amp;ssl=1 768w, https:\/\/i0.wp.com\/www.altimara.eu\/blog\/wp-content\/uploads\/2023\/10\/MAR1260.jpg?w=1500&amp;ssl=1 1500w, https:\/\/i0.wp.com\/www.altimara.eu\/blog\/wp-content\/uploads\/2023\/10\/MAR1260.jpg?w=1254&amp;ssl=1 1254w\" sizes=\"auto, (max-width: 627px) 100vw, 627px\" \/><\/figure>\n<\/div>\n\n\n<p>L&rsquo;apprentissage est dur mais passionnant. Le jeux de kapla en grandeur r\u00e9elle. Le bois n&rsquo;est pas optimum pour ce genre de r\u00e9alisation. Trop tordu et gros, faut jouer pour \u00e9quilibrer la pyramide.<\/p>\n\n\n<div class=\"wp-block-image\">\n<figure class=\"aligncenter size-large\"><img data-recalc-dims=\"1\" loading=\"lazy\" decoding=\"async\" width=\"627\" height=\"418\" data-attachment-id=\"4169\" data-permalink=\"https:\/\/www.altimara.eu\/blog\/2023\/10\/06\/charbonniere-en-cours\/mar1262\/\" data-orig-file=\"https:\/\/i0.wp.com\/www.altimara.eu\/blog\/wp-content\/uploads\/2023\/10\/MAR1262.jpg?fit=1500%2C1001&amp;ssl=1\" data-orig-size=\"1500,1001\" data-comments-opened=\"1\" data-image-meta=\"{&quot;aperture&quot;:&quot;14&quot;,&quot;credit&quot;:&quot;Martial Acquarone&quot;,&quot;camera&quot;:&quot;NIKON D800&quot;,&quot;caption&quot;:&quot;&quot;,&quot;created_timestamp&quot;:&quot;1696590759&quot;,&quot;copyright&quot;:&quot;CC BY-SA 4.0&quot;,&quot;focal_length&quot;:&quot;58&quot;,&quot;iso&quot;:&quot;400&quot;,&quot;shutter_speed&quot;:&quot;0.004&quot;,&quot;title&quot;:&quot;&quot;,&quot;orientation&quot;:&quot;0&quot;}\" data-image-title=\"MAR1262\" data-image-description=\"\" data-image-caption=\"\" data-large-file=\"https:\/\/i0.wp.com\/www.altimara.eu\/blog\/wp-content\/uploads\/2023\/10\/MAR1262.jpg?fit=627%2C418&amp;ssl=1\" src=\"https:\/\/i0.wp.com\/www.altimara.eu\/blog\/wp-content\/uploads\/2023\/10\/MAR1262.jpg?resize=627%2C418&#038;ssl=1\" alt=\"\" class=\"wp-image-4169\" srcset=\"https:\/\/i0.wp.com\/www.altimara.eu\/blog\/wp-content\/uploads\/2023\/10\/MAR1262.jpg?resize=1024%2C683&amp;ssl=1 1024w, https:\/\/i0.wp.com\/www.altimara.eu\/blog\/wp-content\/uploads\/2023\/10\/MAR1262.jpg?resize=300%2C200&amp;ssl=1 300w, https:\/\/i0.wp.com\/www.altimara.eu\/blog\/wp-content\/uploads\/2023\/10\/MAR1262.jpg?resize=768%2C513&amp;ssl=1 768w, https:\/\/i0.wp.com\/www.altimara.eu\/blog\/wp-content\/uploads\/2023\/10\/MAR1262.jpg?w=1500&amp;ssl=1 1500w, https:\/\/i0.wp.com\/www.altimara.eu\/blog\/wp-content\/uploads\/2023\/10\/MAR1262.jpg?w=1254&amp;ssl=1 1254w\" sizes=\"auto, (max-width: 627px) 100vw, 627px\" \/><\/figure>\n<\/div>\n\n\n<p>Finalement nous nous en sortons pas mal.<\/p>\n\n\n<div class=\"wp-block-image\">\n<figure class=\"aligncenter size-large\"><img data-recalc-dims=\"1\" loading=\"lazy\" decoding=\"async\" width=\"627\" height=\"418\" data-attachment-id=\"4170\" data-permalink=\"https:\/\/www.altimara.eu\/blog\/2023\/10\/06\/charbonniere-en-cours\/mar1270\/\" data-orig-file=\"https:\/\/i0.wp.com\/www.altimara.eu\/blog\/wp-content\/uploads\/2023\/10\/MAR1270.jpg?fit=1500%2C1001&amp;ssl=1\" data-orig-size=\"1500,1001\" data-comments-opened=\"1\" data-image-meta=\"{&quot;aperture&quot;:&quot;5.6&quot;,&quot;credit&quot;:&quot;Martial Acquarone&quot;,&quot;camera&quot;:&quot;NIKON D800&quot;,&quot;caption&quot;:&quot;&quot;,&quot;created_timestamp&quot;:&quot;1696603841&quot;,&quot;copyright&quot;:&quot;CC BY-SA 4.0&quot;,&quot;focal_length&quot;:&quot;62&quot;,&quot;iso&quot;:&quot;400&quot;,&quot;shutter_speed&quot;:&quot;0.005&quot;,&quot;title&quot;:&quot;&quot;,&quot;orientation&quot;:&quot;0&quot;}\" data-image-title=\"MAR1270\" data-image-description=\"\" data-image-caption=\"\" data-large-file=\"https:\/\/i0.wp.com\/www.altimara.eu\/blog\/wp-content\/uploads\/2023\/10\/MAR1270.jpg?fit=627%2C418&amp;ssl=1\" src=\"https:\/\/i0.wp.com\/www.altimara.eu\/blog\/wp-content\/uploads\/2023\/10\/MAR1270.jpg?resize=627%2C418&#038;ssl=1\" alt=\"\" class=\"wp-image-4170\" srcset=\"https:\/\/i0.wp.com\/www.altimara.eu\/blog\/wp-content\/uploads\/2023\/10\/MAR1270.jpg?resize=1024%2C683&amp;ssl=1 1024w, https:\/\/i0.wp.com\/www.altimara.eu\/blog\/wp-content\/uploads\/2023\/10\/MAR1270.jpg?resize=300%2C200&amp;ssl=1 300w, https:\/\/i0.wp.com\/www.altimara.eu\/blog\/wp-content\/uploads\/2023\/10\/MAR1270.jpg?resize=768%2C513&amp;ssl=1 768w, https:\/\/i0.wp.com\/www.altimara.eu\/blog\/wp-content\/uploads\/2023\/10\/MAR1270.jpg?w=1500&amp;ssl=1 1500w, https:\/\/i0.wp.com\/www.altimara.eu\/blog\/wp-content\/uploads\/2023\/10\/MAR1270.jpg?w=1254&amp;ssl=1 1254w\" sizes=\"auto, (max-width: 627px) 100vw, 627px\" \/><figcaption class=\"wp-element-caption\">6 m3 ou st\u00e8res.<\/figcaption><\/figure>\n<\/div>\n\n\n<p>Demain paille et terre&#8230;<\/p>\n","protected":false},"excerpt":{"rendered":"<p>Nous avons, Arthur, Simon et moi, mont\u00e9 la meule de bois. Mais avant tout j&rsquo;ai voulu mettre des branches au sol pour isoler le bois de la terre. Cette terre de la faulde est souple et les rondins de bois s&rsquo;enfoncent un petit peu. Du coup la cuisson pourrai \u00eatre mauvaise \u00e0 cet endroit et [&hellip;]<\/p>\n","protected":false},"author":3,"featured_media":0,"comment_status":"open","ping_status":"open","sticky":false,"template":"","format":"standard","meta":{"ngg_post_thumbnail":0,"jetpack_post_was_ever_published":false,"_jetpack_newsletter_access":"","_jetpack_dont_email_post_to_subs":false,"_jetpack_newsletter_tier_id":0,"_jetpack_memberships_contains_paywalled_content":false,"_jetpack_memberships_contains_paid_content":false,"footnotes":"","jetpack_publicize_message":"","jetpack_publicize_feature_enabled":true,"jetpack_social_post_already_shared":true,"jetpack_social_options":{"image_generator_settings":{"template":"highway","default_image_id":0,"font":"","enabled":false},"version":2}},"categories":[65,103],"tags":[12,18],"class_list":["post-4166","post","type-post","status-publish","format-standard","hentry","category-mes-charbonnieres","category-charbonnier-en-france","tag-charbonniere","tag-garrigue"],"jetpack_publicize_connections":[],"jetpack_featured_media_url":"","jetpack_shortlink":"https:\/\/wp.me\/p4r91c-15c","jetpack_sharing_enabled":true,"jetpack-related-posts":[{"id":2647,"url":"https:\/\/www.altimara.eu\/blog\/2018\/02\/25\/charbonniere-et-quad-tragenaires\/","url_meta":{"origin":4166,"position":0},"title":"Charbonni\u00e8re et quad-trag\u00e9naires&#8230;","author":"Martiou","date":"25 f\u00e9vrier 2018","format":false,"excerpt":"Belle s\u00e9ance de travail, arm\u00e9 d'un quad puissant et d'une remorque nous avons pu monter 3 st\u00e8res de bois et une remorque de terre. La terre est l'\u00e9l\u00e9ment le plus difficile \u00e0 trouver sur place dans cet environnement min\u00e9ral. J'ai \u00e0 disposition un volume qui reste des pr\u00e9c\u00e9dentes charbonni\u00e8res mais\u2026","rel":"","context":"Dans &quot;Charbon de bois&quot;","block_context":{"text":"Charbon de bois","link":"https:\/\/www.altimara.eu\/blog\/category\/charbon-de-bois-carbon-art\/"},"img":{"alt_text":"","src":"https:\/\/i0.wp.com\/www.altimara.eu\/blog\/wp-content\/uploads\/2018\/02\/MAR5094.jpg?resize=350%2C200","width":350,"height":200,"srcset":"https:\/\/i0.wp.com\/www.altimara.eu\/blog\/wp-content\/uploads\/2018\/02\/MAR5094.jpg?resize=350%2C200 1x, https:\/\/i0.wp.com\/www.altimara.eu\/blog\/wp-content\/uploads\/2018\/02\/MAR5094.jpg?resize=525%2C300 1.5x, https:\/\/i0.wp.com\/www.altimara.eu\/blog\/wp-content\/uploads\/2018\/02\/MAR5094.jpg?resize=700%2C400 2x"},"classes":[]},{"id":4649,"url":"https:\/\/www.altimara.eu\/blog\/2025\/09\/26\/cambous-charbonniere\/","url_meta":{"origin":4166,"position":1},"title":"Cambous charbonni\u00e8re","author":"Martiou","date":"26 septembre 2025","format":false,"excerpt":"2 jours intenses de travail pour remettre en ordre la faulde, l'emplacement de la meule charbonni\u00e8re. Premier jour, la terre toujours aussi argileuse s'est compact\u00e9e. Les pioches ont du mal a rentrer dedans. Et petit \u00e0 petit, apr\u00e8s le d\u00e9sherbage, nous arrivons \u00e0 former le cercle de terre tout autour.\u2026","rel":"","context":"Dans &quot;0- MES CHARBONNI\u00c8RES&quot;","block_context":{"text":"0- MES CHARBONNI\u00c8RES","link":"https:\/\/www.altimara.eu\/blog\/category\/mes-charbonnieres\/"},"img":{"alt_text":"","src":"https:\/\/i0.wp.com\/www.altimara.eu\/blog\/wp-content\/uploads\/2025\/09\/IMG_20250925_143916.jpg?resize=350%2C200&ssl=1","width":350,"height":200,"srcset":"https:\/\/i0.wp.com\/www.altimara.eu\/blog\/wp-content\/uploads\/2025\/09\/IMG_20250925_143916.jpg?resize=350%2C200&ssl=1 1x, https:\/\/i0.wp.com\/www.altimara.eu\/blog\/wp-content\/uploads\/2025\/09\/IMG_20250925_143916.jpg?resize=525%2C300&ssl=1 1.5x, https:\/\/i0.wp.com\/www.altimara.eu\/blog\/wp-content\/uploads\/2025\/09\/IMG_20250925_143916.jpg?resize=700%2C400&ssl=1 2x, https:\/\/i0.wp.com\/www.altimara.eu\/blog\/wp-content\/uploads\/2025\/09\/IMG_20250925_143916.jpg?resize=1050%2C600&ssl=1 3x, https:\/\/i0.wp.com\/www.altimara.eu\/blog\/wp-content\/uploads\/2025\/09\/IMG_20250925_143916.jpg?resize=1400%2C800&ssl=1 4x"},"classes":[]},{"id":4148,"url":"https:\/\/www.altimara.eu\/blog\/2023\/10\/04\/charbonniere-a-lancienne\/","url_meta":{"origin":4166,"position":2},"title":"Charbonni\u00e8re \u00e0 l&rsquo;ancienne","author":"Martiou","date":"4 octobre 2023","format":false,"excerpt":"La charbonni\u00e8re que je vais conduire \u00e0 Cambous \u00e0 toutes les allures du \"comme avant\". Bien que cela se passe dans les journ\u00e9es de l'arch\u00e9ologie, plut\u00f4t orient\u00e9es protohistoire, cette forme de charbonni\u00e8re en meule correspond aux p\u00e9riodes antiques (\u00e0 confirmer) et m\u00e9di\u00e9vales. Il serai int\u00e9ressant d'approfondir la r\u00e9flexion de toutes\u2026","rel":"","context":"Dans &quot;0- MES CHARBONNI\u00c8RES&quot;","block_context":{"text":"0- MES CHARBONNI\u00c8RES","link":"https:\/\/www.altimara.eu\/blog\/category\/mes-charbonnieres\/"},"img":{"alt_text":"","src":"https:\/\/i0.wp.com\/www.altimara.eu\/blog\/wp-content\/uploads\/2023\/10\/carte-generale.jpg?resize=350%2C200&ssl=1","width":350,"height":200,"srcset":"https:\/\/i0.wp.com\/www.altimara.eu\/blog\/wp-content\/uploads\/2023\/10\/carte-generale.jpg?resize=350%2C200&ssl=1 1x, https:\/\/i0.wp.com\/www.altimara.eu\/blog\/wp-content\/uploads\/2023\/10\/carte-generale.jpg?resize=525%2C300&ssl=1 1.5x, https:\/\/i0.wp.com\/www.altimara.eu\/blog\/wp-content\/uploads\/2023\/10\/carte-generale.jpg?resize=700%2C400&ssl=1 2x"},"classes":[]},{"id":4159,"url":"https:\/\/www.altimara.eu\/blog\/2023\/10\/05\/charbonniere-de-lou-cambous\/","url_meta":{"origin":4166,"position":3},"title":"Charbonni\u00e8re de lou Cambous","author":"Martiou","date":"5 octobre 2023","format":false,"excerpt":"Aujourd'hui a \u00e9tait le jour des travaux les plus \u00e9reintants. Agrandissement de la faulde. Avec un niveau et un bastain comme pour du b\u00e9ton. Av\u00e9 le caritou...trois pierres au centre, tradition. Livraison de 6 st\u00e8res de ch\u00eanes verts, environ 4 T, voire un peu plus. C'est C\u00e9dric Lavabre de Sainte-Croix-De-Quintillargues\u2026","rel":"","context":"Dans &quot;0- MES CHARBONNI\u00c8RES&quot;","block_context":{"text":"0- MES CHARBONNI\u00c8RES","link":"https:\/\/www.altimara.eu\/blog\/category\/mes-charbonnieres\/"},"img":{"alt_text":"","src":"https:\/\/i0.wp.com\/www.altimara.eu\/blog\/wp-content\/uploads\/2023\/10\/MA5_2807.jpg?resize=350%2C200&ssl=1","width":350,"height":200,"srcset":"https:\/\/i0.wp.com\/www.altimara.eu\/blog\/wp-content\/uploads\/2023\/10\/MA5_2807.jpg?resize=350%2C200&ssl=1 1x, https:\/\/i0.wp.com\/www.altimara.eu\/blog\/wp-content\/uploads\/2023\/10\/MA5_2807.jpg?resize=525%2C300&ssl=1 1.5x, https:\/\/i0.wp.com\/www.altimara.eu\/blog\/wp-content\/uploads\/2023\/10\/MA5_2807.jpg?resize=700%2C400&ssl=1 2x, https:\/\/i0.wp.com\/www.altimara.eu\/blog\/wp-content\/uploads\/2023\/10\/MA5_2807.jpg?resize=1050%2C600&ssl=1 3x, https:\/\/i0.wp.com\/www.altimara.eu\/blog\/wp-content\/uploads\/2023\/10\/MA5_2807.jpg?resize=1400%2C800&ssl=1 4x"},"classes":[]},{"id":3722,"url":"https:\/\/www.altimara.eu\/blog\/2021\/10\/16\/charbonniere-hollande\/","url_meta":{"origin":4166,"position":4},"title":"Charbonni\u00e8re Hollande","author":"Martiou","date":"16 octobre 2021","format":false,"excerpt":"Superbe accueil par Paul Klaasen \u00e0 Ulft, \u00e0 l'est de la Hollande. Nous avons pos\u00e9 notre campement dans un champs, entre une ferme et une friche industrielle transform\u00e9e en lieu d'art. Des lapins gambadent dans l'herbe fraiche, des h\u00e9rons cherchent le vers de terre et des faucons font le saint\u2026","rel":"","context":"Dans &quot;0- MES CHARBONNI\u00c8RES&quot;","block_context":{"text":"0- MES CHARBONNI\u00c8RES","link":"https:\/\/www.altimara.eu\/blog\/category\/mes-charbonnieres\/"},"img":{"alt_text":"","src":"https:\/\/i0.wp.com\/www.altimara.eu\/blog\/wp-content\/uploads\/2021\/10\/MAR7758.jpg?resize=350%2C200&ssl=1","width":350,"height":200,"srcset":"https:\/\/i0.wp.com\/www.altimara.eu\/blog\/wp-content\/uploads\/2021\/10\/MAR7758.jpg?resize=350%2C200&ssl=1 1x, https:\/\/i0.wp.com\/www.altimara.eu\/blog\/wp-content\/uploads\/2021\/10\/MAR7758.jpg?resize=525%2C300&ssl=1 1.5x, https:\/\/i0.wp.com\/www.altimara.eu\/blog\/wp-content\/uploads\/2021\/10\/MAR7758.jpg?resize=700%2C400&ssl=1 2x, https:\/\/i0.wp.com\/www.altimara.eu\/blog\/wp-content\/uploads\/2021\/10\/MAR7758.jpg?resize=1050%2C600&ssl=1 3x, https:\/\/i0.wp.com\/www.altimara.eu\/blog\/wp-content\/uploads\/2021\/10\/MAR7758.jpg?resize=1400%2C800&ssl=1 4x"},"classes":[]},{"id":4532,"url":"https:\/\/www.altimara.eu\/blog\/2024\/10\/10\/charbonniere-archeologique\/","url_meta":{"origin":4166,"position":5},"title":"Charbonni\u00e8re arch\u00e9ologique","author":"Martiou","date":"10 octobre 2024","format":false,"excerpt":"10 jours au site du village n\u00e9olithique de Cambous \u00e0 Viols-En-Laval. Tout a commenc\u00e9 avec la remise en \u00e9tat de l'aire de charbonnage et Fr\u00e9d\u00e9ric l'employ\u00e9 communal du village, qu'il soit remerci\u00e9 mille fois, est all\u00e9 chercher de la terre. Merci aussi \u00e0 Laurent Salvi, neveu de mon maitre charbonnier\u2026","rel":"","context":"Dans &quot;0- MES CHARBONNI\u00c8RES&quot;","block_context":{"text":"0- MES CHARBONNI\u00c8RES","link":"https:\/\/www.altimara.eu\/blog\/category\/mes-charbonnieres\/"},"img":{"alt_text":"","src":"https:\/\/i0.wp.com\/www.altimara.eu\/blog\/wp-content\/uploads\/2024\/10\/MA5_5296.jpg?resize=350%2C200&ssl=1","width":350,"height":200,"srcset":"https:\/\/i0.wp.com\/www.altimara.eu\/blog\/wp-content\/uploads\/2024\/10\/MA5_5296.jpg?resize=350%2C200&ssl=1 1x, https:\/\/i0.wp.com\/www.altimara.eu\/blog\/wp-content\/uploads\/2024\/10\/MA5_5296.jpg?resize=525%2C300&ssl=1 1.5x, https:\/\/i0.wp.com\/www.altimara.eu\/blog\/wp-content\/uploads\/2024\/10\/MA5_5296.jpg?resize=700%2C400&ssl=1 2x, https:\/\/i0.wp.com\/www.altimara.eu\/blog\/wp-content\/uploads\/2024\/10\/MA5_5296.jpg?resize=1050%2C600&ssl=1 3x, https:\/\/i0.wp.com\/www.altimara.eu\/blog\/wp-content\/uploads\/2024\/10\/MA5_5296.jpg?resize=1400%2C800&ssl=1 4x"},"classes":[]}],"_links":{"self":[{"href":"https:\/\/www.altimara.eu\/blog\/wp-json\/wp\/v2\/posts\/4166","targetHints":{"allow":["GET"]}}],"collection":[{"href":"https:\/\/www.altimara.eu\/blog\/wp-json\/wp\/v2\/posts"}],"about":[{"href":"https:\/\/www.altimara.eu\/blog\/wp-json\/wp\/v2\/types\/post"}],"author":[{"embeddable":true,"href":"https:\/\/www.altimara.eu\/blog\/wp-json\/wp\/v2\/users\/3"}],"replies":[{"embeddable":true,"href":"https:\/\/www.altimara.eu\/blog\/wp-json\/wp\/v2\/comments?post=4166"}],"version-history":[{"count":0,"href":"https:\/\/www.altimara.eu\/blog\/wp-json\/wp\/v2\/posts\/4166\/revisions"}],"wp:attachment":[{"href":"https:\/\/www.altimara.eu\/blog\/wp-json\/wp\/v2\/media?parent=4166"}],"wp:term":[{"taxonomy":"category","embeddable":true,"href":"https:\/\/www.altimara.eu\/blog\/wp-json\/wp\/v2\/categories?post=4166"},{"taxonomy":"post_tag","embeddable":true,"href":"https:\/\/www.altimara.eu\/blog\/wp-json\/wp\/v2\/tags?post=4166"}],"curies":[{"name":"wp","href":"https:\/\/api.w.org\/{rel}","templated":true}]}}