{"id":4080,"date":"2023-09-17T22:14:32","date_gmt":"2023-09-17T21:14:32","guid":{"rendered":"https:\/\/www.altimara.eu\/blog\/?p=4080"},"modified":"2023-09-17T22:14:32","modified_gmt":"2023-09-17T21:14:32","slug":"gruben-charb-en-fosse","status":"publish","type":"post","link":"https:\/\/www.altimara.eu\/blog\/2023\/09\/17\/gruben-charb-en-fosse\/","title":{"rendered":"Gruben &#8211; charb en fosse"},"content":{"rendered":"\n<p>L&rsquo;EKV, association europ\u00e9enne des charbonniers, a publi\u00e9 un livret sur les charbonni\u00e8res en fosse. Nous sommes quatre r\u00e9dacteurs a y avoir contribu\u00e9. <\/p>\n\n\n\n<p class=\"has-text-align-center\">\u00ab\u00a0<strong>A propos de la carbonisation du bois dans les fosses<\/strong>\u00ab\u00a0.<\/p>\n\n\n<div class=\"wp-block-image\">\n<figure class=\"aligncenter size-large\"><img data-recalc-dims=\"1\" loading=\"lazy\" decoding=\"async\" width=\"627\" height=\"903\" data-attachment-id=\"4082\" data-permalink=\"https:\/\/www.altimara.eu\/blog\/2023\/09\/17\/gruben-charb-en-fosse\/gb-1-copie\/\" data-orig-file=\"https:\/\/i0.wp.com\/www.altimara.eu\/blog\/wp-content\/uploads\/2023\/09\/gb-1-copie.jpeg?fit=1049%2C1511&amp;ssl=1\" data-orig-size=\"1049,1511\" data-comments-opened=\"1\" data-image-meta=\"{&quot;aperture&quot;:&quot;0&quot;,&quot;credit&quot;:&quot;&quot;,&quot;camera&quot;:&quot;MG5500 series&quot;,&quot;caption&quot;:&quot;&quot;,&quot;created_timestamp&quot;:&quot;0&quot;,&quot;copyright&quot;:&quot;&quot;,&quot;focal_length&quot;:&quot;0&quot;,&quot;iso&quot;:&quot;0&quot;,&quot;shutter_speed&quot;:&quot;0&quot;,&quot;title&quot;:&quot;&quot;,&quot;orientation&quot;:&quot;1&quot;}\" data-image-title=\"gb-1-copie\" data-image-description=\"\" data-image-caption=\"\" data-large-file=\"https:\/\/i0.wp.com\/www.altimara.eu\/blog\/wp-content\/uploads\/2023\/09\/gb-1-copie.jpeg?fit=627%2C903&amp;ssl=1\" src=\"https:\/\/i0.wp.com\/www.altimara.eu\/blog\/wp-content\/uploads\/2023\/09\/gb-1-copie.jpeg?resize=627%2C903&#038;ssl=1\" alt=\"\" class=\"wp-image-4082\" srcset=\"https:\/\/i0.wp.com\/www.altimara.eu\/blog\/wp-content\/uploads\/2023\/09\/gb-1-copie.jpeg?resize=711%2C1024&amp;ssl=1 711w, https:\/\/i0.wp.com\/www.altimara.eu\/blog\/wp-content\/uploads\/2023\/09\/gb-1-copie.jpeg?resize=208%2C300&amp;ssl=1 208w, https:\/\/i0.wp.com\/www.altimara.eu\/blog\/wp-content\/uploads\/2023\/09\/gb-1-copie.jpeg?resize=768%2C1106&amp;ssl=1 768w, https:\/\/i0.wp.com\/www.altimara.eu\/blog\/wp-content\/uploads\/2023\/09\/gb-1-copie.jpeg?w=1049&amp;ssl=1 1049w\" sizes=\"auto, (max-width: 627px) 100vw, 627px\" \/><\/figure>\n<\/div>\n\n\n<p>Les diff\u00e9rents articles sont pratiquement tous relatant des exp\u00e9riences, dans des fosses plut\u00f4t classiques en rond. Et souvent associ\u00e9 \u00e0 des arch\u00e9ologues. Ce qui fut mon cas en Hollande, avec une \u00e9quipe de chercheuses (<a rel=\"noreferrer noopener\" href=\"https:\/\/www.altimara.eu\/blog\/2021\/11\/04\/archeo-et-fosse\/\" target=\"_blank\">https:\/\/www.altimara.eu\/blog\/2021\/11\/04\/archeo-et-fosse\/<\/a>).<\/p>\n\n\n<div class=\"wp-block-image\">\n<figure class=\"aligncenter size-large\"><img data-recalc-dims=\"1\" loading=\"lazy\" decoding=\"async\" width=\"627\" height=\"452\" data-attachment-id=\"4083\" data-permalink=\"https:\/\/www.altimara.eu\/blog\/2023\/09\/17\/gruben-charb-en-fosse\/gb-12-copie\/\" data-orig-file=\"https:\/\/i0.wp.com\/www.altimara.eu\/blog\/wp-content\/uploads\/2023\/09\/gb-12-copie.jpg?fit=1417%2C1023&amp;ssl=1\" data-orig-size=\"1417,1023\" data-comments-opened=\"1\" data-image-meta=\"{&quot;aperture&quot;:&quot;0&quot;,&quot;credit&quot;:&quot;&quot;,&quot;camera&quot;:&quot;&quot;,&quot;caption&quot;:&quot;&quot;,&quot;created_timestamp&quot;:&quot;0&quot;,&quot;copyright&quot;:&quot;&quot;,&quot;focal_length&quot;:&quot;0&quot;,&quot;iso&quot;:&quot;0&quot;,&quot;shutter_speed&quot;:&quot;0&quot;,&quot;title&quot;:&quot;&quot;,&quot;orientation&quot;:&quot;1&quot;}\" data-image-title=\"gb-12-copie\" data-image-description=\"\" data-image-caption=\"\" data-large-file=\"https:\/\/i0.wp.com\/www.altimara.eu\/blog\/wp-content\/uploads\/2023\/09\/gb-12-copie.jpg?fit=627%2C452&amp;ssl=1\" src=\"https:\/\/i0.wp.com\/www.altimara.eu\/blog\/wp-content\/uploads\/2023\/09\/gb-12-copie.jpg?resize=627%2C452&#038;ssl=1\" alt=\"\" class=\"wp-image-4083\" srcset=\"https:\/\/i0.wp.com\/www.altimara.eu\/blog\/wp-content\/uploads\/2023\/09\/gb-12-copie.jpg?resize=1024%2C739&amp;ssl=1 1024w, https:\/\/i0.wp.com\/www.altimara.eu\/blog\/wp-content\/uploads\/2023\/09\/gb-12-copie.jpg?resize=300%2C217&amp;ssl=1 300w, https:\/\/i0.wp.com\/www.altimara.eu\/blog\/wp-content\/uploads\/2023\/09\/gb-12-copie.jpg?resize=768%2C554&amp;ssl=1 768w, https:\/\/i0.wp.com\/www.altimara.eu\/blog\/wp-content\/uploads\/2023\/09\/gb-12-copie.jpg?w=1417&amp;ssl=1 1417w, https:\/\/i0.wp.com\/www.altimara.eu\/blog\/wp-content\/uploads\/2023\/09\/gb-12-copie.jpg?w=1254&amp;ssl=1 1254w\" sizes=\"auto, (max-width: 627px) 100vw, 627px\" \/><\/figure>\n<\/div>\n\n\n<p>Dans mon article, en fran\u00e7ais et en allemand, je parle de mes diff\u00e9rentes cuissons en fosse. Une des plus vieilles technique de carbonisation que l&rsquo;homme avait mis au point pour la production de charbon de bois en quantit\u00e9. C&rsquo;est tout au moins ma conviction.<\/p>\n\n\n<div class=\"wp-block-image\">\n<figure class=\"aligncenter size-large\"><img data-recalc-dims=\"1\" loading=\"lazy\" decoding=\"async\" width=\"627\" height=\"453\" data-attachment-id=\"4084\" data-permalink=\"https:\/\/www.altimara.eu\/blog\/2023\/09\/17\/gruben-charb-en-fosse\/gb-13-copie\/\" data-orig-file=\"https:\/\/i0.wp.com\/www.altimara.eu\/blog\/wp-content\/uploads\/2023\/09\/gb-13-copie.jpg?fit=1440%2C1040&amp;ssl=1\" data-orig-size=\"1440,1040\" data-comments-opened=\"1\" data-image-meta=\"{&quot;aperture&quot;:&quot;0&quot;,&quot;credit&quot;:&quot;&quot;,&quot;camera&quot;:&quot;MG5500 series&quot;,&quot;caption&quot;:&quot;&quot;,&quot;created_timestamp&quot;:&quot;0&quot;,&quot;copyright&quot;:&quot;&quot;,&quot;focal_length&quot;:&quot;0&quot;,&quot;iso&quot;:&quot;0&quot;,&quot;shutter_speed&quot;:&quot;0&quot;,&quot;title&quot;:&quot;&quot;,&quot;orientation&quot;:&quot;1&quot;}\" data-image-title=\"gb-13-copie\" data-image-description=\"\" data-image-caption=\"\" data-large-file=\"https:\/\/i0.wp.com\/www.altimara.eu\/blog\/wp-content\/uploads\/2023\/09\/gb-13-copie.jpg?fit=627%2C453&amp;ssl=1\" src=\"https:\/\/i0.wp.com\/www.altimara.eu\/blog\/wp-content\/uploads\/2023\/09\/gb-13-copie.jpg?resize=627%2C453&#038;ssl=1\" alt=\"\" class=\"wp-image-4084\" srcset=\"https:\/\/i0.wp.com\/www.altimara.eu\/blog\/wp-content\/uploads\/2023\/09\/gb-13-copie.jpg?resize=1024%2C740&amp;ssl=1 1024w, https:\/\/i0.wp.com\/www.altimara.eu\/blog\/wp-content\/uploads\/2023\/09\/gb-13-copie.jpg?resize=300%2C217&amp;ssl=1 300w, https:\/\/i0.wp.com\/www.altimara.eu\/blog\/wp-content\/uploads\/2023\/09\/gb-13-copie.jpg?resize=768%2C555&amp;ssl=1 768w, https:\/\/i0.wp.com\/www.altimara.eu\/blog\/wp-content\/uploads\/2023\/09\/gb-13-copie.jpg?w=1440&amp;ssl=1 1440w, https:\/\/i0.wp.com\/www.altimara.eu\/blog\/wp-content\/uploads\/2023\/09\/gb-13-copie.jpg?w=1254&amp;ssl=1 1254w\" sizes=\"auto, (max-width: 627px) 100vw, 627px\" \/><\/figure>\n<\/div>\n\n\n<p>Je remercie l&rsquo;EKV, de m&rsquo;avoir sollicit\u00e9 pour cette publication, ainsi que Charles Schlosser pour la traduction en allemand.<\/p>\n\n\n\n<p>Possibilit\u00e9 de commander ce livret :<\/p>\n\n\n\n<p><strong>\u201e\u00dcber die Verkohlung des Holzes in Gruben\u201c&nbsp;<\/strong><\/p>\n\n\n\n<p>Wenn wir uns mit diesem Heft daran machen, praktische Verfahren der Verkohlung von Holz in Grubenmeilern experimentell zu beschreiben, begeben wir&nbsp;uns auf nahezu unbekanntes Land, denn die Technik der Grubenk\u00f6hlerei ist schon lange aus der \u00dcbung gekommen. Und so verstehen sich auch die Beitr\u00e4ge dieses Heftes als Versuche mit offenem Ausgang, der Praxis der Grubenk\u00f6hlerei auf die Spur zu kommen.&nbsp;<\/p>\n\n\n\n<p>Vorgestellt werden drei Versuche mit unterschiedlichen Varianten:<\/p>\n\n\n\n<p>&#8211; Thomas Fai\u00dft, Baiersbronn, beschreibt das Grubenmeiler-Experiment im Campus Galli;<\/p>\n\n\n\n<p>&#8211; Josef Gilch, Ebermannsdorf, stellt eine experimentelle Betrachtung \u00fcber zwei Grubenmeiler in Ebermannsdorf vor;&nbsp;<\/p>\n\n\n\n<p>&#8211; Martial Acquarone,&nbsp;Ste Croix De Quintillargues&nbsp;(Frankreich) res\u00fcmiert seine mehrj\u00e4hrigen Erfahrungen mit unterschiedlichen Varianten von Grubenmeilern.<\/p>\n\n\n\n<p>Abgerundet werden dieses Praxisberichte durch eine Zusammenstellung von wichtigen Quellen der\u00a0Grubenk\u00f6hlerei in alten Fachb\u00fcchern zur K\u00f6hlerei. \u00a0 \u00a0 \u00a0 \u00a0 \u00a0 \u00a0 \u00a0 \u00a0 \u00a0 \u00a0 \u00a0 \u00a0 \u00a0 \u00a0 \u00a0 \u00a0 \u00a0 \u00a0 \u00a0 \u00a0 \u00a0 \u00a0 \u00a0 \u00a0 \u00a0 \u00a0\u00a0 \u00a0 \u00a0 \u00a0 \u00a0 \u00a0 \u00a0 \u00a0 \u00a0 \u00a0 \u00a0 \u00a0 \u00a0 \u00a0 \u00a0 \u00a0 \u00a0 <\/p>\n\n\n\n<p>Ich bin froh und dankbar \u00fcber die Bereitschaft der drei Autoren, ihre Erfahrungen auf der Suche nach einer vergessenen (vielleicht sogar verlorenen) Technik der K\u00f6hlerei zur Verf\u00fcgung und sich einer hoffentlich einsetzenden Fachdiskussion unter Expertinnen und Experten der aktuellen europ\u00e4ischen K\u00f6hlereiszene zu stellen. Einen grossen K\u00f6hlerdank f\u00fcr eure historische Neugier und das erkennbar gute Knowhow!!!<\/p>\n\n\n\n<p>Das Heft kann beim Europatreffen in Erlinsbach direkt erworben oder bei mir bestellt werden (<a href=\"mailto:tielke-borchen@t-online.de\">tielke-borchen@t-online.de<\/a>). Der Preis betr\u00e4gt 9,00 \u20ac zzgl. Versandkosten.<\/p>\n\n\n\n<p>En Fran\u00e7ais (&#8230;approximatif) : <\/p>\n\n\n\n<p>\u00ab<strong> Sur la carbonisation du bois dans les fosses <\/strong>\u00bb<\/p>\n\n\n\n<p>Lorsque nous entreprenons dans ce livret une description exp\u00e9rimentale des m\u00e9thodes pratiques de carbonisation du bois dans les fosses, nous entrons dans un territoire presque inconnu, car la technologie du charbon de bois est depuis longtemps hors d\u2019usage. Les contributions \u00e0 cette question sont donc consid\u00e9r\u00e9es comme des tentatives illimit\u00e9es pour aller au fond des pratiques de l\u2019extraction du charbon.<br>Trois exp\u00e9riences avec diff\u00e9rentes variantes sont pr\u00e9sent\u00e9es :<\/p>\n\n\n\n<ul class=\"wp-block-list\">\n<li>Thomas Fai\u00dft, Baiersbronn, d\u00e9crit l&rsquo;exp\u00e9rience sur les pieux sur le campus de Galli ;<\/li>\n\n\n\n<li>Josef Gilch, Ebermannsdorf, pr\u00e9sente une \u00e9tude exp\u00e9rimentale de deux fosses \u00e0 Ebermannsdorf ;<\/li>\n\n\n\n<li>Martial Acquarone, Ste Croix De Quintillargues (France) r\u00e9sume ses nombreuses ann\u00e9es d&rsquo;exp\u00e9rience avec diff\u00e9rentes variantes de fosses.<\/li>\n<\/ul>\n\n\n\n<p>Ce rapport pratique est compl\u00e9t\u00e9 par une compilation de sources importantes sur la fabrication du charbon de bois dans des ouvrages anciens sp\u00e9cialis\u00e9s sur la fabrication du charbon de bois.<br>Je suis heureux et reconnaissant de la volont\u00e9 des trois auteurs de partager leurs exp\u00e9riences dans la recherche d&rsquo;une technique oubli\u00e9e (peut-\u00eatre m\u00eame perdue) de fabrication du charbon de bois et de participer \u00e0 ce qui sera, je l&rsquo;esp\u00e8re, une discussion sp\u00e9cialis\u00e9e entre experts de l&rsquo;actuel charbon de bois europ\u00e9en. <br>Le magazine peut \u00eatre achet\u00e9 directement lors de la r\u00e9union europ\u00e9enne \u00e0 Erlinsbach ou command\u00e9 chez moi (tielke-borchen@t-online.de). Le prix est de 9,00 \u20ac plus frais de port.<\/p>\n","protected":false},"excerpt":{"rendered":"<p>L&rsquo;EKV, association europ\u00e9enne des charbonniers, a publi\u00e9 un livret sur les charbonni\u00e8res en fosse. Nous sommes quatre r\u00e9dacteurs a y avoir contribu\u00e9. \u00ab\u00a0A propos de la carbonisation du bois dans les fosses\u00ab\u00a0. Les diff\u00e9rents articles sont pratiquement tous relatant des exp\u00e9riences, dans des fosses plut\u00f4t classiques en rond. Et souvent associ\u00e9 \u00e0 des arch\u00e9ologues. Ce [&hellip;]<\/p>\n","protected":false},"author":3,"featured_media":0,"comment_status":"open","ping_status":"open","sticky":false,"template":"","format":"standard","meta":{"ngg_post_thumbnail":0,"jetpack_post_was_ever_published":false,"_jetpack_newsletter_access":"","_jetpack_dont_email_post_to_subs":false,"_jetpack_newsletter_tier_id":0,"_jetpack_memberships_contains_paywalled_content":false,"_jetpack_memberships_contains_paid_content":false,"footnotes":"","jetpack_publicize_message":"","jetpack_publicize_feature_enabled":true,"jetpack_social_post_already_shared":true,"jetpack_social_options":{"image_generator_settings":{"template":"highway","default_image_id":0,"font":"","enabled":false},"version":2}},"categories":[6,146,37],"tags":[34,140],"class_list":["post-4080","post","type-post","status-publish","format-standard","hentry","category-charbon-de-bois-carbon-art","category-charbonniere-en-fosse","category-evenementiel","tag-charbon-de-bois-carbon-art","tag-fosse"],"jetpack_publicize_connections":[],"jetpack_featured_media_url":"","jetpack_shortlink":"https:\/\/wp.me\/p4r91c-13O","jetpack_sharing_enabled":true,"jetpack-related-posts":[{"id":3463,"url":"https:\/\/www.altimara.eu\/blog\/2020\/10\/12\/nouvelle-cuisson-en-fosse\/","url_meta":{"origin":4080,"position":0},"title":"Nouvelle cuisson en fosse","author":"Martiou","date":"12 octobre 2020","format":false,"excerpt":"Une cuisson bien men\u00e9e lors de la f\u00eate de la charbonni\u00e8re chez mon ami Jean l'Ard\u00e9chois. La terre \u00e9tait tremp\u00e9e suite \u00e0 de gros orages mais facile a travailler. J'ai utilis\u00e9 la m\u00eame tranch\u00e9e que l'ann\u00e9e derni\u00e8re. La profondeur \u00e9tant limit\u00e9e par une dalle de pierre, j'ai agrandi sur les\u2026","rel":"","context":"Dans &quot;0- MES CHARBONNI\u00c8RES&quot;","block_context":{"text":"0- MES CHARBONNI\u00c8RES","link":"https:\/\/www.altimara.eu\/blog\/category\/mes-charbonnieres\/"},"img":{"alt_text":"","src":"https:\/\/i0.wp.com\/www.altimara.eu\/blog\/wp-content\/uploads\/2020\/10\/MAR4117.jpg?resize=350%2C200&ssl=1","width":350,"height":200,"srcset":"https:\/\/i0.wp.com\/www.altimara.eu\/blog\/wp-content\/uploads\/2020\/10\/MAR4117.jpg?resize=350%2C200&ssl=1 1x, https:\/\/i0.wp.com\/www.altimara.eu\/blog\/wp-content\/uploads\/2020\/10\/MAR4117.jpg?resize=525%2C300&ssl=1 1.5x, https:\/\/i0.wp.com\/www.altimara.eu\/blog\/wp-content\/uploads\/2020\/10\/MAR4117.jpg?resize=700%2C400&ssl=1 2x, https:\/\/i0.wp.com\/www.altimara.eu\/blog\/wp-content\/uploads\/2020\/10\/MAR4117.jpg?resize=1050%2C600&ssl=1 3x, https:\/\/i0.wp.com\/www.altimara.eu\/blog\/wp-content\/uploads\/2020\/10\/MAR4117.jpg?resize=1400%2C800&ssl=1 4x"},"classes":[]},{"id":3760,"url":"https:\/\/www.altimara.eu\/blog\/2021\/11\/04\/archeo-et-fosse\/","url_meta":{"origin":4080,"position":1},"title":"Archeo et fosse","author":"Martiou","date":"4 novembre 2021","format":false,"excerpt":"Lors de mon s\u00e9jour aux Pays Bas, j'ai, en dehors de la charbonni\u00e8re en meule, particip\u00e9 \u00e0 l'exp\u00e9rimentation de cuissons en fosses. Silke et Janneke, deux arch\u00e9ologues, ont propos\u00e9 l'\u00e9tude de la carbonisation en trois fosses \u00e0 titre exp\u00e9rimental. Silke est anthracologue, elle \u00e9tudie les charbons de bois. Ses recherches\u2026","rel":"","context":"Dans &quot;0- MES CHARBONNI\u00c8RES&quot;","block_context":{"text":"0- MES CHARBONNI\u00c8RES","link":"https:\/\/www.altimara.eu\/blog\/category\/mes-charbonnieres\/"},"img":{"alt_text":"","src":"https:\/\/i0.wp.com\/www.altimara.eu\/blog\/wp-content\/uploads\/2021\/11\/MAR7809.jpg?resize=350%2C200&ssl=1","width":350,"height":200,"srcset":"https:\/\/i0.wp.com\/www.altimara.eu\/blog\/wp-content\/uploads\/2021\/11\/MAR7809.jpg?resize=350%2C200&ssl=1 1x, https:\/\/i0.wp.com\/www.altimara.eu\/blog\/wp-content\/uploads\/2021\/11\/MAR7809.jpg?resize=525%2C300&ssl=1 1.5x, https:\/\/i0.wp.com\/www.altimara.eu\/blog\/wp-content\/uploads\/2021\/11\/MAR7809.jpg?resize=700%2C400&ssl=1 2x, https:\/\/i0.wp.com\/www.altimara.eu\/blog\/wp-content\/uploads\/2021\/11\/MAR7809.jpg?resize=1050%2C600&ssl=1 3x, https:\/\/i0.wp.com\/www.altimara.eu\/blog\/wp-content\/uploads\/2021\/11\/MAR7809.jpg?resize=1400%2C800&ssl=1 4x"},"classes":[]},{"id":3811,"url":"https:\/\/www.altimara.eu\/blog\/2022\/02\/16\/dentelles-de-charbon\/","url_meta":{"origin":4080,"position":2},"title":"Dentelles de charbon","author":"Martiou","date":"16 f\u00e9vrier 2022","format":false,"excerpt":"Des photos de charbons prisent au microscope par l\u2019arch\u00e9ologue anthracologiste Silke Lange des Pays-Bas. Ces charbons sont issues des carbonisations en fosses que nous avons r\u00e9alis\u00e9 ensemble \u00e0 Ulft. Le bois d'origine est du ch\u00eane.","rel":"","context":"Dans &quot;Charbon de bois&quot;","block_context":{"text":"Charbon de bois","link":"https:\/\/www.altimara.eu\/blog\/category\/charbon-de-bois-carbon-art\/"},"img":{"alt_text":"","src":"https:\/\/i0.wp.com\/www.altimara.eu\/blog\/wp-content\/uploads\/2022\/02\/charbsilke3.jpeg?resize=350%2C200&ssl=1","width":350,"height":200,"srcset":"https:\/\/i0.wp.com\/www.altimara.eu\/blog\/wp-content\/uploads\/2022\/02\/charbsilke3.jpeg?resize=350%2C200&ssl=1 1x, https:\/\/i0.wp.com\/www.altimara.eu\/blog\/wp-content\/uploads\/2022\/02\/charbsilke3.jpeg?resize=525%2C300&ssl=1 1.5x, https:\/\/i0.wp.com\/www.altimara.eu\/blog\/wp-content\/uploads\/2022\/02\/charbsilke3.jpeg?resize=700%2C400&ssl=1 2x"},"classes":[]},{"id":2876,"url":"https:\/\/www.altimara.eu\/blog\/2018\/11\/09\/cuisson-a-la-fosse\/","url_meta":{"origin":4080,"position":3},"title":"Cuisson \u00e0 la fosse","author":"Martiou","date":"9 novembre 2018","format":false,"excerpt":"La cuisson en meule semble apparaitre dans nos contr\u00e9es au Moyen-\u00c2ge. Cette technique se serait d\u00e9velopp\u00e9e dans les territoires du nord d'o\u00f9 son nom : la meule su\u00e9doise. Depuis l'antiquit\u00e9 et peut \u00eatre m\u00eame avant, la production du charbon en zone sud se r\u00e9alisait en fosse, c'est \u00e0 dire en\u2026","rel":"","context":"Dans &quot;0- MES CHARBONNI\u00c8RES&quot;","block_context":{"text":"0- MES CHARBONNI\u00c8RES","link":"https:\/\/www.altimara.eu\/blog\/category\/mes-charbonnieres\/"},"img":{"alt_text":"","src":"https:\/\/i0.wp.com\/www.altimara.eu\/blog\/wp-content\/uploads\/2018\/11\/MAR6544-200x300.jpg?resize=350%2C200","width":350,"height":200},"classes":[]},{"id":3131,"url":"https:\/\/www.altimara.eu\/blog\/2019\/07\/17\/charbon-en-fosse\/","url_meta":{"origin":4080,"position":4},"title":"Charbon en fosse","author":"Martiou","date":"17 juillet 2019","format":false,"excerpt":"Une belle r\u00e9ussite d'une cuisson en fosse. J'ai repris le trou creus\u00e9 l'ann\u00e9e derni\u00e8re et je l'ai agrandi pour augmenter le volume. La profondeur a \u00e9t\u00e9 limit\u00e9 par une dalle de pierre en sous sol. Dimensions: 3 m de L, 0,70 m de l et environ 0,60 m de profondeur\u2026","rel":"","context":"Dans &quot;0- MES CHARBONNI\u00c8RES&quot;","block_context":{"text":"0- MES CHARBONNI\u00c8RES","link":"https:\/\/www.altimara.eu\/blog\/category\/mes-charbonnieres\/"},"img":{"alt_text":"","src":"https:\/\/i0.wp.com\/www.altimara.eu\/blog\/wp-content\/uploads\/2019\/07\/MAR9709.jpg?resize=350%2C200&ssl=1","width":350,"height":200,"srcset":"https:\/\/i0.wp.com\/www.altimara.eu\/blog\/wp-content\/uploads\/2019\/07\/MAR9709.jpg?resize=350%2C200&ssl=1 1x, https:\/\/i0.wp.com\/www.altimara.eu\/blog\/wp-content\/uploads\/2019\/07\/MAR9709.jpg?resize=525%2C300&ssl=1 1.5x, https:\/\/i0.wp.com\/www.altimara.eu\/blog\/wp-content\/uploads\/2019\/07\/MAR9709.jpg?resize=700%2C400&ssl=1 2x"},"classes":[]},{"id":3921,"url":"https:\/\/www.altimara.eu\/blog\/2022\/07\/17\/nouvelle-charbonniere-en-fosse\/","url_meta":{"origin":4080,"position":5},"title":"Nouvelle charbonni\u00e8re en\u00a0fosse","author":"Martiou","date":"17 juillet 2022","format":false,"excerpt":"Lors de la semaine pass\u00e9e chez Jean, j'ai r\u00e9alis\u00e9 une nouvelle cuisson en fosse. En Hollande nous avions exp\u00e9riment\u00e9 trois diff\u00e9rentes formes de fosses. J'avais d\u00e9j\u00e0 r\u00e9alis\u00e9 deux cuissons les ann\u00e9es pr\u00e9c\u00e9dentes chez Jean, avec des creusements en ligne. Il me fallait compl\u00e9ter mon apprentissage en r\u00e9ussissant une cuisson dans\u2026","rel":"","context":"Dans &quot;0- MES CHARBONNI\u00c8RES&quot;","block_context":{"text":"0- MES CHARBONNI\u00c8RES","link":"https:\/\/www.altimara.eu\/blog\/category\/mes-charbonnieres\/"},"img":{"alt_text":"","src":"https:\/\/i0.wp.com\/www.altimara.eu\/blog\/wp-content\/uploads\/2022\/07\/MAR9141-1.jpg?resize=350%2C200&ssl=1","width":350,"height":200,"srcset":"https:\/\/i0.wp.com\/www.altimara.eu\/blog\/wp-content\/uploads\/2022\/07\/MAR9141-1.jpg?resize=350%2C200&ssl=1 1x, https:\/\/i0.wp.com\/www.altimara.eu\/blog\/wp-content\/uploads\/2022\/07\/MAR9141-1.jpg?resize=525%2C300&ssl=1 1.5x, https:\/\/i0.wp.com\/www.altimara.eu\/blog\/wp-content\/uploads\/2022\/07\/MAR9141-1.jpg?resize=700%2C400&ssl=1 2x, https:\/\/i0.wp.com\/www.altimara.eu\/blog\/wp-content\/uploads\/2022\/07\/MAR9141-1.jpg?resize=1050%2C600&ssl=1 3x"},"classes":[]}],"_links":{"self":[{"href":"https:\/\/www.altimara.eu\/blog\/wp-json\/wp\/v2\/posts\/4080","targetHints":{"allow":["GET"]}}],"collection":[{"href":"https:\/\/www.altimara.eu\/blog\/wp-json\/wp\/v2\/posts"}],"about":[{"href":"https:\/\/www.altimara.eu\/blog\/wp-json\/wp\/v2\/types\/post"}],"author":[{"embeddable":true,"href":"https:\/\/www.altimara.eu\/blog\/wp-json\/wp\/v2\/users\/3"}],"replies":[{"embeddable":true,"href":"https:\/\/www.altimara.eu\/blog\/wp-json\/wp\/v2\/comments?post=4080"}],"version-history":[{"count":0,"href":"https:\/\/www.altimara.eu\/blog\/wp-json\/wp\/v2\/posts\/4080\/revisions"}],"wp:attachment":[{"href":"https:\/\/www.altimara.eu\/blog\/wp-json\/wp\/v2\/media?parent=4080"}],"wp:term":[{"taxonomy":"category","embeddable":true,"href":"https:\/\/www.altimara.eu\/blog\/wp-json\/wp\/v2\/categories?post=4080"},{"taxonomy":"post_tag","embeddable":true,"href":"https:\/\/www.altimara.eu\/blog\/wp-json\/wp\/v2\/tags?post=4080"}],"curies":[{"name":"wp","href":"https:\/\/api.w.org\/{rel}","templated":true}]}}