{"id":4072,"date":"2023-08-29T20:29:14","date_gmt":"2023-08-29T19:29:14","guid":{"rendered":"https:\/\/www.altimara.eu\/blog\/?p=4072"},"modified":"2023-08-29T20:29:14","modified_gmt":"2023-08-29T19:29:14","slug":"kohlerfest-speuz","status":"publish","type":"post","link":"https:\/\/www.altimara.eu\/blog\/2023\/08\/29\/kohlerfest-speuz\/","title":{"rendered":"K\u00f6hlerfest Speuz"},"content":{"rendered":"\n<p>C&rsquo;est en Suisse, \u00e0 Erlinsbach, que va se d\u00e9rouler la 14e Rencontre europ\u00e9enne des charbonniers. H\u00e9 oui, nous avons une f\u00e9d\u00e9ration de charbonnier-es en Europe, l&rsquo;EKV. Les principaux animateurs sont des Allemands. Pendant trois jours nous allons m\u00e9langer nos exp\u00e9riences en carbone et nos saveurs fumantes.<\/p>\n\n\n\n<p>Cette ann\u00e9e ce sont des femmes charbonni\u00e8res qui vont r\u00e9aliser la carbonisation, avec une meule cons\u00e9quente. Certainement bien ordonn\u00e9e comme il se doit dans ce doux pays de l&rsquo;ordre et du rangement.<\/p>\n\n\n\n<p>Des r\u00e9unions, des visites, des musiques et surtout de bons repas nous attendent. <\/p>\n\n\n\n<p>Du 7 au 10 septembre. Reportage en vu !<\/p>\n\n\n\n<figure class=\"wp-block-image size-full\"><img data-recalc-dims=\"1\" loading=\"lazy\" decoding=\"async\" width=\"553\" height=\"525\" data-attachment-id=\"4074\" data-permalink=\"https:\/\/www.altimara.eu\/blog\/2023\/08\/29\/kohlerfest-speuz\/image1000265\/\" data-orig-file=\"https:\/\/i0.wp.com\/www.altimara.eu\/blog\/wp-content\/uploads\/2023\/08\/image1000265.jpg?fit=553%2C525&amp;ssl=1\" data-orig-size=\"553,525\" data-comments-opened=\"1\" data-image-meta=\"{&quot;aperture&quot;:&quot;0&quot;,&quot;credit&quot;:&quot;&quot;,&quot;camera&quot;:&quot;&quot;,&quot;caption&quot;:&quot;&quot;,&quot;created_timestamp&quot;:&quot;0&quot;,&quot;copyright&quot;:&quot;&quot;,&quot;focal_length&quot;:&quot;0&quot;,&quot;iso&quot;:&quot;0&quot;,&quot;shutter_speed&quot;:&quot;0&quot;,&quot;title&quot;:&quot;&quot;,&quot;orientation&quot;:&quot;0&quot;}\" data-image-title=\"image1000265\" data-image-description=\"\" data-image-caption=\"\" data-large-file=\"https:\/\/i0.wp.com\/www.altimara.eu\/blog\/wp-content\/uploads\/2023\/08\/image1000265.jpg?fit=553%2C525&amp;ssl=1\" src=\"https:\/\/i0.wp.com\/www.altimara.eu\/blog\/wp-content\/uploads\/2023\/08\/image1000265.jpg?resize=553%2C525&#038;ssl=1\" alt=\"\" class=\"wp-image-4074\" srcset=\"https:\/\/i0.wp.com\/www.altimara.eu\/blog\/wp-content\/uploads\/2023\/08\/image1000265.jpg?w=553&amp;ssl=1 553w, https:\/\/i0.wp.com\/www.altimara.eu\/blog\/wp-content\/uploads\/2023\/08\/image1000265.jpg?resize=300%2C285&amp;ssl=1 300w\" sizes=\"auto, (max-width: 553px) 100vw, 553px\" \/><\/figure>\n\n\n\n<p><a href=\"https:\/\/www.koehlerfest-speuz.ch\/willkommen\">https:\/\/www.koehlerfest-speuz.ch\/willkommen<\/a><\/p>\n\n\n\n<figure class=\"wp-block-image size-full\"><img data-recalc-dims=\"1\" loading=\"lazy\" decoding=\"async\" width=\"203\" height=\"200\" data-attachment-id=\"4073\" data-permalink=\"https:\/\/www.altimara.eu\/blog\/2023\/08\/29\/kohlerfest-speuz\/logo_europaeischer_koehlerverband1\/\" data-orig-file=\"https:\/\/i0.wp.com\/www.altimara.eu\/blog\/wp-content\/uploads\/2023\/08\/Logo_europaeischer_koehlerverband1.jpg?fit=203%2C200&amp;ssl=1\" data-orig-size=\"203,200\" data-comments-opened=\"1\" data-image-meta=\"{&quot;aperture&quot;:&quot;0&quot;,&quot;credit&quot;:&quot;&quot;,&quot;camera&quot;:&quot;&quot;,&quot;caption&quot;:&quot;&quot;,&quot;created_timestamp&quot;:&quot;0&quot;,&quot;copyright&quot;:&quot;&quot;,&quot;focal_length&quot;:&quot;0&quot;,&quot;iso&quot;:&quot;0&quot;,&quot;shutter_speed&quot;:&quot;0&quot;,&quot;title&quot;:&quot;&quot;,&quot;orientation&quot;:&quot;0&quot;}\" data-image-title=\"Logo_europaeischer_koehlerverband1\" data-image-description=\"\" data-image-caption=\"\" data-large-file=\"https:\/\/i0.wp.com\/www.altimara.eu\/blog\/wp-content\/uploads\/2023\/08\/Logo_europaeischer_koehlerverband1.jpg?fit=203%2C200&amp;ssl=1\" src=\"https:\/\/i0.wp.com\/www.altimara.eu\/blog\/wp-content\/uploads\/2023\/08\/Logo_europaeischer_koehlerverband1.jpg?resize=203%2C200&#038;ssl=1\" alt=\"\" class=\"wp-image-4073\"\/><\/figure>\n\n\n\n<p><a href=\"https:\/\/www.europkoehler.com\/index.cfm\">https:\/\/www.europkoehler.com\/index.cfm<\/a><\/p>\n","protected":false},"excerpt":{"rendered":"<p>C&rsquo;est en Suisse, \u00e0 Erlinsbach, que va se d\u00e9rouler la 14e Rencontre europ\u00e9enne des charbonniers. H\u00e9 oui, nous avons une f\u00e9d\u00e9ration de charbonnier-es en Europe, l&rsquo;EKV. Les principaux animateurs sont des Allemands. Pendant trois jours nous allons m\u00e9langer nos exp\u00e9riences en carbone et nos saveurs fumantes. Cette ann\u00e9e ce sont des femmes charbonni\u00e8res qui vont [&hellip;]<\/p>\n","protected":false},"author":3,"featured_media":0,"comment_status":"open","ping_status":"open","sticky":false,"template":"","format":"standard","meta":{"ngg_post_thumbnail":0,"jetpack_post_was_ever_published":false,"_jetpack_newsletter_access":"","_jetpack_dont_email_post_to_subs":false,"_jetpack_newsletter_tier_id":0,"_jetpack_memberships_contains_paywalled_content":false,"_jetpack_memberships_contains_paid_content":false,"footnotes":"","jetpack_publicize_message":"","jetpack_publicize_feature_enabled":true,"jetpack_social_post_already_shared":true,"jetpack_social_options":{"image_generator_settings":{"template":"highway","default_image_id":0,"font":"","enabled":false},"version":2}},"categories":[72,37],"tags":[12,202],"class_list":["post-4072","post","type-post","status-publish","format-standard","hentry","category-charbonnier-du-monde","category-evenementiel","tag-charbonniere","tag-ekv"],"jetpack_publicize_connections":[],"jetpack_featured_media_url":"","jetpack_shortlink":"https:\/\/wp.me\/p4r91c-13G","jetpack_sharing_enabled":true,"jetpack-related-posts":[{"id":1838,"url":"https:\/\/www.altimara.eu\/blog\/2016\/10\/15\/village-charbonnieres-2\/","url_meta":{"origin":4072,"position":0},"title":"Villages Charbonni\u00e8res","author":"Martiou","date":"15 octobre 2016","format":false,"excerpt":"Dans le post (article) \"https:\/\/www.altimara.eu\/blog\/?p=1209\", j'ai pr\u00e9sent\u00e9 le village Charbonni\u00e8res dont les heureux habitants se nomment Charbonnier (i\u00e8re). Il y a en France plusieurs villages portant ce nom: Charbonni\u00e8res, est un petit village fran\u00e7ais, situ\u00e9 dans le d\u00e9partement d'Eure-et-Loir et la r\u00e9gion du Centre-Val de Loire. Ses habitants sont appel\u00e9s\u2026","rel":"","context":"Dans &quot;Autre&quot;","block_context":{"text":"Autre","link":"https:\/\/www.altimara.eu\/blog\/category\/autre\/"},"img":{"alt_text":"pohkpoogefedqp7-725-220","src":"https:\/\/i0.wp.com\/www.altimara.eu\/blog\/wp-content\/uploads\/2016\/09\/pohkpoogefedqp7-725-220.jpg?resize=350%2C200","width":350,"height":200,"srcset":"https:\/\/i0.wp.com\/www.altimara.eu\/blog\/wp-content\/uploads\/2016\/09\/pohkpoogefedqp7-725-220.jpg?resize=350%2C200 1x, https:\/\/i0.wp.com\/www.altimara.eu\/blog\/wp-content\/uploads\/2016\/09\/pohkpoogefedqp7-725-220.jpg?resize=525%2C300 1.5x, https:\/\/i0.wp.com\/www.altimara.eu\/blog\/wp-content\/uploads\/2016\/09\/pohkpoogefedqp7-725-220.jpg?resize=700%2C400 2x"},"classes":[]},{"id":3044,"url":"https:\/\/www.altimara.eu\/blog\/2019\/04\/20\/maitre-charbonnier\/","url_meta":{"origin":4072,"position":1},"title":"Ma\u00eetre charbonnier","author":"Martiou","date":"20 avril 2019","format":false,"excerpt":"La premi\u00e8re fois que Louis a r\u00e9alis\u00e9 une charbonni\u00e8re pour la manifestation Lo Gabel, j'ai \u00e9t\u00e9 conquis par cet assemblage de bois et de terre. Je d\u00e9couvrais un Art et je n'aurais jamais pens\u00e9 \u00e0 ce moment l\u00e0, jusqu'o\u00f9 cela allait me transporter. Pr\u00e8s de vingt ans apr\u00e8s, mon horizon\u2026","rel":"","context":"Dans &quot;Non class\u00e9&quot;","block_context":{"text":"Non class\u00e9","link":"https:\/\/www.altimara.eu\/blog\/category\/non-classe\/"},"img":{"alt_text":"","src":"https:\/\/i0.wp.com\/www.altimara.eu\/blog\/wp-content\/uploads\/2019\/04\/Capture-d%E2%80%99e%CC%81cran-2019-04-21-a%CC%80-12.00.03.png?resize=350%2C200&ssl=1","width":350,"height":200,"srcset":"https:\/\/i0.wp.com\/www.altimara.eu\/blog\/wp-content\/uploads\/2019\/04\/Capture-d%E2%80%99e%CC%81cran-2019-04-21-a%CC%80-12.00.03.png?resize=350%2C200&ssl=1 1x, https:\/\/i0.wp.com\/www.altimara.eu\/blog\/wp-content\/uploads\/2019\/04\/Capture-d%E2%80%99e%CC%81cran-2019-04-21-a%CC%80-12.00.03.png?resize=525%2C300&ssl=1 1.5x, https:\/\/i0.wp.com\/www.altimara.eu\/blog\/wp-content\/uploads\/2019\/04\/Capture-d%E2%80%99e%CC%81cran-2019-04-21-a%CC%80-12.00.03.png?resize=700%2C400&ssl=1 2x"},"classes":[]},{"id":4092,"url":"https:\/\/www.altimara.eu\/blog\/2023\/09\/18\/kohlerfest-speuz-le-sejour\/","url_meta":{"origin":4072,"position":2},"title":"K\u00f6hlerfest Speuz, le s\u00e9jour","author":"Martiou","date":"18 septembre 2023","format":false,"excerpt":"Le monde des charbonniers, et m\u00eame charbonni\u00e8res, car j'ai d\u00e9couvert deux femmes charbonni\u00e8res, est extraordinaire et toujours surprenant. Nous voil\u00e0 dans une petite commune de la Suisse al\u00e9manique, c'est \u00e0 dire germanophone, au village d'Erlinsbach, non loin de la fronti\u00e8re allemande. Une r\u00e9gion industrialis\u00e9e mais le village a gard\u00e9 ce\u2026","rel":"","context":"Dans &quot;Charbonnier du Monde&quot;","block_context":{"text":"Charbonnier du Monde","link":"https:\/\/www.altimara.eu\/blog\/category\/charbonnier-du-monde\/"},"img":{"alt_text":"","src":"https:\/\/i0.wp.com\/www.altimara.eu\/blog\/wp-content\/uploads\/2023\/09\/MA5_2501.jpg?resize=350%2C200&ssl=1","width":350,"height":200,"srcset":"https:\/\/i0.wp.com\/www.altimara.eu\/blog\/wp-content\/uploads\/2023\/09\/MA5_2501.jpg?resize=350%2C200&ssl=1 1x, https:\/\/i0.wp.com\/www.altimara.eu\/blog\/wp-content\/uploads\/2023\/09\/MA5_2501.jpg?resize=525%2C300&ssl=1 1.5x, https:\/\/i0.wp.com\/www.altimara.eu\/blog\/wp-content\/uploads\/2023\/09\/MA5_2501.jpg?resize=700%2C400&ssl=1 2x, https:\/\/i0.wp.com\/www.altimara.eu\/blog\/wp-content\/uploads\/2023\/09\/MA5_2501.jpg?resize=1050%2C600&ssl=1 3x, https:\/\/i0.wp.com\/www.altimara.eu\/blog\/wp-content\/uploads\/2023\/09\/MA5_2501.jpg?resize=1400%2C800&ssl=1 4x"},"classes":[]},{"id":1826,"url":"https:\/\/www.altimara.eu\/blog\/2016\/04\/24\/jean-le-charbonnier\/","url_meta":{"origin":4072,"position":3},"title":"Jean le charbonnier","author":"Martiou","date":"24 avril 2016","format":false,"excerpt":"Bient\u00f4t le mois de mai et la f\u00eate charbonni\u00e8re de Jean en Ard\u00e8che. Montage de la meule \u00e0 partir du vendredi 13 et allumage le samedi 14. Cuisson pendant la semaine et d\u00e9cavage le 20 mai. Contact direct Jean: 06 37 60 66 25 De nombreuses activit\u00e9s sont au programme","rel":"","context":"Dans &quot;Charbon de bois&quot;","block_context":{"text":"Charbon de bois","link":"https:\/\/www.altimara.eu\/blog\/category\/charbon-de-bois-carbon-art\/"},"img":{"alt_text":"plaquette charbonnie\u0300re 9","src":"https:\/\/i0.wp.com\/www.altimara.eu\/blog\/wp-content\/uploads\/2016\/04\/plaquette-charbonnie%CC%80re-9.jpg?resize=350%2C200","width":350,"height":200,"srcset":"https:\/\/i0.wp.com\/www.altimara.eu\/blog\/wp-content\/uploads\/2016\/04\/plaquette-charbonnie%CC%80re-9.jpg?resize=350%2C200 1x, https:\/\/i0.wp.com\/www.altimara.eu\/blog\/wp-content\/uploads\/2016\/04\/plaquette-charbonnie%CC%80re-9.jpg?resize=525%2C300 1.5x, https:\/\/i0.wp.com\/www.altimara.eu\/blog\/wp-content\/uploads\/2016\/04\/plaquette-charbonnie%CC%80re-9.jpg?resize=700%2C400 2x"},"classes":[]},{"id":1696,"url":"https:\/\/www.altimara.eu\/blog\/2016\/02\/17\/chez-jean-le-charbonnier\/","url_meta":{"origin":4072,"position":4},"title":"Chez Jean le Charbonnier","author":"Martiou","date":"17 f\u00e9vrier 2016","format":false,"excerpt":"Jean Chaudi\u00e8re, animateur carbone d'Ard\u00e8che, pr\u00e9sente son programme pour le mois de mai. Avec la cuisson d'une charbonni\u00e8re, il y aura d\u00e9monstration de forgerons en continu. N'oublions pas que la production du charbon de bois en quantit\u00e9 a permis le travail des m\u00e9taux depuis le chalcolithique. Tous chez Jean en\u2026","rel":"","context":"Dans &quot;Charbon de bois&quot;","block_context":{"text":"Charbon de bois","link":"https:\/\/www.altimara.eu\/blog\/category\/charbon-de-bois-carbon-art\/"},"img":{"alt_text":"plaquette charbonnie\u0300re 6 dernie\u0300re version","src":"https:\/\/i0.wp.com\/www.altimara.eu\/blog\/wp-content\/uploads\/2016\/02\/plaquette-charbonnie%CC%80re-6-dernie%CC%80re-version-1024x723.jpg?resize=350%2C200","width":350,"height":200,"srcset":"https:\/\/i0.wp.com\/www.altimara.eu\/blog\/wp-content\/uploads\/2016\/02\/plaquette-charbonnie%CC%80re-6-dernie%CC%80re-version-1024x723.jpg?resize=350%2C200 1x, https:\/\/i0.wp.com\/www.altimara.eu\/blog\/wp-content\/uploads\/2016\/02\/plaquette-charbonnie%CC%80re-6-dernie%CC%80re-version-1024x723.jpg?resize=525%2C300 1.5x"},"classes":[]},{"id":4173,"url":"https:\/\/www.altimara.eu\/blog\/2023\/10\/07\/charbonniere-phase-4\/","url_meta":{"origin":4072,"position":5},"title":"Charbonni\u00e8re phase 4","author":"Martiou","date":"7 octobre 2023","format":false,"excerpt":"Habillage de la dame charbonni\u00e8re, un bel ensemble couleur or. Emmaillotage fa\u00e7on culotte bavaroise. Couverture, les nuits deviennent fraiches , au rebours des journ\u00e9es tellement chaudes dans ce mois d'octobre. Tendinite au bras gauche en vue !!! Dimanche repos du guerrier charbonnier avant d'attaquer l'allumage lundi.","rel":"","context":"Dans &quot;0- MES CHARBONNI\u00c8RES&quot;","block_context":{"text":"0- MES CHARBONNI\u00c8RES","link":"https:\/\/www.altimara.eu\/blog\/category\/mes-charbonnieres\/"},"img":{"alt_text":"","src":"https:\/\/i0.wp.com\/www.altimara.eu\/blog\/wp-content\/uploads\/2023\/10\/MAR1274.jpg?resize=350%2C200&ssl=1","width":350,"height":200,"srcset":"https:\/\/i0.wp.com\/www.altimara.eu\/blog\/wp-content\/uploads\/2023\/10\/MAR1274.jpg?resize=350%2C200&ssl=1 1x, https:\/\/i0.wp.com\/www.altimara.eu\/blog\/wp-content\/uploads\/2023\/10\/MAR1274.jpg?resize=525%2C300&ssl=1 1.5x, https:\/\/i0.wp.com\/www.altimara.eu\/blog\/wp-content\/uploads\/2023\/10\/MAR1274.jpg?resize=700%2C400&ssl=1 2x, https:\/\/i0.wp.com\/www.altimara.eu\/blog\/wp-content\/uploads\/2023\/10\/MAR1274.jpg?resize=1050%2C600&ssl=1 3x, https:\/\/i0.wp.com\/www.altimara.eu\/blog\/wp-content\/uploads\/2023\/10\/MAR1274.jpg?resize=1400%2C800&ssl=1 4x"},"classes":[]}],"_links":{"self":[{"href":"https:\/\/www.altimara.eu\/blog\/wp-json\/wp\/v2\/posts\/4072","targetHints":{"allow":["GET"]}}],"collection":[{"href":"https:\/\/www.altimara.eu\/blog\/wp-json\/wp\/v2\/posts"}],"about":[{"href":"https:\/\/www.altimara.eu\/blog\/wp-json\/wp\/v2\/types\/post"}],"author":[{"embeddable":true,"href":"https:\/\/www.altimara.eu\/blog\/wp-json\/wp\/v2\/users\/3"}],"replies":[{"embeddable":true,"href":"https:\/\/www.altimara.eu\/blog\/wp-json\/wp\/v2\/comments?post=4072"}],"version-history":[{"count":0,"href":"https:\/\/www.altimara.eu\/blog\/wp-json\/wp\/v2\/posts\/4072\/revisions"}],"wp:attachment":[{"href":"https:\/\/www.altimara.eu\/blog\/wp-json\/wp\/v2\/media?parent=4072"}],"wp:term":[{"taxonomy":"category","embeddable":true,"href":"https:\/\/www.altimara.eu\/blog\/wp-json\/wp\/v2\/categories?post=4072"},{"taxonomy":"post_tag","embeddable":true,"href":"https:\/\/www.altimara.eu\/blog\/wp-json\/wp\/v2\/tags?post=4072"}],"curies":[{"name":"wp","href":"https:\/\/api.w.org\/{rel}","templated":true}]}}