{"id":4050,"date":"2023-08-02T12:51:15","date_gmt":"2023-08-02T11:51:15","guid":{"rendered":"https:\/\/www.altimara.eu\/blog\/?p=4050"},"modified":"2023-08-10T15:40:22","modified_gmt":"2023-08-10T14:40:22","slug":"la-charbonniere-qui-pete","status":"publish","type":"post","link":"https:\/\/www.altimara.eu\/blog\/2023\/08\/02\/la-charbonniere-qui-pete\/","title":{"rendered":"La charbonni\u00e8re qui p\u00e8te !"},"content":{"rendered":"\n<p>Litli-H\u00fartur est le nom d&rsquo;une colline qui surplombe la fissure \u00e9ruptive de cette ann\u00e9e 2023 dans la presqu&rsquo;\u00eele de Reykjanes, \u00e0 40 km de Reykjav\u00edk, Islande.<\/p>\n\n\n<div class=\"wp-block-image\">\n<figure class=\"aligncenter size-large\"><img data-recalc-dims=\"1\" loading=\"lazy\" decoding=\"async\" width=\"627\" height=\"418\" data-attachment-id=\"4051\" data-permalink=\"https:\/\/www.altimara.eu\/blog\/2023\/08\/02\/la-charbonniere-qui-pete\/ma5_2249\/\" data-orig-file=\"https:\/\/i0.wp.com\/www.altimara.eu\/blog\/wp-content\/uploads\/2023\/08\/MA5_2249.jpg?fit=1500%2C1000&amp;ssl=1\" data-orig-size=\"1500,1000\" data-comments-opened=\"1\" data-image-meta=\"{&quot;aperture&quot;:&quot;0&quot;,&quot;credit&quot;:&quot;&quot;,&quot;camera&quot;:&quot;&quot;,&quot;caption&quot;:&quot;&quot;,&quot;created_timestamp&quot;:&quot;0&quot;,&quot;copyright&quot;:&quot;CC BY-SA 4.0&quot;,&quot;focal_length&quot;:&quot;0&quot;,&quot;iso&quot;:&quot;0&quot;,&quot;shutter_speed&quot;:&quot;0&quot;,&quot;title&quot;:&quot;&quot;,&quot;orientation&quot;:&quot;0&quot;}\" data-image-title=\"MA5_2249\" data-image-description=\"\" data-image-caption=\"\" data-large-file=\"https:\/\/i0.wp.com\/www.altimara.eu\/blog\/wp-content\/uploads\/2023\/08\/MA5_2249.jpg?fit=627%2C418&amp;ssl=1\" src=\"https:\/\/i0.wp.com\/www.altimara.eu\/blog\/wp-content\/uploads\/2023\/08\/MA5_2249.jpg?resize=627%2C418&#038;ssl=1\" alt=\"\" class=\"wp-image-4051\" srcset=\"https:\/\/i0.wp.com\/www.altimara.eu\/blog\/wp-content\/uploads\/2023\/08\/MA5_2249.jpg?resize=1024%2C683&amp;ssl=1 1024w, https:\/\/i0.wp.com\/www.altimara.eu\/blog\/wp-content\/uploads\/2023\/08\/MA5_2249.jpg?resize=300%2C200&amp;ssl=1 300w, https:\/\/i0.wp.com\/www.altimara.eu\/blog\/wp-content\/uploads\/2023\/08\/MA5_2249.jpg?resize=768%2C512&amp;ssl=1 768w, https:\/\/i0.wp.com\/www.altimara.eu\/blog\/wp-content\/uploads\/2023\/08\/MA5_2249.jpg?w=1500&amp;ssl=1 1500w, https:\/\/i0.wp.com\/www.altimara.eu\/blog\/wp-content\/uploads\/2023\/08\/MA5_2249.jpg?w=1254&amp;ssl=1 1254w\" sizes=\"auto, (max-width: 627px) 100vw, 627px\" \/><\/figure>\n<\/div>\n\n\n<p>L&rsquo;activit\u00e9 volcanique est \u00e0 sa fin d&rsquo;apr\u00e8s les volcanologues, avec un crat\u00e8re final qui montre de belles projections de lave. <\/p>\n\n\n<div class=\"wp-block-image\">\n<figure class=\"aligncenter size-large\"><img data-recalc-dims=\"1\" loading=\"lazy\" decoding=\"async\" width=\"627\" height=\"418\" data-attachment-id=\"4055\" data-permalink=\"https:\/\/www.altimara.eu\/blog\/2023\/08\/02\/la-charbonniere-qui-pete\/ma5_2267\/\" data-orig-file=\"https:\/\/i0.wp.com\/www.altimara.eu\/blog\/wp-content\/uploads\/2023\/08\/MA5_2267.jpg?fit=1500%2C1000&amp;ssl=1\" data-orig-size=\"1500,1000\" data-comments-opened=\"1\" data-image-meta=\"{&quot;aperture&quot;:&quot;0&quot;,&quot;credit&quot;:&quot;&quot;,&quot;camera&quot;:&quot;&quot;,&quot;caption&quot;:&quot;&quot;,&quot;created_timestamp&quot;:&quot;0&quot;,&quot;copyright&quot;:&quot;CC BY-SA 4.0&quot;,&quot;focal_length&quot;:&quot;0&quot;,&quot;iso&quot;:&quot;0&quot;,&quot;shutter_speed&quot;:&quot;0&quot;,&quot;title&quot;:&quot;&quot;,&quot;orientation&quot;:&quot;0&quot;}\" data-image-title=\"MA5_2267\" data-image-description=\"\" data-image-caption=\"\" data-large-file=\"https:\/\/i0.wp.com\/www.altimara.eu\/blog\/wp-content\/uploads\/2023\/08\/MA5_2267.jpg?fit=627%2C418&amp;ssl=1\" src=\"https:\/\/i0.wp.com\/www.altimara.eu\/blog\/wp-content\/uploads\/2023\/08\/MA5_2267.jpg?resize=627%2C418&#038;ssl=1\" alt=\"\" class=\"wp-image-4055\" srcset=\"https:\/\/i0.wp.com\/www.altimara.eu\/blog\/wp-content\/uploads\/2023\/08\/MA5_2267.jpg?resize=1024%2C683&amp;ssl=1 1024w, https:\/\/i0.wp.com\/www.altimara.eu\/blog\/wp-content\/uploads\/2023\/08\/MA5_2267.jpg?resize=300%2C200&amp;ssl=1 300w, https:\/\/i0.wp.com\/www.altimara.eu\/blog\/wp-content\/uploads\/2023\/08\/MA5_2267.jpg?resize=768%2C512&amp;ssl=1 768w, https:\/\/i0.wp.com\/www.altimara.eu\/blog\/wp-content\/uploads\/2023\/08\/MA5_2267.jpg?w=1500&amp;ssl=1 1500w, https:\/\/i0.wp.com\/www.altimara.eu\/blog\/wp-content\/uploads\/2023\/08\/MA5_2267.jpg?w=1254&amp;ssl=1 1254w\" sizes=\"auto, (max-width: 627px) 100vw, 627px\" \/><\/figure>\n<\/div>\n\n<div class=\"wp-block-image\">\n<figure class=\"aligncenter size-large\"><img data-recalc-dims=\"1\" loading=\"lazy\" decoding=\"async\" width=\"627\" height=\"418\" data-attachment-id=\"4052\" data-permalink=\"https:\/\/www.altimara.eu\/blog\/2023\/08\/02\/la-charbonniere-qui-pete\/ma5_2108\/\" data-orig-file=\"https:\/\/i0.wp.com\/www.altimara.eu\/blog\/wp-content\/uploads\/2023\/08\/MA5_2108.jpg?fit=1500%2C1000&amp;ssl=1\" data-orig-size=\"1500,1000\" data-comments-opened=\"1\" data-image-meta=\"{&quot;aperture&quot;:&quot;0&quot;,&quot;credit&quot;:&quot;&quot;,&quot;camera&quot;:&quot;&quot;,&quot;caption&quot;:&quot;&quot;,&quot;created_timestamp&quot;:&quot;0&quot;,&quot;copyright&quot;:&quot;CC BY-SA 4.0&quot;,&quot;focal_length&quot;:&quot;0&quot;,&quot;iso&quot;:&quot;0&quot;,&quot;shutter_speed&quot;:&quot;0&quot;,&quot;title&quot;:&quot;&quot;,&quot;orientation&quot;:&quot;0&quot;}\" data-image-title=\"MA5_2108\" data-image-description=\"\" data-image-caption=\"\" data-large-file=\"https:\/\/i0.wp.com\/www.altimara.eu\/blog\/wp-content\/uploads\/2023\/08\/MA5_2108.jpg?fit=627%2C418&amp;ssl=1\" src=\"https:\/\/i0.wp.com\/www.altimara.eu\/blog\/wp-content\/uploads\/2023\/08\/MA5_2108.jpg?resize=627%2C418&#038;ssl=1\" alt=\"\" class=\"wp-image-4052\" srcset=\"https:\/\/i0.wp.com\/www.altimara.eu\/blog\/wp-content\/uploads\/2023\/08\/MA5_2108.jpg?resize=1024%2C683&amp;ssl=1 1024w, https:\/\/i0.wp.com\/www.altimara.eu\/blog\/wp-content\/uploads\/2023\/08\/MA5_2108.jpg?resize=300%2C200&amp;ssl=1 300w, https:\/\/i0.wp.com\/www.altimara.eu\/blog\/wp-content\/uploads\/2023\/08\/MA5_2108.jpg?resize=768%2C512&amp;ssl=1 768w, https:\/\/i0.wp.com\/www.altimara.eu\/blog\/wp-content\/uploads\/2023\/08\/MA5_2108.jpg?w=1500&amp;ssl=1 1500w, https:\/\/i0.wp.com\/www.altimara.eu\/blog\/wp-content\/uploads\/2023\/08\/MA5_2108.jpg?w=1254&amp;ssl=1 1254w\" sizes=\"auto, (max-width: 627px) 100vw, 627px\" \/><\/figure>\n<\/div>\n\n\n<p>Bien que l&rsquo;approche soit difficile et r\u00e9glement\u00e9e \u00e0 cause des gaz toxiques possibles mais aussi du comportement d&rsquo;inconscients qui marchent sur la lave, nous avons tent\u00e9 le coup et ce fut une belle r\u00e9ussite.<\/p>\n\n\n<div class=\"wp-block-image\">\n<figure class=\"aligncenter size-large is-resized\"><img data-recalc-dims=\"1\" loading=\"lazy\" decoding=\"async\" data-attachment-id=\"4056\" data-permalink=\"https:\/\/www.altimara.eu\/blog\/2023\/08\/02\/la-charbonniere-qui-pete\/carte-litli-hrutur\/\" data-orig-file=\"https:\/\/i0.wp.com\/www.altimara.eu\/blog\/wp-content\/uploads\/2023\/08\/carte-litli-hrutur.jpg?fit=1077%2C1806&amp;ssl=1\" data-orig-size=\"1077,1806\" data-comments-opened=\"1\" data-image-meta=\"{&quot;aperture&quot;:&quot;0&quot;,&quot;credit&quot;:&quot;&quot;,&quot;camera&quot;:&quot;&quot;,&quot;caption&quot;:&quot;&quot;,&quot;created_timestamp&quot;:&quot;0&quot;,&quot;copyright&quot;:&quot;&quot;,&quot;focal_length&quot;:&quot;0&quot;,&quot;iso&quot;:&quot;0&quot;,&quot;shutter_speed&quot;:&quot;0&quot;,&quot;title&quot;:&quot;&quot;,&quot;orientation&quot;:&quot;1&quot;}\" data-image-title=\"carte-litli-hrutur\" data-image-description=\"\" data-image-caption=\"\" data-large-file=\"https:\/\/i0.wp.com\/www.altimara.eu\/blog\/wp-content\/uploads\/2023\/08\/carte-litli-hrutur.jpg?fit=611%2C1024&amp;ssl=1\" src=\"https:\/\/i0.wp.com\/www.altimara.eu\/blog\/wp-content\/uploads\/2023\/08\/carte-litli-hrutur.jpg?resize=306%2C512&#038;ssl=1\" alt=\"\" class=\"wp-image-4056\" style=\"width:306px;height:512px\" width=\"306\" height=\"512\" srcset=\"https:\/\/i0.wp.com\/www.altimara.eu\/blog\/wp-content\/uploads\/2023\/08\/carte-litli-hrutur.jpg?resize=611%2C1024&amp;ssl=1 611w, https:\/\/i0.wp.com\/www.altimara.eu\/blog\/wp-content\/uploads\/2023\/08\/carte-litli-hrutur.jpg?resize=179%2C300&amp;ssl=1 179w, https:\/\/i0.wp.com\/www.altimara.eu\/blog\/wp-content\/uploads\/2023\/08\/carte-litli-hrutur.jpg?resize=768%2C1288&amp;ssl=1 768w, https:\/\/i0.wp.com\/www.altimara.eu\/blog\/wp-content\/uploads\/2023\/08\/carte-litli-hrutur.jpg?resize=916%2C1536&amp;ssl=1 916w, https:\/\/i0.wp.com\/www.altimara.eu\/blog\/wp-content\/uploads\/2023\/08\/carte-litli-hrutur.jpg?w=1077&amp;ssl=1 1077w\" sizes=\"auto, (max-width: 306px) 100vw, 306px\" \/><\/figure>\n<\/div>\n\n\n<p>Le crat\u00e8re bouillonne en permanence avec des projections et des coul\u00e9es sont visibles tout autour. Elles parcourent diff\u00e9rentes distances dans des canaux souterrains et ressortent d&rsquo;ici de l\u00e0.<\/p>\n\n\n<div class=\"wp-block-image\">\n<figure class=\"aligncenter size-large\"><img data-recalc-dims=\"1\" loading=\"lazy\" decoding=\"async\" width=\"627\" height=\"418\" data-attachment-id=\"4053\" data-permalink=\"https:\/\/www.altimara.eu\/blog\/2023\/08\/02\/la-charbonniere-qui-pete\/ma5_2213\/\" data-orig-file=\"https:\/\/i0.wp.com\/www.altimara.eu\/blog\/wp-content\/uploads\/2023\/08\/MA5_2213.jpg?fit=1500%2C1000&amp;ssl=1\" data-orig-size=\"1500,1000\" data-comments-opened=\"1\" data-image-meta=\"{&quot;aperture&quot;:&quot;0&quot;,&quot;credit&quot;:&quot;&quot;,&quot;camera&quot;:&quot;&quot;,&quot;caption&quot;:&quot;&quot;,&quot;created_timestamp&quot;:&quot;0&quot;,&quot;copyright&quot;:&quot;CC BY-SA 4.0&quot;,&quot;focal_length&quot;:&quot;0&quot;,&quot;iso&quot;:&quot;0&quot;,&quot;shutter_speed&quot;:&quot;0&quot;,&quot;title&quot;:&quot;&quot;,&quot;orientation&quot;:&quot;0&quot;}\" data-image-title=\"MA5_2213\" data-image-description=\"\" data-image-caption=\"\" data-large-file=\"https:\/\/i0.wp.com\/www.altimara.eu\/blog\/wp-content\/uploads\/2023\/08\/MA5_2213.jpg?fit=627%2C418&amp;ssl=1\" src=\"https:\/\/i0.wp.com\/www.altimara.eu\/blog\/wp-content\/uploads\/2023\/08\/MA5_2213.jpg?resize=627%2C418&#038;ssl=1\" alt=\"\" class=\"wp-image-4053\" srcset=\"https:\/\/i0.wp.com\/www.altimara.eu\/blog\/wp-content\/uploads\/2023\/08\/MA5_2213.jpg?resize=1024%2C683&amp;ssl=1 1024w, https:\/\/i0.wp.com\/www.altimara.eu\/blog\/wp-content\/uploads\/2023\/08\/MA5_2213.jpg?resize=300%2C200&amp;ssl=1 300w, https:\/\/i0.wp.com\/www.altimara.eu\/blog\/wp-content\/uploads\/2023\/08\/MA5_2213.jpg?resize=768%2C512&amp;ssl=1 768w, https:\/\/i0.wp.com\/www.altimara.eu\/blog\/wp-content\/uploads\/2023\/08\/MA5_2213.jpg?w=1500&amp;ssl=1 1500w, https:\/\/i0.wp.com\/www.altimara.eu\/blog\/wp-content\/uploads\/2023\/08\/MA5_2213.jpg?w=1254&amp;ssl=1 1254w\" sizes=\"auto, (max-width: 627px) 100vw, 627px\" \/><\/figure>\n<\/div>\n\n\n<p>Cette presqu&rsquo;\u00eele en est \u00e0 sa troisi\u00e8me \u00e9ruptions en trois ans !! Cela se rapproche de Reykjav\u00edk et sa banlieue. Certains commencent \u00e0 se faire du mourront des installations qui ont vu le jour sur les laves mill\u00e9naires&#8230;<\/p>\n\n\n\n<p>Le mont Keillir, pyramide naturelle, sert de d\u00e9cors majestueux \u00e0 ces lieux.<\/p>\n\n\n<div class=\"wp-block-image\">\n<figure class=\"aligncenter size-large\"><img data-recalc-dims=\"1\" loading=\"lazy\" decoding=\"async\" width=\"627\" height=\"418\" data-attachment-id=\"4054\" data-permalink=\"https:\/\/www.altimara.eu\/blog\/2023\/08\/02\/la-charbonniere-qui-pete\/ma5_2171\/\" data-orig-file=\"https:\/\/i0.wp.com\/www.altimara.eu\/blog\/wp-content\/uploads\/2023\/08\/MA5_2171.jpg?fit=1500%2C1000&amp;ssl=1\" data-orig-size=\"1500,1000\" data-comments-opened=\"1\" data-image-meta=\"{&quot;aperture&quot;:&quot;0&quot;,&quot;credit&quot;:&quot;&quot;,&quot;camera&quot;:&quot;&quot;,&quot;caption&quot;:&quot;&quot;,&quot;created_timestamp&quot;:&quot;0&quot;,&quot;copyright&quot;:&quot;CC BY-SA 4.0&quot;,&quot;focal_length&quot;:&quot;0&quot;,&quot;iso&quot;:&quot;0&quot;,&quot;shutter_speed&quot;:&quot;0&quot;,&quot;title&quot;:&quot;&quot;,&quot;orientation&quot;:&quot;0&quot;}\" data-image-title=\"MA5_2171\" data-image-description=\"\" data-image-caption=\"\" data-large-file=\"https:\/\/i0.wp.com\/www.altimara.eu\/blog\/wp-content\/uploads\/2023\/08\/MA5_2171.jpg?fit=627%2C418&amp;ssl=1\" src=\"https:\/\/i0.wp.com\/www.altimara.eu\/blog\/wp-content\/uploads\/2023\/08\/MA5_2171.jpg?resize=627%2C418&#038;ssl=1\" alt=\"\" class=\"wp-image-4054\" srcset=\"https:\/\/i0.wp.com\/www.altimara.eu\/blog\/wp-content\/uploads\/2023\/08\/MA5_2171.jpg?resize=1024%2C683&amp;ssl=1 1024w, https:\/\/i0.wp.com\/www.altimara.eu\/blog\/wp-content\/uploads\/2023\/08\/MA5_2171.jpg?resize=300%2C200&amp;ssl=1 300w, https:\/\/i0.wp.com\/www.altimara.eu\/blog\/wp-content\/uploads\/2023\/08\/MA5_2171.jpg?resize=768%2C512&amp;ssl=1 768w, https:\/\/i0.wp.com\/www.altimara.eu\/blog\/wp-content\/uploads\/2023\/08\/MA5_2171.jpg?w=1500&amp;ssl=1 1500w, https:\/\/i0.wp.com\/www.altimara.eu\/blog\/wp-content\/uploads\/2023\/08\/MA5_2171.jpg?w=1254&amp;ssl=1 1254w\" sizes=\"auto, (max-width: 627px) 100vw, 627px\" \/><\/figure>\n<\/div>\n\n\n<p>Pour la s\u00e9curit\u00e9 : <a href=\"https:\/\/safetravel.is\/eruption-in-reykjanes\/\" target=\"_blank\" rel=\"noreferrer noopener\">https:\/\/safetravel.is\/eruption-in-reykjanes\/<\/a><\/p>\n","protected":false},"excerpt":{"rendered":"<p>Litli-H\u00fartur est le nom d&rsquo;une colline qui surplombe la fissure \u00e9ruptive de cette ann\u00e9e 2023 dans la presqu&rsquo;\u00eele de Reykjanes, \u00e0 40 km de Reykjav\u00edk, Islande. L&rsquo;activit\u00e9 volcanique est \u00e0 sa fin d&rsquo;apr\u00e8s les volcanologues, avec un crat\u00e8re final qui montre de belles projections de lave. Bien que l&rsquo;approche soit difficile et r\u00e9glement\u00e9e \u00e0 cause [&hellip;]<\/p>\n","protected":false},"author":3,"featured_media":0,"comment_status":"open","ping_status":"open","sticky":false,"template":"","format":"standard","meta":{"ngg_post_thumbnail":0,"jetpack_post_was_ever_published":false,"_jetpack_newsletter_access":"","_jetpack_dont_email_post_to_subs":false,"_jetpack_newsletter_tier_id":0,"_jetpack_memberships_contains_paywalled_content":false,"_jetpack_memberships_contains_paid_content":false,"footnotes":"","jetpack_publicize_message":"","jetpack_publicize_feature_enabled":true,"jetpack_social_post_already_shared":true,"jetpack_social_options":{"image_generator_settings":{"template":"highway","default_image_id":0,"font":"","enabled":false},"version":2}},"categories":[37,197],"tags":[33,201],"class_list":["post-4050","post","type-post","status-publish","format-standard","hentry","category-evenementiel","category-volcan","tag-islande","tag-litli-hurtur"],"jetpack_publicize_connections":[],"jetpack_featured_media_url":"","jetpack_shortlink":"https:\/\/wp.me\/p4r91c-13k","jetpack_sharing_enabled":true,"jetpack-related-posts":[{"id":4223,"url":"https:\/\/www.altimara.eu\/blog\/2023\/11\/17\/montagne-meule\/","url_meta":{"origin":4050,"position":0},"title":"Montagne meule","author":"Martiou","date":"17 novembre 2023","format":false,"excerpt":"Si j'\u00e9prouve des int\u00e9r\u00eats pour le volcanisme islandais, qui \u00e0 ce jour du 16 novembre 2023, est en pleine activit\u00e9, c'est lors d'une promenade en Auvergne que j'ai rencontr\u00e9 un volcan ami. J'ai \u00e9t\u00e9 saisi par la ressemblance forte de la structure des orgues basaltiques avec nos meules de charbonni\u00e8res.\u2026","rel":"","context":"Dans &quot;Non class\u00e9&quot;","block_context":{"text":"Non class\u00e9","link":"https:\/\/www.altimara.eu\/blog\/category\/non-classe\/"},"img":{"alt_text":"","src":"https:\/\/i0.wp.com\/www.altimara.eu\/blog\/wp-content\/uploads\/2024\/01\/4.png?resize=350%2C200&ssl=1","width":350,"height":200,"srcset":"https:\/\/i0.wp.com\/www.altimara.eu\/blog\/wp-content\/uploads\/2024\/01\/4.png?resize=350%2C200&ssl=1 1x, https:\/\/i0.wp.com\/www.altimara.eu\/blog\/wp-content\/uploads\/2024\/01\/4.png?resize=525%2C300&ssl=1 1.5x, https:\/\/i0.wp.com\/www.altimara.eu\/blog\/wp-content\/uploads\/2024\/01\/4.png?resize=700%2C400&ssl=1 2x"},"classes":[]},{"id":1966,"url":"https:\/\/www.altimara.eu\/blog\/2016\/08\/15\/sel-noir-dislande\/","url_meta":{"origin":4050,"position":1},"title":"Sel noir d&rsquo;Islande","author":"Martiou","date":"15 ao\u00fbt 2016","format":false,"excerpt":"Le sel noir fait recette en Islande. Le sel islandais est issu de l'oc\u00e9an Atlantique, par traitement g\u00e9othermique, c'est \u00e0 dire par \u00e9vaporation forc\u00e9e de l'eau de mer au contact de la chaleur de l'eau chaude naturelle. Le sel noir est inspir\u00e9 du fameux sel d'Hawa\u00ef. Un sel m\u00e9lang\u00e9 de\u2026","rel":"","context":"Dans &quot;Autre&quot;","block_context":{"text":"Autre","link":"https:\/\/www.altimara.eu\/blog\/category\/autre\/"},"img":{"alt_text":"IMG_20160705_101429104_HDR-2","src":"https:\/\/i0.wp.com\/www.altimara.eu\/blog\/wp-content\/uploads\/2016\/08\/IMG_20160705_101429104_HDR-2-261x300.jpg?resize=350%2C200","width":350,"height":200},"classes":[]},{"id":1005,"url":"https:\/\/www.altimara.eu\/blog\/2014\/08\/30\/bois-dislande-9\/","url_meta":{"origin":4050,"position":2},"title":"Bois d&rsquo;Islande","author":"Martiou","date":"30 ao\u00fbt 2014","format":false,"excerpt":"Un lieu \u00e9trange, l'activit\u00e9 volcanique devenue sculptrice, l'actualit\u00e9 rejoint le pass\u00e9. Une \u00e9ruption du volcan Katla, tant redout\u00e9, il y a plus de 1200 ans \u00e0 g\u00e9n\u00e9r\u00e9 une coul\u00e9e de boue, un jokullhraup, qui a enseveli une belle for\u00eat. Il y avait l\u00e0 des arbres de 500 \u00e0 600 ans.\u2026","rel":"","context":"Dans &quot;Bois d'Islande, bois flott\u00e9, bois plant\u00e9&quot;","block_context":{"text":"Bois d'Islande, bois flott\u00e9, bois plant\u00e9","link":"https:\/\/www.altimara.eu\/blog\/category\/charbon-de-bois-islande\/bois-dislande-bois-flotte-bois-plante\/"},"img":{"alt_text":"_MAR2445","src":"https:\/\/i0.wp.com\/www.altimara.eu\/blog\/wp-content\/uploads\/2014\/08\/MAR2445.jpg?resize=350%2C200","width":350,"height":200,"srcset":"https:\/\/i0.wp.com\/www.altimara.eu\/blog\/wp-content\/uploads\/2014\/08\/MAR2445.jpg?resize=350%2C200 1x, https:\/\/i0.wp.com\/www.altimara.eu\/blog\/wp-content\/uploads\/2014\/08\/MAR2445.jpg?resize=525%2C300 1.5x, https:\/\/i0.wp.com\/www.altimara.eu\/blog\/wp-content\/uploads\/2014\/08\/MAR2445.jpg?resize=700%2C400 2x"},"classes":[]},{"id":3952,"url":"https:\/\/www.altimara.eu\/blog\/2022\/08\/24\/ceci-nest-pas-du-charbon-2\/","url_meta":{"origin":4050,"position":3},"title":"Ceci n&rsquo;est pas du charbon 2","author":"Martiou","date":"24 ao\u00fbt 2022","format":false,"excerpt":"Belle visite au site du nouveau volcan islandais. \u00c9ruption tr\u00e8s rapide qui n'a dur\u00e9 que trois semaines. Le paysage en lui m\u00eame reste superbe et nous avons eu la surprise de voir un lambeau de lave incandescente, isol\u00e9 dans la masse noire.","rel":"","context":"Dans &quot;volcan&quot;","block_context":{"text":"volcan","link":"https:\/\/www.altimara.eu\/blog\/category\/volcan\/"},"img":{"alt_text":"","src":"https:\/\/i0.wp.com\/www.altimara.eu\/blog\/wp-content\/uploads\/2022\/08\/MAR0344-copie.jpg?resize=350%2C200&ssl=1","width":350,"height":200,"srcset":"https:\/\/i0.wp.com\/www.altimara.eu\/blog\/wp-content\/uploads\/2022\/08\/MAR0344-copie.jpg?resize=350%2C200&ssl=1 1x, https:\/\/i0.wp.com\/www.altimara.eu\/blog\/wp-content\/uploads\/2022\/08\/MAR0344-copie.jpg?resize=525%2C300&ssl=1 1.5x, https:\/\/i0.wp.com\/www.altimara.eu\/blog\/wp-content\/uploads\/2022\/08\/MAR0344-copie.jpg?resize=700%2C400&ssl=1 2x"},"classes":[]},{"id":4039,"url":"https:\/\/www.altimara.eu\/blog\/2023\/06\/30\/ca-fume-et-cest-noir\/","url_meta":{"origin":4050,"position":4},"title":"\u00c7a fume et c&rsquo;est noir","author":"Martiou","date":"30 juin 2023","format":false,"excerpt":"Retour au volcan islandais Fagradalsfjall. Les \u00e9tendues de lave exhalent encore de nombreux panaches de fum\u00e9e. La sensation charbonni\u00e8re est puissante. Le paysage est toujours de toute beaut\u00e9 !","rel":"","context":"Dans &quot;Autre&quot;","block_context":{"text":"Autre","link":"https:\/\/www.altimara.eu\/blog\/category\/autre\/"},"img":{"alt_text":"","src":"https:\/\/i0.wp.com\/www.altimara.eu\/blog\/wp-content\/uploads\/2023\/06\/MA5_1277.jpg?resize=350%2C200&ssl=1","width":350,"height":200,"srcset":"https:\/\/i0.wp.com\/www.altimara.eu\/blog\/wp-content\/uploads\/2023\/06\/MA5_1277.jpg?resize=350%2C200&ssl=1 1x, https:\/\/i0.wp.com\/www.altimara.eu\/blog\/wp-content\/uploads\/2023\/06\/MA5_1277.jpg?resize=525%2C300&ssl=1 1.5x, https:\/\/i0.wp.com\/www.altimara.eu\/blog\/wp-content\/uploads\/2023\/06\/MA5_1277.jpg?resize=700%2C400&ssl=1 2x, https:\/\/i0.wp.com\/www.altimara.eu\/blog\/wp-content\/uploads\/2023\/06\/MA5_1277.jpg?resize=1050%2C600&ssl=1 3x, https:\/\/i0.wp.com\/www.altimara.eu\/blog\/wp-content\/uploads\/2023\/06\/MA5_1277.jpg?resize=1400%2C800&ssl=1 4x"},"classes":[]},{"id":1940,"url":"https:\/\/www.altimara.eu\/blog\/2016\/07\/23\/bois-dislande-20\/","url_meta":{"origin":4050,"position":5},"title":"Bois d&rsquo;Islande","author":"Martiou","date":"23 juillet 2016","format":false,"excerpt":"C'est dans le sud, sur la plage du beau lagon glaciaire de J\u00f6kuls\u00e1rl\u00f3n, que j'ai vu un bois flott\u00e9 au milieu des petits \"icebergs\". Cette partie de l'Islande est l\u00e9ch\u00e9e par le Gulf Stream qui r\u00e9chauffe l'ensemble des cotes. Les bois flott\u00e9s sont plut\u00f4t d'origine du golfe du Mexique. A\u2026","rel":"","context":"Dans &quot;Bois d'Islande, bois flott\u00e9, bois plant\u00e9&quot;","block_context":{"text":"Bois d'Islande, bois flott\u00e9, bois plant\u00e9","link":"https:\/\/www.altimara.eu\/blog\/category\/charbon-de-bois-islande\/bois-dislande-bois-flotte-bois-plante\/"},"img":{"alt_text":"IMG_20160712_171439523_HDR","src":"https:\/\/i0.wp.com\/www.altimara.eu\/blog\/wp-content\/uploads\/2016\/07\/IMG_20160712_171439523_HDR-1.jpg?resize=350%2C200","width":350,"height":200,"srcset":"https:\/\/i0.wp.com\/www.altimara.eu\/blog\/wp-content\/uploads\/2016\/07\/IMG_20160712_171439523_HDR-1.jpg?resize=350%2C200 1x, https:\/\/i0.wp.com\/www.altimara.eu\/blog\/wp-content\/uploads\/2016\/07\/IMG_20160712_171439523_HDR-1.jpg?resize=525%2C300 1.5x"},"classes":[]}],"_links":{"self":[{"href":"https:\/\/www.altimara.eu\/blog\/wp-json\/wp\/v2\/posts\/4050","targetHints":{"allow":["GET"]}}],"collection":[{"href":"https:\/\/www.altimara.eu\/blog\/wp-json\/wp\/v2\/posts"}],"about":[{"href":"https:\/\/www.altimara.eu\/blog\/wp-json\/wp\/v2\/types\/post"}],"author":[{"embeddable":true,"href":"https:\/\/www.altimara.eu\/blog\/wp-json\/wp\/v2\/users\/3"}],"replies":[{"embeddable":true,"href":"https:\/\/www.altimara.eu\/blog\/wp-json\/wp\/v2\/comments?post=4050"}],"version-history":[{"count":0,"href":"https:\/\/www.altimara.eu\/blog\/wp-json\/wp\/v2\/posts\/4050\/revisions"}],"wp:attachment":[{"href":"https:\/\/www.altimara.eu\/blog\/wp-json\/wp\/v2\/media?parent=4050"}],"wp:term":[{"taxonomy":"category","embeddable":true,"href":"https:\/\/www.altimara.eu\/blog\/wp-json\/wp\/v2\/categories?post=4050"},{"taxonomy":"post_tag","embeddable":true,"href":"https:\/\/www.altimara.eu\/blog\/wp-json\/wp\/v2\/tags?post=4050"}],"curies":[{"name":"wp","href":"https:\/\/api.w.org\/{rel}","templated":true}]}}