{"id":4046,"date":"2023-08-10T16:38:43","date_gmt":"2023-08-10T15:38:43","guid":{"rendered":"https:\/\/www.altimara.eu\/blog\/?p=4046"},"modified":"2023-08-10T16:38:43","modified_gmt":"2023-08-10T15:38:43","slug":"ur-myri-i-malm","status":"publish","type":"post","link":"https:\/\/www.altimara.eu\/blog\/2023\/08\/10\/ur-myri-i-malm\/","title":{"rendered":"\u00dar m\u00fdri \u00ed m\u00e1lm"},"content":{"rendered":"\n<p>Au mus\u00e9e national de Reykjav\u00edk, il y a une exposition sur la m\u00e9tallurgie au moyen-\u00e2ge en Islande. La production de fer \u00e9tait possible gr\u00e2ce \u00e0 des nodules de fer issus de la d\u00e9gradation des basaltes. Pour la r\u00e9duction du m\u00e9tal, l&#8217;emploi de bas-fourneaux a \u00e9t\u00e9 possible en utilisant les mat\u00e9riaux locaux. La structure g\u00e9n\u00e9rale, en colonne, du four \u00e9tait en terre gazonn\u00e9e. L&rsquo;int\u00e9rieur \u00e9tait enduit d&rsquo;une couche d&rsquo;une sorte d&rsquo;argile grise dont je n&rsquo;ai pas pu savoir son origine. <\/p>\n\n\n\n<p>La production de fer a \u00e9t\u00e9 pratiqu\u00e9 une grande partie de l&rsquo;\u00eele. <\/p>\n\n\n<div class=\"wp-block-image\">\n<figure class=\"aligncenter size-large\"><img data-recalc-dims=\"1\" loading=\"lazy\" decoding=\"async\" width=\"627\" height=\"469\" data-attachment-id=\"4062\" data-permalink=\"https:\/\/www.altimara.eu\/blog\/2023\/08\/10\/ur-myri-i-malm\/img_20230621_105151\/\" data-orig-file=\"https:\/\/i0.wp.com\/www.altimara.eu\/blog\/wp-content\/uploads\/2023\/08\/IMG_20230621_105151.jpg?fit=1500%2C1122&amp;ssl=1\" data-orig-size=\"1500,1122\" data-comments-opened=\"1\" data-image-meta=\"{&quot;aperture&quot;:&quot;0&quot;,&quot;credit&quot;:&quot;&quot;,&quot;camera&quot;:&quot;&quot;,&quot;caption&quot;:&quot;&quot;,&quot;created_timestamp&quot;:&quot;0&quot;,&quot;copyright&quot;:&quot;CC BY-SA 4.0&quot;,&quot;focal_length&quot;:&quot;0&quot;,&quot;iso&quot;:&quot;0&quot;,&quot;shutter_speed&quot;:&quot;0&quot;,&quot;title&quot;:&quot;&quot;,&quot;orientation&quot;:&quot;0&quot;}\" data-image-title=\"IMG_20230621_105151\" data-image-description=\"\" data-image-caption=\"\" data-large-file=\"https:\/\/i0.wp.com\/www.altimara.eu\/blog\/wp-content\/uploads\/2023\/08\/IMG_20230621_105151.jpg?fit=627%2C469&amp;ssl=1\" src=\"https:\/\/i0.wp.com\/www.altimara.eu\/blog\/wp-content\/uploads\/2023\/08\/IMG_20230621_105151.jpg?resize=627%2C469&#038;ssl=1\" alt=\"\" class=\"wp-image-4062\" srcset=\"https:\/\/i0.wp.com\/www.altimara.eu\/blog\/wp-content\/uploads\/2023\/08\/IMG_20230621_105151.jpg?resize=1024%2C766&amp;ssl=1 1024w, https:\/\/i0.wp.com\/www.altimara.eu\/blog\/wp-content\/uploads\/2023\/08\/IMG_20230621_105151.jpg?resize=300%2C224&amp;ssl=1 300w, https:\/\/i0.wp.com\/www.altimara.eu\/blog\/wp-content\/uploads\/2023\/08\/IMG_20230621_105151.jpg?resize=768%2C574&amp;ssl=1 768w, https:\/\/i0.wp.com\/www.altimara.eu\/blog\/wp-content\/uploads\/2023\/08\/IMG_20230621_105151.jpg?w=1500&amp;ssl=1 1500w, https:\/\/i0.wp.com\/www.altimara.eu\/blog\/wp-content\/uploads\/2023\/08\/IMG_20230621_105151.jpg?w=1254&amp;ssl=1 1254w\" sizes=\"auto, (max-width: 627px) 100vw, 627px\" \/><\/figure>\n<\/div>\n\n\n<p>A cette \u00e9poque et depuis le d\u00e9but de la colonisation au 9\u00e8 si\u00e8cle, l&rsquo;Islande \u00e9tait couverte par de vastes for\u00eats. La temp\u00e9rature \u00e9tait plus chaude qu&rsquo;aujourd&rsquo;hui. La d\u00e9forestation et le mini \u00e2ge glaciaire qui d\u00e9butera au 16\u00e8 si\u00e8cle, ainsi que l&rsquo;\u00e9levage des moutons de fa\u00e7on extensive, vont r\u00e9duire presque \u00e0 n\u00e9ant la couverture arbustive, telle que l&rsquo;on voit aujourd&rsquo;hui.<\/p>\n\n\n<div class=\"wp-block-image\">\n<figure class=\"aligncenter size-large\"><img data-recalc-dims=\"1\" loading=\"lazy\" decoding=\"async\" width=\"627\" height=\"469\" data-attachment-id=\"4047\" data-permalink=\"https:\/\/www.altimara.eu\/blog\/2023\/08\/10\/ur-myri-i-malm\/img_20230621_105143\/\" data-orig-file=\"https:\/\/i0.wp.com\/www.altimara.eu\/blog\/wp-content\/uploads\/2023\/07\/IMG_20230621_105143.jpg?fit=1500%2C1122&amp;ssl=1\" data-orig-size=\"1500,1122\" data-comments-opened=\"1\" data-image-meta=\"{&quot;aperture&quot;:&quot;0&quot;,&quot;credit&quot;:&quot;&quot;,&quot;camera&quot;:&quot;&quot;,&quot;caption&quot;:&quot;&quot;,&quot;created_timestamp&quot;:&quot;0&quot;,&quot;copyright&quot;:&quot;CC BY-SA 4.0&quot;,&quot;focal_length&quot;:&quot;0&quot;,&quot;iso&quot;:&quot;0&quot;,&quot;shutter_speed&quot;:&quot;0&quot;,&quot;title&quot;:&quot;&quot;,&quot;orientation&quot;:&quot;0&quot;}\" data-image-title=\"IMG_20230621_105143\" data-image-description=\"\" data-image-caption=\"\" data-large-file=\"https:\/\/i0.wp.com\/www.altimara.eu\/blog\/wp-content\/uploads\/2023\/07\/IMG_20230621_105143.jpg?fit=627%2C469&amp;ssl=1\" src=\"https:\/\/i0.wp.com\/www.altimara.eu\/blog\/wp-content\/uploads\/2023\/07\/IMG_20230621_105143.jpg?resize=627%2C469&#038;ssl=1\" alt=\"\" class=\"wp-image-4047\" srcset=\"https:\/\/i0.wp.com\/www.altimara.eu\/blog\/wp-content\/uploads\/2023\/07\/IMG_20230621_105143.jpg?resize=1024%2C766&amp;ssl=1 1024w, https:\/\/i0.wp.com\/www.altimara.eu\/blog\/wp-content\/uploads\/2023\/07\/IMG_20230621_105143.jpg?resize=300%2C224&amp;ssl=1 300w, https:\/\/i0.wp.com\/www.altimara.eu\/blog\/wp-content\/uploads\/2023\/07\/IMG_20230621_105143.jpg?resize=768%2C574&amp;ssl=1 768w, https:\/\/i0.wp.com\/www.altimara.eu\/blog\/wp-content\/uploads\/2023\/07\/IMG_20230621_105143.jpg?w=1500&amp;ssl=1 1500w, https:\/\/i0.wp.com\/www.altimara.eu\/blog\/wp-content\/uploads\/2023\/07\/IMG_20230621_105143.jpg?w=1254&amp;ssl=1 1254w\" sizes=\"auto, (max-width: 627px) 100vw, 627px\" \/><\/figure>\n<\/div>\n\n\n<p>Lors de la reconstitution, les arch\u00e9ologues ont estim\u00e9 qu&rsquo;il fallait 25 kg de charbon de bois pour r\u00e9duire 10 kg de nodules de fer et obtenir un lingot de 1 kg.<\/p>\n\n\n\n<p>Malheureusement, encore une fois, la qualit\u00e9 du charbon de bois n&rsquo;est pas \u00e9valu\u00e9. Ou tout au moins ne ressort pas dans les explications. Nous savons que les essences d&rsquo;arbres carbonis\u00e9s sont essentiellement des bouleaux. Betula tortuosa, un bois blanc de faible densit\u00e9. La technique en fosse, qui \u00e9tait celle utilis\u00e9e, ne permet pas d&rsquo;avoir une certitude de la densit\u00e9 du carbone obtenue par la carbonisation.<\/p>\n\n\n<div class=\"wp-block-image\">\n<figure class=\"aligncenter size-large\"><img data-recalc-dims=\"1\" loading=\"lazy\" decoding=\"async\" width=\"627\" height=\"469\" data-attachment-id=\"4048\" data-permalink=\"https:\/\/www.altimara.eu\/blog\/2023\/08\/10\/ur-myri-i-malm\/img_20230621_105235\/\" data-orig-file=\"https:\/\/i0.wp.com\/www.altimara.eu\/blog\/wp-content\/uploads\/2023\/07\/IMG_20230621_105235.jpg?fit=1500%2C1122&amp;ssl=1\" data-orig-size=\"1500,1122\" data-comments-opened=\"1\" data-image-meta=\"{&quot;aperture&quot;:&quot;0&quot;,&quot;credit&quot;:&quot;&quot;,&quot;camera&quot;:&quot;&quot;,&quot;caption&quot;:&quot;&quot;,&quot;created_timestamp&quot;:&quot;0&quot;,&quot;copyright&quot;:&quot;CC BY-SA 4.0&quot;,&quot;focal_length&quot;:&quot;0&quot;,&quot;iso&quot;:&quot;0&quot;,&quot;shutter_speed&quot;:&quot;0&quot;,&quot;title&quot;:&quot;&quot;,&quot;orientation&quot;:&quot;0&quot;}\" data-image-title=\"IMG_20230621_105235\" data-image-description=\"\" data-image-caption=\"\" data-large-file=\"https:\/\/i0.wp.com\/www.altimara.eu\/blog\/wp-content\/uploads\/2023\/07\/IMG_20230621_105235.jpg?fit=627%2C469&amp;ssl=1\" src=\"https:\/\/i0.wp.com\/www.altimara.eu\/blog\/wp-content\/uploads\/2023\/07\/IMG_20230621_105235.jpg?resize=627%2C469&#038;ssl=1\" alt=\"\" class=\"wp-image-4048\" srcset=\"https:\/\/i0.wp.com\/www.altimara.eu\/blog\/wp-content\/uploads\/2023\/07\/IMG_20230621_105235.jpg?resize=1024%2C766&amp;ssl=1 1024w, https:\/\/i0.wp.com\/www.altimara.eu\/blog\/wp-content\/uploads\/2023\/07\/IMG_20230621_105235.jpg?resize=300%2C224&amp;ssl=1 300w, https:\/\/i0.wp.com\/www.altimara.eu\/blog\/wp-content\/uploads\/2023\/07\/IMG_20230621_105235.jpg?resize=768%2C574&amp;ssl=1 768w, https:\/\/i0.wp.com\/www.altimara.eu\/blog\/wp-content\/uploads\/2023\/07\/IMG_20230621_105235.jpg?w=1500&amp;ssl=1 1500w, https:\/\/i0.wp.com\/www.altimara.eu\/blog\/wp-content\/uploads\/2023\/07\/IMG_20230621_105235.jpg?w=1254&amp;ssl=1 1254w\" sizes=\"auto, (max-width: 627px) 100vw, 627px\" \/><\/figure>\n<\/div>\n\n\n<p>Les fosses semblent \u00eatre assez petites, une \u00e9tude pourrait donner des renseignements tr\u00e8s utiles sur cette activit\u00e9 de nos charbonniers du grand nord. L&rsquo;Islande est tr\u00e8s pauvre en ressources naturelles, il a fallut aux colons et \u00e0 leurs successeurs trouver des astuces et des innovations pour produire sans beaucoup de mati\u00e8re premi\u00e8re. L\u00e0 est la formidable capacit\u00e9 d&rsquo;adaptation des ces femmes et hommes.  <\/p>\n\n\n<div class=\"wp-block-image\">\n<figure class=\"aligncenter size-large\"><img data-recalc-dims=\"1\" loading=\"lazy\" decoding=\"async\" width=\"627\" height=\"433\" data-attachment-id=\"4063\" data-permalink=\"https:\/\/www.altimara.eu\/blog\/2023\/08\/10\/ur-myri-i-malm\/titre-myri\/\" data-orig-file=\"https:\/\/i0.wp.com\/www.altimara.eu\/blog\/wp-content\/uploads\/2023\/08\/titre-myri-scaled.jpg?fit=2560%2C1767&amp;ssl=1\" data-orig-size=\"2560,1767\" data-comments-opened=\"1\" data-image-meta=\"{&quot;aperture&quot;:&quot;0&quot;,&quot;credit&quot;:&quot;&quot;,&quot;camera&quot;:&quot;&quot;,&quot;caption&quot;:&quot;&quot;,&quot;created_timestamp&quot;:&quot;0&quot;,&quot;copyright&quot;:&quot;&quot;,&quot;focal_length&quot;:&quot;0&quot;,&quot;iso&quot;:&quot;0&quot;,&quot;shutter_speed&quot;:&quot;0&quot;,&quot;title&quot;:&quot;&quot;,&quot;orientation&quot;:&quot;1&quot;}\" data-image-title=\"titre-myri\" data-image-description=\"\" data-image-caption=\"\" data-large-file=\"https:\/\/i0.wp.com\/www.altimara.eu\/blog\/wp-content\/uploads\/2023\/08\/titre-myri-scaled.jpg?fit=627%2C433&amp;ssl=1\" src=\"https:\/\/i0.wp.com\/www.altimara.eu\/blog\/wp-content\/uploads\/2023\/08\/titre-myri.jpg?resize=627%2C433&#038;ssl=1\" alt=\"\" class=\"wp-image-4063\" srcset=\"https:\/\/i0.wp.com\/www.altimara.eu\/blog\/wp-content\/uploads\/2023\/08\/titre-myri-scaled.jpg?resize=1024%2C707&amp;ssl=1 1024w, https:\/\/i0.wp.com\/www.altimara.eu\/blog\/wp-content\/uploads\/2023\/08\/titre-myri-scaled.jpg?resize=300%2C207&amp;ssl=1 300w, https:\/\/i0.wp.com\/www.altimara.eu\/blog\/wp-content\/uploads\/2023\/08\/titre-myri-scaled.jpg?resize=768%2C530&amp;ssl=1 768w, https:\/\/i0.wp.com\/www.altimara.eu\/blog\/wp-content\/uploads\/2023\/08\/titre-myri-scaled.jpg?resize=1536%2C1060&amp;ssl=1 1536w, https:\/\/i0.wp.com\/www.altimara.eu\/blog\/wp-content\/uploads\/2023\/08\/titre-myri-scaled.jpg?resize=2048%2C1414&amp;ssl=1 2048w, https:\/\/i0.wp.com\/www.altimara.eu\/blog\/wp-content\/uploads\/2023\/08\/titre-myri-scaled.jpg?w=1254&amp;ssl=1 1254w, https:\/\/i0.wp.com\/www.altimara.eu\/blog\/wp-content\/uploads\/2023\/08\/titre-myri-scaled.jpg?w=1881&amp;ssl=1 1881w\" sizes=\"auto, (max-width: 627px) 100vw, 627px\" \/><\/figure>\n<\/div>\n\n\n<p><a href=\"https:\/\/www.thjodminjasafn.is\/\" target=\"_blank\" rel=\"noreferrer noopener\">Mus\u00e9e national islandais<\/a><\/p>\n","protected":false},"excerpt":{"rendered":"<p>Au mus\u00e9e national de Reykjav\u00edk, il y a une exposition sur la m\u00e9tallurgie au moyen-\u00e2ge en Islande. La production de fer \u00e9tait possible gr\u00e2ce \u00e0 des nodules de fer issus de la d\u00e9gradation des basaltes. Pour la r\u00e9duction du m\u00e9tal, l&#8217;emploi de bas-fourneaux a \u00e9t\u00e9 possible en utilisant les mat\u00e9riaux locaux. La structure g\u00e9n\u00e9rale, en [&hellip;]<\/p>\n","protected":false},"author":3,"featured_media":0,"comment_status":"open","ping_status":"open","sticky":false,"template":"","format":"standard","meta":{"ngg_post_thumbnail":0,"jetpack_post_was_ever_published":false,"_jetpack_newsletter_access":"","_jetpack_dont_email_post_to_subs":false,"_jetpack_newsletter_tier_id":0,"_jetpack_memberships_contains_paywalled_content":false,"_jetpack_memberships_contains_paid_content":false,"footnotes":"","jetpack_publicize_message":"","jetpack_publicize_feature_enabled":true,"jetpack_social_post_already_shared":true,"jetpack_social_options":{"image_generator_settings":{"template":"highway","default_image_id":0,"font":"","enabled":false},"version":2}},"categories":[146,37],"tags":[34,140,33],"class_list":["post-4046","post","type-post","status-publish","format-standard","hentry","category-charbonniere-en-fosse","category-evenementiel","tag-charbon-de-bois-carbon-art","tag-fosse","tag-islande"],"jetpack_publicize_connections":[],"jetpack_featured_media_url":"","jetpack_shortlink":"https:\/\/wp.me\/p4r91c-13g","jetpack_sharing_enabled":true,"jetpack-related-posts":[{"id":1427,"url":"https:\/\/www.altimara.eu\/blog\/2015\/08\/12\/bois-dislande-17\/","url_meta":{"origin":4046,"position":0},"title":"Charbon de bois d&rsquo;Islande","author":"Martiou","date":"12 ao\u00fbt 2015","format":false,"excerpt":"Nouvelle visite et nouvelles d\u00e9couvertes au superbe mus\u00e9e de Skogar. Des fers \u00e0 braises et un fer \u00e0 galet ou lingot qui date de 1856 (ce qui fait 100 ans de plus que moi!). Le lingot une fois chauff\u00e9 \u00e9tait rentr\u00e9 par l'arri\u00e8re. Il est en laiton.","rel":"","context":"Dans &quot;3 Charbon de bois Islande&quot;","block_context":{"text":"3 Charbon de bois Islande","link":"https:\/\/www.altimara.eu\/blog\/category\/charbon-de-bois-islande\/"},"img":{"alt_text":"","src":"https:\/\/i0.wp.com\/www.altimara.eu\/blog\/wp-content\/uploads\/2015\/08\/MAR7852.jpg?resize=350%2C200&ssl=1","width":350,"height":200,"srcset":"https:\/\/i0.wp.com\/www.altimara.eu\/blog\/wp-content\/uploads\/2015\/08\/MAR7852.jpg?resize=350%2C200&ssl=1 1x, https:\/\/i0.wp.com\/www.altimara.eu\/blog\/wp-content\/uploads\/2015\/08\/MAR7852.jpg?resize=525%2C300&ssl=1 1.5x"},"classes":[]},{"id":4686,"url":"https:\/\/www.altimara.eu\/blog\/2025\/11\/17\/bois-flotte-arctique\/","url_meta":{"origin":4046,"position":1},"title":"Bois flott\u00e9 arctique","author":"Martiou","date":"17 novembre 2025","format":false,"excerpt":"Une \u00e9tude r\u00e9cente des bois flott\u00e9s dans le nord de l\u2019oc\u00e9an Atlantique m\u2019a interpell\u00e9 pour diff\u00e9rentes raisons. Depuis deux d\u00e9cennies je photographie les bois flott\u00e9s en Islande. Et dans les derni\u00e8res ann\u00e9es comme cet \u00e9t\u00e9 2025 j\u2019ai pu carboniser de ce bois sur la c\u00f4te sud. Les bois flott\u00e9s s\u2019\u00e9chouent\u2026","rel":"","context":"Dans &quot;Bois d'Islande, bois flott\u00e9, bois plant\u00e9&quot;","block_context":{"text":"Bois d'Islande, bois flott\u00e9, bois plant\u00e9","link":"https:\/\/www.altimara.eu\/blog\/category\/charbon-de-bois-islande\/bois-dislande-bois-flotte-bois-plante\/"},"img":{"alt_text":"","src":"https:\/\/i0.wp.com\/www.altimara.eu\/blog\/wp-content\/uploads\/2025\/11\/Capture-decran-2025-11-17-a-17.32.24.png?resize=350%2C200&ssl=1","width":350,"height":200,"srcset":"https:\/\/i0.wp.com\/www.altimara.eu\/blog\/wp-content\/uploads\/2025\/11\/Capture-decran-2025-11-17-a-17.32.24.png?resize=350%2C200&ssl=1 1x, https:\/\/i0.wp.com\/www.altimara.eu\/blog\/wp-content\/uploads\/2025\/11\/Capture-decran-2025-11-17-a-17.32.24.png?resize=525%2C300&ssl=1 1.5x"},"classes":[]},{"id":4629,"url":"https:\/\/www.altimara.eu\/blog\/2025\/09\/01\/charbon-du-moyen-age\/","url_meta":{"origin":4046,"position":2},"title":"Charbon du Moyen \u00c2ge","author":"Martiou","date":"1 septembre 2025","format":false,"excerpt":"L'Islande moyen\u00e2geuse \u00e9voque les Vikings et leurs fiers bateaux \u00e0 la proue orn\u00e9e d'un terrible dragon. La colonisation de l'\u00eele commence officiellement en 874. Une \u00eele immense sans personnes qui va accueillir une quarantaine de mille de personnes qui vont s'installer tout autour sur les c\u00f4tes principalement. Pendant 60 ans\u2026","rel":"","context":"Dans &quot;Charbon de bois&quot;","block_context":{"text":"Charbon de bois","link":"https:\/\/www.altimara.eu\/blog\/category\/charbon-de-bois-carbon-art\/"},"img":{"alt_text":"","src":"https:\/\/i0.wp.com\/www.altimara.eu\/blog\/wp-content\/uploads\/2025\/09\/MA5_7129.jpg?resize=350%2C200&ssl=1","width":350,"height":200,"srcset":"https:\/\/i0.wp.com\/www.altimara.eu\/blog\/wp-content\/uploads\/2025\/09\/MA5_7129.jpg?resize=350%2C200&ssl=1 1x, https:\/\/i0.wp.com\/www.altimara.eu\/blog\/wp-content\/uploads\/2025\/09\/MA5_7129.jpg?resize=525%2C300&ssl=1 1.5x, https:\/\/i0.wp.com\/www.altimara.eu\/blog\/wp-content\/uploads\/2025\/09\/MA5_7129.jpg?resize=700%2C400&ssl=1 2x"},"classes":[]},{"id":1712,"url":"https:\/\/www.altimara.eu\/blog\/2016\/03\/15\/charbonnier-eolien\/","url_meta":{"origin":4046,"position":3},"title":"Charbonnier Eolien","author":"Martiou","date":"15 mars 2016","format":false,"excerpt":"Le village de Leni. En balade dans les \u00eeles \u00c9oliennes, dont la plus connue est Stromboli, une sorte d'immense charbonni\u00e8re de 900 m de haut ( un volcan). L'archipel compte 7 \u00eeles volcaniques. Nous sommes en escale dans la grande et belle \u00eele de Salina. Premi\u00e8re rencontre avec la femme\u2026","rel":"","context":"Dans &quot;Charbon de bois&quot;","block_context":{"text":"Charbon de bois","link":"https:\/\/www.altimara.eu\/blog\/category\/charbon-de-bois-carbon-art\/"},"img":{"alt_text":"IMG_20160315_154826913_HDR","src":"https:\/\/i0.wp.com\/www.altimara.eu\/blog\/wp-content\/uploads\/2016\/03\/IMG_20160315_154826913_HDR-1024x576.jpg?resize=350%2C200","width":350,"height":200,"srcset":"https:\/\/i0.wp.com\/www.altimara.eu\/blog\/wp-content\/uploads\/2016\/03\/IMG_20160315_154826913_HDR-1024x576.jpg?resize=350%2C200 1x, https:\/\/i0.wp.com\/www.altimara.eu\/blog\/wp-content\/uploads\/2016\/03\/IMG_20160315_154826913_HDR-1024x576.jpg?resize=525%2C300 1.5x"},"classes":[]},{"id":2391,"url":"https:\/\/www.altimara.eu\/blog\/2017\/07\/27\/lupin-ecochar-5\/","url_meta":{"origin":4046,"position":4},"title":"Lupin \u00e9cochar","author":"Martiou","date":"27 juillet 2017","format":false,"excerpt":"Je suis en face d'un probl\u00e8me dont je n'avais pas anticip\u00e9 la difficult\u00e9 dans la belle Islande: il est quasiment impossible de trouver un f\u00fbt m\u00e9tallique de 60 l. Pour terminer la construction du four je dois donc trouver une solution de remplacement. Est-ce possible avec une bouteille de gaz?\u2026","rel":"","context":"Dans &quot;3 Charbon de bois Islande&quot;","block_context":{"text":"3 Charbon de bois Islande","link":"https:\/\/www.altimara.eu\/blog\/category\/charbon-de-bois-islande\/"},"img":{"alt_text":"","src":"https:\/\/i0.wp.com\/www.altimara.eu\/blog\/wp-content\/uploads\/2017\/07\/20170727_194639-e1501193921565.jpg?resize=350%2C200","width":350,"height":200,"srcset":"https:\/\/i0.wp.com\/www.altimara.eu\/blog\/wp-content\/uploads\/2017\/07\/20170727_194639-e1501193921565.jpg?resize=350%2C200 1x, https:\/\/i0.wp.com\/www.altimara.eu\/blog\/wp-content\/uploads\/2017\/07\/20170727_194639-e1501193921565.jpg?resize=525%2C300 1.5x, https:\/\/i0.wp.com\/www.altimara.eu\/blog\/wp-content\/uploads\/2017\/07\/20170727_194639-e1501193921565.jpg?resize=700%2C400 2x, https:\/\/i0.wp.com\/www.altimara.eu\/blog\/wp-content\/uploads\/2017\/07\/20170727_194639-e1501193921565.jpg?resize=1050%2C600 3x, https:\/\/i0.wp.com\/www.altimara.eu\/blog\/wp-content\/uploads\/2017\/07\/20170727_194639-e1501193921565.jpg?resize=1400%2C800 4x"},"classes":[]},{"id":2580,"url":"https:\/\/www.altimara.eu\/blog\/2017\/12\/20\/carbonarius\/","url_meta":{"origin":4046,"position":5},"title":"Carbonarius","author":"Martiou","date":"20 d\u00e9cembre 2017","format":false,"excerpt":"Si le village de Sainte-Croix-De-Quintillargues a pour origine le nom d'un gallo-romain qui \u00e9tait certainement Quintilius, l'origine antique est donc bien pr\u00e9sente. Quintilius n'est pas le seul a avoir laiss\u00e9 des traces, nous avons dans la surface de la commune de nombreux vestiges de charbonni\u00e8res et four \u00e0 chaux. Deux\u2026","rel":"","context":"Dans &quot;Autre&quot;","block_context":{"text":"Autre","link":"https:\/\/www.altimara.eu\/blog\/category\/autre\/"},"img":{"alt_text":"","src":"","width":0,"height":0},"classes":[]}],"_links":{"self":[{"href":"https:\/\/www.altimara.eu\/blog\/wp-json\/wp\/v2\/posts\/4046","targetHints":{"allow":["GET"]}}],"collection":[{"href":"https:\/\/www.altimara.eu\/blog\/wp-json\/wp\/v2\/posts"}],"about":[{"href":"https:\/\/www.altimara.eu\/blog\/wp-json\/wp\/v2\/types\/post"}],"author":[{"embeddable":true,"href":"https:\/\/www.altimara.eu\/blog\/wp-json\/wp\/v2\/users\/3"}],"replies":[{"embeddable":true,"href":"https:\/\/www.altimara.eu\/blog\/wp-json\/wp\/v2\/comments?post=4046"}],"version-history":[{"count":0,"href":"https:\/\/www.altimara.eu\/blog\/wp-json\/wp\/v2\/posts\/4046\/revisions"}],"wp:attachment":[{"href":"https:\/\/www.altimara.eu\/blog\/wp-json\/wp\/v2\/media?parent=4046"}],"wp:term":[{"taxonomy":"category","embeddable":true,"href":"https:\/\/www.altimara.eu\/blog\/wp-json\/wp\/v2\/categories?post=4046"},{"taxonomy":"post_tag","embeddable":true,"href":"https:\/\/www.altimara.eu\/blog\/wp-json\/wp\/v2\/tags?post=4046"}],"curies":[{"name":"wp","href":"https:\/\/api.w.org\/{rel}","templated":true}]}}