{"id":4033,"date":"2023-06-20T23:55:07","date_gmt":"2023-06-20T22:55:07","guid":{"rendered":"https:\/\/www.altimara.eu\/blog\/?p=4033"},"modified":"2023-06-20T23:55:07","modified_gmt":"2023-06-20T22:55:07","slug":"fours-deyzahut","status":"publish","type":"post","link":"https:\/\/www.altimara.eu\/blog\/2023\/06\/20\/fours-deyzahut\/","title":{"rendered":"Fours d&rsquo;Eyzahut"},"content":{"rendered":"\n<p>Quel bonheur de se promener dans un bel endroit et de tomber sur des fours de carbonisation. La balade a commenc\u00e9 par une mont\u00e9e assez raide vers les falaises surplombant le petit village d&rsquo;Eyzahut. Ce micro village domine la plaine de la vall\u00e9e du Rh\u00f4ne vers Mont\u00e9limar. Un passage par une superbe arche, le trou du furet, permet l&rsquo;acc\u00e8s sur les hauteurs. De l&rsquo;autre cot\u00e9 nous dominons le village m\u00e9di\u00e9val de Po\u00ebt-Celard. Toute la splendeur de cette Dr\u00f4me \u00e0 lavande se d\u00e9voile de ce point de vue.<\/p>\n\n\n<div class=\"wp-block-image\">\n<figure class=\"aligncenter size-large is-resized\"><img data-recalc-dims=\"1\" loading=\"lazy\" decoding=\"async\" data-attachment-id=\"4034\" data-permalink=\"https:\/\/www.altimara.eu\/blog\/2023\/06\/20\/fours-deyzahut\/img_20230515_155406\/\" data-orig-file=\"https:\/\/i0.wp.com\/www.altimara.eu\/blog\/wp-content\/uploads\/2023\/06\/IMG_20230515_155406.jpg?fit=1122%2C1500&amp;ssl=1\" data-orig-size=\"1122,1500\" data-comments-opened=\"1\" data-image-meta=\"{&quot;aperture&quot;:&quot;0&quot;,&quot;credit&quot;:&quot;&quot;,&quot;camera&quot;:&quot;&quot;,&quot;caption&quot;:&quot;&quot;,&quot;created_timestamp&quot;:&quot;0&quot;,&quot;copyright&quot;:&quot;CC BY-SA 4.0&quot;,&quot;focal_length&quot;:&quot;0&quot;,&quot;iso&quot;:&quot;0&quot;,&quot;shutter_speed&quot;:&quot;0&quot;,&quot;title&quot;:&quot;&quot;,&quot;orientation&quot;:&quot;0&quot;}\" data-image-title=\"IMG_20230515_155406\" data-image-description=\"\" data-image-caption=\"\" data-large-file=\"https:\/\/i0.wp.com\/www.altimara.eu\/blog\/wp-content\/uploads\/2023\/06\/IMG_20230515_155406.jpg?fit=627%2C838&amp;ssl=1\" src=\"https:\/\/i0.wp.com\/www.altimara.eu\/blog\/wp-content\/uploads\/2023\/06\/IMG_20230515_155406.jpg?resize=383%2C512&#038;ssl=1\" alt=\"\" class=\"wp-image-4034\" width=\"383\" height=\"512\" srcset=\"https:\/\/i0.wp.com\/www.altimara.eu\/blog\/wp-content\/uploads\/2023\/06\/IMG_20230515_155406.jpg?resize=766%2C1024&amp;ssl=1 766w, https:\/\/i0.wp.com\/www.altimara.eu\/blog\/wp-content\/uploads\/2023\/06\/IMG_20230515_155406.jpg?resize=224%2C300&amp;ssl=1 224w, https:\/\/i0.wp.com\/www.altimara.eu\/blog\/wp-content\/uploads\/2023\/06\/IMG_20230515_155406.jpg?resize=768%2C1027&amp;ssl=1 768w, https:\/\/i0.wp.com\/www.altimara.eu\/blog\/wp-content\/uploads\/2023\/06\/IMG_20230515_155406.jpg?w=1122&amp;ssl=1 1122w\" sizes=\"auto, (max-width: 383px) 100vw, 383px\" \/><\/figure>\n<\/div>\n\n\n<p>La descente nous a donc r\u00e9serv\u00e9 la bonne surprise d&rsquo;un emplacement de fours en fer. Deux fours de type <em>magnien<\/em>, certainement des vestiges de chantier de la derni\u00e8re guerre mondiale. Rien de bien nouveau dans cette rencontre si ce n&rsquo;est un grand plaisir de se trouver dans un lieu o\u00f9 des coll\u00e8gues ont \u0153uvr\u00e9.<\/p>\n\n\n<div class=\"wp-block-image\">\n<figure class=\"aligncenter size-large is-resized\"><img data-recalc-dims=\"1\" loading=\"lazy\" decoding=\"async\" data-attachment-id=\"4035\" data-permalink=\"https:\/\/www.altimara.eu\/blog\/2023\/06\/20\/fours-deyzahut\/ma5_1065\/\" data-orig-file=\"https:\/\/i0.wp.com\/www.altimara.eu\/blog\/wp-content\/uploads\/2023\/06\/MA5_1065.jpg?fit=1500%2C1000&amp;ssl=1\" data-orig-size=\"1500,1000\" data-comments-opened=\"1\" data-image-meta=\"{&quot;aperture&quot;:&quot;0&quot;,&quot;credit&quot;:&quot;&quot;,&quot;camera&quot;:&quot;&quot;,&quot;caption&quot;:&quot;&quot;,&quot;created_timestamp&quot;:&quot;0&quot;,&quot;copyright&quot;:&quot;CC BY-SA 4.0&quot;,&quot;focal_length&quot;:&quot;0&quot;,&quot;iso&quot;:&quot;0&quot;,&quot;shutter_speed&quot;:&quot;0&quot;,&quot;title&quot;:&quot;&quot;,&quot;orientation&quot;:&quot;0&quot;}\" data-image-title=\"MA5_1065\" data-image-description=\"\" data-image-caption=\"\" data-large-file=\"https:\/\/i0.wp.com\/www.altimara.eu\/blog\/wp-content\/uploads\/2023\/06\/MA5_1065.jpg?fit=627%2C418&amp;ssl=1\" src=\"https:\/\/i0.wp.com\/www.altimara.eu\/blog\/wp-content\/uploads\/2023\/06\/MA5_1065.jpg?resize=627%2C418&#038;ssl=1\" alt=\"\" class=\"wp-image-4035\" width=\"627\" height=\"418\" srcset=\"https:\/\/i0.wp.com\/www.altimara.eu\/blog\/wp-content\/uploads\/2023\/06\/MA5_1065.jpg?resize=1024%2C683&amp;ssl=1 1024w, https:\/\/i0.wp.com\/www.altimara.eu\/blog\/wp-content\/uploads\/2023\/06\/MA5_1065.jpg?resize=300%2C200&amp;ssl=1 300w, https:\/\/i0.wp.com\/www.altimara.eu\/blog\/wp-content\/uploads\/2023\/06\/MA5_1065.jpg?resize=768%2C512&amp;ssl=1 768w, https:\/\/i0.wp.com\/www.altimara.eu\/blog\/wp-content\/uploads\/2023\/06\/MA5_1065.jpg?w=1500&amp;ssl=1 1500w, https:\/\/i0.wp.com\/www.altimara.eu\/blog\/wp-content\/uploads\/2023\/06\/MA5_1065.jpg?w=1254&amp;ssl=1 1254w\" sizes=\"auto, (max-width: 627px) 100vw, 627px\" \/><\/figure>\n<\/div>\n\n\n<p>Ces d\u00e9couvertes ont le charme de donner une ambiance dans laquelle je me sens int\u00e9gr\u00e9 et joyeux d&rsquo;y \u00eatre (voir https:\/\/www.altimara.eu\/blog\/2015\/12\/30\/les-petits-fours\/).<\/p>\n\n\n<div class=\"wp-block-image\">\n<figure class=\"aligncenter size-large is-resized\"><img data-recalc-dims=\"1\" loading=\"lazy\" decoding=\"async\" data-attachment-id=\"4036\" data-permalink=\"https:\/\/www.altimara.eu\/blog\/2023\/06\/20\/fours-deyzahut\/ma5_1056\/\" data-orig-file=\"https:\/\/i0.wp.com\/www.altimara.eu\/blog\/wp-content\/uploads\/2023\/06\/MA5_1056.jpg?fit=1500%2C1000&amp;ssl=1\" data-orig-size=\"1500,1000\" data-comments-opened=\"1\" data-image-meta=\"{&quot;aperture&quot;:&quot;0&quot;,&quot;credit&quot;:&quot;&quot;,&quot;camera&quot;:&quot;&quot;,&quot;caption&quot;:&quot;&quot;,&quot;created_timestamp&quot;:&quot;0&quot;,&quot;copyright&quot;:&quot;CC BY-SA 4.0&quot;,&quot;focal_length&quot;:&quot;0&quot;,&quot;iso&quot;:&quot;0&quot;,&quot;shutter_speed&quot;:&quot;0&quot;,&quot;title&quot;:&quot;&quot;,&quot;orientation&quot;:&quot;0&quot;}\" data-image-title=\"MA5_1056\" data-image-description=\"\" data-image-caption=\"\" data-large-file=\"https:\/\/i0.wp.com\/www.altimara.eu\/blog\/wp-content\/uploads\/2023\/06\/MA5_1056.jpg?fit=627%2C418&amp;ssl=1\" src=\"https:\/\/i0.wp.com\/www.altimara.eu\/blog\/wp-content\/uploads\/2023\/06\/MA5_1056.jpg?resize=627%2C418&#038;ssl=1\" alt=\"\" class=\"wp-image-4036\" width=\"627\" height=\"418\" srcset=\"https:\/\/i0.wp.com\/www.altimara.eu\/blog\/wp-content\/uploads\/2023\/06\/MA5_1056.jpg?resize=1024%2C683&amp;ssl=1 1024w, https:\/\/i0.wp.com\/www.altimara.eu\/blog\/wp-content\/uploads\/2023\/06\/MA5_1056.jpg?resize=300%2C200&amp;ssl=1 300w, https:\/\/i0.wp.com\/www.altimara.eu\/blog\/wp-content\/uploads\/2023\/06\/MA5_1056.jpg?resize=768%2C512&amp;ssl=1 768w, https:\/\/i0.wp.com\/www.altimara.eu\/blog\/wp-content\/uploads\/2023\/06\/MA5_1056.jpg?w=1500&amp;ssl=1 1500w, https:\/\/i0.wp.com\/www.altimara.eu\/blog\/wp-content\/uploads\/2023\/06\/MA5_1056.jpg?w=1254&amp;ssl=1 1254w\" sizes=\"auto, (max-width: 627px) 100vw, 627px\" \/><\/figure>\n<\/div>","protected":false},"excerpt":{"rendered":"<p>Quel bonheur de se promener dans un bel endroit et de tomber sur des fours de carbonisation. La balade a commenc\u00e9 par une mont\u00e9e assez raide vers les falaises surplombant le petit village d&rsquo;Eyzahut. Ce micro village domine la plaine de la vall\u00e9e du Rh\u00f4ne vers Mont\u00e9limar. Un passage par une superbe arche, le trou [&hellip;]<\/p>\n","protected":false},"author":3,"featured_media":0,"comment_status":"open","ping_status":"open","sticky":false,"template":"","format":"standard","meta":{"ngg_post_thumbnail":0,"jetpack_post_was_ever_published":false,"_jetpack_newsletter_access":"","_jetpack_dont_email_post_to_subs":false,"_jetpack_newsletter_tier_id":0,"_jetpack_memberships_contains_paywalled_content":false,"_jetpack_memberships_contains_paid_content":false,"footnotes":"","jetpack_publicize_message":"","jetpack_publicize_feature_enabled":true,"jetpack_social_post_already_shared":true,"jetpack_social_options":{"image_generator_settings":{"template":"highway","default_image_id":0,"font":"","enabled":false},"version":2}},"categories":[6,103,147],"tags":[12,200,143],"class_list":["post-4033","post","type-post","status-publish","format-standard","hentry","category-charbon-de-bois-carbon-art","category-charbonnier-en-france","category-four-metalliques","tag-charbonniere","tag-eyzahut","tag-four-magnien"],"jetpack_publicize_connections":[],"jetpack_featured_media_url":"","jetpack_shortlink":"https:\/\/wp.me\/p4r91c-133","jetpack_sharing_enabled":true,"jetpack-related-posts":[{"id":4707,"url":"https:\/\/www.altimara.eu\/blog\/2026\/03\/02\/charbonniere-puycelsi\/","url_meta":{"origin":4033,"position":0},"title":"Charbonni\u00e8re Puycelsi","author":"Martiou","date":"2 mars 2026","format":false,"excerpt":"Puycelsi est un village remarquable perch\u00e9 sur une colline non loin de Gaillac. La grande for\u00eat de Gr\u00e9signe occupe une vaste \u00e9tendue de 3600 ha au nord du village. Lors d\u2019une pr\u00e9c\u00e9dente balade nous avions vu des panneaux p\u00e9dagogiques sur l\u2019activit\u00e9 charbonni\u00e8re dans ces bois (https:\/\/www.altimara.eu\/blog\/2016\/01\/05\/sivens-ce-nest-pas-quun-barrage\/).La balade cette fois ci\u2026","rel":"","context":"Dans &quot;charbonnier en france&quot;","block_context":{"text":"charbonnier en france","link":"https:\/\/www.altimara.eu\/blog\/category\/charbonnier-en-france\/"},"img":{"alt_text":"","src":"https:\/\/i0.wp.com\/www.altimara.eu\/blog\/wp-content\/uploads\/2026\/03\/bois.png?resize=350%2C200&ssl=1","width":350,"height":200,"srcset":"https:\/\/i0.wp.com\/www.altimara.eu\/blog\/wp-content\/uploads\/2026\/03\/bois.png?resize=350%2C200&ssl=1 1x, https:\/\/i0.wp.com\/www.altimara.eu\/blog\/wp-content\/uploads\/2026\/03\/bois.png?resize=525%2C300&ssl=1 1.5x, https:\/\/i0.wp.com\/www.altimara.eu\/blog\/wp-content\/uploads\/2026\/03\/bois.png?resize=700%2C400&ssl=1 2x"},"classes":[]},{"id":2926,"url":"https:\/\/www.altimara.eu\/blog\/2019\/01\/11\/les-fours-de-st-guillaume\/","url_meta":{"origin":4033,"position":1},"title":"Les fours de St Guillaume","author":"Martiou","date":"11 janvier 2019","format":false,"excerpt":"En ce d\u00e9but d'ann\u00e9e, une visite agr\u00e9able dans une superbe for\u00eat du Tri\u00e8ves et en bordure du Vercors. La petite commune de St Guillaume peut s\u2019enorgueillir de poss\u00e9der un int\u00e9ressant site de fours \u00e0 charbonner. 4 fours m\u00e9talliques, du type Magnien, avec deux \u00e9tages (viroles) d\u00e9montables, ont \u00e9t\u00e9 d\u00e9pos\u00e9s \u00e0\u2026","rel":"","context":"Dans &quot;Charbon de bois&quot;","block_context":{"text":"Charbon de bois","link":"https:\/\/www.altimara.eu\/blog\/category\/charbon-de-bois-carbon-art\/"},"img":{"alt_text":"","src":"https:\/\/i0.wp.com\/www.altimara.eu\/blog\/wp-content\/uploads\/2019\/01\/MAR8652-copie.jpg?resize=350%2C200&ssl=1","width":350,"height":200,"srcset":"https:\/\/i0.wp.com\/www.altimara.eu\/blog\/wp-content\/uploads\/2019\/01\/MAR8652-copie.jpg?resize=350%2C200&ssl=1 1x, https:\/\/i0.wp.com\/www.altimara.eu\/blog\/wp-content\/uploads\/2019\/01\/MAR8652-copie.jpg?resize=525%2C300&ssl=1 1.5x, https:\/\/i0.wp.com\/www.altimara.eu\/blog\/wp-content\/uploads\/2019\/01\/MAR8652-copie.jpg?resize=700%2C400&ssl=1 2x"},"classes":[]},{"id":3150,"url":"https:\/\/www.altimara.eu\/blog\/2019\/09\/01\/cuisson-au-four-metallique\/","url_meta":{"origin":4033,"position":2},"title":"Cuisson au four m\u00e9tallique","author":"Martiou","date":"1 septembre 2019","format":false,"excerpt":"J'avais eu l'occasion de voir le site des fours m\u00e9talliques dans le for\u00eat des Baumaises de la commune de St Guillaume (https:\/\/www.altimara.eu\/blog\/?p=2926). Ce village est au pied du Vercors, \u00e0 cot\u00e9 du Mont Aiguille. Ces fours ont \u00e9t\u00e9 utilis\u00e9 comme partout en France pendant la Seconde Guerre Mondiale. Ce sont\u2026","rel":"","context":"Dans &quot;Charbon de bois&quot;","block_context":{"text":"Charbon de bois","link":"https:\/\/www.altimara.eu\/blog\/category\/charbon-de-bois-carbon-art\/"},"img":{"alt_text":"","src":"https:\/\/i0.wp.com\/www.altimara.eu\/blog\/wp-content\/uploads\/2019\/09\/Capture-d%E2%80%99e%CC%81cran-2019-09-01-a%CC%80-14.09.41.png?resize=350%2C200&ssl=1","width":350,"height":200,"srcset":"https:\/\/i0.wp.com\/www.altimara.eu\/blog\/wp-content\/uploads\/2019\/09\/Capture-d%E2%80%99e%CC%81cran-2019-09-01-a%CC%80-14.09.41.png?resize=350%2C200&ssl=1 1x, https:\/\/i0.wp.com\/www.altimara.eu\/blog\/wp-content\/uploads\/2019\/09\/Capture-d%E2%80%99e%CC%81cran-2019-09-01-a%CC%80-14.09.41.png?resize=525%2C300&ssl=1 1.5x"},"classes":[]},{"id":3115,"url":"https:\/\/www.altimara.eu\/blog\/2019\/06\/19\/village-carbone\/","url_meta":{"origin":4033,"position":3},"title":"Village carbon\u00e9","author":"Martiou","date":"19 juin 2019","format":false,"excerpt":"Comment ne pas passer quelques temps dans un village qui s'appelle \"Charbonni\u00e8res-Les-Vieilles\". A l'occasion d'un s\u00e9jour dans les volcans d'Auvergne, je n'ai pas r\u00e9sist\u00e9 \u00e0 m\u2019arr\u00eater dans ce joli village. Bien sur plusieurs questions cherchaient des r\u00e9ponses, quel est le nom des habitants et pourquoi ce nom de charbonni\u00e8res (Vieilles\u2026","rel":"","context":"Dans &quot;Non class\u00e9&quot;","block_context":{"text":"Non class\u00e9","link":"https:\/\/www.altimara.eu\/blog\/category\/non-classe\/"},"img":{"alt_text":"","src":"https:\/\/i0.wp.com\/www.altimara.eu\/blog\/wp-content\/uploads\/2019\/06\/MAR9964.jpg?resize=350%2C200&ssl=1","width":350,"height":200,"srcset":"https:\/\/i0.wp.com\/www.altimara.eu\/blog\/wp-content\/uploads\/2019\/06\/MAR9964.jpg?resize=350%2C200&ssl=1 1x, https:\/\/i0.wp.com\/www.altimara.eu\/blog\/wp-content\/uploads\/2019\/06\/MAR9964.jpg?resize=525%2C300&ssl=1 1.5x, https:\/\/i0.wp.com\/www.altimara.eu\/blog\/wp-content\/uploads\/2019\/06\/MAR9964.jpg?resize=700%2C400&ssl=1 2x"},"classes":[]},{"id":3915,"url":"https:\/\/www.altimara.eu\/blog\/2022\/07\/17\/charbonniere-chez-jean-3\/","url_meta":{"origin":4033,"position":4},"title":"Charbonni\u00e8re chez Jean-3","author":"Martiou","date":"17 juillet 2022","format":false,"excerpt":"Jean a r\u00e9cup\u00e9r\u00e9 un four m\u00e9tallique qui vient du jardin ethnobotanique de Rousson dans le Gard. Cette structure ressemble \u00e0 celle des fours utilis\u00e9s pendant la seconde guerre mondiale. Il faut quatre chemin\u00e9es de part et d'autre. Le remplissage est par viroles (caissons) successives, trois dans ce cas. Ensuite on\u2026","rel":"","context":"Dans &quot;Charbon de bois&quot;","block_context":{"text":"Charbon de bois","link":"https:\/\/www.altimara.eu\/blog\/category\/charbon-de-bois-carbon-art\/"},"img":{"alt_text":"","src":"https:\/\/i0.wp.com\/www.altimara.eu\/blog\/wp-content\/uploads\/2022\/07\/MAR9321.jpg?resize=350%2C200&ssl=1","width":350,"height":200,"srcset":"https:\/\/i0.wp.com\/www.altimara.eu\/blog\/wp-content\/uploads\/2022\/07\/MAR9321.jpg?resize=350%2C200&ssl=1 1x, https:\/\/i0.wp.com\/www.altimara.eu\/blog\/wp-content\/uploads\/2022\/07\/MAR9321.jpg?resize=525%2C300&ssl=1 1.5x, https:\/\/i0.wp.com\/www.altimara.eu\/blog\/wp-content\/uploads\/2022\/07\/MAR9321.jpg?resize=700%2C400&ssl=1 2x, https:\/\/i0.wp.com\/www.altimara.eu\/blog\/wp-content\/uploads\/2022\/07\/MAR9321.jpg?resize=1050%2C600&ssl=1 3x, https:\/\/i0.wp.com\/www.altimara.eu\/blog\/wp-content\/uploads\/2022\/07\/MAR9321.jpg?resize=1400%2C800&ssl=1 4x"},"classes":[]},{"id":4343,"url":"https:\/\/www.altimara.eu\/blog\/2024\/04\/02\/four-a-chaux-a-lagrasse\/","url_meta":{"origin":4033,"position":5},"title":"Four \u00e0 chaux \u00e0 Lagrasse","author":"Martiou","date":"2 avril 2024","format":false,"excerpt":"Le village de Lagrasse dans l'Aude est connu pour son abbaye et ses moines int\u00e9gristes. La vie est douce au milieu de cette garrigue et le village ne manque pas de charme avec ses ruelles pav\u00e9es et son avenue bord\u00e9e de platane. Si le cot\u00e9 spirituel du lieu me laisse\u2026","rel":"","context":"Dans &quot;Four \u00e0 chaux&quot;","block_context":{"text":"Four \u00e0 chaux","link":"https:\/\/www.altimara.eu\/blog\/category\/four-a-chaux\/"},"img":{"alt_text":"","src":"https:\/\/i0.wp.com\/www.altimara.eu\/blog\/wp-content\/uploads\/2024\/04\/20240330_170912-2.jpg?resize=350%2C200&ssl=1","width":350,"height":200,"srcset":"https:\/\/i0.wp.com\/www.altimara.eu\/blog\/wp-content\/uploads\/2024\/04\/20240330_170912-2.jpg?resize=350%2C200&ssl=1 1x, https:\/\/i0.wp.com\/www.altimara.eu\/blog\/wp-content\/uploads\/2024\/04\/20240330_170912-2.jpg?resize=525%2C300&ssl=1 1.5x, https:\/\/i0.wp.com\/www.altimara.eu\/blog\/wp-content\/uploads\/2024\/04\/20240330_170912-2.jpg?resize=700%2C400&ssl=1 2x, https:\/\/i0.wp.com\/www.altimara.eu\/blog\/wp-content\/uploads\/2024\/04\/20240330_170912-2.jpg?resize=1050%2C600&ssl=1 3x"},"classes":[]}],"_links":{"self":[{"href":"https:\/\/www.altimara.eu\/blog\/wp-json\/wp\/v2\/posts\/4033","targetHints":{"allow":["GET"]}}],"collection":[{"href":"https:\/\/www.altimara.eu\/blog\/wp-json\/wp\/v2\/posts"}],"about":[{"href":"https:\/\/www.altimara.eu\/blog\/wp-json\/wp\/v2\/types\/post"}],"author":[{"embeddable":true,"href":"https:\/\/www.altimara.eu\/blog\/wp-json\/wp\/v2\/users\/3"}],"replies":[{"embeddable":true,"href":"https:\/\/www.altimara.eu\/blog\/wp-json\/wp\/v2\/comments?post=4033"}],"version-history":[{"count":0,"href":"https:\/\/www.altimara.eu\/blog\/wp-json\/wp\/v2\/posts\/4033\/revisions"}],"wp:attachment":[{"href":"https:\/\/www.altimara.eu\/blog\/wp-json\/wp\/v2\/media?parent=4033"}],"wp:term":[{"taxonomy":"category","embeddable":true,"href":"https:\/\/www.altimara.eu\/blog\/wp-json\/wp\/v2\/categories?post=4033"},{"taxonomy":"post_tag","embeddable":true,"href":"https:\/\/www.altimara.eu\/blog\/wp-json\/wp\/v2\/tags?post=4033"}],"curies":[{"name":"wp","href":"https:\/\/api.w.org\/{rel}","templated":true}]}}