{"id":4011,"date":"2023-04-26T21:20:30","date_gmt":"2023-04-26T20:20:30","guid":{"rendered":"https:\/\/www.altimara.eu\/blog\/?p=4011"},"modified":"2023-05-04T15:50:48","modified_gmt":"2023-05-04T14:50:48","slug":"faites-de-la-prehistoire","status":"publish","type":"post","link":"https:\/\/www.altimara.eu\/blog\/2023\/04\/26\/faites-de-la-prehistoire\/","title":{"rendered":"Faites de la pr\u00e9histoire."},"content":{"rendered":"\n<p>Ouf, nous avons l&rsquo;autorisation de faire du feu malgr\u00e9 la s\u00e9cheresse. Aux outils charbonnier et apprentis charbonniers !! Niveler le site, entreposer les 6 m3 de bois et les 2 m3 de terre, il nous faut aussi trouver 100 m de tuyau pour avoir un point d&rsquo;eau. De la paille, pr\u00e9parer du bois sec d&rsquo;allumage et d&rsquo;entretien, des enchantillons (haha ??), des pelles, des r\u00e2teaux, des seaux et tout un bazar utile et n\u00e9cessaire. La boisson, les chapeaux, des si\u00e8ges, un tente abris, deux \u00e9l\u00e9phants et un rond de serviette&#8230;<\/p>\n\n\n\n<p>D\u00e9but des op\u00e9rations d\u2019am\u00e9nagement, la semaine prochaine apr\u00e8s le 1 mai (manif d&rsquo;abord).<\/p>\n\n\n<div class=\"wp-block-image\">\n<figure class=\"aligncenter size-full\"><img data-recalc-dims=\"1\" loading=\"lazy\" decoding=\"async\" width=\"627\" height=\"443\" data-attachment-id=\"4015\" data-permalink=\"https:\/\/www.altimara.eu\/blog\/2023\/04\/26\/faites-de-la-prehistoire\/essai-2-affiche-journees-de-mai-1-1024x724-1-2\/\" data-orig-file=\"https:\/\/i0.wp.com\/www.altimara.eu\/blog\/wp-content\/uploads\/2023\/05\/Essai-2-Affiche-Journees-de-mai-1-1024x724-1.png?fit=756%2C534&amp;ssl=1\" data-orig-size=\"756,534\" data-comments-opened=\"1\" data-image-meta=\"{&quot;aperture&quot;:&quot;0&quot;,&quot;credit&quot;:&quot;&quot;,&quot;camera&quot;:&quot;&quot;,&quot;caption&quot;:&quot;&quot;,&quot;created_timestamp&quot;:&quot;0&quot;,&quot;copyright&quot;:&quot;&quot;,&quot;focal_length&quot;:&quot;0&quot;,&quot;iso&quot;:&quot;0&quot;,&quot;shutter_speed&quot;:&quot;0&quot;,&quot;title&quot;:&quot;&quot;,&quot;orientation&quot;:&quot;0&quot;}\" data-image-title=\"Essai-2-Affiche-Journees-de-mai-1-1024&amp;#215;724-1\" data-image-description=\"\" data-image-caption=\"\" data-large-file=\"https:\/\/i0.wp.com\/www.altimara.eu\/blog\/wp-content\/uploads\/2023\/05\/Essai-2-Affiche-Journees-de-mai-1-1024x724-1.png?fit=627%2C443&amp;ssl=1\" src=\"https:\/\/i0.wp.com\/www.altimara.eu\/blog\/wp-content\/uploads\/2023\/05\/Essai-2-Affiche-Journees-de-mai-1-1024x724-1.png?resize=627%2C443&#038;ssl=1\" alt=\"\" class=\"wp-image-4015\" srcset=\"https:\/\/i0.wp.com\/www.altimara.eu\/blog\/wp-content\/uploads\/2023\/05\/Essai-2-Affiche-Journees-de-mai-1-1024x724-1.png?w=756&amp;ssl=1 756w, https:\/\/i0.wp.com\/www.altimara.eu\/blog\/wp-content\/uploads\/2023\/05\/Essai-2-Affiche-Journees-de-mai-1-1024x724-1.png?resize=300%2C212&amp;ssl=1 300w\" sizes=\"auto, (max-width: 627px) 100vw, 627px\" \/><\/figure>\n<\/div>","protected":false},"excerpt":{"rendered":"<p>Ouf, nous avons l&rsquo;autorisation de faire du feu malgr\u00e9 la s\u00e9cheresse. Aux outils charbonnier et apprentis charbonniers !! Niveler le site, entreposer les 6 m3 de bois et les 2 m3 de terre, il nous faut aussi trouver 100 m de tuyau pour avoir un point d&rsquo;eau. De la paille, pr\u00e9parer du bois sec d&rsquo;allumage [&hellip;]<\/p>\n","protected":false},"author":3,"featured_media":0,"comment_status":"open","ping_status":"open","sticky":false,"template":"","format":"standard","meta":{"ngg_post_thumbnail":0,"jetpack_post_was_ever_published":false,"_jetpack_newsletter_access":"","_jetpack_dont_email_post_to_subs":false,"_jetpack_newsletter_tier_id":0,"_jetpack_memberships_contains_paywalled_content":false,"_jetpack_memberships_contains_paid_content":false,"footnotes":"","jetpack_publicize_message":"","jetpack_publicize_feature_enabled":true,"jetpack_social_post_already_shared":true,"jetpack_social_options":{"image_generator_settings":{"template":"highway","default_image_id":0,"font":"","enabled":false},"version":2}},"categories":[65,6,37],"tags":[12,18],"class_list":["post-4011","post","type-post","status-publish","format-standard","hentry","category-mes-charbonnieres","category-charbon-de-bois-carbon-art","category-evenementiel","tag-charbonniere","tag-garrigue"],"jetpack_publicize_connections":[],"jetpack_featured_media_url":"","jetpack_shortlink":"https:\/\/wp.me\/p4r91c-12H","jetpack_sharing_enabled":true,"jetpack-related-posts":[{"id":4166,"url":"https:\/\/www.altimara.eu\/blog\/2023\/10\/06\/charbonniere-en-cours\/","url_meta":{"origin":4011,"position":0},"title":"Charbonni\u00e8re en cours","author":"Martiou","date":"6 octobre 2023","format":false,"excerpt":"Nous avons, Arthur, Simon et moi, mont\u00e9 la meule de bois. Mais avant tout j'ai voulu mettre des branches au sol pour isoler le bois de la terre. Cette terre de la faulde est souple et les rondins de bois s'enfoncent un petit peu. Du coup la cuisson pourrai \u00eatre\u2026","rel":"","context":"Dans &quot;0- MES CHARBONNI\u00c8RES&quot;","block_context":{"text":"0- MES CHARBONNI\u00c8RES","link":"https:\/\/www.altimara.eu\/blog\/category\/mes-charbonnieres\/"},"img":{"alt_text":"","src":"https:\/\/i0.wp.com\/www.altimara.eu\/blog\/wp-content\/uploads\/2023\/10\/MAR1255.jpg?resize=350%2C200&ssl=1","width":350,"height":200,"srcset":"https:\/\/i0.wp.com\/www.altimara.eu\/blog\/wp-content\/uploads\/2023\/10\/MAR1255.jpg?resize=350%2C200&ssl=1 1x, https:\/\/i0.wp.com\/www.altimara.eu\/blog\/wp-content\/uploads\/2023\/10\/MAR1255.jpg?resize=525%2C300&ssl=1 1.5x, https:\/\/i0.wp.com\/www.altimara.eu\/blog\/wp-content\/uploads\/2023\/10\/MAR1255.jpg?resize=700%2C400&ssl=1 2x, https:\/\/i0.wp.com\/www.altimara.eu\/blog\/wp-content\/uploads\/2023\/10\/MAR1255.jpg?resize=1050%2C600&ssl=1 3x, https:\/\/i0.wp.com\/www.altimara.eu\/blog\/wp-content\/uploads\/2023\/10\/MAR1255.jpg?resize=1400%2C800&ssl=1 4x"},"classes":[]},{"id":3760,"url":"https:\/\/www.altimara.eu\/blog\/2021\/11\/04\/archeo-et-fosse\/","url_meta":{"origin":4011,"position":1},"title":"Archeo et fosse","author":"Martiou","date":"4 novembre 2021","format":false,"excerpt":"Lors de mon s\u00e9jour aux Pays Bas, j'ai, en dehors de la charbonni\u00e8re en meule, particip\u00e9 \u00e0 l'exp\u00e9rimentation de cuissons en fosses. Silke et Janneke, deux arch\u00e9ologues, ont propos\u00e9 l'\u00e9tude de la carbonisation en trois fosses \u00e0 titre exp\u00e9rimental. Silke est anthracologue, elle \u00e9tudie les charbons de bois. Ses recherches\u2026","rel":"","context":"Dans &quot;0- MES CHARBONNI\u00c8RES&quot;","block_context":{"text":"0- MES CHARBONNI\u00c8RES","link":"https:\/\/www.altimara.eu\/blog\/category\/mes-charbonnieres\/"},"img":{"alt_text":"","src":"https:\/\/i0.wp.com\/www.altimara.eu\/blog\/wp-content\/uploads\/2021\/11\/MAR7809.jpg?resize=350%2C200&ssl=1","width":350,"height":200,"srcset":"https:\/\/i0.wp.com\/www.altimara.eu\/blog\/wp-content\/uploads\/2021\/11\/MAR7809.jpg?resize=350%2C200&ssl=1 1x, https:\/\/i0.wp.com\/www.altimara.eu\/blog\/wp-content\/uploads\/2021\/11\/MAR7809.jpg?resize=525%2C300&ssl=1 1.5x, https:\/\/i0.wp.com\/www.altimara.eu\/blog\/wp-content\/uploads\/2021\/11\/MAR7809.jpg?resize=700%2C400&ssl=1 2x, https:\/\/i0.wp.com\/www.altimara.eu\/blog\/wp-content\/uploads\/2021\/11\/MAR7809.jpg?resize=1050%2C600&ssl=1 3x, https:\/\/i0.wp.com\/www.altimara.eu\/blog\/wp-content\/uploads\/2021\/11\/MAR7809.jpg?resize=1400%2C800&ssl=1 4x"},"classes":[]},{"id":4007,"url":"https:\/\/www.altimara.eu\/blog\/2023\/04\/19\/charbonniere-a-jean\/","url_meta":{"origin":4011,"position":2},"title":"Charbonni\u00e8re \u00e0 Jean","author":"Martiou","date":"19 avril 2023","format":false,"excerpt":"Mois de mai, mois des charbonni\u00e8res. Pendant que je conduirai la mienne \u00e0 cot\u00e9 du Pic-St-Loup, Jean et son \u00e9quipe auront la leur dans le petit coin de garrigue ard\u00e9choise comme chaque ann\u00e9e. Faites f\u00eate au charbon de bois et aux charbonni\u00e8r-es !","rel":"","context":"Dans &quot;Charbon de bois&quot;","block_context":{"text":"Charbon de bois","link":"https:\/\/www.altimara.eu\/blog\/category\/charbon-de-bois-carbon-art\/"},"img":{"alt_text":"","src":"https:\/\/i0.wp.com\/www.altimara.eu\/blog\/wp-content\/uploads\/2023\/04\/Affiche-Charbonniere-2023_V25.jpg?resize=350%2C200&ssl=1","width":350,"height":200,"srcset":"https:\/\/i0.wp.com\/www.altimara.eu\/blog\/wp-content\/uploads\/2023\/04\/Affiche-Charbonniere-2023_V25.jpg?resize=350%2C200&ssl=1 1x, https:\/\/i0.wp.com\/www.altimara.eu\/blog\/wp-content\/uploads\/2023\/04\/Affiche-Charbonniere-2023_V25.jpg?resize=525%2C300&ssl=1 1.5x, https:\/\/i0.wp.com\/www.altimara.eu\/blog\/wp-content\/uploads\/2023\/04\/Affiche-Charbonniere-2023_V25.jpg?resize=700%2C400&ssl=1 2x, https:\/\/i0.wp.com\/www.altimara.eu\/blog\/wp-content\/uploads\/2023\/04\/Affiche-Charbonniere-2023_V25.jpg?resize=1050%2C600&ssl=1 3x, https:\/\/i0.wp.com\/www.altimara.eu\/blog\/wp-content\/uploads\/2023\/04\/Affiche-Charbonniere-2023_V25.jpg?resize=1400%2C800&ssl=1 4x"},"classes":[]},{"id":4159,"url":"https:\/\/www.altimara.eu\/blog\/2023\/10\/05\/charbonniere-de-lou-cambous\/","url_meta":{"origin":4011,"position":3},"title":"Charbonni\u00e8re de lou Cambous","author":"Martiou","date":"5 octobre 2023","format":false,"excerpt":"Aujourd'hui a \u00e9tait le jour des travaux les plus \u00e9reintants. Agrandissement de la faulde. Avec un niveau et un bastain comme pour du b\u00e9ton. Av\u00e9 le caritou...trois pierres au centre, tradition. Livraison de 6 st\u00e8res de ch\u00eanes verts, environ 4 T, voire un peu plus. C'est C\u00e9dric Lavabre de Sainte-Croix-De-Quintillargues\u2026","rel":"","context":"Dans &quot;0- MES CHARBONNI\u00c8RES&quot;","block_context":{"text":"0- MES CHARBONNI\u00c8RES","link":"https:\/\/www.altimara.eu\/blog\/category\/mes-charbonnieres\/"},"img":{"alt_text":"","src":"https:\/\/i0.wp.com\/www.altimara.eu\/blog\/wp-content\/uploads\/2023\/10\/MA5_2807.jpg?resize=350%2C200&ssl=1","width":350,"height":200,"srcset":"https:\/\/i0.wp.com\/www.altimara.eu\/blog\/wp-content\/uploads\/2023\/10\/MA5_2807.jpg?resize=350%2C200&ssl=1 1x, https:\/\/i0.wp.com\/www.altimara.eu\/blog\/wp-content\/uploads\/2023\/10\/MA5_2807.jpg?resize=525%2C300&ssl=1 1.5x, https:\/\/i0.wp.com\/www.altimara.eu\/blog\/wp-content\/uploads\/2023\/10\/MA5_2807.jpg?resize=700%2C400&ssl=1 2x, https:\/\/i0.wp.com\/www.altimara.eu\/blog\/wp-content\/uploads\/2023\/10\/MA5_2807.jpg?resize=1050%2C600&ssl=1 3x, https:\/\/i0.wp.com\/www.altimara.eu\/blog\/wp-content\/uploads\/2023\/10\/MA5_2807.jpg?resize=1400%2C800&ssl=1 4x"},"classes":[]},{"id":1696,"url":"https:\/\/www.altimara.eu\/blog\/2016\/02\/17\/chez-jean-le-charbonnier\/","url_meta":{"origin":4011,"position":4},"title":"Chez Jean le Charbonnier","author":"Martiou","date":"17 f\u00e9vrier 2016","format":false,"excerpt":"Jean Chaudi\u00e8re, animateur carbone d'Ard\u00e8che, pr\u00e9sente son programme pour le mois de mai. Avec la cuisson d'une charbonni\u00e8re, il y aura d\u00e9monstration de forgerons en continu. N'oublions pas que la production du charbon de bois en quantit\u00e9 a permis le travail des m\u00e9taux depuis le chalcolithique. Tous chez Jean en\u2026","rel":"","context":"Dans &quot;Charbon de bois&quot;","block_context":{"text":"Charbon de bois","link":"https:\/\/www.altimara.eu\/blog\/category\/charbon-de-bois-carbon-art\/"},"img":{"alt_text":"plaquette charbonnie\u0300re 6 dernie\u0300re version","src":"https:\/\/i0.wp.com\/www.altimara.eu\/blog\/wp-content\/uploads\/2016\/02\/plaquette-charbonnie%CC%80re-6-dernie%CC%80re-version-1024x723.jpg?resize=350%2C200","width":350,"height":200,"srcset":"https:\/\/i0.wp.com\/www.altimara.eu\/blog\/wp-content\/uploads\/2016\/02\/plaquette-charbonnie%CC%80re-6-dernie%CC%80re-version-1024x723.jpg?resize=350%2C200 1x, https:\/\/i0.wp.com\/www.altimara.eu\/blog\/wp-content\/uploads\/2016\/02\/plaquette-charbonnie%CC%80re-6-dernie%CC%80re-version-1024x723.jpg?resize=525%2C300 1.5x"},"classes":[]},{"id":3722,"url":"https:\/\/www.altimara.eu\/blog\/2021\/10\/16\/charbonniere-hollande\/","url_meta":{"origin":4011,"position":5},"title":"Charbonni\u00e8re Hollande","author":"Martiou","date":"16 octobre 2021","format":false,"excerpt":"Superbe accueil par Paul Klaasen \u00e0 Ulft, \u00e0 l'est de la Hollande. Nous avons pos\u00e9 notre campement dans un champs, entre une ferme et une friche industrielle transform\u00e9e en lieu d'art. Des lapins gambadent dans l'herbe fraiche, des h\u00e9rons cherchent le vers de terre et des faucons font le saint\u2026","rel":"","context":"Dans &quot;0- MES CHARBONNI\u00c8RES&quot;","block_context":{"text":"0- MES CHARBONNI\u00c8RES","link":"https:\/\/www.altimara.eu\/blog\/category\/mes-charbonnieres\/"},"img":{"alt_text":"","src":"https:\/\/i0.wp.com\/www.altimara.eu\/blog\/wp-content\/uploads\/2021\/10\/MAR7758.jpg?resize=350%2C200&ssl=1","width":350,"height":200,"srcset":"https:\/\/i0.wp.com\/www.altimara.eu\/blog\/wp-content\/uploads\/2021\/10\/MAR7758.jpg?resize=350%2C200&ssl=1 1x, https:\/\/i0.wp.com\/www.altimara.eu\/blog\/wp-content\/uploads\/2021\/10\/MAR7758.jpg?resize=525%2C300&ssl=1 1.5x, https:\/\/i0.wp.com\/www.altimara.eu\/blog\/wp-content\/uploads\/2021\/10\/MAR7758.jpg?resize=700%2C400&ssl=1 2x, https:\/\/i0.wp.com\/www.altimara.eu\/blog\/wp-content\/uploads\/2021\/10\/MAR7758.jpg?resize=1050%2C600&ssl=1 3x, https:\/\/i0.wp.com\/www.altimara.eu\/blog\/wp-content\/uploads\/2021\/10\/MAR7758.jpg?resize=1400%2C800&ssl=1 4x"},"classes":[]}],"_links":{"self":[{"href":"https:\/\/www.altimara.eu\/blog\/wp-json\/wp\/v2\/posts\/4011","targetHints":{"allow":["GET"]}}],"collection":[{"href":"https:\/\/www.altimara.eu\/blog\/wp-json\/wp\/v2\/posts"}],"about":[{"href":"https:\/\/www.altimara.eu\/blog\/wp-json\/wp\/v2\/types\/post"}],"author":[{"embeddable":true,"href":"https:\/\/www.altimara.eu\/blog\/wp-json\/wp\/v2\/users\/3"}],"replies":[{"embeddable":true,"href":"https:\/\/www.altimara.eu\/blog\/wp-json\/wp\/v2\/comments?post=4011"}],"version-history":[{"count":0,"href":"https:\/\/www.altimara.eu\/blog\/wp-json\/wp\/v2\/posts\/4011\/revisions"}],"wp:attachment":[{"href":"https:\/\/www.altimara.eu\/blog\/wp-json\/wp\/v2\/media?parent=4011"}],"wp:term":[{"taxonomy":"category","embeddable":true,"href":"https:\/\/www.altimara.eu\/blog\/wp-json\/wp\/v2\/categories?post=4011"},{"taxonomy":"post_tag","embeddable":true,"href":"https:\/\/www.altimara.eu\/blog\/wp-json\/wp\/v2\/tags?post=4011"}],"curies":[{"name":"wp","href":"https:\/\/api.w.org\/{rel}","templated":true}]}}