{"id":4007,"date":"2023-04-19T10:00:03","date_gmt":"2023-04-19T09:00:03","guid":{"rendered":"https:\/\/www.altimara.eu\/blog\/?p=4007"},"modified":"2023-04-19T10:00:03","modified_gmt":"2023-04-19T09:00:03","slug":"charbonniere-a-jean","status":"publish","type":"post","link":"https:\/\/www.altimara.eu\/blog\/2023\/04\/19\/charbonniere-a-jean\/","title":{"rendered":"Charbonni\u00e8re \u00e0 Jean"},"content":{"rendered":"\n<p>Mois de mai, mois des charbonni\u00e8res. Pendant que je conduirai la mienne \u00e0 cot\u00e9 du Pic-St-Loup, Jean et son \u00e9quipe auront la leur dans le petit coin de garrigue ard\u00e9choise comme chaque ann\u00e9e. Faites f\u00eate au charbon de bois et aux charbonni\u00e8r-es !<\/p>\n\n\n\n<figure class=\"wp-block-image size-large\"><img data-recalc-dims=\"1\" loading=\"lazy\" decoding=\"async\" width=\"627\" height=\"887\" data-attachment-id=\"4008\" data-permalink=\"https:\/\/www.altimara.eu\/blog\/2023\/04\/19\/charbonniere-a-jean\/affiche-charbonniere-2023_v25\/\" data-orig-file=\"https:\/\/i0.wp.com\/www.altimara.eu\/blog\/wp-content\/uploads\/2023\/04\/Affiche-Charbonniere-2023_V25.jpg?fit=1800%2C2546&amp;ssl=1\" data-orig-size=\"1800,2546\" data-comments-opened=\"1\" data-image-meta=\"{&quot;aperture&quot;:&quot;0&quot;,&quot;credit&quot;:&quot;&quot;,&quot;camera&quot;:&quot;&quot;,&quot;caption&quot;:&quot;&quot;,&quot;created_timestamp&quot;:&quot;0&quot;,&quot;copyright&quot;:&quot;&quot;,&quot;focal_length&quot;:&quot;0&quot;,&quot;iso&quot;:&quot;0&quot;,&quot;shutter_speed&quot;:&quot;0&quot;,&quot;title&quot;:&quot;&quot;,&quot;orientation&quot;:&quot;1&quot;}\" data-image-title=\"Affiche-Charbonniere-2023_V25\" data-image-description=\"\" data-image-caption=\"\" data-large-file=\"https:\/\/i0.wp.com\/www.altimara.eu\/blog\/wp-content\/uploads\/2023\/04\/Affiche-Charbonniere-2023_V25.jpg?fit=627%2C887&amp;ssl=1\" src=\"https:\/\/i0.wp.com\/www.altimara.eu\/blog\/wp-content\/uploads\/2023\/04\/Affiche-Charbonniere-2023_V25.jpg?resize=627%2C887&#038;ssl=1\" alt=\"\" class=\"wp-image-4008\" srcset=\"https:\/\/i0.wp.com\/www.altimara.eu\/blog\/wp-content\/uploads\/2023\/04\/Affiche-Charbonniere-2023_V25.jpg?resize=724%2C1024&amp;ssl=1 724w, https:\/\/i0.wp.com\/www.altimara.eu\/blog\/wp-content\/uploads\/2023\/04\/Affiche-Charbonniere-2023_V25.jpg?resize=212%2C300&amp;ssl=1 212w, https:\/\/i0.wp.com\/www.altimara.eu\/blog\/wp-content\/uploads\/2023\/04\/Affiche-Charbonniere-2023_V25.jpg?resize=768%2C1086&amp;ssl=1 768w, https:\/\/i0.wp.com\/www.altimara.eu\/blog\/wp-content\/uploads\/2023\/04\/Affiche-Charbonniere-2023_V25.jpg?resize=1086%2C1536&amp;ssl=1 1086w, https:\/\/i0.wp.com\/www.altimara.eu\/blog\/wp-content\/uploads\/2023\/04\/Affiche-Charbonniere-2023_V25.jpg?resize=1448%2C2048&amp;ssl=1 1448w, https:\/\/i0.wp.com\/www.altimara.eu\/blog\/wp-content\/uploads\/2023\/04\/Affiche-Charbonniere-2023_V25.jpg?w=1800&amp;ssl=1 1800w, https:\/\/i0.wp.com\/www.altimara.eu\/blog\/wp-content\/uploads\/2023\/04\/Affiche-Charbonniere-2023_V25.jpg?w=1254&amp;ssl=1 1254w\" sizes=\"auto, (max-width: 627px) 100vw, 627px\" \/><\/figure>\n","protected":false},"excerpt":{"rendered":"<p>Mois de mai, mois des charbonni\u00e8res. Pendant que je conduirai la mienne \u00e0 cot\u00e9 du Pic-St-Loup, Jean et son \u00e9quipe auront la leur dans le petit coin de garrigue ard\u00e9choise comme chaque ann\u00e9e. Faites f\u00eate au charbon de bois et aux charbonni\u00e8r-es !<\/p>\n","protected":false},"author":3,"featured_media":0,"comment_status":"open","ping_status":"open","sticky":false,"template":"","format":"standard","meta":{"ngg_post_thumbnail":0,"jetpack_post_was_ever_published":false,"_jetpack_newsletter_access":"","_jetpack_dont_email_post_to_subs":false,"_jetpack_newsletter_tier_id":0,"_jetpack_memberships_contains_paywalled_content":false,"_jetpack_memberships_contains_paid_content":false,"footnotes":"","jetpack_publicize_message":"","jetpack_publicize_feature_enabled":true,"jetpack_social_post_already_shared":true,"jetpack_social_options":{"image_generator_settings":{"template":"highway","default_image_id":0,"font":"","enabled":false},"version":2}},"categories":[6,103,37],"tags":[34,12],"class_list":["post-4007","post","type-post","status-publish","format-standard","hentry","category-charbon-de-bois-carbon-art","category-charbonnier-en-france","category-evenementiel","tag-charbon-de-bois-carbon-art","tag-charbonniere"],"jetpack_publicize_connections":[],"jetpack_featured_media_url":"","jetpack_shortlink":"https:\/\/wp.me\/p4r91c-12D","jetpack_sharing_enabled":true,"jetpack-related-posts":[{"id":1696,"url":"https:\/\/www.altimara.eu\/blog\/2016\/02\/17\/chez-jean-le-charbonnier\/","url_meta":{"origin":4007,"position":0},"title":"Chez Jean le Charbonnier","author":"Martiou","date":"17 f\u00e9vrier 2016","format":false,"excerpt":"Jean Chaudi\u00e8re, animateur carbone d'Ard\u00e8che, pr\u00e9sente son programme pour le mois de mai. Avec la cuisson d'une charbonni\u00e8re, il y aura d\u00e9monstration de forgerons en continu. N'oublions pas que la production du charbon de bois en quantit\u00e9 a permis le travail des m\u00e9taux depuis le chalcolithique. Tous chez Jean en\u2026","rel":"","context":"Dans &quot;Charbon de bois&quot;","block_context":{"text":"Charbon de bois","link":"https:\/\/www.altimara.eu\/blog\/category\/charbon-de-bois-carbon-art\/"},"img":{"alt_text":"plaquette charbonnie\u0300re 6 dernie\u0300re version","src":"https:\/\/i0.wp.com\/www.altimara.eu\/blog\/wp-content\/uploads\/2016\/02\/plaquette-charbonnie%CC%80re-6-dernie%CC%80re-version-1024x723.jpg?resize=350%2C200","width":350,"height":200,"srcset":"https:\/\/i0.wp.com\/www.altimara.eu\/blog\/wp-content\/uploads\/2016\/02\/plaquette-charbonnie%CC%80re-6-dernie%CC%80re-version-1024x723.jpg?resize=350%2C200 1x, https:\/\/i0.wp.com\/www.altimara.eu\/blog\/wp-content\/uploads\/2016\/02\/plaquette-charbonnie%CC%80re-6-dernie%CC%80re-version-1024x723.jpg?resize=525%2C300 1.5x"},"classes":[]},{"id":1826,"url":"https:\/\/www.altimara.eu\/blog\/2016\/04\/24\/jean-le-charbonnier\/","url_meta":{"origin":4007,"position":1},"title":"Jean le charbonnier","author":"Martiou","date":"24 avril 2016","format":false,"excerpt":"Bient\u00f4t le mois de mai et la f\u00eate charbonni\u00e8re de Jean en Ard\u00e8che. Montage de la meule \u00e0 partir du vendredi 13 et allumage le samedi 14. Cuisson pendant la semaine et d\u00e9cavage le 20 mai. Contact direct Jean: 06 37 60 66 25 De nombreuses activit\u00e9s sont au programme","rel":"","context":"Dans &quot;Charbon de bois&quot;","block_context":{"text":"Charbon de bois","link":"https:\/\/www.altimara.eu\/blog\/category\/charbon-de-bois-carbon-art\/"},"img":{"alt_text":"plaquette charbonnie\u0300re 9","src":"https:\/\/i0.wp.com\/www.altimara.eu\/blog\/wp-content\/uploads\/2016\/04\/plaquette-charbonnie%CC%80re-9.jpg?resize=350%2C200","width":350,"height":200,"srcset":"https:\/\/i0.wp.com\/www.altimara.eu\/blog\/wp-content\/uploads\/2016\/04\/plaquette-charbonnie%CC%80re-9.jpg?resize=350%2C200 1x, https:\/\/i0.wp.com\/www.altimara.eu\/blog\/wp-content\/uploads\/2016\/04\/plaquette-charbonnie%CC%80re-9.jpg?resize=525%2C300 1.5x, https:\/\/i0.wp.com\/www.altimara.eu\/blog\/wp-content\/uploads\/2016\/04\/plaquette-charbonnie%CC%80re-9.jpg?resize=700%2C400 2x"},"classes":[]},{"id":3716,"url":"https:\/\/www.altimara.eu\/blog\/2021\/10\/02\/charbonniere-hollandaise\/","url_meta":{"origin":4007,"position":2},"title":"Charbonni\u00e8re Hollandaise","author":"Martiou","date":"2 octobre 2021","format":false,"excerpt":"Adrien, un m\u00e9tallurgiste rencontr\u00e9 chez Jean en Ard\u00e8che, m'a invit\u00e9 \u00e0 une rencontre de charbonniers-\u00e8res en....Hollande. Dans la petite ville de Ulft, qui a un pass\u00e9 de fonderie, un symposium sur la m\u00e9tallurgie aura lieu fin Octobre. Les charbonniers nous seront en amont \u00e0 partir du 15 octobre. Au programme,\u2026","rel":"","context":"Dans &quot;Charbon de bois&quot;","block_context":{"text":"Charbon de bois","link":"https:\/\/www.altimara.eu\/blog\/category\/charbon-de-bois-carbon-art\/"},"img":{"alt_text":"","src":"https:\/\/i0.wp.com\/www.altimara.eu\/blog\/wp-content\/uploads\/2021\/10\/Capture-de%CC%81cran-2021-10-02-a%CC%80-14.16.18.jpg?resize=350%2C200&ssl=1","width":350,"height":200,"srcset":"https:\/\/i0.wp.com\/www.altimara.eu\/blog\/wp-content\/uploads\/2021\/10\/Capture-de%CC%81cran-2021-10-02-a%CC%80-14.16.18.jpg?resize=350%2C200&ssl=1 1x, https:\/\/i0.wp.com\/www.altimara.eu\/blog\/wp-content\/uploads\/2021\/10\/Capture-de%CC%81cran-2021-10-02-a%CC%80-14.16.18.jpg?resize=525%2C300&ssl=1 1.5x, https:\/\/i0.wp.com\/www.altimara.eu\/blog\/wp-content\/uploads\/2021\/10\/Capture-de%CC%81cran-2021-10-02-a%CC%80-14.16.18.jpg?resize=700%2C400&ssl=1 2x"},"classes":[]},{"id":2315,"url":"https:\/\/www.altimara.eu\/blog\/2017\/05\/04\/chez-jean\/","url_meta":{"origin":4007,"position":3},"title":"Chez Jean","author":"Martiou","date":"4 mai 2017","format":false,"excerpt":"Belle activit\u00e9 que cette r\u00e9union entre charbonniers et forgerons. Et c'est m\u00eame plus que \u00e7a car il y a, aussi, de la m\u00e9tallurgie, de la vannerie et de la corderie. Nous nous sommes tous retrouv\u00e9s dans le petit domaine paradisiaque, quand on aime la garrigue, de Jean. Au fond il\u2026","rel":"","context":"Dans &quot;Charbon de bois&quot;","block_context":{"text":"Charbon de bois","link":"https:\/\/www.altimara.eu\/blog\/category\/charbon-de-bois-carbon-art\/"},"img":{"alt_text":"","src":"https:\/\/i0.wp.com\/www.altimara.eu\/blog\/wp-content\/uploads\/2017\/05\/MAR2668.jpg?resize=350%2C200","width":350,"height":200,"srcset":"https:\/\/i0.wp.com\/www.altimara.eu\/blog\/wp-content\/uploads\/2017\/05\/MAR2668.jpg?resize=350%2C200 1x, https:\/\/i0.wp.com\/www.altimara.eu\/blog\/wp-content\/uploads\/2017\/05\/MAR2668.jpg?resize=525%2C300 1.5x, https:\/\/i0.wp.com\/www.altimara.eu\/blog\/wp-content\/uploads\/2017\/05\/MAR2668.jpg?resize=700%2C400 2x"},"classes":[]},{"id":2303,"url":"https:\/\/www.altimara.eu\/blog\/2017\/04\/21\/chez-jean-lardechois\/","url_meta":{"origin":4007,"position":4},"title":"Chez Jean l&rsquo;Ard\u00e9chois","author":"Martiou","date":"21 avril 2017","format":false,"excerpt":"C'est reparti pour une belle f\u00eate de la charbonni\u00e8re, pr\u00e8s de Bourg St And\u00e9ol, chez Jean Chaudi\u00e8re. J'y serai avec Martine la vanni\u00e8re. L'occase de faire de l'\u00e9cochar, le charbon reconstitu\u00e9, dans le projet de d\u00e9veloppement durable en Guin\u00e9e et Togo.","rel":"","context":"Dans &quot;Charbon de bois&quot;","block_context":{"text":"Charbon de bois","link":"https:\/\/www.altimara.eu\/blog\/category\/charbon-de-bois-carbon-art\/"},"img":{"alt_text":"","src":"https:\/\/i0.wp.com\/www.altimara.eu\/blog\/wp-content\/uploads\/2017\/04\/recto-flyer-charbon-2017.jpg?resize=350%2C200","width":350,"height":200,"srcset":"https:\/\/i0.wp.com\/www.altimara.eu\/blog\/wp-content\/uploads\/2017\/04\/recto-flyer-charbon-2017.jpg?resize=350%2C200 1x, https:\/\/i0.wp.com\/www.altimara.eu\/blog\/wp-content\/uploads\/2017\/04\/recto-flyer-charbon-2017.jpg?resize=525%2C300 1.5x, https:\/\/i0.wp.com\/www.altimara.eu\/blog\/wp-content\/uploads\/2017\/04\/recto-flyer-charbon-2017.jpg?resize=700%2C400 2x"},"classes":[]},{"id":3877,"url":"https:\/\/www.altimara.eu\/blog\/2022\/05\/15\/tous-chez-jean-lardechois\/","url_meta":{"origin":4007,"position":5},"title":"Tous chez Jean l&rsquo;Ard\u00e9chois !","author":"Martiou","date":"15 mai 2022","format":false,"excerpt":"C'est reparti pour une semaine de charbonni\u00e8re et forge.","rel":"","context":"Dans &quot;Charbon de bois&quot;","block_context":{"text":"Charbon de bois","link":"https:\/\/www.altimara.eu\/blog\/category\/charbon-de-bois-carbon-art\/"},"img":{"alt_text":"","src":"https:\/\/i0.wp.com\/www.altimara.eu\/blog\/wp-content\/uploads\/2022\/05\/Capture-de%CC%81cran-2022-05-12-a%CC%80-13.21.38.jpg?resize=350%2C200&ssl=1","width":350,"height":200,"srcset":"https:\/\/i0.wp.com\/www.altimara.eu\/blog\/wp-content\/uploads\/2022\/05\/Capture-de%CC%81cran-2022-05-12-a%CC%80-13.21.38.jpg?resize=350%2C200&ssl=1 1x, https:\/\/i0.wp.com\/www.altimara.eu\/blog\/wp-content\/uploads\/2022\/05\/Capture-de%CC%81cran-2022-05-12-a%CC%80-13.21.38.jpg?resize=525%2C300&ssl=1 1.5x, https:\/\/i0.wp.com\/www.altimara.eu\/blog\/wp-content\/uploads\/2022\/05\/Capture-de%CC%81cran-2022-05-12-a%CC%80-13.21.38.jpg?resize=700%2C400&ssl=1 2x, https:\/\/i0.wp.com\/www.altimara.eu\/blog\/wp-content\/uploads\/2022\/05\/Capture-de%CC%81cran-2022-05-12-a%CC%80-13.21.38.jpg?resize=1050%2C600&ssl=1 3x"},"classes":[]}],"_links":{"self":[{"href":"https:\/\/www.altimara.eu\/blog\/wp-json\/wp\/v2\/posts\/4007","targetHints":{"allow":["GET"]}}],"collection":[{"href":"https:\/\/www.altimara.eu\/blog\/wp-json\/wp\/v2\/posts"}],"about":[{"href":"https:\/\/www.altimara.eu\/blog\/wp-json\/wp\/v2\/types\/post"}],"author":[{"embeddable":true,"href":"https:\/\/www.altimara.eu\/blog\/wp-json\/wp\/v2\/users\/3"}],"replies":[{"embeddable":true,"href":"https:\/\/www.altimara.eu\/blog\/wp-json\/wp\/v2\/comments?post=4007"}],"version-history":[{"count":0,"href":"https:\/\/www.altimara.eu\/blog\/wp-json\/wp\/v2\/posts\/4007\/revisions"}],"wp:attachment":[{"href":"https:\/\/www.altimara.eu\/blog\/wp-json\/wp\/v2\/media?parent=4007"}],"wp:term":[{"taxonomy":"category","embeddable":true,"href":"https:\/\/www.altimara.eu\/blog\/wp-json\/wp\/v2\/categories?post=4007"},{"taxonomy":"post_tag","embeddable":true,"href":"https:\/\/www.altimara.eu\/blog\/wp-json\/wp\/v2\/tags?post=4007"}],"curies":[{"name":"wp","href":"https:\/\/api.w.org\/{rel}","templated":true}]}}