{"id":3971,"date":"2022-10-23T20:32:08","date_gmt":"2022-10-23T19:32:08","guid":{"rendered":"https:\/\/www.altimara.eu\/blog\/?p=3971"},"modified":"2022-11-03T21:45:40","modified_gmt":"2022-11-03T20:45:40","slug":"julia-se-couche","status":"publish","type":"post","link":"https:\/\/www.altimara.eu\/blog\/2022\/10\/23\/julia-se-couche\/","title":{"rendered":"Julia se couche"},"content":{"rendered":"\n<p>Dans le magnifique roman de Jean Giono \u00ab\u00a0Le Grand Troupeau\u00a0\u00bb, paru en 1931, dans lequel, pacifiste convaincu, l&rsquo;auteur rappelle les horreurs de la guerre, les charbonniers sont pr\u00e9sents.<\/p>\n\n\n\n<p>Cet immense troupeau, qui descend des herbages de montagnes, dans des conditions terribles o\u00f9 les b\u00eates meurent est comparable \u00e0 la masse des jeunes soldats envoy\u00e9s au front comme chair \u00e0 canon.<\/p>\n\n\n\n<p>L&rsquo;actualit\u00e9 nous plonge ou replonge dans ces funestes dessins des g\u00e9n\u00e9rations pleines de vie, qui aujourd&rsquo;hui sont fauch\u00e9es pour d\u2019inutiles conqu\u00eates de tyrans \u00e9gocentriques.<\/p>\n\n\n\n<p>Dans le chapitre \u00ab\u00a0Julia se couche\u00a0\u00bb, l&rsquo;auteur d\u00e9crit la solitude des femmes rest\u00e9es \u00e0 la maison dans l&rsquo;angoisse de leurs maris, amis, amants, parents. <\/p>\n\n\n\n<p>Le tout d\u00e9but du chapitre nous enivre des paysages montagneux de la Provence :<\/p>\n\n\n\n<p><em>\u00ab\u00a0\u00c7a sera du beau temps clair cette nuit, dit Julia, l&rsquo;air a beaucoup de volont\u00e9 et on voit Sainte-Victoire.\u00a0\u00bb<\/em><\/p>\n\n\n\n<p><em>Le vent d&rsquo;Alpe venait de prendre le dessus d&rsquo;un cr\u00e9puscule embarrass\u00e9 de nu\u00e9es, et maintenant, les bords du ciel \u00e9taient minces et comme l&rsquo;aiguis\u00e9 d&rsquo;une faux. Du cot\u00e9 du soleil couch\u00e9, le dos de Lure, avec ses fum\u00e9es de charbonni\u00e8res, montait, dans une verdure c\u00e9leste, belle comme une eau de pr\u00e9&#8230;.<\/em><\/p>\n\n\n\n<p>Plus loin c&rsquo;est Verdun qui sert de d\u00e9cors, tragique et qui me touche personnellement \u00e0 double titre. Mon grand p\u00e8re y \u00e9tait, gaz\u00e9 il aurait pu disparaitre et moi ne pas naitre. Et deuxi\u00e8mement Giono d\u00e9crit de sa belle plume, la comparaison entre la bataille et quelque chose d&rsquo;assez rare, l\u2019enflammement d&rsquo;une meule charbonni\u00e8re. Cela peut arriver, qu&rsquo;une charbonni\u00e8re prenne feu, suite \u00e0 un mauvais contr\u00f4le de la cuisson. La couverture terreuse qui recouvre le bois en fusion doit \u00eatre r\u00e9guli\u00e8rement tass\u00e9e pour \u00e9viter une ouverture \u00e0 l&rsquo;air libre. Car l&rsquo;apport de l&rsquo;air et de son oxyg\u00e8ne enflamment spontan\u00e9ment la meule de bois et rien ne peut l&rsquo;arr\u00eater. C&rsquo;est la perte totale pour le charbonnier. Giono a certainement vu se d\u00e9sastre, tant autant dans sa pr\u00e9sence au front que dans les bois de sa Provence en compagnie des charbonniers.<\/p>\n\n\n\n<p><em>\u00a0\u00bb \u00c7a faisait du bruit du cot\u00e9 de Verdun! C&rsquo;\u00e9tait noir comme du caf\u00e9 avec des tressauts de feu comme une charbonni\u00e8re qui s&rsquo;enflamme&#8230;\u00a0\u00bb<\/em> In chap. Le Premier Cercle.<\/p>\n\n\n\n<p>Puis vers la fin du roman, Giono dans la description d&rsquo;une bataille, revient sur cette image qu&rsquo;il a du voir de nombreuses fois, celle d&rsquo;une charbonni\u00e8re en activit\u00e9. <em>\u00ab\u00a0le jour est venu tout d&rsquo;un coup. le mont Kermmel fume de tous les cot\u00e9s comme une charbonni\u00e8re\u00a0\u00bb<\/em>. 5924 soldats fran\u00e7ais sont morts dans cette bataille, derni\u00e8re tentative allemande de briser les lignes alli\u00e9es en 1918.<\/p>\n\n\n<div class=\"wp-block-image\">\n<figure class=\"aligncenter size-full\"><img data-recalc-dims=\"1\" loading=\"lazy\" decoding=\"async\" width=\"530\" height=\"709\" data-attachment-id=\"3972\" data-permalink=\"https:\/\/www.altimara.eu\/blog\/2022\/10\/23\/julia-se-couche\/le-grand-troupeau\/\" data-orig-file=\"https:\/\/i0.wp.com\/www.altimara.eu\/blog\/wp-content\/uploads\/2022\/10\/le-grand-troupeau.jpg?fit=530%2C709&amp;ssl=1\" data-orig-size=\"530,709\" data-comments-opened=\"1\" data-image-meta=\"{&quot;aperture&quot;:&quot;1.79&quot;,&quot;credit&quot;:&quot;&quot;,&quot;camera&quot;:&quot;M2003J15SC&quot;,&quot;caption&quot;:&quot;&quot;,&quot;created_timestamp&quot;:&quot;1666559856&quot;,&quot;copyright&quot;:&quot;&quot;,&quot;focal_length&quot;:&quot;4.74&quot;,&quot;iso&quot;:&quot;112&quot;,&quot;shutter_speed&quot;:&quot;0.020003000008824&quot;,&quot;title&quot;:&quot;&quot;,&quot;orientation&quot;:&quot;1&quot;}\" data-image-title=\"le-grand-troupeau\" data-image-description=\"\" data-image-caption=\"\" data-large-file=\"https:\/\/i0.wp.com\/www.altimara.eu\/blog\/wp-content\/uploads\/2022\/10\/le-grand-troupeau.jpg?fit=530%2C709&amp;ssl=1\" src=\"https:\/\/i0.wp.com\/www.altimara.eu\/blog\/wp-content\/uploads\/2022\/10\/le-grand-troupeau.jpg?resize=530%2C709&#038;ssl=1\" alt=\"\" class=\"wp-image-3972\" srcset=\"https:\/\/i0.wp.com\/www.altimara.eu\/blog\/wp-content\/uploads\/2022\/10\/le-grand-troupeau.jpg?w=530&amp;ssl=1 530w, https:\/\/i0.wp.com\/www.altimara.eu\/blog\/wp-content\/uploads\/2022\/10\/le-grand-troupeau.jpg?resize=224%2C300&amp;ssl=1 224w\" sizes=\"auto, (max-width: 530px) 100vw, 530px\" \/><figcaption class=\"wp-element-caption\">Un tr\u00e8s beau roman<\/figcaption><\/figure>\n<\/div>\n\n\n<p>Dans les t\u00e9moignages que j&rsquo;ai pu avoir des \u00ab\u00a0anciens\u00a0\u00bb, l&rsquo;horizon ponctu\u00e9 de fum\u00e9es, indiquait les charbonni\u00e8res en activit\u00e9. Aujourd&rsquo;hui quand on voit une fum\u00e9e, souvent les canadairs arrivent.<\/p>\n\n\n\n<p><a href=\"https:\/\/fr.wikipedia.org\/wiki\/Le_Grand_Troupeau\">https:\/\/fr.wikipedia.org\/wiki\/Le_Grand_Troupeau<\/a><\/p>\n\n\n\n<p><em>Maudite soit la guerre<\/em>.<\/p>\n","protected":false},"excerpt":{"rendered":"<p>Dans le magnifique roman de Jean Giono \u00ab\u00a0Le Grand Troupeau\u00a0\u00bb, paru en 1931, dans lequel, pacifiste convaincu, l&rsquo;auteur rappelle les horreurs de la guerre, les charbonniers sont pr\u00e9sents. Cet immense troupeau, qui descend des herbages de montagnes, dans des conditions terribles o\u00f9 les b\u00eates meurent est comparable \u00e0 la masse des jeunes soldats envoy\u00e9s au [&hellip;]<\/p>\n","protected":false},"author":3,"featured_media":0,"comment_status":"open","ping_status":"open","sticky":false,"template":"","format":"standard","meta":{"ngg_post_thumbnail":0,"jetpack_post_was_ever_published":false,"_jetpack_newsletter_access":"","_jetpack_dont_email_post_to_subs":false,"_jetpack_newsletter_tier_id":0,"_jetpack_memberships_contains_paywalled_content":false,"_jetpack_memberships_contains_paid_content":false,"footnotes":"","jetpack_publicize_message":"","jetpack_publicize_feature_enabled":true,"jetpack_social_post_already_shared":true,"jetpack_social_options":{"image_generator_settings":{"template":"highway","default_image_id":0,"font":"","enabled":false},"version":2}},"categories":[175],"tags":[12],"class_list":["post-3971","post","type-post","status-publish","format-standard","hentry","category-contes-et-legendes","tag-charbonniere"],"jetpack_publicize_connections":[],"jetpack_featured_media_url":"","jetpack_shortlink":"https:\/\/wp.me\/p4r91c-123","jetpack_sharing_enabled":true,"jetpack-related-posts":[{"id":1366,"url":"https:\/\/www.altimara.eu\/blog\/2015\/06\/09\/empreinte-carbone-8\/","url_meta":{"origin":3971,"position":0},"title":"Empreinte Carbone","author":"Martiou","date":"9 juin 2015","format":false,"excerpt":"Si l'empreinte charbonni\u00e8re est r\u00e9elle, un autre \u00e9l\u00e9ment de la garrigue s'est invit\u00e9. Un beau troupeau de moutons en transhumance vers les C\u00e9vennes est pass\u00e9 devant le four. Heureusement celui-ci \u00e9tait arr\u00eat\u00e9 et froid, sinon c'\u00e9tait m\u00e9choui. La carbonisation \u00e9tant termin\u00e9e, content de notre travail collaboratif avec Pascale, nous avons\u2026","rel":"","context":"Dans &quot;4 Empreinte Carbone&quot;","block_context":{"text":"4 Empreinte Carbone","link":"https:\/\/www.altimara.eu\/blog\/category\/empreinte-cabone\/"},"img":{"alt_text":"_MAR7010","src":"https:\/\/i0.wp.com\/www.altimara.eu\/blog\/wp-content\/uploads\/2015\/06\/MAR7010.jpg?resize=350%2C200","width":350,"height":200,"srcset":"https:\/\/i0.wp.com\/www.altimara.eu\/blog\/wp-content\/uploads\/2015\/06\/MAR7010.jpg?resize=350%2C200 1x, https:\/\/i0.wp.com\/www.altimara.eu\/blog\/wp-content\/uploads\/2015\/06\/MAR7010.jpg?resize=525%2C300 1.5x, https:\/\/i0.wp.com\/www.altimara.eu\/blog\/wp-content\/uploads\/2015\/06\/MAR7010.jpg?resize=700%2C400 2x"},"classes":[]},{"id":559,"url":"https:\/\/www.altimara.eu\/blog\/2014\/02\/06\/la-grande-epic-au-saint-loup-2\/","url_meta":{"origin":3971,"position":1},"title":"La Grande E[pic] au Saint Loup","author":"Martiou","date":"6 f\u00e9vrier 2014","format":false,"excerpt":"Weekend de travail les 1 et 2 f\u00e9vrier. Comment fabriquer la grosse t\u00eate pour que ce soit simple pour les participants? Martine montre \u00e0 Thierry l'art de la vannerie. Ils s'appliquent d'abord avec de l'osier. Puis Martine a l'id\u00e9e d'utiliser de la canne de Provence. Mat\u00e9riau plus local puisqu'on en\u2026","rel":"","context":"Dans &quot;2 La Grande E[pic] au Saint Loup&quot;","block_context":{"text":"2 La Grande E[pic] au Saint Loup","link":"https:\/\/www.altimara.eu\/blog\/category\/2-la-grande-epic-au-saint-loup\/"},"img":{"alt_text":"_MAC7319","src":"https:\/\/i0.wp.com\/www.altimara.eu\/blog\/wp-content\/uploads\/2014\/02\/mac7319.jpg?resize=350%2C200","width":350,"height":200,"srcset":"https:\/\/i0.wp.com\/www.altimara.eu\/blog\/wp-content\/uploads\/2014\/02\/mac7319.jpg?resize=350%2C200 1x, https:\/\/i0.wp.com\/www.altimara.eu\/blog\/wp-content\/uploads\/2014\/02\/mac7319.jpg?resize=525%2C300 1.5x"},"classes":[]},{"id":1049,"url":"https:\/\/www.altimara.eu\/blog\/2014\/10\/09\/la-grande-epic-au-saint-loup-21\/","url_meta":{"origin":3971,"position":2},"title":"La Grande E[pic] au Saint Loup","author":"Martiou","date":"9 octobre 2014","format":false,"excerpt":"Le Grand E[jour] 5 octobre 2014 mille bras Cazevieille Portation Pr\u00e9sentation Picascension Publicaction Panoplie, Pic, Phare, Pueblo, Prince, Pictogramme, Passage, Presence, Promesse, \u2026\u2026et Pourquoi Pas Phallus, 55 grosses t\u00eates carbonis\u00e9es , nomm\u00e9es, pr\u00e9sent\u00e9es, cri\u00e9es, port\u00e9es au sommet du Pic par autant d'actrices et d'acteurs sublim\u00e9s. Merci Berta, Thierry, Alain, les\u2026","rel":"","context":"Dans &quot;2 La Grande E[pic] au Saint Loup&quot;","block_context":{"text":"2 La Grande E[pic] au Saint Loup","link":"https:\/\/www.altimara.eu\/blog\/category\/2-la-grande-epic-au-saint-loup\/"},"img":{"alt_text":"_MAR3175 - copie","src":"https:\/\/i0.wp.com\/www.altimara.eu\/blog\/wp-content\/uploads\/2014\/10\/MAR3175-copie-1024x683.jpg?resize=350%2C200","width":350,"height":200,"srcset":"https:\/\/i0.wp.com\/www.altimara.eu\/blog\/wp-content\/uploads\/2014\/10\/MAR3175-copie-1024x683.jpg?resize=350%2C200 1x, https:\/\/i0.wp.com\/www.altimara.eu\/blog\/wp-content\/uploads\/2014\/10\/MAR3175-copie-1024x683.jpg?resize=525%2C300 1.5x"},"classes":[]},{"id":1573,"url":"https:\/\/www.altimara.eu\/blog\/2015\/12\/30\/les-petits-fours\/","url_meta":{"origin":3971,"position":3},"title":"Les petits fours","author":"Martiou","date":"30 d\u00e9cembre 2015","format":false,"excerpt":"A la veille de passer dans l'autre ann\u00e9e, nous sommes all\u00e9s d\u00e9couvrir le site des \"marmites\" du village de Les Cammazes (Tarn). Dans ces Montagnes Noires la for\u00eat est assez dense. Elle est bien sur fortement exploit\u00e9e et a beaucoup \u00e9t\u00e9 utilis\u00e9 pendant la derni\u00e8re guerre. Nous retrouvons l\u00e0 les\u2026","rel":"","context":"Dans &quot;Autre&quot;","block_context":{"text":"Autre","link":"https:\/\/www.altimara.eu\/blog\/category\/autre\/"},"img":{"alt_text":"_MAR8866","src":"https:\/\/i0.wp.com\/www.altimara.eu\/blog\/wp-content\/uploads\/2015\/12\/MAR8866-1024x683.jpg?resize=350%2C200","width":350,"height":200,"srcset":"https:\/\/i0.wp.com\/www.altimara.eu\/blog\/wp-content\/uploads\/2015\/12\/MAR8866-1024x683.jpg?resize=350%2C200 1x, https:\/\/i0.wp.com\/www.altimara.eu\/blog\/wp-content\/uploads\/2015\/12\/MAR8866-1024x683.jpg?resize=525%2C300 1.5x"},"classes":[]},{"id":1998,"url":"https:\/\/www.altimara.eu\/blog\/2016\/09\/06\/festa-del-bosc\/","url_meta":{"origin":3971,"position":4},"title":"Festa Del Bosc","author":"Martiou","date":"6 septembre 2016","format":false,"excerpt":"LA F\u00caTE DU BOIS Les 16, 17 et 18 septembre, je serai \u00e0 la f\u00eate de la foret organis\u00e9e par l'association \"La route du bois\". Ce sera un long week-end d'animations sur le th\u00e8me du bois. J'y serai, avec Martine, ma compagne vanni\u00e8re, pour une cuisson d'une petite meule. Il\u2026","rel":"","context":"Dans &quot;Charbon de bois&quot;","block_context":{"text":"Charbon de bois","link":"https:\/\/www.altimara.eu\/blog\/category\/charbon-de-bois-carbon-art\/"},"img":{"alt_text":"affiche ok imp","src":"https:\/\/i0.wp.com\/www.altimara.eu\/blog\/wp-content\/uploads\/2016\/09\/affiche-ok-imp.jpg?resize=350%2C200","width":350,"height":200},"classes":[]},{"id":4223,"url":"https:\/\/www.altimara.eu\/blog\/2023\/11\/17\/montagne-meule\/","url_meta":{"origin":3971,"position":5},"title":"Montagne meule","author":"Martiou","date":"17 novembre 2023","format":false,"excerpt":"Si j'\u00e9prouve des int\u00e9r\u00eats pour le volcanisme islandais, qui \u00e0 ce jour du 16 novembre 2023, est en pleine activit\u00e9, c'est lors d'une promenade en Auvergne que j'ai rencontr\u00e9 un volcan ami. J'ai \u00e9t\u00e9 saisi par la ressemblance forte de la structure des orgues basaltiques avec nos meules de charbonni\u00e8res.\u2026","rel":"","context":"Dans &quot;Non class\u00e9&quot;","block_context":{"text":"Non class\u00e9","link":"https:\/\/www.altimara.eu\/blog\/category\/non-classe\/"},"img":{"alt_text":"","src":"https:\/\/i0.wp.com\/www.altimara.eu\/blog\/wp-content\/uploads\/2024\/01\/4.png?resize=350%2C200&ssl=1","width":350,"height":200,"srcset":"https:\/\/i0.wp.com\/www.altimara.eu\/blog\/wp-content\/uploads\/2024\/01\/4.png?resize=350%2C200&ssl=1 1x, https:\/\/i0.wp.com\/www.altimara.eu\/blog\/wp-content\/uploads\/2024\/01\/4.png?resize=525%2C300&ssl=1 1.5x, https:\/\/i0.wp.com\/www.altimara.eu\/blog\/wp-content\/uploads\/2024\/01\/4.png?resize=700%2C400&ssl=1 2x"},"classes":[]}],"_links":{"self":[{"href":"https:\/\/www.altimara.eu\/blog\/wp-json\/wp\/v2\/posts\/3971","targetHints":{"allow":["GET"]}}],"collection":[{"href":"https:\/\/www.altimara.eu\/blog\/wp-json\/wp\/v2\/posts"}],"about":[{"href":"https:\/\/www.altimara.eu\/blog\/wp-json\/wp\/v2\/types\/post"}],"author":[{"embeddable":true,"href":"https:\/\/www.altimara.eu\/blog\/wp-json\/wp\/v2\/users\/3"}],"replies":[{"embeddable":true,"href":"https:\/\/www.altimara.eu\/blog\/wp-json\/wp\/v2\/comments?post=3971"}],"version-history":[{"count":0,"href":"https:\/\/www.altimara.eu\/blog\/wp-json\/wp\/v2\/posts\/3971\/revisions"}],"wp:attachment":[{"href":"https:\/\/www.altimara.eu\/blog\/wp-json\/wp\/v2\/media?parent=3971"}],"wp:term":[{"taxonomy":"category","embeddable":true,"href":"https:\/\/www.altimara.eu\/blog\/wp-json\/wp\/v2\/categories?post=3971"},{"taxonomy":"post_tag","embeddable":true,"href":"https:\/\/www.altimara.eu\/blog\/wp-json\/wp\/v2\/tags?post=3971"}],"curies":[{"name":"wp","href":"https:\/\/api.w.org\/{rel}","templated":true}]}}