{"id":3960,"date":"2022-09-07T22:10:01","date_gmt":"2022-09-07T21:10:01","guid":{"rendered":"https:\/\/www.altimara.eu\/blog\/?p=3960"},"modified":"2024-03-18T16:45:48","modified_gmt":"2024-03-18T15:45:48","slug":"aurora-bella","status":"publish","type":"post","link":"https:\/\/www.altimara.eu\/blog\/2022\/09\/07\/aurora-bella\/","title":{"rendered":"Aurora bella"},"content":{"rendered":"\n<p>J&rsquo;avais eu le bonheur de r\u00e9aliser une charbonni\u00e8re en Islande \u00e0 l&rsquo;hiver 2013\/14 (<a href=\"https:\/\/www.altimara.eu\/blog\/2013\/12\/28\/au-jour-le-jour\/\" target=\"_blank\" rel=\"noreferrer noopener\">https:\/\/www.altimara.eu\/blog\/2013\/12\/28\/au-jour-le-jour\/<\/a>). Des aurores bor\u00e9ales m&rsquo;accompagnaient parfois, grand plaisir des r\u00e9gions nordiques.<\/p>\n\n\n\n<p>Avec quelques personnes que j&rsquo;accompagnais ces derni\u00e8res semaines en terre de glace, nous avons eu droit au grand spectacle du ciel en fanfare. Nous \u00e9tions captiv\u00e9s&#8230;<\/p>\n\n\n\n<p>Cela a commenc\u00e9 par des apparitions \u00e0 l&rsquo;horizon.<\/p>\n\n\n<div class=\"wp-block-image\">\n<figure class=\"aligncenter size-large\"><img data-recalc-dims=\"1\" loading=\"lazy\" decoding=\"async\" width=\"627\" height=\"418\" data-attachment-id=\"3961\" data-permalink=\"https:\/\/www.altimara.eu\/blog\/2022\/09\/07\/aurora-bella\/mar0615\/\" data-orig-file=\"https:\/\/i0.wp.com\/www.altimara.eu\/blog\/wp-content\/uploads\/2022\/09\/MAR0615-scaled.jpg?fit=2560%2C1708&amp;ssl=1\" data-orig-size=\"2560,1708\" data-comments-opened=\"1\" data-image-meta=\"{&quot;aperture&quot;:&quot;0&quot;,&quot;credit&quot;:&quot;&quot;,&quot;camera&quot;:&quot;&quot;,&quot;caption&quot;:&quot;&quot;,&quot;created_timestamp&quot;:&quot;0&quot;,&quot;copyright&quot;:&quot;CC Commun Licence&quot;,&quot;focal_length&quot;:&quot;0&quot;,&quot;iso&quot;:&quot;0&quot;,&quot;shutter_speed&quot;:&quot;0&quot;,&quot;title&quot;:&quot;&quot;,&quot;orientation&quot;:&quot;0&quot;}\" data-image-title=\"MAR0615\" data-image-description=\"\" data-image-caption=\"\" data-large-file=\"https:\/\/i0.wp.com\/www.altimara.eu\/blog\/wp-content\/uploads\/2022\/09\/MAR0615-scaled.jpg?fit=627%2C418&amp;ssl=1\" src=\"https:\/\/i0.wp.com\/www.altimara.eu\/blog\/wp-content\/uploads\/2022\/09\/MAR0615.jpg?resize=627%2C418&#038;ssl=1\" alt=\"\" class=\"wp-image-3961\" srcset=\"https:\/\/i0.wp.com\/www.altimara.eu\/blog\/wp-content\/uploads\/2022\/09\/MAR0615-scaled.jpg?resize=1024%2C683&amp;ssl=1 1024w, https:\/\/i0.wp.com\/www.altimara.eu\/blog\/wp-content\/uploads\/2022\/09\/MAR0615-scaled.jpg?resize=300%2C200&amp;ssl=1 300w, https:\/\/i0.wp.com\/www.altimara.eu\/blog\/wp-content\/uploads\/2022\/09\/MAR0615-scaled.jpg?resize=768%2C513&amp;ssl=1 768w, https:\/\/i0.wp.com\/www.altimara.eu\/blog\/wp-content\/uploads\/2022\/09\/MAR0615-scaled.jpg?resize=1536%2C1025&amp;ssl=1 1536w, https:\/\/i0.wp.com\/www.altimara.eu\/blog\/wp-content\/uploads\/2022\/09\/MAR0615-scaled.jpg?resize=2048%2C1367&amp;ssl=1 2048w, https:\/\/i0.wp.com\/www.altimara.eu\/blog\/wp-content\/uploads\/2022\/09\/MAR0615-scaled.jpg?w=1254&amp;ssl=1 1254w, https:\/\/i0.wp.com\/www.altimara.eu\/blog\/wp-content\/uploads\/2022\/09\/MAR0615-scaled.jpg?w=1881&amp;ssl=1 1881w\" sizes=\"auto, (max-width: 627px) 100vw, 627px\" \/><\/figure>\n<\/div>\n\n\n<p>Puis l&rsquo;\u00e9ther s&rsquo;est embras\u00e9.<\/p>\n\n\n\n<figure class=\"wp-block-image size-large\"><img data-recalc-dims=\"1\" loading=\"lazy\" decoding=\"async\" width=\"627\" height=\"418\" data-attachment-id=\"3962\" data-permalink=\"https:\/\/www.altimara.eu\/blog\/2022\/09\/07\/aurora-bella\/mar0627\/\" data-orig-file=\"https:\/\/i0.wp.com\/www.altimara.eu\/blog\/wp-content\/uploads\/2022\/09\/MAR0627-scaled.jpg?fit=2560%2C1708&amp;ssl=1\" data-orig-size=\"2560,1708\" data-comments-opened=\"1\" data-image-meta=\"{&quot;aperture&quot;:&quot;0&quot;,&quot;credit&quot;:&quot;&quot;,&quot;camera&quot;:&quot;&quot;,&quot;caption&quot;:&quot;&quot;,&quot;created_timestamp&quot;:&quot;0&quot;,&quot;copyright&quot;:&quot;CC Commun Licence&quot;,&quot;focal_length&quot;:&quot;0&quot;,&quot;iso&quot;:&quot;0&quot;,&quot;shutter_speed&quot;:&quot;0&quot;,&quot;title&quot;:&quot;&quot;,&quot;orientation&quot;:&quot;0&quot;}\" data-image-title=\"MAR0627\" data-image-description=\"\" data-image-caption=\"\" data-large-file=\"https:\/\/i0.wp.com\/www.altimara.eu\/blog\/wp-content\/uploads\/2022\/09\/MAR0627-scaled.jpg?fit=627%2C418&amp;ssl=1\" src=\"https:\/\/i0.wp.com\/www.altimara.eu\/blog\/wp-content\/uploads\/2022\/09\/MAR0627.jpg?resize=627%2C418&#038;ssl=1\" alt=\"\" class=\"wp-image-3962\" srcset=\"https:\/\/i0.wp.com\/www.altimara.eu\/blog\/wp-content\/uploads\/2022\/09\/MAR0627-scaled.jpg?resize=1024%2C683&amp;ssl=1 1024w, https:\/\/i0.wp.com\/www.altimara.eu\/blog\/wp-content\/uploads\/2022\/09\/MAR0627-scaled.jpg?resize=300%2C200&amp;ssl=1 300w, https:\/\/i0.wp.com\/www.altimara.eu\/blog\/wp-content\/uploads\/2022\/09\/MAR0627-scaled.jpg?resize=768%2C513&amp;ssl=1 768w, https:\/\/i0.wp.com\/www.altimara.eu\/blog\/wp-content\/uploads\/2022\/09\/MAR0627-scaled.jpg?resize=1536%2C1025&amp;ssl=1 1536w, https:\/\/i0.wp.com\/www.altimara.eu\/blog\/wp-content\/uploads\/2022\/09\/MAR0627-scaled.jpg?resize=2048%2C1367&amp;ssl=1 2048w, https:\/\/i0.wp.com\/www.altimara.eu\/blog\/wp-content\/uploads\/2022\/09\/MAR0627-scaled.jpg?w=1254&amp;ssl=1 1254w, https:\/\/i0.wp.com\/www.altimara.eu\/blog\/wp-content\/uploads\/2022\/09\/MAR0627-scaled.jpg?w=1881&amp;ssl=1 1881w\" sizes=\"auto, (max-width: 627px) 100vw, 627px\" \/><\/figure>\n\n\n\n<figure class=\"wp-block-image size-large\"><img data-recalc-dims=\"1\" loading=\"lazy\" decoding=\"async\" width=\"627\" height=\"418\" data-attachment-id=\"3963\" data-permalink=\"https:\/\/www.altimara.eu\/blog\/2022\/09\/07\/aurora-bella\/mar0633\/\" data-orig-file=\"https:\/\/i0.wp.com\/www.altimara.eu\/blog\/wp-content\/uploads\/2022\/09\/MAR0633-scaled.jpg?fit=2560%2C1708&amp;ssl=1\" data-orig-size=\"2560,1708\" data-comments-opened=\"1\" data-image-meta=\"{&quot;aperture&quot;:&quot;0&quot;,&quot;credit&quot;:&quot;&quot;,&quot;camera&quot;:&quot;&quot;,&quot;caption&quot;:&quot;&quot;,&quot;created_timestamp&quot;:&quot;0&quot;,&quot;copyright&quot;:&quot;CC Commun Licence&quot;,&quot;focal_length&quot;:&quot;0&quot;,&quot;iso&quot;:&quot;0&quot;,&quot;shutter_speed&quot;:&quot;0&quot;,&quot;title&quot;:&quot;&quot;,&quot;orientation&quot;:&quot;0&quot;}\" data-image-title=\"MAR0633\" data-image-description=\"\" data-image-caption=\"\" data-large-file=\"https:\/\/i0.wp.com\/www.altimara.eu\/blog\/wp-content\/uploads\/2022\/09\/MAR0633-scaled.jpg?fit=627%2C418&amp;ssl=1\" src=\"https:\/\/i0.wp.com\/www.altimara.eu\/blog\/wp-content\/uploads\/2022\/09\/MAR0633.jpg?resize=627%2C418&#038;ssl=1\" alt=\"\" class=\"wp-image-3963\" srcset=\"https:\/\/i0.wp.com\/www.altimara.eu\/blog\/wp-content\/uploads\/2022\/09\/MAR0633-scaled.jpg?resize=1024%2C683&amp;ssl=1 1024w, https:\/\/i0.wp.com\/www.altimara.eu\/blog\/wp-content\/uploads\/2022\/09\/MAR0633-scaled.jpg?resize=300%2C200&amp;ssl=1 300w, https:\/\/i0.wp.com\/www.altimara.eu\/blog\/wp-content\/uploads\/2022\/09\/MAR0633-scaled.jpg?resize=768%2C513&amp;ssl=1 768w, https:\/\/i0.wp.com\/www.altimara.eu\/blog\/wp-content\/uploads\/2022\/09\/MAR0633-scaled.jpg?resize=1536%2C1025&amp;ssl=1 1536w, https:\/\/i0.wp.com\/www.altimara.eu\/blog\/wp-content\/uploads\/2022\/09\/MAR0633-scaled.jpg?resize=2048%2C1367&amp;ssl=1 2048w, https:\/\/i0.wp.com\/www.altimara.eu\/blog\/wp-content\/uploads\/2022\/09\/MAR0633-scaled.jpg?w=1254&amp;ssl=1 1254w, https:\/\/i0.wp.com\/www.altimara.eu\/blog\/wp-content\/uploads\/2022\/09\/MAR0633-scaled.jpg?w=1881&amp;ssl=1 1881w\" sizes=\"auto, (max-width: 627px) 100vw, 627px\" \/><\/figure>\n\n\n<div class=\"wp-block-image\">\n<figure class=\"aligncenter size-large\"><img data-recalc-dims=\"1\" loading=\"lazy\" decoding=\"async\" width=\"627\" height=\"940\" data-attachment-id=\"3964\" data-permalink=\"https:\/\/www.altimara.eu\/blog\/2022\/09\/07\/aurora-bella\/mar0647\/\" data-orig-file=\"https:\/\/i0.wp.com\/www.altimara.eu\/blog\/wp-content\/uploads\/2022\/09\/MAR0647-scaled.jpg?fit=1708%2C2560&amp;ssl=1\" data-orig-size=\"1708,2560\" data-comments-opened=\"1\" data-image-meta=\"{&quot;aperture&quot;:&quot;0&quot;,&quot;credit&quot;:&quot;&quot;,&quot;camera&quot;:&quot;&quot;,&quot;caption&quot;:&quot;&quot;,&quot;created_timestamp&quot;:&quot;0&quot;,&quot;copyright&quot;:&quot;CC Commun Licence&quot;,&quot;focal_length&quot;:&quot;0&quot;,&quot;iso&quot;:&quot;0&quot;,&quot;shutter_speed&quot;:&quot;0&quot;,&quot;title&quot;:&quot;&quot;,&quot;orientation&quot;:&quot;0&quot;}\" data-image-title=\"MAR0647\" data-image-description=\"\" data-image-caption=\"\" data-large-file=\"https:\/\/i0.wp.com\/www.altimara.eu\/blog\/wp-content\/uploads\/2022\/09\/MAR0647-scaled.jpg?fit=627%2C940&amp;ssl=1\" src=\"https:\/\/i0.wp.com\/www.altimara.eu\/blog\/wp-content\/uploads\/2022\/09\/MAR0647.jpg?resize=627%2C940&#038;ssl=1\" alt=\"\" class=\"wp-image-3964\" srcset=\"https:\/\/i0.wp.com\/www.altimara.eu\/blog\/wp-content\/uploads\/2022\/09\/MAR0647-scaled.jpg?resize=683%2C1024&amp;ssl=1 683w, https:\/\/i0.wp.com\/www.altimara.eu\/blog\/wp-content\/uploads\/2022\/09\/MAR0647-scaled.jpg?resize=200%2C300&amp;ssl=1 200w, https:\/\/i0.wp.com\/www.altimara.eu\/blog\/wp-content\/uploads\/2022\/09\/MAR0647-scaled.jpg?resize=768%2C1151&amp;ssl=1 768w, https:\/\/i0.wp.com\/www.altimara.eu\/blog\/wp-content\/uploads\/2022\/09\/MAR0647-scaled.jpg?resize=1025%2C1536&amp;ssl=1 1025w, https:\/\/i0.wp.com\/www.altimara.eu\/blog\/wp-content\/uploads\/2022\/09\/MAR0647-scaled.jpg?resize=1367%2C2048&amp;ssl=1 1367w, https:\/\/i0.wp.com\/www.altimara.eu\/blog\/wp-content\/uploads\/2022\/09\/MAR0647-scaled.jpg?w=1708&amp;ssl=1 1708w, https:\/\/i0.wp.com\/www.altimara.eu\/blog\/wp-content\/uploads\/2022\/09\/MAR0647-scaled.jpg?w=1254&amp;ssl=1 1254w\" sizes=\"auto, (max-width: 627px) 100vw, 627px\" \/><\/figure>\n<\/div>","protected":false},"excerpt":{"rendered":"<p>J&rsquo;avais eu le bonheur de r\u00e9aliser une charbonni\u00e8re en Islande \u00e0 l&rsquo;hiver 2013\/14 (https:\/\/www.altimara.eu\/blog\/2013\/12\/28\/au-jour-le-jour\/). Des aurores bor\u00e9ales m&rsquo;accompagnaient parfois, grand plaisir des r\u00e9gions nordiques. Avec quelques personnes que j&rsquo;accompagnais ces derni\u00e8res semaines en terre de glace, nous avons eu droit au grand spectacle du ciel en fanfare. Nous \u00e9tions captiv\u00e9s&#8230; Cela a commenc\u00e9 par des [&hellip;]<\/p>\n","protected":false},"author":3,"featured_media":0,"comment_status":"open","ping_status":"open","sticky":false,"template":"","format":"standard","meta":{"ngg_post_thumbnail":0,"jetpack_post_was_ever_published":false,"_jetpack_newsletter_access":"","_jetpack_dont_email_post_to_subs":false,"_jetpack_newsletter_tier_id":0,"_jetpack_memberships_contains_paywalled_content":false,"_jetpack_memberships_contains_paid_content":false,"footnotes":"","jetpack_publicize_message":"","jetpack_publicize_feature_enabled":true,"jetpack_social_post_already_shared":true,"jetpack_social_options":{"image_generator_settings":{"template":"highway","default_image_id":0,"font":"","enabled":false},"version":2}},"categories":[5],"tags":[198,33],"class_list":["post-3960","post","type-post","status-publish","format-standard","hentry","category-autre","tag-aurore","tag-islande"],"jetpack_publicize_connections":[],"jetpack_featured_media_url":"","jetpack_shortlink":"https:\/\/wp.me\/p4r91c-11S","jetpack_sharing_enabled":true,"jetpack-related-posts":[{"id":3431,"url":"https:\/\/www.altimara.eu\/blog\/2020\/08\/30\/noir-allume\/","url_meta":{"origin":3960,"position":0},"title":"Noir allum\u00e9","author":"Martiou","date":"30 ao\u00fbt 2020","format":false,"excerpt":"Dernier beau cadeau de la Nature avant le retour en France, une magnifique aurore bor\u00e9ale ! Et l'\u00e9ternel mais \u00e9ph\u00e9m\u00e8re Bifr\u00f6st, compagnon des temps humides, avec les bois des mers australes. Steingr\u00edmsfj\u00f6r\u00f0ur","rel":"","context":"Dans &quot;Autre&quot;","block_context":{"text":"Autre","link":"https:\/\/www.altimara.eu\/blog\/category\/autre\/"},"img":{"alt_text":"","src":"https:\/\/i0.wp.com\/www.altimara.eu\/blog\/wp-content\/uploads\/2020\/08\/MAR4023.jpg?resize=350%2C200&ssl=1","width":350,"height":200,"srcset":"https:\/\/i0.wp.com\/www.altimara.eu\/blog\/wp-content\/uploads\/2020\/08\/MAR4023.jpg?resize=350%2C200&ssl=1 1x, https:\/\/i0.wp.com\/www.altimara.eu\/blog\/wp-content\/uploads\/2020\/08\/MAR4023.jpg?resize=525%2C300&ssl=1 1.5x, https:\/\/i0.wp.com\/www.altimara.eu\/blog\/wp-content\/uploads\/2020\/08\/MAR4023.jpg?resize=700%2C400&ssl=1 2x"},"classes":[]},{"id":42,"url":"https:\/\/www.altimara.eu\/blog\/2013\/12\/18\/carbonisations-boreales\/","url_meta":{"origin":3960,"position":1},"title":"Carbonisations bor\u00e9ales","author":"Martiou","date":"18 d\u00e9cembre 2013","format":false,"excerpt":"Carboniser dans un pays sans arbres (ou presque), dans la neige et sous les aurores bor\u00e9ales, me voil\u00e0 parti dans un r\u00eave lointain. Demain j'arrive tout au bout de la presqu'\u00eele de Reykjanes pour participer avec 50 artistes au festival \"Fresh-winds in Gar\u00f0ur\". Je vais r\u00e9aliser plusieurs cuissons de charbonni\u00e8res\u2026","rel":"","context":"Dans &quot;Charbon de bois&quot;","block_context":{"text":"Charbon de bois","link":"https:\/\/www.altimara.eu\/blog\/category\/charbon-de-bois-carbon-art\/"},"img":{"alt_text":"_MAC1433","src":"https:\/\/i0.wp.com\/www.altimara.eu\/blog\/wp-content\/uploads\/2013\/12\/mac1433.jpg?resize=350%2C200","width":350,"height":200,"srcset":"https:\/\/i0.wp.com\/www.altimara.eu\/blog\/wp-content\/uploads\/2013\/12\/mac1433.jpg?resize=350%2C200 1x, https:\/\/i0.wp.com\/www.altimara.eu\/blog\/wp-content\/uploads\/2013\/12\/mac1433.jpg?resize=525%2C300 1.5x, https:\/\/i0.wp.com\/www.altimara.eu\/blog\/wp-content\/uploads\/2013\/12\/mac1433.jpg?resize=700%2C400 2x"},"classes":[]},{"id":2623,"url":"https:\/\/www.altimara.eu\/blog\/2018\/02\/05\/lupin-islande\/","url_meta":{"origin":3960,"position":2},"title":"Lupin Islande","author":"Martiou","date":"5 f\u00e9vrier 2018","format":false,"excerpt":"Un petit s\u00e9jour en Islande, les aurores bor\u00e9ales sont plus que rares, faut dire que le ciel ne s'y pr\u00eate pas. Neige, temp\u00eate, pluie verglac\u00e9e, l'azur est plut\u00f4t sombre. J'en profite pour rester au chaud dans l'atelier est transformer le petit baril du four \u00e0 carboniser. J'ai apport\u00e9 des tuyaux\u2026","rel":"","context":"Dans &quot;Charbon v\u00e9g\u00e9tal&quot;","block_context":{"text":"Charbon v\u00e9g\u00e9tal","link":"https:\/\/www.altimara.eu\/blog\/category\/charbon-vegetal\/"},"img":{"alt_text":"","src":"https:\/\/i0.wp.com\/www.altimara.eu\/blog\/wp-content\/uploads\/2018\/02\/IMG_20180204_183037215-300x169.jpg?resize=350%2C200","width":350,"height":200},"classes":[]},{"id":4482,"url":"https:\/\/www.altimara.eu\/blog\/2024\/09\/08\/lupin-is-6-le-resultat\/","url_meta":{"origin":3960,"position":3},"title":"Lupin.is-6, le r\u00e9sultat.","author":"Martiou","date":"8 septembre 2024","format":false,"excerpt":"Projet Ekokolakaka Le volcan Sundhn\u00fakag\u00edgar nous accompagne en cr\u00e9ant un \u00e9pais voile qui enveloppe toute la c\u00f4te sud. Parfois le brouillard se d\u00e9chire et laisse passer des rayons de lumi\u00e8re dans l'atmosph\u00e8re bleue de la fum\u00e9e volcanique. Fum\u00e9e bleue comme celle des charbonni\u00e8res, \u00e9trange ! La qualit\u00e9 de la chemin\u00e9e\u2026","rel":"","context":"Dans &quot;biochar&quot;","block_context":{"text":"biochar","link":"https:\/\/www.altimara.eu\/blog\/category\/charbon-vegetal\/biochar\/"},"img":{"alt_text":"","src":"https:\/\/i0.wp.com\/www.altimara.eu\/blog\/wp-content\/uploads\/2024\/09\/MA5_4922-scaled.jpg?resize=350%2C200&ssl=1","width":350,"height":200,"srcset":"https:\/\/i0.wp.com\/www.altimara.eu\/blog\/wp-content\/uploads\/2024\/09\/MA5_4922-scaled.jpg?resize=350%2C200&ssl=1 1x, https:\/\/i0.wp.com\/www.altimara.eu\/blog\/wp-content\/uploads\/2024\/09\/MA5_4922-scaled.jpg?resize=525%2C300&ssl=1 1.5x, https:\/\/i0.wp.com\/www.altimara.eu\/blog\/wp-content\/uploads\/2024\/09\/MA5_4922-scaled.jpg?resize=700%2C400&ssl=1 2x, https:\/\/i0.wp.com\/www.altimara.eu\/blog\/wp-content\/uploads\/2024\/09\/MA5_4922-scaled.jpg?resize=1050%2C600&ssl=1 3x, https:\/\/i0.wp.com\/www.altimara.eu\/blog\/wp-content\/uploads\/2024\/09\/MA5_4922-scaled.jpg?resize=1400%2C800&ssl=1 4x"},"classes":[]},{"id":205,"url":"https:\/\/www.altimara.eu\/blog\/2013\/12\/28\/au-jour-le-jour\/","url_meta":{"origin":3960,"position":4},"title":"Ma charbonni\u00e8re en Islande","author":"Martiou","date":"28 d\u00e9cembre 2013","format":"gallery","excerpt":"30 janvier. La \"galerie photo\" est finie. Suivre le lien indiqu\u00e9 dans \"galerie photo\". Cool! Ce weekend premi\u00e8re r\u00e9union de l\"\u00e9quipe technique pour le spectacle des t\u00eates carbonis\u00e9es\u2026a suivre J'ai refait \u00a0les photos de la galerie de carbon-art, meilleure qualit\u00e9 et qqles nouveaut\u00e9s. Mon blog continu pour deux \u00e9v\u00e9nements. Le\u2026","rel":"","context":"Dans &quot;Charbon de bois&quot;","block_context":{"text":"Charbon de bois","link":"https:\/\/www.altimara.eu\/blog\/category\/charbon-de-bois-carbon-art\/"},"img":{"alt_text":"detail","src":"https:\/\/i0.wp.com\/www.altimara.eu\/blog\/wp-content\/uploads\/2014\/01\/detail.jpg?resize=350%2C200","width":350,"height":200},"classes":[]},{"id":4659,"url":"https:\/\/www.altimara.eu\/blog\/2025\/09\/28\/cambous-suite-1\/","url_meta":{"origin":3960,"position":5},"title":"Cambous suite 1","author":"Martiou","date":"28 septembre 2025","format":false,"excerpt":"Montage de la meule, le tas de bois avec sa couverture de terre. Les Padawans toujours aussi efficaces dans le plant\u00e9 du baton. La disposition en rond a \u00e9t\u00e9 parfaite pour la manipulation des buches. Le r\u00e9sultat parle de lui m\u00eame. Il y a un ma\u00eetre charbonnier qui traine sur\u2026","rel":"","context":"Dans &quot;0- MES CHARBONNI\u00c8RES&quot;","block_context":{"text":"0- MES CHARBONNI\u00c8RES","link":"https:\/\/www.altimara.eu\/blog\/category\/mes-charbonnieres\/"},"img":{"alt_text":"","src":"https:\/\/i0.wp.com\/www.altimara.eu\/blog\/wp-content\/uploads\/2025\/09\/P1070054.jpg?resize=350%2C200&ssl=1","width":350,"height":200,"srcset":"https:\/\/i0.wp.com\/www.altimara.eu\/blog\/wp-content\/uploads\/2025\/09\/P1070054.jpg?resize=350%2C200&ssl=1 1x, https:\/\/i0.wp.com\/www.altimara.eu\/blog\/wp-content\/uploads\/2025\/09\/P1070054.jpg?resize=525%2C300&ssl=1 1.5x, https:\/\/i0.wp.com\/www.altimara.eu\/blog\/wp-content\/uploads\/2025\/09\/P1070054.jpg?resize=700%2C400&ssl=1 2x, https:\/\/i0.wp.com\/www.altimara.eu\/blog\/wp-content\/uploads\/2025\/09\/P1070054.jpg?resize=1050%2C600&ssl=1 3x"},"classes":[]}],"_links":{"self":[{"href":"https:\/\/www.altimara.eu\/blog\/wp-json\/wp\/v2\/posts\/3960","targetHints":{"allow":["GET"]}}],"collection":[{"href":"https:\/\/www.altimara.eu\/blog\/wp-json\/wp\/v2\/posts"}],"about":[{"href":"https:\/\/www.altimara.eu\/blog\/wp-json\/wp\/v2\/types\/post"}],"author":[{"embeddable":true,"href":"https:\/\/www.altimara.eu\/blog\/wp-json\/wp\/v2\/users\/3"}],"replies":[{"embeddable":true,"href":"https:\/\/www.altimara.eu\/blog\/wp-json\/wp\/v2\/comments?post=3960"}],"version-history":[{"count":0,"href":"https:\/\/www.altimara.eu\/blog\/wp-json\/wp\/v2\/posts\/3960\/revisions"}],"wp:attachment":[{"href":"https:\/\/www.altimara.eu\/blog\/wp-json\/wp\/v2\/media?parent=3960"}],"wp:term":[{"taxonomy":"category","embeddable":true,"href":"https:\/\/www.altimara.eu\/blog\/wp-json\/wp\/v2\/categories?post=3960"},{"taxonomy":"post_tag","embeddable":true,"href":"https:\/\/www.altimara.eu\/blog\/wp-json\/wp\/v2\/tags?post=3960"}],"curies":[{"name":"wp","href":"https:\/\/api.w.org\/{rel}","templated":true}]}}