{"id":3915,"date":"2022-07-17T16:18:36","date_gmt":"2022-07-17T15:18:36","guid":{"rendered":"https:\/\/www.altimara.eu\/blog\/?p=3915"},"modified":"2022-07-17T16:18:36","modified_gmt":"2022-07-17T15:18:36","slug":"charbonniere-chez-jean-3","status":"publish","type":"post","link":"https:\/\/www.altimara.eu\/blog\/2022\/07\/17\/charbonniere-chez-jean-3\/","title":{"rendered":"Charbonni\u00e8re chez Jean-3"},"content":{"rendered":"\n<p>Jean a r\u00e9cup\u00e9r\u00e9 un four m\u00e9tallique qui vient du jardin ethnobotanique de Rousson dans le Gard. Cette structure ressemble \u00e0 celle des fours utilis\u00e9s pendant la seconde guerre mondiale. Il faut quatre chemin\u00e9es de part et d&rsquo;autre. Le remplissage est par viroles (caissons) successives, trois dans ce cas. Ensuite on pose le couvercle et par le trou central, c&rsquo;est comme pour la meule, on allume le bois \u00e0 l&rsquo;int\u00e9rieur.<\/p>\n\n\n<div class=\"wp-block-image\">\n<figure class=\"aligncenter size-large is-resized\"><img data-recalc-dims=\"1\" loading=\"lazy\" decoding=\"async\" data-attachment-id=\"3916\" data-permalink=\"https:\/\/www.altimara.eu\/blog\/2022\/07\/17\/charbonniere-chez-jean-3\/mar9321\/\" data-orig-file=\"https:\/\/i0.wp.com\/www.altimara.eu\/blog\/wp-content\/uploads\/2022\/07\/MAR9321.jpg?fit=2400%2C1602&amp;ssl=1\" data-orig-size=\"2400,1602\" data-comments-opened=\"1\" data-image-meta=\"{&quot;aperture&quot;:&quot;11&quot;,&quot;credit&quot;:&quot;Martial Acquarone&quot;,&quot;camera&quot;:&quot;NIKON D800&quot;,&quot;caption&quot;:&quot;&quot;,&quot;created_timestamp&quot;:&quot;1652969398&quot;,&quot;copyright&quot;:&quot;CC BY-SA 4.0&quot;,&quot;focal_length&quot;:&quot;210&quot;,&quot;iso&quot;:&quot;500&quot;,&quot;shutter_speed&quot;:&quot;0.004&quot;,&quot;title&quot;:&quot;&quot;,&quot;orientation&quot;:&quot;0&quot;}\" data-image-title=\"MAR9321\" data-image-description=\"\" data-image-caption=\"\" data-large-file=\"https:\/\/i0.wp.com\/www.altimara.eu\/blog\/wp-content\/uploads\/2022\/07\/MAR9321.jpg?fit=627%2C419&amp;ssl=1\" src=\"https:\/\/i0.wp.com\/www.altimara.eu\/blog\/wp-content\/uploads\/2022\/07\/MAR9321.jpg?resize=627%2C419&#038;ssl=1\" alt=\"\" class=\"wp-image-3916\" width=\"627\" height=\"419\" srcset=\"https:\/\/i0.wp.com\/www.altimara.eu\/blog\/wp-content\/uploads\/2022\/07\/MAR9321.jpg?resize=1024%2C684&amp;ssl=1 1024w, https:\/\/i0.wp.com\/www.altimara.eu\/blog\/wp-content\/uploads\/2022\/07\/MAR9321.jpg?resize=300%2C200&amp;ssl=1 300w, https:\/\/i0.wp.com\/www.altimara.eu\/blog\/wp-content\/uploads\/2022\/07\/MAR9321.jpg?resize=768%2C513&amp;ssl=1 768w, https:\/\/i0.wp.com\/www.altimara.eu\/blog\/wp-content\/uploads\/2022\/07\/MAR9321.jpg?resize=1536%2C1025&amp;ssl=1 1536w, https:\/\/i0.wp.com\/www.altimara.eu\/blog\/wp-content\/uploads\/2022\/07\/MAR9321.jpg?resize=2048%2C1367&amp;ssl=1 2048w, https:\/\/i0.wp.com\/www.altimara.eu\/blog\/wp-content\/uploads\/2022\/07\/MAR9321.jpg?w=1254&amp;ssl=1 1254w, https:\/\/i0.wp.com\/www.altimara.eu\/blog\/wp-content\/uploads\/2022\/07\/MAR9321.jpg?w=1881&amp;ssl=1 1881w\" sizes=\"auto, (max-width: 627px) 100vw, 627px\" \/><\/figure>\n<\/div>\n\n\n<p>Le remplissage demande un peu de savoir pour bien disposer les bois sans laisser trop de trous. Martine est devenue une experte en la mati\u00e8re.<\/p>\n\n\n<div class=\"wp-block-image\">\n<figure class=\"aligncenter size-large is-resized\"><img data-recalc-dims=\"1\" loading=\"lazy\" decoding=\"async\" data-attachment-id=\"3917\" data-permalink=\"https:\/\/www.altimara.eu\/blog\/2022\/07\/17\/charbonniere-chez-jean-3\/mar9239\/\" data-orig-file=\"https:\/\/i0.wp.com\/www.altimara.eu\/blog\/wp-content\/uploads\/2022\/07\/MAR9239.jpg?fit=2400%2C1602&amp;ssl=1\" data-orig-size=\"2400,1602\" data-comments-opened=\"1\" data-image-meta=\"{&quot;aperture&quot;:&quot;13&quot;,&quot;credit&quot;:&quot;Martial Acquarone&quot;,&quot;camera&quot;:&quot;NIKON D800&quot;,&quot;caption&quot;:&quot;&quot;,&quot;created_timestamp&quot;:&quot;1652863367&quot;,&quot;copyright&quot;:&quot;CC BY-SA 4.0&quot;,&quot;focal_length&quot;:&quot;31&quot;,&quot;iso&quot;:&quot;500&quot;,&quot;shutter_speed&quot;:&quot;0.0025&quot;,&quot;title&quot;:&quot;&quot;,&quot;orientation&quot;:&quot;0&quot;}\" data-image-title=\"MAR9239\" data-image-description=\"\" data-image-caption=\"\" data-large-file=\"https:\/\/i0.wp.com\/www.altimara.eu\/blog\/wp-content\/uploads\/2022\/07\/MAR9239.jpg?fit=627%2C419&amp;ssl=1\" src=\"https:\/\/i0.wp.com\/www.altimara.eu\/blog\/wp-content\/uploads\/2022\/07\/MAR9239.jpg?resize=627%2C419&#038;ssl=1\" alt=\"\" class=\"wp-image-3917\" width=\"627\" height=\"419\" srcset=\"https:\/\/i0.wp.com\/www.altimara.eu\/blog\/wp-content\/uploads\/2022\/07\/MAR9239.jpg?resize=1024%2C684&amp;ssl=1 1024w, https:\/\/i0.wp.com\/www.altimara.eu\/blog\/wp-content\/uploads\/2022\/07\/MAR9239.jpg?resize=300%2C200&amp;ssl=1 300w, https:\/\/i0.wp.com\/www.altimara.eu\/blog\/wp-content\/uploads\/2022\/07\/MAR9239.jpg?resize=768%2C513&amp;ssl=1 768w, https:\/\/i0.wp.com\/www.altimara.eu\/blog\/wp-content\/uploads\/2022\/07\/MAR9239.jpg?resize=1536%2C1025&amp;ssl=1 1536w, https:\/\/i0.wp.com\/www.altimara.eu\/blog\/wp-content\/uploads\/2022\/07\/MAR9239.jpg?resize=2048%2C1367&amp;ssl=1 2048w, https:\/\/i0.wp.com\/www.altimara.eu\/blog\/wp-content\/uploads\/2022\/07\/MAR9239.jpg?w=1254&amp;ssl=1 1254w, https:\/\/i0.wp.com\/www.altimara.eu\/blog\/wp-content\/uploads\/2022\/07\/MAR9239.jpg?w=1881&amp;ssl=1 1881w\" sizes=\"auto, (max-width: 627px) 100vw, 627px\" \/><\/figure>\n<\/div>\n\n\n<p>Au final il faut luter les joints de s\u00e9paration des viroles, avec de l&rsquo;argile ou de la terre.<\/p>\n\n\n\n<p>Avec ce mod\u00e8le il y a une s\u00e9rie d&rsquo;ouvertures dont a pas bien saisi l&rsquo;utilit\u00e9 ??<\/p>\n\n\n\n<p>Les chemin\u00e9es sortent par le bas et permettent une sortie invers\u00e9e de la fum\u00e9e ce qui procure une meilleure carbonisation.<\/p>\n\n\n<div class=\"wp-block-image\">\n<figure class=\"aligncenter size-large is-resized\"><img data-recalc-dims=\"1\" loading=\"lazy\" decoding=\"async\" data-attachment-id=\"3918\" data-permalink=\"https:\/\/www.altimara.eu\/blog\/2022\/07\/17\/charbonniere-chez-jean-3\/mar9310\/\" data-orig-file=\"https:\/\/i0.wp.com\/www.altimara.eu\/blog\/wp-content\/uploads\/2022\/07\/MAR9310.jpg?fit=2400%2C1602&amp;ssl=1\" data-orig-size=\"2400,1602\" data-comments-opened=\"1\" data-image-meta=\"{&quot;aperture&quot;:&quot;14&quot;,&quot;credit&quot;:&quot;Martial Acquarone&quot;,&quot;camera&quot;:&quot;NIKON D800&quot;,&quot;caption&quot;:&quot;&quot;,&quot;created_timestamp&quot;:&quot;1652899358&quot;,&quot;copyright&quot;:&quot;CC BY-SA 4.0&quot;,&quot;focal_length&quot;:&quot;42&quot;,&quot;iso&quot;:&quot;500&quot;,&quot;shutter_speed&quot;:&quot;0.005&quot;,&quot;title&quot;:&quot;&quot;,&quot;orientation&quot;:&quot;0&quot;}\" data-image-title=\"MAR9310\" data-image-description=\"\" data-image-caption=\"&lt;p&gt;Four m\u00e9tallique avec Jean&lt;\/p&gt;\n\" data-large-file=\"https:\/\/i0.wp.com\/www.altimara.eu\/blog\/wp-content\/uploads\/2022\/07\/MAR9310.jpg?fit=627%2C419&amp;ssl=1\" src=\"https:\/\/i0.wp.com\/www.altimara.eu\/blog\/wp-content\/uploads\/2022\/07\/MAR9310.jpg?resize=627%2C419&#038;ssl=1\" alt=\"\" class=\"wp-image-3918\" width=\"627\" height=\"419\" srcset=\"https:\/\/i0.wp.com\/www.altimara.eu\/blog\/wp-content\/uploads\/2022\/07\/MAR9310.jpg?resize=1024%2C684&amp;ssl=1 1024w, https:\/\/i0.wp.com\/www.altimara.eu\/blog\/wp-content\/uploads\/2022\/07\/MAR9310.jpg?resize=300%2C200&amp;ssl=1 300w, https:\/\/i0.wp.com\/www.altimara.eu\/blog\/wp-content\/uploads\/2022\/07\/MAR9310.jpg?resize=768%2C513&amp;ssl=1 768w, https:\/\/i0.wp.com\/www.altimara.eu\/blog\/wp-content\/uploads\/2022\/07\/MAR9310.jpg?resize=1536%2C1025&amp;ssl=1 1536w, https:\/\/i0.wp.com\/www.altimara.eu\/blog\/wp-content\/uploads\/2022\/07\/MAR9310.jpg?resize=2048%2C1367&amp;ssl=1 2048w, https:\/\/i0.wp.com\/www.altimara.eu\/blog\/wp-content\/uploads\/2022\/07\/MAR9310.jpg?w=1254&amp;ssl=1 1254w, https:\/\/i0.wp.com\/www.altimara.eu\/blog\/wp-content\/uploads\/2022\/07\/MAR9310.jpg?w=1881&amp;ssl=1 1881w\" sizes=\"auto, (max-width: 627px) 100vw, 627px\" \/><\/figure>\n<\/div>\n\n\n<p>R\u00e9sultat satisfaisant en un peu plus de 24 h de cuisson.<\/p>\n\n\n\n<p>Reste \u00e0 tester le charbon de bois !<\/p>\n\n\n<div class=\"wp-block-image\">\n<figure class=\"aligncenter size-large is-resized\"><img data-recalc-dims=\"1\" loading=\"lazy\" decoding=\"async\" data-attachment-id=\"3919\" data-permalink=\"https:\/\/www.altimara.eu\/blog\/2022\/07\/17\/charbonniere-chez-jean-3\/mar9246\/\" data-orig-file=\"https:\/\/i0.wp.com\/www.altimara.eu\/blog\/wp-content\/uploads\/2022\/07\/MAR9246.jpg?fit=2400%2C1602&amp;ssl=1\" data-orig-size=\"2400,1602\" data-comments-opened=\"1\" data-image-meta=\"{&quot;aperture&quot;:&quot;13&quot;,&quot;credit&quot;:&quot;Martial Acquarone&quot;,&quot;camera&quot;:&quot;NIKON D800&quot;,&quot;caption&quot;:&quot;&quot;,&quot;created_timestamp&quot;:&quot;1652865204&quot;,&quot;copyright&quot;:&quot;CC BY-SA 4.0&quot;,&quot;focal_length&quot;:&quot;24&quot;,&quot;iso&quot;:&quot;500&quot;,&quot;shutter_speed&quot;:&quot;0.002&quot;,&quot;title&quot;:&quot;&quot;,&quot;orientation&quot;:&quot;0&quot;}\" data-image-title=\"MAR9246\" data-image-description=\"\" data-image-caption=\"\" data-large-file=\"https:\/\/i0.wp.com\/www.altimara.eu\/blog\/wp-content\/uploads\/2022\/07\/MAR9246.jpg?fit=627%2C419&amp;ssl=1\" src=\"https:\/\/i0.wp.com\/www.altimara.eu\/blog\/wp-content\/uploads\/2022\/07\/MAR9246.jpg?resize=627%2C419&#038;ssl=1\" alt=\"\" class=\"wp-image-3919\" width=\"627\" height=\"419\" srcset=\"https:\/\/i0.wp.com\/www.altimara.eu\/blog\/wp-content\/uploads\/2022\/07\/MAR9246.jpg?resize=1024%2C684&amp;ssl=1 1024w, https:\/\/i0.wp.com\/www.altimara.eu\/blog\/wp-content\/uploads\/2022\/07\/MAR9246.jpg?resize=300%2C200&amp;ssl=1 300w, https:\/\/i0.wp.com\/www.altimara.eu\/blog\/wp-content\/uploads\/2022\/07\/MAR9246.jpg?resize=768%2C513&amp;ssl=1 768w, https:\/\/i0.wp.com\/www.altimara.eu\/blog\/wp-content\/uploads\/2022\/07\/MAR9246.jpg?resize=1536%2C1025&amp;ssl=1 1536w, https:\/\/i0.wp.com\/www.altimara.eu\/blog\/wp-content\/uploads\/2022\/07\/MAR9246.jpg?resize=2048%2C1367&amp;ssl=1 2048w, https:\/\/i0.wp.com\/www.altimara.eu\/blog\/wp-content\/uploads\/2022\/07\/MAR9246.jpg?w=1254&amp;ssl=1 1254w, https:\/\/i0.wp.com\/www.altimara.eu\/blog\/wp-content\/uploads\/2022\/07\/MAR9246.jpg?w=1881&amp;ssl=1 1881w\" sizes=\"auto, (max-width: 627px) 100vw, 627px\" \/><figcaption>L&rsquo;\u00e9quipe de choc au travail.<\/figcaption><\/figure>\n<\/div>","protected":false},"excerpt":{"rendered":"<p>Jean a r\u00e9cup\u00e9r\u00e9 un four m\u00e9tallique qui vient du jardin ethnobotanique de Rousson dans le Gard. Cette structure ressemble \u00e0 celle des fours utilis\u00e9s pendant la seconde guerre mondiale. Il faut quatre chemin\u00e9es de part et d&rsquo;autre. Le remplissage est par viroles (caissons) successives, trois dans ce cas. Ensuite on pose le couvercle et par [&hellip;]<\/p>\n","protected":false},"author":3,"featured_media":0,"comment_status":"open","ping_status":"open","sticky":false,"template":"","format":"standard","meta":{"ngg_post_thumbnail":0,"jetpack_post_was_ever_published":false,"_jetpack_newsletter_access":"","_jetpack_dont_email_post_to_subs":false,"_jetpack_newsletter_tier_id":0,"_jetpack_memberships_contains_paywalled_content":false,"_jetpack_memberships_contains_paid_content":false,"footnotes":"","jetpack_publicize_message":"","jetpack_publicize_feature_enabled":true,"jetpack_social_post_already_shared":true,"jetpack_social_options":{"image_generator_settings":{"template":"highway","default_image_id":0,"font":"","enabled":false},"version":2}},"categories":[6,147],"tags":[34,143],"class_list":["post-3915","post","type-post","status-publish","format-standard","hentry","category-charbon-de-bois-carbon-art","category-four-metalliques","tag-charbon-de-bois-carbon-art","tag-four-magnien"],"jetpack_publicize_connections":[],"jetpack_featured_media_url":"","jetpack_shortlink":"https:\/\/wp.me\/p4r91c-119","jetpack_sharing_enabled":true,"jetpack-related-posts":[{"id":3156,"url":"https:\/\/www.altimara.eu\/blog\/2019\/09\/16\/cuisson-au-four-metallique-suite-et-fin\/","url_meta":{"origin":3915,"position":0},"title":"Cuisson au four m\u00e9tallique, suite et fin","author":"Martiou","date":"16 septembre 2019","format":false,"excerpt":"l'\u00e9quipe de St Guillaume a allum\u00e9 le feu dans la marmite remplie de 4 st\u00e8res de bois. les b\u00fbches une fois d\u00e9pos\u00e9es dans la \"marmite\", il est mis un cordon de terre dans les rainures des jonctions des viroles pour l'\u00e9tanch\u00e9it\u00e9. Colmatage Allumage par le haut comme en meule La\u2026","rel":"","context":"Dans &quot;Charbon de bois&quot;","block_context":{"text":"Charbon de bois","link":"https:\/\/www.altimara.eu\/blog\/category\/charbon-de-bois-carbon-art\/"},"img":{"alt_text":"","src":"https:\/\/i0.wp.com\/www.altimara.eu\/blog\/wp-content\/uploads\/2019\/09\/P1120459.jpg?resize=350%2C200&ssl=1","width":350,"height":200,"srcset":"https:\/\/i0.wp.com\/www.altimara.eu\/blog\/wp-content\/uploads\/2019\/09\/P1120459.jpg?resize=350%2C200&ssl=1 1x, https:\/\/i0.wp.com\/www.altimara.eu\/blog\/wp-content\/uploads\/2019\/09\/P1120459.jpg?resize=525%2C300&ssl=1 1.5x, https:\/\/i0.wp.com\/www.altimara.eu\/blog\/wp-content\/uploads\/2019\/09\/P1120459.jpg?resize=700%2C400&ssl=1 2x, https:\/\/i0.wp.com\/www.altimara.eu\/blog\/wp-content\/uploads\/2019\/09\/P1120459.jpg?resize=1050%2C600&ssl=1 3x, https:\/\/i0.wp.com\/www.altimara.eu\/blog\/wp-content\/uploads\/2019\/09\/P1120459.jpg?resize=1400%2C800&ssl=1 4x"},"classes":[]},{"id":4597,"url":"https:\/\/www.altimara.eu\/blog\/2025\/05\/15\/jean-xxv\/","url_meta":{"origin":3915,"position":1},"title":"Jean XXV","author":"Martiou","date":"15 mai 2025","format":false,"excerpt":"De la fum\u00e9e blanche dans tous les coins, fum\u00e9es non papales, habemus Carbonisarius. Santa Laura Carbonia Finalement c'est curieux de voir que pour faire un charbon tr\u00e8s noir on produit d'\u00e9normes quantit\u00e9s de fum\u00e9es blanches. Fum\u00e9es qui jaunissent puis donnent un superbe bleu digne des \u0153uvres de Van Gogh. Jean\u2026","rel":"","context":"Dans &quot;Charbon de bois&quot;","block_context":{"text":"Charbon de bois","link":"https:\/\/www.altimara.eu\/blog\/category\/charbon-de-bois-carbon-art\/"},"img":{"alt_text":"","src":"https:\/\/i0.wp.com\/www.altimara.eu\/blog\/wp-content\/uploads\/2025\/05\/IMG_20250514_155526-scaled.jpg?resize=350%2C200&ssl=1","width":350,"height":200,"srcset":"https:\/\/i0.wp.com\/www.altimara.eu\/blog\/wp-content\/uploads\/2025\/05\/IMG_20250514_155526-scaled.jpg?resize=350%2C200&ssl=1 1x, https:\/\/i0.wp.com\/www.altimara.eu\/blog\/wp-content\/uploads\/2025\/05\/IMG_20250514_155526-scaled.jpg?resize=525%2C300&ssl=1 1.5x, https:\/\/i0.wp.com\/www.altimara.eu\/blog\/wp-content\/uploads\/2025\/05\/IMG_20250514_155526-scaled.jpg?resize=700%2C400&ssl=1 2x, https:\/\/i0.wp.com\/www.altimara.eu\/blog\/wp-content\/uploads\/2025\/05\/IMG_20250514_155526-scaled.jpg?resize=1050%2C600&ssl=1 3x, https:\/\/i0.wp.com\/www.altimara.eu\/blog\/wp-content\/uploads\/2025\/05\/IMG_20250514_155526-scaled.jpg?resize=1400%2C800&ssl=1 4x"},"classes":[]},{"id":3594,"url":"https:\/\/www.altimara.eu\/blog\/2021\/03\/19\/fin-dhiver\/","url_meta":{"origin":3915,"position":2},"title":"Fin d&rsquo;hiver","author":"Martiou","date":"19 mars 2021","format":false,"excerpt":"De nombreux travaux au Jardin et \u00e0 l'atelier. La taille des olivier donne un bon volume de v\u00e9g\u00e9tal a carboniser. C'est une piste int\u00e9ressante pour tous les exploitants d'olivettes (oliveraies) pour valoriser leurs d\u00e9chets. Cuissons au Jardin de Fontan\u00e8s avec le four n\u00b01, le plus ancien, retap\u00e9 pour l'occasion. L'autre\u2026","rel":"","context":"Dans &quot;biochar&quot;","block_context":{"text":"biochar","link":"https:\/\/www.altimara.eu\/blog\/category\/charbon-vegetal\/biochar\/"},"img":{"alt_text":"","src":"https:\/\/i0.wp.com\/www.altimara.eu\/blog\/wp-content\/uploads\/2021\/03\/IMG_20210316_154021-scaled.jpg?resize=350%2C200&ssl=1","width":350,"height":200,"srcset":"https:\/\/i0.wp.com\/www.altimara.eu\/blog\/wp-content\/uploads\/2021\/03\/IMG_20210316_154021-scaled.jpg?resize=350%2C200&ssl=1 1x, https:\/\/i0.wp.com\/www.altimara.eu\/blog\/wp-content\/uploads\/2021\/03\/IMG_20210316_154021-scaled.jpg?resize=525%2C300&ssl=1 1.5x, https:\/\/i0.wp.com\/www.altimara.eu\/blog\/wp-content\/uploads\/2021\/03\/IMG_20210316_154021-scaled.jpg?resize=700%2C400&ssl=1 2x, https:\/\/i0.wp.com\/www.altimara.eu\/blog\/wp-content\/uploads\/2021\/03\/IMG_20210316_154021-scaled.jpg?resize=1050%2C600&ssl=1 3x, https:\/\/i0.wp.com\/www.altimara.eu\/blog\/wp-content\/uploads\/2021\/03\/IMG_20210316_154021-scaled.jpg?resize=1400%2C800&ssl=1 4x"},"classes":[]},{"id":4623,"url":"https:\/\/www.altimara.eu\/blog\/2025\/08\/28\/kolakaka-episode-2-s\/","url_meta":{"origin":3915,"position":3},"title":"Kolakaka \u00e9pisode 2 s","author":"Martiou","date":"28 ao\u00fbt 2025","format":false,"excerpt":"Une belle rencontre avec un fermier qui charbonne au four m\u00e9tallique. Hulda et Tyrfingur ont une ferme dans le sud pas tr\u00e8s loin de la ville de Selfoss. Ils ont d\u00e9velopp\u00e9 des activit\u00e9s particuli\u00e8res avec un moulin \u00e0 laine, un \u00e9levage de porcs et des volailles, le tout en bio.\u2026","rel":"","context":"Dans &quot;0- MES CHARBONNI\u00c8RES&quot;","block_context":{"text":"0- MES CHARBONNI\u00c8RES","link":"https:\/\/www.altimara.eu\/blog\/category\/mes-charbonnieres\/"},"img":{"alt_text":"","src":"https:\/\/i0.wp.com\/www.altimara.eu\/blog\/wp-content\/uploads\/2025\/08\/kolakaka-25-42.jpg?resize=350%2C200&ssl=1","width":350,"height":200,"srcset":"https:\/\/i0.wp.com\/www.altimara.eu\/blog\/wp-content\/uploads\/2025\/08\/kolakaka-25-42.jpg?resize=350%2C200&ssl=1 1x, https:\/\/i0.wp.com\/www.altimara.eu\/blog\/wp-content\/uploads\/2025\/08\/kolakaka-25-42.jpg?resize=525%2C300&ssl=1 1.5x, https:\/\/i0.wp.com\/www.altimara.eu\/blog\/wp-content\/uploads\/2025\/08\/kolakaka-25-42.jpg?resize=700%2C400&ssl=1 2x"},"classes":[]},{"id":2259,"url":"https:\/\/www.altimara.eu\/blog\/2017\/04\/18\/four-en-briques-suite\/","url_meta":{"origin":3915,"position":4},"title":"Four en briques, suite","author":"Martiou","date":"18 avril 2017","format":false,"excerpt":"Le four \u00e9tant pr\u00eat, c'est \u00e0 dire que l'argile de construction est presque s\u00e8che, nous avons proc\u00e9d\u00e9 au remplissage en bois et la mise en feu. Chargement par le dessus. M\u00e9lange de bois sec, un peu de palette, et de bois fraichement coup\u00e9. C'est essentiellement du peuplier, un bois pas\u2026","rel":"","context":"Dans &quot;0- MES CHARBONNI\u00c8RES&quot;","block_context":{"text":"0- MES CHARBONNI\u00c8RES","link":"https:\/\/www.altimara.eu\/blog\/category\/mes-charbonnieres\/"},"img":{"alt_text":"","src":"https:\/\/i0.wp.com\/www.altimara.eu\/blog\/wp-content\/uploads\/2017\/04\/MAR2445-300x200.jpg?resize=350%2C200","width":350,"height":200},"classes":[]},{"id":3150,"url":"https:\/\/www.altimara.eu\/blog\/2019\/09\/01\/cuisson-au-four-metallique\/","url_meta":{"origin":3915,"position":5},"title":"Cuisson au four m\u00e9tallique","author":"Martiou","date":"1 septembre 2019","format":false,"excerpt":"J'avais eu l'occasion de voir le site des fours m\u00e9talliques dans le for\u00eat des Baumaises de la commune de St Guillaume (https:\/\/www.altimara.eu\/blog\/?p=2926). Ce village est au pied du Vercors, \u00e0 cot\u00e9 du Mont Aiguille. Ces fours ont \u00e9t\u00e9 utilis\u00e9 comme partout en France pendant la Seconde Guerre Mondiale. Ce sont\u2026","rel":"","context":"Dans &quot;Charbon de bois&quot;","block_context":{"text":"Charbon de bois","link":"https:\/\/www.altimara.eu\/blog\/category\/charbon-de-bois-carbon-art\/"},"img":{"alt_text":"","src":"https:\/\/i0.wp.com\/www.altimara.eu\/blog\/wp-content\/uploads\/2019\/09\/Capture-d%E2%80%99e%CC%81cran-2019-09-01-a%CC%80-14.09.41.png?resize=350%2C200&ssl=1","width":350,"height":200,"srcset":"https:\/\/i0.wp.com\/www.altimara.eu\/blog\/wp-content\/uploads\/2019\/09\/Capture-d%E2%80%99e%CC%81cran-2019-09-01-a%CC%80-14.09.41.png?resize=350%2C200&ssl=1 1x, https:\/\/i0.wp.com\/www.altimara.eu\/blog\/wp-content\/uploads\/2019\/09\/Capture-d%E2%80%99e%CC%81cran-2019-09-01-a%CC%80-14.09.41.png?resize=525%2C300&ssl=1 1.5x"},"classes":[]}],"_links":{"self":[{"href":"https:\/\/www.altimara.eu\/blog\/wp-json\/wp\/v2\/posts\/3915","targetHints":{"allow":["GET"]}}],"collection":[{"href":"https:\/\/www.altimara.eu\/blog\/wp-json\/wp\/v2\/posts"}],"about":[{"href":"https:\/\/www.altimara.eu\/blog\/wp-json\/wp\/v2\/types\/post"}],"author":[{"embeddable":true,"href":"https:\/\/www.altimara.eu\/blog\/wp-json\/wp\/v2\/users\/3"}],"replies":[{"embeddable":true,"href":"https:\/\/www.altimara.eu\/blog\/wp-json\/wp\/v2\/comments?post=3915"}],"version-history":[{"count":0,"href":"https:\/\/www.altimara.eu\/blog\/wp-json\/wp\/v2\/posts\/3915\/revisions"}],"wp:attachment":[{"href":"https:\/\/www.altimara.eu\/blog\/wp-json\/wp\/v2\/media?parent=3915"}],"wp:term":[{"taxonomy":"category","embeddable":true,"href":"https:\/\/www.altimara.eu\/blog\/wp-json\/wp\/v2\/categories?post=3915"},{"taxonomy":"post_tag","embeddable":true,"href":"https:\/\/www.altimara.eu\/blog\/wp-json\/wp\/v2\/tags?post=3915"}],"curies":[{"name":"wp","href":"https:\/\/api.w.org\/{rel}","templated":true}]}}