{"id":3883,"date":"2022-05-27T22:04:22","date_gmt":"2022-05-27T21:04:22","guid":{"rendered":"https:\/\/www.altimara.eu\/blog\/?p=3883"},"modified":"2022-06-07T20:20:04","modified_gmt":"2022-06-07T19:20:04","slug":"charbonnieres-chez-jean-1","status":"publish","type":"post","link":"https:\/\/www.altimara.eu\/blog\/2022\/05\/27\/charbonnieres-chez-jean-1\/","title":{"rendered":"Charbonni\u00e8res chez Jean-1"},"content":{"rendered":"\n<p>LES CHARBONNIERS, la meule.<\/p>\n\n\n\n<p>Nous nous sommes retrouv\u00e9s, charbonniers, forgerons, m\u00e9tallurgistes et autres artisans des savoir-faire ancestraux chez Jean, en Ard\u00e8che, comme chaque ann\u00e9e en mai.<\/p>\n\n\n\n<p>Il y avait la traditionnelle meule des forgerons et de Jean, une cuisson dans un four m\u00e9tallique et ma charbonni\u00e8re en fosse circulaire.<\/p>\n\n\n\n<p>J&rsquo;\u00e9crirai un peu plus tard deux autres articles concernant ces deux fa\u00e7ons de carboniser. <\/p>\n\n\n\n<p>La meule \u00e9tait plus plate cette ann\u00e9e, ou plut\u00f4t moins bomb\u00e9e. Recouverte de la terre noire, elle avait un bel aspect. La couverture v\u00e9g\u00e9tale \u00e9tait non pas de buis mais de ramilles \u00e9cras\u00e9es. Le buis a s\u00e9rieusement disparu \u00e0 cause de la pyrale. Mont\u00e9e lors du weekend, l&rsquo;allumage de la meule a eu lieu le lundi matin. Les bois sont pos\u00e9s sur des palettes, technique mise au point l&rsquo;ann\u00e9e derni\u00e8re, pour limiter les incuits des bois qui touchent le sol.<\/p>\n\n\n\n<p>Comme on a affaire \u00e0 des forgeron-e-s, une solide \u00e9chelle en fer avec une rampe a \u00e9t\u00e9 construite pour monter au sommet de la meule.<\/p>\n\n\n<div class=\"wp-block-image\">\n<figure class=\"aligncenter size-large\"><img data-recalc-dims=\"1\" loading=\"lazy\" decoding=\"async\" width=\"627\" height=\"939\" data-attachment-id=\"3886\" data-permalink=\"https:\/\/www.altimara.eu\/blog\/2022\/05\/27\/charbonnieres-chez-jean-1\/mar8966\/\" data-orig-file=\"https:\/\/i0.wp.com\/www.altimara.eu\/blog\/wp-content\/uploads\/2022\/05\/MAR8966.jpg?fit=1602%2C2400&amp;ssl=1\" data-orig-size=\"1602,2400\" data-comments-opened=\"1\" data-image-meta=\"{&quot;aperture&quot;:&quot;11&quot;,&quot;credit&quot;:&quot;Martial Acquarone&quot;,&quot;camera&quot;:&quot;NIKON D800&quot;,&quot;caption&quot;:&quot;&quot;,&quot;created_timestamp&quot;:&quot;1652690459&quot;,&quot;copyright&quot;:&quot;CC BY-SA 4.0&quot;,&quot;focal_length&quot;:&quot;24&quot;,&quot;iso&quot;:&quot;500&quot;,&quot;shutter_speed&quot;:&quot;0.00625&quot;,&quot;title&quot;:&quot;&quot;,&quot;orientation&quot;:&quot;0&quot;}\" data-image-title=\"MAR8966\" data-image-description=\"\" data-image-caption=\"\" data-large-file=\"https:\/\/i0.wp.com\/www.altimara.eu\/blog\/wp-content\/uploads\/2022\/05\/MAR8966.jpg?fit=627%2C939&amp;ssl=1\" src=\"https:\/\/i0.wp.com\/www.altimara.eu\/blog\/wp-content\/uploads\/2022\/05\/MAR8966.jpg?resize=627%2C939&#038;ssl=1\" alt=\"\" class=\"wp-image-3886\" srcset=\"https:\/\/i0.wp.com\/www.altimara.eu\/blog\/wp-content\/uploads\/2022\/05\/MAR8966.jpg?resize=684%2C1024&amp;ssl=1 684w, https:\/\/i0.wp.com\/www.altimara.eu\/blog\/wp-content\/uploads\/2022\/05\/MAR8966.jpg?resize=200%2C300&amp;ssl=1 200w, https:\/\/i0.wp.com\/www.altimara.eu\/blog\/wp-content\/uploads\/2022\/05\/MAR8966.jpg?resize=768%2C1151&amp;ssl=1 768w, https:\/\/i0.wp.com\/www.altimara.eu\/blog\/wp-content\/uploads\/2022\/05\/MAR8966.jpg?resize=1025%2C1536&amp;ssl=1 1025w, https:\/\/i0.wp.com\/www.altimara.eu\/blog\/wp-content\/uploads\/2022\/05\/MAR8966.jpg?resize=1367%2C2048&amp;ssl=1 1367w, https:\/\/i0.wp.com\/www.altimara.eu\/blog\/wp-content\/uploads\/2022\/05\/MAR8966.jpg?w=1602&amp;ssl=1 1602w, https:\/\/i0.wp.com\/www.altimara.eu\/blog\/wp-content\/uploads\/2022\/05\/MAR8966.jpg?w=1254&amp;ssl=1 1254w\" sizes=\"auto, (max-width: 627px) 100vw, 627px\" \/><\/figure>\n<\/div>\n\n\n<p>L&rsquo;allumage est toujours le moment le plus rassembleur. Grosse fum\u00e9e, photog\u00e9nique pour les badauds, un peu moins agr\u00e9able pour celles et ceux qui alimentent le feu.<\/p>\n\n\n\n<figure class=\"wp-block-image size-large\"><img data-recalc-dims=\"1\" loading=\"lazy\" decoding=\"async\" width=\"627\" height=\"419\" data-attachment-id=\"3887\" data-permalink=\"https:\/\/www.altimara.eu\/blog\/2022\/05\/27\/charbonnieres-chez-jean-1\/mar8969\/\" data-orig-file=\"https:\/\/i0.wp.com\/www.altimara.eu\/blog\/wp-content\/uploads\/2022\/05\/MAR8969.jpg?fit=2400%2C1602&amp;ssl=1\" data-orig-size=\"2400,1602\" data-comments-opened=\"1\" data-image-meta=\"{&quot;aperture&quot;:&quot;11&quot;,&quot;credit&quot;:&quot;Martial Acquarone&quot;,&quot;camera&quot;:&quot;NIKON D800&quot;,&quot;caption&quot;:&quot;&quot;,&quot;created_timestamp&quot;:&quot;1652690507&quot;,&quot;copyright&quot;:&quot;CC BY-SA 4.0&quot;,&quot;focal_length&quot;:&quot;60&quot;,&quot;iso&quot;:&quot;500&quot;,&quot;shutter_speed&quot;:&quot;0.0125&quot;,&quot;title&quot;:&quot;&quot;,&quot;orientation&quot;:&quot;0&quot;}\" data-image-title=\"MAR8969\" data-image-description=\"\" data-image-caption=\"\" data-large-file=\"https:\/\/i0.wp.com\/www.altimara.eu\/blog\/wp-content\/uploads\/2022\/05\/MAR8969.jpg?fit=627%2C419&amp;ssl=1\" src=\"https:\/\/i0.wp.com\/www.altimara.eu\/blog\/wp-content\/uploads\/2022\/05\/MAR8969.jpg?resize=627%2C419&#038;ssl=1\" alt=\"\" class=\"wp-image-3887\" srcset=\"https:\/\/i0.wp.com\/www.altimara.eu\/blog\/wp-content\/uploads\/2022\/05\/MAR8969.jpg?resize=1024%2C684&amp;ssl=1 1024w, https:\/\/i0.wp.com\/www.altimara.eu\/blog\/wp-content\/uploads\/2022\/05\/MAR8969.jpg?resize=300%2C200&amp;ssl=1 300w, https:\/\/i0.wp.com\/www.altimara.eu\/blog\/wp-content\/uploads\/2022\/05\/MAR8969.jpg?resize=768%2C513&amp;ssl=1 768w, https:\/\/i0.wp.com\/www.altimara.eu\/blog\/wp-content\/uploads\/2022\/05\/MAR8969.jpg?resize=1536%2C1025&amp;ssl=1 1536w, https:\/\/i0.wp.com\/www.altimara.eu\/blog\/wp-content\/uploads\/2022\/05\/MAR8969.jpg?resize=2048%2C1367&amp;ssl=1 2048w, https:\/\/i0.wp.com\/www.altimara.eu\/blog\/wp-content\/uploads\/2022\/05\/MAR8969.jpg?w=1254&amp;ssl=1 1254w, https:\/\/i0.wp.com\/www.altimara.eu\/blog\/wp-content\/uploads\/2022\/05\/MAR8969.jpg?w=1881&amp;ssl=1 1881w\" sizes=\"auto, (max-width: 627px) 100vw, 627px\" \/><\/figure>\n\n\n\n<p>Le maitre surveille, bien que Krem, forgeron de m\u00e9tier, soit tout \u00e0 fait capable d&rsquo;assumer cette cuisson. La passation est en marche, voire effective.<\/p>\n\n\n<div class=\"wp-block-image\">\n<figure class=\"aligncenter size-large\"><img data-recalc-dims=\"1\" loading=\"lazy\" decoding=\"async\" width=\"627\" height=\"419\" data-attachment-id=\"3885\" data-permalink=\"https:\/\/www.altimara.eu\/blog\/2022\/05\/27\/charbonnieres-chez-jean-1\/mar8999\/\" data-orig-file=\"https:\/\/i0.wp.com\/www.altimara.eu\/blog\/wp-content\/uploads\/2022\/05\/MAR8999.jpg?fit=2400%2C1602&amp;ssl=1\" data-orig-size=\"2400,1602\" data-comments-opened=\"1\" data-image-meta=\"{&quot;aperture&quot;:&quot;8&quot;,&quot;credit&quot;:&quot;Martial Acquarone&quot;,&quot;camera&quot;:&quot;NIKON D800&quot;,&quot;caption&quot;:&quot;&quot;,&quot;created_timestamp&quot;:&quot;1652691285&quot;,&quot;copyright&quot;:&quot;CC BY-SA 4.0&quot;,&quot;focal_length&quot;:&quot;70&quot;,&quot;iso&quot;:&quot;640&quot;,&quot;shutter_speed&quot;:&quot;0.003125&quot;,&quot;title&quot;:&quot;&quot;,&quot;orientation&quot;:&quot;0&quot;}\" data-image-title=\"MAR8999\" data-image-description=\"\" data-image-caption=\"\" data-large-file=\"https:\/\/i0.wp.com\/www.altimara.eu\/blog\/wp-content\/uploads\/2022\/05\/MAR8999.jpg?fit=627%2C419&amp;ssl=1\" src=\"https:\/\/i0.wp.com\/www.altimara.eu\/blog\/wp-content\/uploads\/2022\/05\/MAR8999.jpg?resize=627%2C419&#038;ssl=1\" alt=\"\" class=\"wp-image-3885\" srcset=\"https:\/\/i0.wp.com\/www.altimara.eu\/blog\/wp-content\/uploads\/2022\/05\/MAR8999.jpg?resize=1024%2C684&amp;ssl=1 1024w, https:\/\/i0.wp.com\/www.altimara.eu\/blog\/wp-content\/uploads\/2022\/05\/MAR8999.jpg?resize=300%2C200&amp;ssl=1 300w, https:\/\/i0.wp.com\/www.altimara.eu\/blog\/wp-content\/uploads\/2022\/05\/MAR8999.jpg?resize=768%2C513&amp;ssl=1 768w, https:\/\/i0.wp.com\/www.altimara.eu\/blog\/wp-content\/uploads\/2022\/05\/MAR8999.jpg?resize=1536%2C1025&amp;ssl=1 1536w, https:\/\/i0.wp.com\/www.altimara.eu\/blog\/wp-content\/uploads\/2022\/05\/MAR8999.jpg?resize=2048%2C1367&amp;ssl=1 2048w, https:\/\/i0.wp.com\/www.altimara.eu\/blog\/wp-content\/uploads\/2022\/05\/MAR8999.jpg?w=1254&amp;ssl=1 1254w, https:\/\/i0.wp.com\/www.altimara.eu\/blog\/wp-content\/uploads\/2022\/05\/MAR8999.jpg?w=1881&amp;ssl=1 1881w\" sizes=\"auto, (max-width: 627px) 100vw, 627px\" \/><\/figure>\n<\/div>\n\n<div class=\"wp-block-image\">\n<figure class=\"aligncenter size-large\"><img data-recalc-dims=\"1\" loading=\"lazy\" decoding=\"async\" width=\"627\" height=\"939\" data-attachment-id=\"3888\" data-permalink=\"https:\/\/www.altimara.eu\/blog\/2022\/05\/27\/charbonnieres-chez-jean-1\/mar9109\/\" data-orig-file=\"https:\/\/i0.wp.com\/www.altimara.eu\/blog\/wp-content\/uploads\/2022\/05\/MAR9109.jpg?fit=1602%2C2400&amp;ssl=1\" data-orig-size=\"1602,2400\" data-comments-opened=\"1\" data-image-meta=\"{&quot;aperture&quot;:&quot;13&quot;,&quot;credit&quot;:&quot;Martial Acquarone&quot;,&quot;camera&quot;:&quot;NIKON D800&quot;,&quot;caption&quot;:&quot;&quot;,&quot;created_timestamp&quot;:&quot;1652693068&quot;,&quot;copyright&quot;:&quot;CC BY-SA 4.0&quot;,&quot;focal_length&quot;:&quot;62&quot;,&quot;iso&quot;:&quot;640&quot;,&quot;shutter_speed&quot;:&quot;0.003125&quot;,&quot;title&quot;:&quot;&quot;,&quot;orientation&quot;:&quot;0&quot;}\" data-image-title=\"MAR9109\" data-image-description=\"\" data-image-caption=\"\" data-large-file=\"https:\/\/i0.wp.com\/www.altimara.eu\/blog\/wp-content\/uploads\/2022\/05\/MAR9109.jpg?fit=627%2C939&amp;ssl=1\" src=\"https:\/\/i0.wp.com\/www.altimara.eu\/blog\/wp-content\/uploads\/2022\/05\/MAR9109.jpg?resize=627%2C939&#038;ssl=1\" alt=\"\" class=\"wp-image-3888\" srcset=\"https:\/\/i0.wp.com\/www.altimara.eu\/blog\/wp-content\/uploads\/2022\/05\/MAR9109.jpg?resize=684%2C1024&amp;ssl=1 684w, https:\/\/i0.wp.com\/www.altimara.eu\/blog\/wp-content\/uploads\/2022\/05\/MAR9109.jpg?resize=200%2C300&amp;ssl=1 200w, https:\/\/i0.wp.com\/www.altimara.eu\/blog\/wp-content\/uploads\/2022\/05\/MAR9109.jpg?resize=768%2C1151&amp;ssl=1 768w, https:\/\/i0.wp.com\/www.altimara.eu\/blog\/wp-content\/uploads\/2022\/05\/MAR9109.jpg?resize=1025%2C1536&amp;ssl=1 1025w, https:\/\/i0.wp.com\/www.altimara.eu\/blog\/wp-content\/uploads\/2022\/05\/MAR9109.jpg?resize=1367%2C2048&amp;ssl=1 1367w, https:\/\/i0.wp.com\/www.altimara.eu\/blog\/wp-content\/uploads\/2022\/05\/MAR9109.jpg?w=1602&amp;ssl=1 1602w, https:\/\/i0.wp.com\/www.altimara.eu\/blog\/wp-content\/uploads\/2022\/05\/MAR9109.jpg?w=1254&amp;ssl=1 1254w\" sizes=\"auto, (max-width: 627px) 100vw, 627px\" \/><\/figure>\n<\/div>\n\n\n<p>Cette ann\u00e9e la meule a fonctionn\u00e9 au turbo, le tirage a \u00e9t\u00e9 violent. Le fait d&rsquo;avoir des palettes, donc un plancher ouvert doit influencer sur la conduite du feu. La cuisson a \u00e9t\u00e9 assez courte, 4 jours et nuits.<\/p>\n\n\n<div class=\"wp-block-image\">\n<figure class=\"aligncenter size-large\"><img data-recalc-dims=\"1\" loading=\"lazy\" decoding=\"async\" width=\"627\" height=\"419\" data-attachment-id=\"3889\" data-permalink=\"https:\/\/www.altimara.eu\/blog\/2022\/05\/27\/charbonnieres-chez-jean-1\/mar9008\/\" data-orig-file=\"https:\/\/i0.wp.com\/www.altimara.eu\/blog\/wp-content\/uploads\/2022\/05\/MAR9008.jpg?fit=2400%2C1602&amp;ssl=1\" data-orig-size=\"2400,1602\" data-comments-opened=\"1\" data-image-meta=\"{&quot;aperture&quot;:&quot;11&quot;,&quot;credit&quot;:&quot;Martial Acquarone&quot;,&quot;camera&quot;:&quot;NIKON D800&quot;,&quot;caption&quot;:&quot;&quot;,&quot;created_timestamp&quot;:&quot;1652691442&quot;,&quot;copyright&quot;:&quot;CC BY-SA 4.0&quot;,&quot;focal_length&quot;:&quot;70&quot;,&quot;iso&quot;:&quot;640&quot;,&quot;shutter_speed&quot;:&quot;0.00125&quot;,&quot;title&quot;:&quot;&quot;,&quot;orientation&quot;:&quot;0&quot;}\" data-image-title=\"MAR9008\" data-image-description=\"\" data-image-caption=\"\" data-large-file=\"https:\/\/i0.wp.com\/www.altimara.eu\/blog\/wp-content\/uploads\/2022\/05\/MAR9008.jpg?fit=627%2C419&amp;ssl=1\" src=\"https:\/\/i0.wp.com\/www.altimara.eu\/blog\/wp-content\/uploads\/2022\/05\/MAR9008.jpg?resize=627%2C419&#038;ssl=1\" alt=\"\" class=\"wp-image-3889\" srcset=\"https:\/\/i0.wp.com\/www.altimara.eu\/blog\/wp-content\/uploads\/2022\/05\/MAR9008.jpg?resize=1024%2C684&amp;ssl=1 1024w, https:\/\/i0.wp.com\/www.altimara.eu\/blog\/wp-content\/uploads\/2022\/05\/MAR9008.jpg?resize=300%2C200&amp;ssl=1 300w, https:\/\/i0.wp.com\/www.altimara.eu\/blog\/wp-content\/uploads\/2022\/05\/MAR9008.jpg?resize=768%2C513&amp;ssl=1 768w, https:\/\/i0.wp.com\/www.altimara.eu\/blog\/wp-content\/uploads\/2022\/05\/MAR9008.jpg?resize=1536%2C1025&amp;ssl=1 1536w, https:\/\/i0.wp.com\/www.altimara.eu\/blog\/wp-content\/uploads\/2022\/05\/MAR9008.jpg?resize=2048%2C1367&amp;ssl=1 2048w, https:\/\/i0.wp.com\/www.altimara.eu\/blog\/wp-content\/uploads\/2022\/05\/MAR9008.jpg?w=1254&amp;ssl=1 1254w, https:\/\/i0.wp.com\/www.altimara.eu\/blog\/wp-content\/uploads\/2022\/05\/MAR9008.jpg?w=1881&amp;ssl=1 1881w\" sizes=\"auto, (max-width: 627px) 100vw, 627px\" \/><\/figure>\n<\/div>\n\n\n<p>Puis dimanche le charbon a \u00e9t\u00e9 cav\u00e9, r\u00e9cup\u00e9r\u00e9. Un peu plus d&rsquo;une tonne, assez pour alimenter les forges et bas-fourneaux jusqu&rsquo;\u00e0 l&rsquo;ann\u00e9e prochaine.<\/p>\n\n\n<div class=\"wp-block-image\">\n<figure class=\"aligncenter size-large\"><img data-recalc-dims=\"1\" loading=\"lazy\" decoding=\"async\" width=\"627\" height=\"939\" data-attachment-id=\"3890\" data-permalink=\"https:\/\/www.altimara.eu\/blog\/2022\/05\/27\/charbonnieres-chez-jean-1\/mar9171\/\" data-orig-file=\"https:\/\/i0.wp.com\/www.altimara.eu\/blog\/wp-content\/uploads\/2022\/05\/MAR9171.jpg?fit=1602%2C2400&amp;ssl=1\" data-orig-size=\"1602,2400\" data-comments-opened=\"1\" data-image-meta=\"{&quot;aperture&quot;:&quot;14&quot;,&quot;credit&quot;:&quot;Martial Acquarone&quot;,&quot;camera&quot;:&quot;NIKON D800&quot;,&quot;caption&quot;:&quot;&quot;,&quot;created_timestamp&quot;:&quot;1652794115&quot;,&quot;copyright&quot;:&quot;CC BY-SA 4.0&quot;,&quot;focal_length&quot;:&quot;34&quot;,&quot;iso&quot;:&quot;500&quot;,&quot;shutter_speed&quot;:&quot;0.0025&quot;,&quot;title&quot;:&quot;&quot;,&quot;orientation&quot;:&quot;0&quot;}\" data-image-title=\"MAR9171\" data-image-description=\"\" data-image-caption=\"\" data-large-file=\"https:\/\/i0.wp.com\/www.altimara.eu\/blog\/wp-content\/uploads\/2022\/05\/MAR9171.jpg?fit=627%2C939&amp;ssl=1\" src=\"https:\/\/i0.wp.com\/www.altimara.eu\/blog\/wp-content\/uploads\/2022\/05\/MAR9171.jpg?resize=627%2C939&#038;ssl=1\" alt=\"\" class=\"wp-image-3890\" srcset=\"https:\/\/i0.wp.com\/www.altimara.eu\/blog\/wp-content\/uploads\/2022\/05\/MAR9171.jpg?resize=684%2C1024&amp;ssl=1 684w, https:\/\/i0.wp.com\/www.altimara.eu\/blog\/wp-content\/uploads\/2022\/05\/MAR9171.jpg?resize=200%2C300&amp;ssl=1 200w, https:\/\/i0.wp.com\/www.altimara.eu\/blog\/wp-content\/uploads\/2022\/05\/MAR9171.jpg?resize=768%2C1151&amp;ssl=1 768w, https:\/\/i0.wp.com\/www.altimara.eu\/blog\/wp-content\/uploads\/2022\/05\/MAR9171.jpg?resize=1025%2C1536&amp;ssl=1 1025w, https:\/\/i0.wp.com\/www.altimara.eu\/blog\/wp-content\/uploads\/2022\/05\/MAR9171.jpg?resize=1367%2C2048&amp;ssl=1 1367w, https:\/\/i0.wp.com\/www.altimara.eu\/blog\/wp-content\/uploads\/2022\/05\/MAR9171.jpg?w=1602&amp;ssl=1 1602w, https:\/\/i0.wp.com\/www.altimara.eu\/blog\/wp-content\/uploads\/2022\/05\/MAR9171.jpg?w=1254&amp;ssl=1 1254w\" sizes=\"auto, (max-width: 627px) 100vw, 627px\" \/><\/figure>\n<\/div>\n\n\nngg_shortcode_0_placeholder\n","protected":false},"excerpt":{"rendered":"<p>LES CHARBONNIERS, la meule. Nous nous sommes retrouv\u00e9s, charbonniers, forgerons, m\u00e9tallurgistes et autres artisans des savoir-faire ancestraux chez Jean, en Ard\u00e8che, comme chaque ann\u00e9e en mai. Il y avait la traditionnelle meule des forgerons et de Jean, une cuisson dans un four m\u00e9tallique et ma charbonni\u00e8re en fosse circulaire. J&rsquo;\u00e9crirai un peu plus tard deux [&hellip;]<\/p>\n","protected":false},"author":3,"featured_media":0,"comment_status":"open","ping_status":"open","sticky":false,"template":"","format":"standard","meta":{"ngg_post_thumbnail":0,"jetpack_post_was_ever_published":false,"_jetpack_newsletter_access":"","_jetpack_dont_email_post_to_subs":false,"_jetpack_newsletter_tier_id":0,"_jetpack_memberships_contains_paywalled_content":false,"_jetpack_memberships_contains_paid_content":false,"footnotes":"","jetpack_publicize_message":"","jetpack_publicize_feature_enabled":true,"jetpack_social_post_already_shared":true,"jetpack_social_options":{"image_generator_settings":{"template":"highway","default_image_id":0,"font":"","enabled":false},"version":2}},"categories":[6,103,37],"tags":[34,13,12],"class_list":["post-3883","post","type-post","status-publish","format-standard","hentry","category-charbon-de-bois-carbon-art","category-charbonnier-en-france","category-evenementiel","tag-charbon-de-bois-carbon-art","tag-charbonnier","tag-charbonniere"],"jetpack_publicize_connections":[],"jetpack_featured_media_url":"","jetpack_shortlink":"https:\/\/wp.me\/p4r91c-10D","jetpack_sharing_enabled":true,"jetpack-related-posts":[{"id":1840,"url":"https:\/\/www.altimara.eu\/blog\/2016\/05\/16\/jean-le-charbonnier-2\/","url_meta":{"origin":3883,"position":0},"title":"Jean le charbonnier","author":"Martiou","date":"16 mai 2016","format":false,"excerpt":"Pas tr\u00e8s loin de la belle vall\u00e9e de l\u2019Ard\u00e8che, vers la ville de Bourg-Saint-And\u00e9ol, Jean a une \"campagne\" id\u00e9ale. Mazet, capitelle, cabane de p\u00eacheur en roseaux , vaste abri couvert, avec de part et d'autre de la garrigue et un verger m\u00e9lang\u00e9. Mais surtout un superbe emplacement de charbonni\u00e8re. Depuis\u2026","rel":"","context":"Dans &quot;Charbon de bois&quot;","block_context":{"text":"Charbon de bois","link":"https:\/\/www.altimara.eu\/blog\/category\/charbon-de-bois-carbon-art\/"},"img":{"alt_text":"a_MAR0212-2","src":"https:\/\/i0.wp.com\/www.altimara.eu\/blog\/wp-content\/uploads\/2016\/05\/a_MAR0212-2-200x300.jpg?resize=350%2C200","width":350,"height":200},"classes":[]},{"id":4374,"url":"https:\/\/www.altimara.eu\/blog\/2024\/05\/19\/jean-lardechois-24\/","url_meta":{"origin":3883,"position":1},"title":"Jean l&rsquo;Ard\u00e9chois 24","author":"Martiou","date":"19 mai 2024","format":false,"excerpt":"En fait c'est la 20\u00e8 \u00e9dition de sa f\u00eate de la charbonni\u00e8re dans son joli coin de garrigue vers Bourg-St-And\u00e9ol. Toute l'\u00e9quipe \u00e9tait l\u00e0, les m\u00e9tallurgistes et les forgerons (femmes et hommes). Nous ne sommes pass\u00e9s que pour trois jours. No\u00e9 devait \u00eatre l\u00e0 aussi car \u00e7a \u00e9t\u00e9 le d\u00e9luge\u2026","rel":"","context":"Dans &quot;Charbon de bois&quot;","block_context":{"text":"Charbon de bois","link":"https:\/\/www.altimara.eu\/blog\/category\/charbon-de-bois-carbon-art\/"},"img":{"alt_text":"","src":"https:\/\/i0.wp.com\/www.altimara.eu\/blog\/wp-content\/uploads\/2024\/05\/MA5_3476.jpg?resize=350%2C200&ssl=1","width":350,"height":200,"srcset":"https:\/\/i0.wp.com\/www.altimara.eu\/blog\/wp-content\/uploads\/2024\/05\/MA5_3476.jpg?resize=350%2C200&ssl=1 1x, https:\/\/i0.wp.com\/www.altimara.eu\/blog\/wp-content\/uploads\/2024\/05\/MA5_3476.jpg?resize=525%2C300&ssl=1 1.5x, https:\/\/i0.wp.com\/www.altimara.eu\/blog\/wp-content\/uploads\/2024\/05\/MA5_3476.jpg?resize=700%2C400&ssl=1 2x, https:\/\/i0.wp.com\/www.altimara.eu\/blog\/wp-content\/uploads\/2024\/05\/MA5_3476.jpg?resize=1050%2C600&ssl=1 3x, https:\/\/i0.wp.com\/www.altimara.eu\/blog\/wp-content\/uploads\/2024\/05\/MA5_3476.jpg?resize=1400%2C800&ssl=1 4x"},"classes":[]},{"id":2315,"url":"https:\/\/www.altimara.eu\/blog\/2017\/05\/04\/chez-jean\/","url_meta":{"origin":3883,"position":2},"title":"Chez Jean","author":"Martiou","date":"4 mai 2017","format":false,"excerpt":"Belle activit\u00e9 que cette r\u00e9union entre charbonniers et forgerons. Et c'est m\u00eame plus que \u00e7a car il y a, aussi, de la m\u00e9tallurgie, de la vannerie et de la corderie. Nous nous sommes tous retrouv\u00e9s dans le petit domaine paradisiaque, quand on aime la garrigue, de Jean. Au fond il\u2026","rel":"","context":"Dans &quot;Charbon de bois&quot;","block_context":{"text":"Charbon de bois","link":"https:\/\/www.altimara.eu\/blog\/category\/charbon-de-bois-carbon-art\/"},"img":{"alt_text":"","src":"https:\/\/i0.wp.com\/www.altimara.eu\/blog\/wp-content\/uploads\/2017\/05\/MAR2668.jpg?resize=350%2C200","width":350,"height":200,"srcset":"https:\/\/i0.wp.com\/www.altimara.eu\/blog\/wp-content\/uploads\/2017\/05\/MAR2668.jpg?resize=350%2C200 1x, https:\/\/i0.wp.com\/www.altimara.eu\/blog\/wp-content\/uploads\/2017\/05\/MAR2668.jpg?resize=525%2C300 1.5x, https:\/\/i0.wp.com\/www.altimara.eu\/blog\/wp-content\/uploads\/2017\/05\/MAR2668.jpg?resize=700%2C400 2x"},"classes":[]},{"id":1554,"url":"https:\/\/www.altimara.eu\/blog\/2015\/12\/10\/jean-charbonnier-ardechois\/","url_meta":{"origin":3883,"position":3},"title":"Jean, charbonnier ard\u00e9chois","author":"Martiou","date":"10 d\u00e9cembre 2015","format":false,"excerpt":"Une rencontre passionnante avec un charbonnier des garrigues ard\u00e9choises. Jean, qui porte le nom pr\u00e9destin\u00e9 de Chaudi\u00e8re, a un petit coin de paradis non loin des gorges de l'Ard\u00e8che et du Rh\u00f4ne. Une capitelle \u00e0 laquelle est coll\u00e9e un mazet, marque l'histoire de cet endroit o\u00f9 une cabane camarguaise et\u2026","rel":"","context":"Dans &quot;Charbon de bois&quot;","block_context":{"text":"Charbon de bois","link":"https:\/\/www.altimara.eu\/blog\/category\/charbon-de-bois-carbon-art\/"},"img":{"alt_text":"_MAR8830","src":"https:\/\/i0.wp.com\/www.altimara.eu\/blog\/wp-content\/uploads\/2015\/12\/MAR8830.jpg?resize=350%2C200","width":350,"height":200,"srcset":"https:\/\/i0.wp.com\/www.altimara.eu\/blog\/wp-content\/uploads\/2015\/12\/MAR8830.jpg?resize=350%2C200 1x, https:\/\/i0.wp.com\/www.altimara.eu\/blog\/wp-content\/uploads\/2015\/12\/MAR8830.jpg?resize=525%2C300 1.5x, https:\/\/i0.wp.com\/www.altimara.eu\/blog\/wp-content\/uploads\/2015\/12\/MAR8830.jpg?resize=700%2C400 2x"},"classes":[]},{"id":2318,"url":"https:\/\/www.altimara.eu\/blog\/2017\/05\/08\/chez-jean-2\/","url_meta":{"origin":3883,"position":4},"title":"Chez Jean","author":"Martiou","date":"8 mai 2017","format":false,"excerpt":"Le bois est cuit, du bon charbon de bois, comme seule les cuissons en meule peuvent en donner avec l'art du charbonnier. Mon ami Jean chaudi\u00e8re a bien r\u00e9ussi sa carbonisation et sa f\u00eate des charbonniers. Nous avons \u00e9t\u00e9 nombreux a participer \u00e0 ce rassemblement. Les forgerons et m\u00e9tallurgistes ont\u2026","rel":"","context":"Dans &quot;Charbon de bois&quot;","block_context":{"text":"Charbon de bois","link":"https:\/\/www.altimara.eu\/blog\/category\/charbon-de-bois-carbon-art\/"},"img":{"alt_text":"","src":"https:\/\/i0.wp.com\/www.altimara.eu\/blog\/wp-content\/uploads\/2017\/05\/MAR2527.jpg?resize=350%2C200","width":350,"height":200,"srcset":"https:\/\/i0.wp.com\/www.altimara.eu\/blog\/wp-content\/uploads\/2017\/05\/MAR2527.jpg?resize=350%2C200 1x, https:\/\/i0.wp.com\/www.altimara.eu\/blog\/wp-content\/uploads\/2017\/05\/MAR2527.jpg?resize=525%2C300 1.5x"},"classes":[]},{"id":2876,"url":"https:\/\/www.altimara.eu\/blog\/2018\/11\/09\/cuisson-a-la-fosse\/","url_meta":{"origin":3883,"position":5},"title":"Cuisson \u00e0 la fosse","author":"Martiou","date":"9 novembre 2018","format":false,"excerpt":"La cuisson en meule semble apparaitre dans nos contr\u00e9es au Moyen-\u00c2ge. Cette technique se serait d\u00e9velopp\u00e9e dans les territoires du nord d'o\u00f9 son nom : la meule su\u00e9doise. Depuis l'antiquit\u00e9 et peut \u00eatre m\u00eame avant, la production du charbon en zone sud se r\u00e9alisait en fosse, c'est \u00e0 dire en\u2026","rel":"","context":"Dans &quot;0- MES CHARBONNI\u00c8RES&quot;","block_context":{"text":"0- MES CHARBONNI\u00c8RES","link":"https:\/\/www.altimara.eu\/blog\/category\/mes-charbonnieres\/"},"img":{"alt_text":"","src":"https:\/\/i0.wp.com\/www.altimara.eu\/blog\/wp-content\/uploads\/2018\/11\/MAR6544-200x300.jpg?resize=350%2C200","width":350,"height":200},"classes":[]}],"_links":{"self":[{"href":"https:\/\/www.altimara.eu\/blog\/wp-json\/wp\/v2\/posts\/3883","targetHints":{"allow":["GET"]}}],"collection":[{"href":"https:\/\/www.altimara.eu\/blog\/wp-json\/wp\/v2\/posts"}],"about":[{"href":"https:\/\/www.altimara.eu\/blog\/wp-json\/wp\/v2\/types\/post"}],"author":[{"embeddable":true,"href":"https:\/\/www.altimara.eu\/blog\/wp-json\/wp\/v2\/users\/3"}],"replies":[{"embeddable":true,"href":"https:\/\/www.altimara.eu\/blog\/wp-json\/wp\/v2\/comments?post=3883"}],"version-history":[{"count":0,"href":"https:\/\/www.altimara.eu\/blog\/wp-json\/wp\/v2\/posts\/3883\/revisions"}],"wp:attachment":[{"href":"https:\/\/www.altimara.eu\/blog\/wp-json\/wp\/v2\/media?parent=3883"}],"wp:term":[{"taxonomy":"category","embeddable":true,"href":"https:\/\/www.altimara.eu\/blog\/wp-json\/wp\/v2\/categories?post=3883"},{"taxonomy":"post_tag","embeddable":true,"href":"https:\/\/www.altimara.eu\/blog\/wp-json\/wp\/v2\/tags?post=3883"}],"curies":[{"name":"wp","href":"https:\/\/api.w.org\/{rel}","templated":true}]}}