{"id":3851,"date":"2022-05-12T12:05:04","date_gmt":"2022-05-12T11:05:04","guid":{"rendered":"https:\/\/www.altimara.eu\/blog\/?p=3851"},"modified":"2022-05-12T12:05:04","modified_gmt":"2022-05-12T11:05:04","slug":"balade-vigneronne","status":"publish","type":"post","link":"https:\/\/www.altimara.eu\/blog\/2022\/05\/12\/balade-vigneronne\/","title":{"rendered":"Balade vigneronne"},"content":{"rendered":"\n<p>Samedi 15 et dimanche matin 16 rendez-vous sur le parcours de d\u00e9couverte du vignoble du domaine de Lancyre \u00e0 Valflaun\u00e8s.<\/p>\n\n\n\n<p>Je serai sur l&#8217;emplacement d&rsquo;une ancienne loge charbonni\u00e8re pour parler de ce beau m\u00e9tier. Ce vendredi avec mes deux stagiaires nous allons monter une meule sur cet emplacement.<\/p>\n\n\n\n<p>D\u00e9gustation et charbon, paysages et Pic-St-Loup, chaleur et fraicheur des sous-bois, il y atout pour plaire.<\/p>\n\n\n\n<p>Pour venir : <a href=\"https:\/\/www.chateaulancyre-laboutique.com\/product-page\/lancyre-en-f%C3%AAte-samedi-14-mai\" target=\"_blank\" rel=\"noreferrer noopener\">https:\/\/www.chateaulancyre-laboutique.com\/product-page\/lancyre-en-f%C3%AAte-samedi-14-mai<\/a><\/p>\n\n\n\n<div class=\"wp-block-image\"><figure class=\"aligncenter size-large\"><img data-recalc-dims=\"1\" loading=\"lazy\" decoding=\"async\" width=\"499\" height=\"1024\" data-attachment-id=\"3852\" data-permalink=\"https:\/\/www.altimara.eu\/blog\/2022\/05\/12\/balade-vigneronne\/capture-decran-2022-05-12-a-12-54-32\/\" data-orig-file=\"https:\/\/i0.wp.com\/www.altimara.eu\/blog\/wp-content\/uploads\/2022\/05\/Capture-de%CC%81cran-2022-05-12-a%CC%80-12.54.32.jpg?fit=510%2C1046&amp;ssl=1\" data-orig-size=\"510,1046\" data-comments-opened=\"1\" data-image-meta=\"{&quot;aperture&quot;:&quot;0&quot;,&quot;credit&quot;:&quot;&quot;,&quot;camera&quot;:&quot;&quot;,&quot;caption&quot;:&quot;&quot;,&quot;created_timestamp&quot;:&quot;0&quot;,&quot;copyright&quot;:&quot;&quot;,&quot;focal_length&quot;:&quot;0&quot;,&quot;iso&quot;:&quot;0&quot;,&quot;shutter_speed&quot;:&quot;0&quot;,&quot;title&quot;:&quot;&quot;,&quot;orientation&quot;:&quot;0&quot;}\" data-image-title=\"Capture-de\u0301cran-2022-05-12-a\u0300-12.54.32\" data-image-description=\"\" data-image-caption=\"\" data-large-file=\"https:\/\/i0.wp.com\/www.altimara.eu\/blog\/wp-content\/uploads\/2022\/05\/Capture-de%CC%81cran-2022-05-12-a%CC%80-12.54.32.jpg?fit=499%2C1024&amp;ssl=1\" src=\"https:\/\/i0.wp.com\/www.altimara.eu\/blog\/wp-content\/uploads\/2022\/05\/Capture-de%CC%81cran-2022-05-12-a%CC%80-12.54.32.jpg?resize=499%2C1024&#038;ssl=1\" alt=\"\" class=\"wp-image-3852\" srcset=\"https:\/\/i0.wp.com\/www.altimara.eu\/blog\/wp-content\/uploads\/2022\/05\/Capture-de%CC%81cran-2022-05-12-a%CC%80-12.54.32.jpg?resize=499%2C1024&amp;ssl=1 499w, https:\/\/i0.wp.com\/www.altimara.eu\/blog\/wp-content\/uploads\/2022\/05\/Capture-de%CC%81cran-2022-05-12-a%CC%80-12.54.32.jpg?resize=146%2C300&amp;ssl=1 146w, https:\/\/i0.wp.com\/www.altimara.eu\/blog\/wp-content\/uploads\/2022\/05\/Capture-de%CC%81cran-2022-05-12-a%CC%80-12.54.32.jpg?w=510&amp;ssl=1 510w\" sizes=\"auto, (max-width: 499px) 100vw, 499px\" \/><\/figure><\/div>\n","protected":false},"excerpt":{"rendered":"<p>Samedi 15 et dimanche matin 16 rendez-vous sur le parcours de d\u00e9couverte du vignoble du domaine de Lancyre \u00e0 Valflaun\u00e8s. Je serai sur l&#8217;emplacement d&rsquo;une ancienne loge charbonni\u00e8re pour parler de ce beau m\u00e9tier. Ce vendredi avec mes deux stagiaires nous allons monter une meule sur cet emplacement. D\u00e9gustation et charbon, paysages et Pic-St-Loup, chaleur [&hellip;]<\/p>\n","protected":false},"author":3,"featured_media":0,"comment_status":"open","ping_status":"open","sticky":false,"template":"","format":"standard","meta":{"ngg_post_thumbnail":0,"jetpack_post_was_ever_published":false,"_jetpack_newsletter_access":"","_jetpack_dont_email_post_to_subs":false,"_jetpack_newsletter_tier_id":0,"_jetpack_memberships_contains_paywalled_content":false,"_jetpack_memberships_contains_paid_content":false,"footnotes":"","jetpack_publicize_message":"","jetpack_publicize_feature_enabled":true,"jetpack_social_post_already_shared":true,"jetpack_social_options":{"image_generator_settings":{"template":"highway","default_image_id":0,"font":"","enabled":false},"version":2}},"categories":[1],"tags":[34,12,18],"class_list":["post-3851","post","type-post","status-publish","format-standard","hentry","category-non-classe","tag-charbon-de-bois-carbon-art","tag-charbonniere","tag-garrigue"],"jetpack_publicize_connections":[],"jetpack_featured_media_url":"","jetpack_shortlink":"https:\/\/wp.me\/p4r91c-107","jetpack_sharing_enabled":true,"jetpack-related-posts":[{"id":4604,"url":"https:\/\/www.altimara.eu\/blog\/2025\/05\/20\/vin-et-charbon\/","url_meta":{"origin":3851,"position":0},"title":"Vin et charbon","author":"Martiou","date":"20 mai 2025","format":false,"excerpt":"Deux jours pass\u00e9s au milieu d'un vignoble du Pic-St-Loup au domaine de Lancyre pour pr\u00e9senter l'activit\u00e9 charbonni\u00e8re de nos garrigues. Un pur plaisir \u00e0 la fois par le site, les rencontres et l'exceptionnelle qualit\u00e9 de l'\u00e9quipe du Ch\u00e2teau de Lancyre. Christel et R\u00e9gis Valentin, les heureux propri\u00e9taires de ce vignoble,\u2026","rel":"","context":"Dans &quot;0- MES CHARBONNI\u00c8RES&quot;","block_context":{"text":"0- MES CHARBONNI\u00c8RES","link":"https:\/\/www.altimara.eu\/blog\/category\/mes-charbonnieres\/"},"img":{"alt_text":"","src":"https:\/\/i0.wp.com\/www.altimara.eu\/blog\/wp-content\/uploads\/2025\/05\/IMG_20250518_110037-scaled.jpg?resize=350%2C200&ssl=1","width":350,"height":200,"srcset":"https:\/\/i0.wp.com\/www.altimara.eu\/blog\/wp-content\/uploads\/2025\/05\/IMG_20250518_110037-scaled.jpg?resize=350%2C200&ssl=1 1x, https:\/\/i0.wp.com\/www.altimara.eu\/blog\/wp-content\/uploads\/2025\/05\/IMG_20250518_110037-scaled.jpg?resize=525%2C300&ssl=1 1.5x, https:\/\/i0.wp.com\/www.altimara.eu\/blog\/wp-content\/uploads\/2025\/05\/IMG_20250518_110037-scaled.jpg?resize=700%2C400&ssl=1 2x, https:\/\/i0.wp.com\/www.altimara.eu\/blog\/wp-content\/uploads\/2025\/05\/IMG_20250518_110037-scaled.jpg?resize=1050%2C600&ssl=1 3x, https:\/\/i0.wp.com\/www.altimara.eu\/blog\/wp-content\/uploads\/2025\/05\/IMG_20250518_110037-scaled.jpg?resize=1400%2C800&ssl=1 4x"},"classes":[]},{"id":3855,"url":"https:\/\/www.altimara.eu\/blog\/2022\/05\/15\/charbonniere-vigneronne\/","url_meta":{"origin":3851,"position":1},"title":"Charbonni\u00e8re vigneronne","author":"Martiou","date":"15 mai 2022","format":false,"excerpt":"De tr\u00e8s bons moments dans un environnement superbe au milieu des vignes du Ch\u00e2teau de Lancyre et face au Pic-St-Loup. Les visiteurs avaient un parcours au travers des vignes et de la garrigue. J'\u00e9tais post\u00e9 dans une ancienne charbonni\u00e8re, au sommet d'une colline avec de la Syrah et du Carignan\u2026","rel":"","context":"Dans &quot;0- MES CHARBONNI\u00c8RES&quot;","block_context":{"text":"0- MES CHARBONNI\u00c8RES","link":"https:\/\/www.altimara.eu\/blog\/category\/mes-charbonnieres\/"},"img":{"alt_text":"","src":"https:\/\/i0.wp.com\/www.altimara.eu\/blog\/wp-content\/uploads\/2022\/05\/IMG_20220515_102518.jpg?resize=350%2C200&ssl=1","width":350,"height":200,"srcset":"https:\/\/i0.wp.com\/www.altimara.eu\/blog\/wp-content\/uploads\/2022\/05\/IMG_20220515_102518.jpg?resize=350%2C200&ssl=1 1x, https:\/\/i0.wp.com\/www.altimara.eu\/blog\/wp-content\/uploads\/2022\/05\/IMG_20220515_102518.jpg?resize=525%2C300&ssl=1 1.5x, https:\/\/i0.wp.com\/www.altimara.eu\/blog\/wp-content\/uploads\/2022\/05\/IMG_20220515_102518.jpg?resize=700%2C400&ssl=1 2x, https:\/\/i0.wp.com\/www.altimara.eu\/blog\/wp-content\/uploads\/2022\/05\/IMG_20220515_102518.jpg?resize=1050%2C600&ssl=1 3x, https:\/\/i0.wp.com\/www.altimara.eu\/blog\/wp-content\/uploads\/2022\/05\/IMG_20220515_102518.jpg?resize=1400%2C800&ssl=1 4x"},"classes":[]},{"id":2641,"url":"https:\/\/www.altimara.eu\/blog\/2018\/02\/20\/charbonniere-en-vue\/","url_meta":{"origin":3851,"position":2},"title":"Charbonni\u00e8re en vue","author":"Martiou","date":"20 f\u00e9vrier 2018","format":false,"excerpt":"Le d\u00e9but du mois de mars arrive et traditionnellement c'est ma p\u00e9riode de carbonisateur. Dans la premi\u00e8re semaine du mois, je (avec tous les potes) vais r\u00e9aliser un cuisson de bois pour le transformer en charbon. Le 7 mars, jour heureux, j'accueillerai un groupe de malentendants pour la visite de\u2026","rel":"","context":"Dans &quot;Charbon de bois&quot;","block_context":{"text":"Charbon de bois","link":"https:\/\/www.altimara.eu\/blog\/category\/charbon-de-bois-carbon-art\/"},"img":{"alt_text":"","src":"https:\/\/i0.wp.com\/www.altimara.eu\/blog\/wp-content\/uploads\/2018\/02\/IMG_20180217_160926014-2-300x169.jpg?resize=350%2C200","width":350,"height":200},"classes":[]},{"id":4588,"url":"https:\/\/www.altimara.eu\/blog\/2025\/05\/05\/charbonniere-et-vin\/","url_meta":{"origin":3851,"position":3},"title":"Charbonni\u00e8re et vin","author":"Martiou","date":"5 mai 2025","format":false,"excerpt":"Cette ann\u00e9e j'ai \u00e0 nouveau l'occasion d'animer un stand charbonni\u00e8re lors de la f\u00eate du Ch\u00e2teau Lancyre, domaine viticole Pic-St-Loup. Samedi 17 mai et dimanche 18 mai. De 10h30 \u00e0 15 h. Un magnifique parcours entre vignes et garrigues sous le regard puissant et bienveillant du Pic-St-Loup. Je serai sur\u2026","rel":"","context":"Dans &quot;\u00e9v\u00e9nementiel&quot;","block_context":{"text":"\u00e9v\u00e9nementiel","link":"https:\/\/www.altimara.eu\/blog\/category\/evenementiel\/"},"img":{"alt_text":"","src":"https:\/\/i0.wp.com\/www.altimara.eu\/blog\/wp-content\/uploads\/2025\/05\/Capture-decran-2025-05-05-a-18.47.52.jpg?resize=350%2C200&ssl=1","width":350,"height":200},"classes":[]},{"id":1790,"url":"https:\/\/www.altimara.eu\/blog\/2016\/04\/18\/terrasses-gellone\/","url_meta":{"origin":3851,"position":4},"title":"Terrasses Gellone","author":"Martiou","date":"18 avril 2016","format":false,"excerpt":"Carbonisation en vall\u00e9e de l'H\u00e9rault, au lieu dit de Brunan, juste avant le village m\u00e9di\u00e9val de St-Guilhem-le-D\u00e9sert. L'emplacement de carbonisation \u00e9tait sur une des trois \"terrasses\", o\u00f9 se cultivait des oliviers et de la vigne. Seule l'olivette est rest\u00e9e. En contre bas, les puissants b\u00e2timents d\u00e9labr\u00e9s d'anciens moulins \u00e0 eau,\u2026","rel":"","context":"Dans &quot;Charbon de bois&quot;","block_context":{"text":"Charbon de bois","link":"https:\/\/www.altimara.eu\/blog\/category\/charbon-de-bois-carbon-art\/"},"img":{"alt_text":"_MAR9842","src":"https:\/\/i0.wp.com\/www.altimara.eu\/blog\/wp-content\/uploads\/2016\/04\/MAR9842.jpg?resize=350%2C200","width":350,"height":200,"srcset":"https:\/\/i0.wp.com\/www.altimara.eu\/blog\/wp-content\/uploads\/2016\/04\/MAR9842.jpg?resize=350%2C200 1x, https:\/\/i0.wp.com\/www.altimara.eu\/blog\/wp-content\/uploads\/2016\/04\/MAR9842.jpg?resize=525%2C300 1.5x, https:\/\/i0.wp.com\/www.altimara.eu\/blog\/wp-content\/uploads\/2016\/04\/MAR9842.jpg?resize=700%2C400 2x"},"classes":[]},{"id":2647,"url":"https:\/\/www.altimara.eu\/blog\/2018\/02\/25\/charbonniere-et-quad-tragenaires\/","url_meta":{"origin":3851,"position":5},"title":"Charbonni\u00e8re et quad-trag\u00e9naires&#8230;","author":"Martiou","date":"25 f\u00e9vrier 2018","format":false,"excerpt":"Belle s\u00e9ance de travail, arm\u00e9 d'un quad puissant et d'une remorque nous avons pu monter 3 st\u00e8res de bois et une remorque de terre. La terre est l'\u00e9l\u00e9ment le plus difficile \u00e0 trouver sur place dans cet environnement min\u00e9ral. J'ai \u00e0 disposition un volume qui reste des pr\u00e9c\u00e9dentes charbonni\u00e8res mais\u2026","rel":"","context":"Dans &quot;Charbon de bois&quot;","block_context":{"text":"Charbon de bois","link":"https:\/\/www.altimara.eu\/blog\/category\/charbon-de-bois-carbon-art\/"},"img":{"alt_text":"","src":"https:\/\/i0.wp.com\/www.altimara.eu\/blog\/wp-content\/uploads\/2018\/02\/MAR5094.jpg?resize=350%2C200","width":350,"height":200,"srcset":"https:\/\/i0.wp.com\/www.altimara.eu\/blog\/wp-content\/uploads\/2018\/02\/MAR5094.jpg?resize=350%2C200 1x, https:\/\/i0.wp.com\/www.altimara.eu\/blog\/wp-content\/uploads\/2018\/02\/MAR5094.jpg?resize=525%2C300 1.5x, https:\/\/i0.wp.com\/www.altimara.eu\/blog\/wp-content\/uploads\/2018\/02\/MAR5094.jpg?resize=700%2C400 2x"},"classes":[]}],"_links":{"self":[{"href":"https:\/\/www.altimara.eu\/blog\/wp-json\/wp\/v2\/posts\/3851","targetHints":{"allow":["GET"]}}],"collection":[{"href":"https:\/\/www.altimara.eu\/blog\/wp-json\/wp\/v2\/posts"}],"about":[{"href":"https:\/\/www.altimara.eu\/blog\/wp-json\/wp\/v2\/types\/post"}],"author":[{"embeddable":true,"href":"https:\/\/www.altimara.eu\/blog\/wp-json\/wp\/v2\/users\/3"}],"replies":[{"embeddable":true,"href":"https:\/\/www.altimara.eu\/blog\/wp-json\/wp\/v2\/comments?post=3851"}],"version-history":[{"count":0,"href":"https:\/\/www.altimara.eu\/blog\/wp-json\/wp\/v2\/posts\/3851\/revisions"}],"wp:attachment":[{"href":"https:\/\/www.altimara.eu\/blog\/wp-json\/wp\/v2\/media?parent=3851"}],"wp:term":[{"taxonomy":"category","embeddable":true,"href":"https:\/\/www.altimara.eu\/blog\/wp-json\/wp\/v2\/categories?post=3851"},{"taxonomy":"post_tag","embeddable":true,"href":"https:\/\/www.altimara.eu\/blog\/wp-json\/wp\/v2\/tags?post=3851"}],"curies":[{"name":"wp","href":"https:\/\/api.w.org\/{rel}","templated":true}]}}