{"id":3826,"date":"2022-03-02T14:49:18","date_gmt":"2022-03-02T13:49:18","guid":{"rendered":"https:\/\/www.altimara.eu\/blog\/?p=3826"},"modified":"2022-03-02T14:49:18","modified_gmt":"2022-03-02T13:49:18","slug":"bleu-et-jaune","status":"publish","type":"post","link":"https:\/\/www.altimara.eu\/blog\/2022\/03\/02\/bleu-et-jaune\/","title":{"rendered":"Bleu et jaune"},"content":{"rendered":"\n<p>Une lueur d&rsquo;espoir pour celles et ceux qui meurent de la b\u00eatise humaine!<\/p>\n\n\n\n<div class=\"wp-block-image\"><figure class=\"aligncenter size-large\"><img data-recalc-dims=\"1\" loading=\"lazy\" decoding=\"async\" width=\"627\" height=\"838\" data-attachment-id=\"3827\" data-permalink=\"https:\/\/www.altimara.eu\/blog\/2022\/03\/02\/bleu-et-jaune\/img_20220224_161259_1-2\/\" data-orig-file=\"https:\/\/i0.wp.com\/www.altimara.eu\/blog\/wp-content\/uploads\/2022\/03\/IMG_20220224_161259_1-2.jpg?fit=1496%2C2000&amp;ssl=1\" data-orig-size=\"1496,2000\" data-comments-opened=\"1\" data-image-meta=\"{&quot;aperture&quot;:&quot;1.8&quot;,&quot;credit&quot;:&quot;Martial Acquarone&quot;,&quot;camera&quot;:&quot;M2003J15SC&quot;,&quot;caption&quot;:&quot;&quot;,&quot;created_timestamp&quot;:&quot;1645719179&quot;,&quot;copyright&quot;:&quot;CC BY-SA 4.0&quot;,&quot;focal_length&quot;:&quot;4.74&quot;,&quot;iso&quot;:&quot;100&quot;,&quot;shutter_speed&quot;:&quot;0.00025&quot;,&quot;title&quot;:&quot;&quot;,&quot;orientation&quot;:&quot;0&quot;}\" data-image-title=\"IMG_20220224_161259_1-2\" data-image-description=\"\" data-image-caption=\"\" data-large-file=\"https:\/\/i0.wp.com\/www.altimara.eu\/blog\/wp-content\/uploads\/2022\/03\/IMG_20220224_161259_1-2.jpg?fit=627%2C838&amp;ssl=1\" src=\"https:\/\/i0.wp.com\/www.altimara.eu\/blog\/wp-content\/uploads\/2022\/03\/IMG_20220224_161259_1-2.jpg?resize=627%2C838&#038;ssl=1\" alt=\"\" class=\"wp-image-3827\" srcset=\"https:\/\/i0.wp.com\/www.altimara.eu\/blog\/wp-content\/uploads\/2022\/03\/IMG_20220224_161259_1-2.jpg?resize=766%2C1024&amp;ssl=1 766w, https:\/\/i0.wp.com\/www.altimara.eu\/blog\/wp-content\/uploads\/2022\/03\/IMG_20220224_161259_1-2.jpg?resize=224%2C300&amp;ssl=1 224w, https:\/\/i0.wp.com\/www.altimara.eu\/blog\/wp-content\/uploads\/2022\/03\/IMG_20220224_161259_1-2.jpg?resize=768%2C1027&amp;ssl=1 768w, https:\/\/i0.wp.com\/www.altimara.eu\/blog\/wp-content\/uploads\/2022\/03\/IMG_20220224_161259_1-2.jpg?resize=1149%2C1536&amp;ssl=1 1149w, https:\/\/i0.wp.com\/www.altimara.eu\/blog\/wp-content\/uploads\/2022\/03\/IMG_20220224_161259_1-2.jpg?w=1496&amp;ssl=1 1496w, https:\/\/i0.wp.com\/www.altimara.eu\/blog\/wp-content\/uploads\/2022\/03\/IMG_20220224_161259_1-2.jpg?w=1254&amp;ssl=1 1254w\" sizes=\"auto, (max-width: 627px) 100vw, 627px\" \/><\/figure><\/div>\n","protected":false},"excerpt":{"rendered":"<p>Une lueur d&rsquo;espoir pour celles et ceux qui meurent de la b\u00eatise humaine!<\/p>\n","protected":false},"author":3,"featured_media":0,"comment_status":"open","ping_status":"open","sticky":false,"template":"","format":"standard","meta":{"ngg_post_thumbnail":0,"jetpack_post_was_ever_published":false,"_jetpack_newsletter_access":"","_jetpack_dont_email_post_to_subs":false,"_jetpack_newsletter_tier_id":0,"_jetpack_memberships_contains_paywalled_content":false,"_jetpack_memberships_contains_paid_content":false,"footnotes":"","jetpack_publicize_message":"","jetpack_publicize_feature_enabled":true,"jetpack_social_post_already_shared":true,"jetpack_social_options":{"image_generator_settings":{"template":"highway","default_image_id":0,"font":"","enabled":false},"version":2}},"categories":[6,37],"tags":[34],"class_list":["post-3826","post","type-post","status-publish","format-standard","hentry","category-charbon-de-bois-carbon-art","category-evenementiel","tag-charbon-de-bois-carbon-art"],"jetpack_publicize_connections":[],"jetpack_featured_media_url":"","jetpack_shortlink":"https:\/\/wp.me\/p4r91c-ZI","jetpack_sharing_enabled":true,"jetpack-related-posts":[{"id":3271,"url":"https:\/\/www.altimara.eu\/blog\/2020\/01\/19\/roi-charbon\/","url_meta":{"origin":3826,"position":0},"title":"Roi Charbon","author":"Martiou","date":"19 janvier 2020","format":false,"excerpt":"Voil\u00e0 une BD originale, sans texte et tr\u00e8s graphique et qui interpelle le charbonnier que je suis. C'est l'oeuvre d'un certain Max, catalan barcelonais, auteur de bandes dessin\u00e9es. Sa BD m'a \u00e9t\u00e9 offerte \u00e0 Noel et elle ne me laisse pas indiff\u00e9rente. D'abord le titre \"Roi Charbon\". Serait il le\u2026","rel":"","context":"Dans &quot;\u00e9v\u00e9nementiel&quot;","block_context":{"text":"\u00e9v\u00e9nementiel","link":"https:\/\/www.altimara.eu\/blog\/category\/evenementiel\/"},"img":{"alt_text":"","src":"https:\/\/i0.wp.com\/www.altimara.eu\/blog\/wp-content\/uploads\/2020\/01\/roi-charbon-i.jpg?resize=350%2C200&ssl=1","width":350,"height":200,"srcset":"https:\/\/i0.wp.com\/www.altimara.eu\/blog\/wp-content\/uploads\/2020\/01\/roi-charbon-i.jpg?resize=350%2C200&ssl=1 1x, https:\/\/i0.wp.com\/www.altimara.eu\/blog\/wp-content\/uploads\/2020\/01\/roi-charbon-i.jpg?resize=525%2C300&ssl=1 1.5x, https:\/\/i0.wp.com\/www.altimara.eu\/blog\/wp-content\/uploads\/2020\/01\/roi-charbon-i.jpg?resize=700%2C400&ssl=1 2x"},"classes":[]},{"id":4597,"url":"https:\/\/www.altimara.eu\/blog\/2025\/05\/15\/jean-xxv\/","url_meta":{"origin":3826,"position":1},"title":"Jean XXV","author":"Martiou","date":"15 mai 2025","format":false,"excerpt":"De la fum\u00e9e blanche dans tous les coins, fum\u00e9es non papales, habemus Carbonisarius. Santa Laura Carbonia Finalement c'est curieux de voir que pour faire un charbon tr\u00e8s noir on produit d'\u00e9normes quantit\u00e9s de fum\u00e9es blanches. Fum\u00e9es qui jaunissent puis donnent un superbe bleu digne des \u0153uvres de Van Gogh. Jean\u2026","rel":"","context":"Dans &quot;Charbon de bois&quot;","block_context":{"text":"Charbon de bois","link":"https:\/\/www.altimara.eu\/blog\/category\/charbon-de-bois-carbon-art\/"},"img":{"alt_text":"","src":"https:\/\/i0.wp.com\/www.altimara.eu\/blog\/wp-content\/uploads\/2025\/05\/IMG_20250514_155526-scaled.jpg?resize=350%2C200&ssl=1","width":350,"height":200,"srcset":"https:\/\/i0.wp.com\/www.altimara.eu\/blog\/wp-content\/uploads\/2025\/05\/IMG_20250514_155526-scaled.jpg?resize=350%2C200&ssl=1 1x, https:\/\/i0.wp.com\/www.altimara.eu\/blog\/wp-content\/uploads\/2025\/05\/IMG_20250514_155526-scaled.jpg?resize=525%2C300&ssl=1 1.5x, https:\/\/i0.wp.com\/www.altimara.eu\/blog\/wp-content\/uploads\/2025\/05\/IMG_20250514_155526-scaled.jpg?resize=700%2C400&ssl=1 2x, https:\/\/i0.wp.com\/www.altimara.eu\/blog\/wp-content\/uploads\/2025\/05\/IMG_20250514_155526-scaled.jpg?resize=1050%2C600&ssl=1 3x, https:\/\/i0.wp.com\/www.altimara.eu\/blog\/wp-content\/uploads\/2025\/05\/IMG_20250514_155526-scaled.jpg?resize=1400%2C800&ssl=1 4x"},"classes":[]},{"id":4374,"url":"https:\/\/www.altimara.eu\/blog\/2024\/05\/19\/jean-lardechois-24\/","url_meta":{"origin":3826,"position":2},"title":"Jean l&rsquo;Ard\u00e9chois 24","author":"Martiou","date":"19 mai 2024","format":false,"excerpt":"En fait c'est la 20\u00e8 \u00e9dition de sa f\u00eate de la charbonni\u00e8re dans son joli coin de garrigue vers Bourg-St-And\u00e9ol. Toute l'\u00e9quipe \u00e9tait l\u00e0, les m\u00e9tallurgistes et les forgerons (femmes et hommes). Nous ne sommes pass\u00e9s que pour trois jours. No\u00e9 devait \u00eatre l\u00e0 aussi car \u00e7a \u00e9t\u00e9 le d\u00e9luge\u2026","rel":"","context":"Dans &quot;Charbon de bois&quot;","block_context":{"text":"Charbon de bois","link":"https:\/\/www.altimara.eu\/blog\/category\/charbon-de-bois-carbon-art\/"},"img":{"alt_text":"","src":"https:\/\/i0.wp.com\/www.altimara.eu\/blog\/wp-content\/uploads\/2024\/05\/MA5_3476.jpg?resize=350%2C200&ssl=1","width":350,"height":200,"srcset":"https:\/\/i0.wp.com\/www.altimara.eu\/blog\/wp-content\/uploads\/2024\/05\/MA5_3476.jpg?resize=350%2C200&ssl=1 1x, https:\/\/i0.wp.com\/www.altimara.eu\/blog\/wp-content\/uploads\/2024\/05\/MA5_3476.jpg?resize=525%2C300&ssl=1 1.5x, https:\/\/i0.wp.com\/www.altimara.eu\/blog\/wp-content\/uploads\/2024\/05\/MA5_3476.jpg?resize=700%2C400&ssl=1 2x, https:\/\/i0.wp.com\/www.altimara.eu\/blog\/wp-content\/uploads\/2024\/05\/MA5_3476.jpg?resize=1050%2C600&ssl=1 3x, https:\/\/i0.wp.com\/www.altimara.eu\/blog\/wp-content\/uploads\/2024\/05\/MA5_3476.jpg?resize=1400%2C800&ssl=1 4x"},"classes":[]},{"id":4669,"url":"https:\/\/www.altimara.eu\/blog\/2025\/10\/07\/cambous-noir-charbon\/","url_meta":{"origin":3826,"position":3},"title":"Cambous noir charbon","author":"Martiou","date":"7 octobre 2025","format":false,"excerpt":"J'ai allum\u00e9 la meule le lundi matin pour une extinction le vendredi midi soit 5 jours de cuisson et donc 4 nuits. La conduite du feu s'est parfaitement r\u00e9alis\u00e9e avec cette fois ci une terre moins capricieuse. Maya, Luc et Simon ont veill\u00e9 avec attention pendant les nuits. Ils ont\u2026","rel":"","context":"Dans &quot;0- MES CHARBONNI\u00c8RES&quot;","block_context":{"text":"0- MES CHARBONNI\u00c8RES","link":"https:\/\/www.altimara.eu\/blog\/category\/mes-charbonnieres\/"},"img":{"alt_text":"","src":"https:\/\/i0.wp.com\/www.altimara.eu\/blog\/wp-content\/uploads\/2025\/10\/MA5_7424-1.jpg?resize=350%2C200&ssl=1","width":350,"height":200,"srcset":"https:\/\/i0.wp.com\/www.altimara.eu\/blog\/wp-content\/uploads\/2025\/10\/MA5_7424-1.jpg?resize=350%2C200&ssl=1 1x, https:\/\/i0.wp.com\/www.altimara.eu\/blog\/wp-content\/uploads\/2025\/10\/MA5_7424-1.jpg?resize=525%2C300&ssl=1 1.5x, https:\/\/i0.wp.com\/www.altimara.eu\/blog\/wp-content\/uploads\/2025\/10\/MA5_7424-1.jpg?resize=700%2C400&ssl=1 2x, https:\/\/i0.wp.com\/www.altimara.eu\/blog\/wp-content\/uploads\/2025\/10\/MA5_7424-1.jpg?resize=1050%2C600&ssl=1 3x"},"classes":[]},{"id":3909,"url":"https:\/\/www.altimara.eu\/blog\/2022\/07\/17\/charbonnieres-chez-jean-2\/","url_meta":{"origin":3826,"position":4},"title":"Charbonni\u00e8res chez Jean -2","author":"Martiou","date":"17 juillet 2022","format":false,"excerpt":"LES M\u00c9TALLURGISTES. Tout ce beau et bon charbon de bois est utilis\u00e9 par les m\u00e9tallurgistes. Ceux-ci, au gr\u00e8s des envies, pratiquent la r\u00e9duction, le coulage et autres dans des bas fourneaux ou des foyers puissamment aliment\u00e9s en charbon et ventilation. Coulage du bronze. La m\u00e9tallurgie est la base avant la\u2026","rel":"","context":"Dans &quot;Charbon de bois&quot;","block_context":{"text":"Charbon de bois","link":"https:\/\/www.altimara.eu\/blog\/category\/charbon-de-bois-carbon-art\/"},"img":{"alt_text":"","src":"https:\/\/i0.wp.com\/www.altimara.eu\/blog\/wp-content\/uploads\/2022\/06\/MAR9190.jpg?resize=350%2C200&ssl=1","width":350,"height":200,"srcset":"https:\/\/i0.wp.com\/www.altimara.eu\/blog\/wp-content\/uploads\/2022\/06\/MAR9190.jpg?resize=350%2C200&ssl=1 1x, https:\/\/i0.wp.com\/www.altimara.eu\/blog\/wp-content\/uploads\/2022\/06\/MAR9190.jpg?resize=525%2C300&ssl=1 1.5x, https:\/\/i0.wp.com\/www.altimara.eu\/blog\/wp-content\/uploads\/2022\/06\/MAR9190.jpg?resize=700%2C400&ssl=1 2x, https:\/\/i0.wp.com\/www.altimara.eu\/blog\/wp-content\/uploads\/2022\/06\/MAR9190.jpg?resize=1050%2C600&ssl=1 3x, https:\/\/i0.wp.com\/www.altimara.eu\/blog\/wp-content\/uploads\/2022\/06\/MAR9190.jpg?resize=1400%2C800&ssl=1 4x"},"classes":[]},{"id":2527,"url":"https:\/\/www.altimara.eu\/blog\/2017\/11\/28\/le-charbonnier-et-la-radio\/","url_meta":{"origin":3826,"position":5},"title":"Le charbonnier et la radio","author":"Martiou","date":"28 novembre 2017","format":false,"excerpt":"L'H\u00e9raultais du jour. Invit\u00e9 par A. Blin, l'animateur de la matinale sur France Bleu H\u00e9rault, j'ai pu en cinq petites minutes parler de ma passion de charbonnier. Tr\u00e8s sympathique et chaleureux, Antoine Blin m\u2019a permis,\u00a0dans ce court temps, de faire d\u00e9couvrir aux auditeurs mon exp\u00e9rience de maitre charbonnier. A \u00e9couter:\u2026","rel":"","context":"Dans &quot;Charbon de bois&quot;","block_context":{"text":"Charbon de bois","link":"https:\/\/www.altimara.eu\/blog\/category\/charbon-de-bois-carbon-art\/"},"img":{"alt_text":"","src":"https:\/\/i0.wp.com\/www.altimara.eu\/blog\/wp-content\/uploads\/2017\/11\/Capture-d%E2%80%99e%CC%81cran-2017-11-28-a%CC%80-10.12.08.png?resize=350%2C200&ssl=1","width":350,"height":200,"srcset":"https:\/\/i0.wp.com\/www.altimara.eu\/blog\/wp-content\/uploads\/2017\/11\/Capture-d%E2%80%99e%CC%81cran-2017-11-28-a%CC%80-10.12.08.png?resize=350%2C200&ssl=1 1x, https:\/\/i0.wp.com\/www.altimara.eu\/blog\/wp-content\/uploads\/2017\/11\/Capture-d%E2%80%99e%CC%81cran-2017-11-28-a%CC%80-10.12.08.png?resize=525%2C300&ssl=1 1.5x, https:\/\/i0.wp.com\/www.altimara.eu\/blog\/wp-content\/uploads\/2017\/11\/Capture-d%E2%80%99e%CC%81cran-2017-11-28-a%CC%80-10.12.08.png?resize=700%2C400&ssl=1 2x"},"classes":[]}],"_links":{"self":[{"href":"https:\/\/www.altimara.eu\/blog\/wp-json\/wp\/v2\/posts\/3826","targetHints":{"allow":["GET"]}}],"collection":[{"href":"https:\/\/www.altimara.eu\/blog\/wp-json\/wp\/v2\/posts"}],"about":[{"href":"https:\/\/www.altimara.eu\/blog\/wp-json\/wp\/v2\/types\/post"}],"author":[{"embeddable":true,"href":"https:\/\/www.altimara.eu\/blog\/wp-json\/wp\/v2\/users\/3"}],"replies":[{"embeddable":true,"href":"https:\/\/www.altimara.eu\/blog\/wp-json\/wp\/v2\/comments?post=3826"}],"version-history":[{"count":0,"href":"https:\/\/www.altimara.eu\/blog\/wp-json\/wp\/v2\/posts\/3826\/revisions"}],"wp:attachment":[{"href":"https:\/\/www.altimara.eu\/blog\/wp-json\/wp\/v2\/media?parent=3826"}],"wp:term":[{"taxonomy":"category","embeddable":true,"href":"https:\/\/www.altimara.eu\/blog\/wp-json\/wp\/v2\/categories?post=3826"},{"taxonomy":"post_tag","embeddable":true,"href":"https:\/\/www.altimara.eu\/blog\/wp-json\/wp\/v2\/tags?post=3826"}],"curies":[{"name":"wp","href":"https:\/\/api.w.org\/{rel}","templated":true}]}}