{"id":3811,"date":"2022-02-16T21:25:49","date_gmt":"2022-02-16T20:25:49","guid":{"rendered":"https:\/\/www.altimara.eu\/blog\/?p=3811"},"modified":"2022-02-16T21:25:49","modified_gmt":"2022-02-16T20:25:49","slug":"dentelles-de-charbon","status":"publish","type":"post","link":"https:\/\/www.altimara.eu\/blog\/2022\/02\/16\/dentelles-de-charbon\/","title":{"rendered":"Dentelles de charbon"},"content":{"rendered":"\n<p>Des photos de charbons prisent au microscope par l\u2019arch\u00e9ologue anthracologiste Silke Lange des Pays-Bas.<\/p>\n\n\n\n<p>Ces charbons sont issues des carbonisations en fosses que nous avons r\u00e9alis\u00e9 ensemble \u00e0 Ulft.<\/p>\n\n\n\n<p>Le bois d&rsquo;origine est du ch\u00eane.<\/p>\n\n\n\n<div class=\"wp-block-image\"><figure class=\"aligncenter size-full\"><img data-recalc-dims=\"1\" loading=\"lazy\" decoding=\"async\" width=\"627\" height=\"470\" data-attachment-id=\"3813\" data-permalink=\"https:\/\/www.altimara.eu\/blog\/2022\/02\/16\/dentelles-de-charbon\/charb-silke1\/\" data-orig-file=\"https:\/\/i0.wp.com\/www.altimara.eu\/blog\/wp-content\/uploads\/2022\/02\/charb-silke1.jpeg?fit=1024%2C768&amp;ssl=1\" data-orig-size=\"1024,768\" data-comments-opened=\"1\" data-image-meta=\"{&quot;aperture&quot;:&quot;0&quot;,&quot;credit&quot;:&quot;&quot;,&quot;camera&quot;:&quot;&quot;,&quot;caption&quot;:&quot;&quot;,&quot;created_timestamp&quot;:&quot;0&quot;,&quot;copyright&quot;:&quot;&quot;,&quot;focal_length&quot;:&quot;0&quot;,&quot;iso&quot;:&quot;0&quot;,&quot;shutter_speed&quot;:&quot;0&quot;,&quot;title&quot;:&quot;&quot;,&quot;orientation&quot;:&quot;0&quot;}\" data-image-title=\"charb-silke1\" data-image-description=\"\" data-image-caption=\"\" data-large-file=\"https:\/\/i0.wp.com\/www.altimara.eu\/blog\/wp-content\/uploads\/2022\/02\/charb-silke1.jpeg?fit=627%2C470&amp;ssl=1\" src=\"https:\/\/i0.wp.com\/www.altimara.eu\/blog\/wp-content\/uploads\/2022\/02\/charb-silke1.jpeg?resize=627%2C470&#038;ssl=1\" alt=\"\" class=\"wp-image-3813\" srcset=\"https:\/\/i0.wp.com\/www.altimara.eu\/blog\/wp-content\/uploads\/2022\/02\/charb-silke1.jpeg?w=1024&amp;ssl=1 1024w, https:\/\/i0.wp.com\/www.altimara.eu\/blog\/wp-content\/uploads\/2022\/02\/charb-silke1.jpeg?resize=300%2C225&amp;ssl=1 300w, https:\/\/i0.wp.com\/www.altimara.eu\/blog\/wp-content\/uploads\/2022\/02\/charb-silke1.jpeg?resize=768%2C576&amp;ssl=1 768w\" sizes=\"auto, (max-width: 627px) 100vw, 627px\" \/><\/figure><\/div>\n\n\n\n<div class=\"wp-block-image\"><figure class=\"aligncenter size-full\"><img data-recalc-dims=\"1\" loading=\"lazy\" decoding=\"async\" width=\"627\" height=\"470\" data-attachment-id=\"3814\" data-permalink=\"https:\/\/www.altimara.eu\/blog\/2022\/02\/16\/dentelles-de-charbon\/charbsilke2\/\" data-orig-file=\"https:\/\/i0.wp.com\/www.altimara.eu\/blog\/wp-content\/uploads\/2022\/02\/charbsilke2.jpeg?fit=1024%2C768&amp;ssl=1\" data-orig-size=\"1024,768\" data-comments-opened=\"1\" data-image-meta=\"{&quot;aperture&quot;:&quot;0&quot;,&quot;credit&quot;:&quot;&quot;,&quot;camera&quot;:&quot;&quot;,&quot;caption&quot;:&quot;&quot;,&quot;created_timestamp&quot;:&quot;0&quot;,&quot;copyright&quot;:&quot;&quot;,&quot;focal_length&quot;:&quot;0&quot;,&quot;iso&quot;:&quot;0&quot;,&quot;shutter_speed&quot;:&quot;0&quot;,&quot;title&quot;:&quot;&quot;,&quot;orientation&quot;:&quot;0&quot;}\" data-image-title=\"charbsilke2\" data-image-description=\"\" data-image-caption=\"\" data-large-file=\"https:\/\/i0.wp.com\/www.altimara.eu\/blog\/wp-content\/uploads\/2022\/02\/charbsilke2.jpeg?fit=627%2C470&amp;ssl=1\" src=\"https:\/\/i0.wp.com\/www.altimara.eu\/blog\/wp-content\/uploads\/2022\/02\/charbsilke2.jpeg?resize=627%2C470&#038;ssl=1\" alt=\"\" class=\"wp-image-3814\" srcset=\"https:\/\/i0.wp.com\/www.altimara.eu\/blog\/wp-content\/uploads\/2022\/02\/charbsilke2.jpeg?w=1024&amp;ssl=1 1024w, https:\/\/i0.wp.com\/www.altimara.eu\/blog\/wp-content\/uploads\/2022\/02\/charbsilke2.jpeg?resize=300%2C225&amp;ssl=1 300w, https:\/\/i0.wp.com\/www.altimara.eu\/blog\/wp-content\/uploads\/2022\/02\/charbsilke2.jpeg?resize=768%2C576&amp;ssl=1 768w\" sizes=\"auto, (max-width: 627px) 100vw, 627px\" \/><\/figure><\/div>\n\n\n\n<div class=\"wp-block-image\"><figure class=\"aligncenter size-full\"><img data-recalc-dims=\"1\" loading=\"lazy\" decoding=\"async\" width=\"627\" height=\"470\" data-attachment-id=\"3815\" data-permalink=\"https:\/\/www.altimara.eu\/blog\/2022\/02\/16\/dentelles-de-charbon\/charbsilke3\/\" data-orig-file=\"https:\/\/i0.wp.com\/www.altimara.eu\/blog\/wp-content\/uploads\/2022\/02\/charbsilke3.jpeg?fit=1024%2C768&amp;ssl=1\" data-orig-size=\"1024,768\" data-comments-opened=\"1\" data-image-meta=\"{&quot;aperture&quot;:&quot;0&quot;,&quot;credit&quot;:&quot;&quot;,&quot;camera&quot;:&quot;&quot;,&quot;caption&quot;:&quot;&quot;,&quot;created_timestamp&quot;:&quot;0&quot;,&quot;copyright&quot;:&quot;&quot;,&quot;focal_length&quot;:&quot;0&quot;,&quot;iso&quot;:&quot;0&quot;,&quot;shutter_speed&quot;:&quot;0&quot;,&quot;title&quot;:&quot;&quot;,&quot;orientation&quot;:&quot;0&quot;}\" data-image-title=\"charbsilke3\" data-image-description=\"\" data-image-caption=\"\" data-large-file=\"https:\/\/i0.wp.com\/www.altimara.eu\/blog\/wp-content\/uploads\/2022\/02\/charbsilke3.jpeg?fit=627%2C470&amp;ssl=1\" src=\"https:\/\/i0.wp.com\/www.altimara.eu\/blog\/wp-content\/uploads\/2022\/02\/charbsilke3.jpeg?resize=627%2C470&#038;ssl=1\" alt=\"\" class=\"wp-image-3815\" srcset=\"https:\/\/i0.wp.com\/www.altimara.eu\/blog\/wp-content\/uploads\/2022\/02\/charbsilke3.jpeg?w=1024&amp;ssl=1 1024w, https:\/\/i0.wp.com\/www.altimara.eu\/blog\/wp-content\/uploads\/2022\/02\/charbsilke3.jpeg?resize=300%2C225&amp;ssl=1 300w, https:\/\/i0.wp.com\/www.altimara.eu\/blog\/wp-content\/uploads\/2022\/02\/charbsilke3.jpeg?resize=768%2C576&amp;ssl=1 768w\" sizes=\"auto, (max-width: 627px) 100vw, 627px\" \/><\/figure><\/div>\n","protected":false},"excerpt":{"rendered":"<p>Des photos de charbons prisent au microscope par l\u2019arch\u00e9ologue anthracologiste Silke Lange des Pays-Bas. Ces charbons sont issues des carbonisations en fosses que nous avons r\u00e9alis\u00e9 ensemble \u00e0 Ulft. Le bois d&rsquo;origine est du ch\u00eane.<\/p>\n","protected":false},"author":3,"featured_media":0,"comment_status":"open","ping_status":"open","sticky":false,"template":"","format":"standard","meta":{"ngg_post_thumbnail":0,"jetpack_post_was_ever_published":false,"_jetpack_newsletter_access":"","_jetpack_dont_email_post_to_subs":false,"_jetpack_newsletter_tier_id":0,"_jetpack_memberships_contains_paywalled_content":false,"_jetpack_memberships_contains_paid_content":false,"footnotes":"","jetpack_publicize_message":"","jetpack_publicize_feature_enabled":true,"jetpack_social_post_already_shared":true,"jetpack_social_options":{"image_generator_settings":{"template":"highway","default_image_id":0,"font":"","enabled":false},"version":2}},"categories":[6,146],"tags":[34,140],"class_list":["post-3811","post","type-post","status-publish","format-standard","hentry","category-charbon-de-bois-carbon-art","category-charbonniere-en-fosse","tag-charbon-de-bois-carbon-art","tag-fosse"],"jetpack_publicize_connections":[],"jetpack_featured_media_url":"","jetpack_shortlink":"https:\/\/wp.me\/p4r91c-Zt","jetpack_sharing_enabled":true,"jetpack-related-posts":[{"id":4080,"url":"https:\/\/www.altimara.eu\/blog\/2023\/09\/17\/gruben-charb-en-fosse\/","url_meta":{"origin":3811,"position":0},"title":"Gruben &#8211; charb en fosse","author":"Martiou","date":"17 septembre 2023","format":false,"excerpt":"L'EKV, association europ\u00e9enne des charbonniers, a publi\u00e9 un livret sur les charbonni\u00e8res en fosse. Nous sommes quatre r\u00e9dacteurs a y avoir contribu\u00e9. \"A propos de la carbonisation du bois dans les fosses\". Les diff\u00e9rents articles sont pratiquement tous relatant des exp\u00e9riences, dans des fosses plut\u00f4t classiques en rond. Et souvent\u2026","rel":"","context":"Dans &quot;Charbon de bois&quot;","block_context":{"text":"Charbon de bois","link":"https:\/\/www.altimara.eu\/blog\/category\/charbon-de-bois-carbon-art\/"},"img":{"alt_text":"","src":"https:\/\/i0.wp.com\/www.altimara.eu\/blog\/wp-content\/uploads\/2023\/09\/gb-1-copie.jpeg?resize=350%2C200&ssl=1","width":350,"height":200,"srcset":"https:\/\/i0.wp.com\/www.altimara.eu\/blog\/wp-content\/uploads\/2023\/09\/gb-1-copie.jpeg?resize=350%2C200&ssl=1 1x, https:\/\/i0.wp.com\/www.altimara.eu\/blog\/wp-content\/uploads\/2023\/09\/gb-1-copie.jpeg?resize=525%2C300&ssl=1 1.5x, https:\/\/i0.wp.com\/www.altimara.eu\/blog\/wp-content\/uploads\/2023\/09\/gb-1-copie.jpeg?resize=700%2C400&ssl=1 2x"},"classes":[]},{"id":3463,"url":"https:\/\/www.altimara.eu\/blog\/2020\/10\/12\/nouvelle-cuisson-en-fosse\/","url_meta":{"origin":3811,"position":1},"title":"Nouvelle cuisson en fosse","author":"Martiou","date":"12 octobre 2020","format":false,"excerpt":"Une cuisson bien men\u00e9e lors de la f\u00eate de la charbonni\u00e8re chez mon ami Jean l'Ard\u00e9chois. La terre \u00e9tait tremp\u00e9e suite \u00e0 de gros orages mais facile a travailler. J'ai utilis\u00e9 la m\u00eame tranch\u00e9e que l'ann\u00e9e derni\u00e8re. La profondeur \u00e9tant limit\u00e9e par une dalle de pierre, j'ai agrandi sur les\u2026","rel":"","context":"Dans &quot;0- MES CHARBONNI\u00c8RES&quot;","block_context":{"text":"0- MES CHARBONNI\u00c8RES","link":"https:\/\/www.altimara.eu\/blog\/category\/mes-charbonnieres\/"},"img":{"alt_text":"","src":"https:\/\/i0.wp.com\/www.altimara.eu\/blog\/wp-content\/uploads\/2020\/10\/MAR4117.jpg?resize=350%2C200&ssl=1","width":350,"height":200,"srcset":"https:\/\/i0.wp.com\/www.altimara.eu\/blog\/wp-content\/uploads\/2020\/10\/MAR4117.jpg?resize=350%2C200&ssl=1 1x, https:\/\/i0.wp.com\/www.altimara.eu\/blog\/wp-content\/uploads\/2020\/10\/MAR4117.jpg?resize=525%2C300&ssl=1 1.5x, https:\/\/i0.wp.com\/www.altimara.eu\/blog\/wp-content\/uploads\/2020\/10\/MAR4117.jpg?resize=700%2C400&ssl=1 2x, https:\/\/i0.wp.com\/www.altimara.eu\/blog\/wp-content\/uploads\/2020\/10\/MAR4117.jpg?resize=1050%2C600&ssl=1 3x, https:\/\/i0.wp.com\/www.altimara.eu\/blog\/wp-content\/uploads\/2020\/10\/MAR4117.jpg?resize=1400%2C800&ssl=1 4x"},"classes":[]},{"id":3131,"url":"https:\/\/www.altimara.eu\/blog\/2019\/07\/17\/charbon-en-fosse\/","url_meta":{"origin":3811,"position":2},"title":"Charbon en fosse","author":"Martiou","date":"17 juillet 2019","format":false,"excerpt":"Une belle r\u00e9ussite d'une cuisson en fosse. J'ai repris le trou creus\u00e9 l'ann\u00e9e derni\u00e8re et je l'ai agrandi pour augmenter le volume. La profondeur a \u00e9t\u00e9 limit\u00e9 par une dalle de pierre en sous sol. Dimensions: 3 m de L, 0,70 m de l et environ 0,60 m de profondeur\u2026","rel":"","context":"Dans &quot;0- MES CHARBONNI\u00c8RES&quot;","block_context":{"text":"0- MES CHARBONNI\u00c8RES","link":"https:\/\/www.altimara.eu\/blog\/category\/mes-charbonnieres\/"},"img":{"alt_text":"","src":"https:\/\/i0.wp.com\/www.altimara.eu\/blog\/wp-content\/uploads\/2019\/07\/MAR9709.jpg?resize=350%2C200&ssl=1","width":350,"height":200,"srcset":"https:\/\/i0.wp.com\/www.altimara.eu\/blog\/wp-content\/uploads\/2019\/07\/MAR9709.jpg?resize=350%2C200&ssl=1 1x, https:\/\/i0.wp.com\/www.altimara.eu\/blog\/wp-content\/uploads\/2019\/07\/MAR9709.jpg?resize=525%2C300&ssl=1 1.5x, https:\/\/i0.wp.com\/www.altimara.eu\/blog\/wp-content\/uploads\/2019\/07\/MAR9709.jpg?resize=700%2C400&ssl=1 2x"},"classes":[]},{"id":3658,"url":"https:\/\/www.altimara.eu\/blog\/2021\/06\/21\/metallurgie-proto-historique\/","url_meta":{"origin":3811,"position":3},"title":"M\u00e9tallurgie proto-historique","author":"Martiou","date":"21 juin 2021","format":false,"excerpt":"Pendant les journ\u00e9es de la pr\u00e9histoire, des ateliers anim\u00e9s par des arch\u00e9ologues ont r\u00e9alis\u00e9 des d\u00e9monstrations de m\u00e9tallurgie et du travail du cuivre. L'activit\u00e9 \u00e9tait dans le site de Cambous \u00e0 Viols-en-Laval. Ce magnifique site, sous la pr\u00e9sence du Pic-St-Loup, comporte un ensemble de cabanes n\u00e9olithiques avec une reconstitution enti\u00e8re\u2026","rel":"","context":"Dans &quot;Charbon de bois&quot;","block_context":{"text":"Charbon de bois","link":"https:\/\/www.altimara.eu\/blog\/category\/charbon-de-bois-carbon-art\/"},"img":{"alt_text":"","src":"https:\/\/i0.wp.com\/www.altimara.eu\/blog\/wp-content\/uploads\/2021\/06\/MAR6737-scaled.jpg?resize=350%2C200&ssl=1","width":350,"height":200,"srcset":"https:\/\/i0.wp.com\/www.altimara.eu\/blog\/wp-content\/uploads\/2021\/06\/MAR6737-scaled.jpg?resize=350%2C200&ssl=1 1x, https:\/\/i0.wp.com\/www.altimara.eu\/blog\/wp-content\/uploads\/2021\/06\/MAR6737-scaled.jpg?resize=525%2C300&ssl=1 1.5x, https:\/\/i0.wp.com\/www.altimara.eu\/blog\/wp-content\/uploads\/2021\/06\/MAR6737-scaled.jpg?resize=700%2C400&ssl=1 2x, https:\/\/i0.wp.com\/www.altimara.eu\/blog\/wp-content\/uploads\/2021\/06\/MAR6737-scaled.jpg?resize=1050%2C600&ssl=1 3x, https:\/\/i0.wp.com\/www.altimara.eu\/blog\/wp-content\/uploads\/2021\/06\/MAR6737-scaled.jpg?resize=1400%2C800&ssl=1 4x"},"classes":[]},{"id":2876,"url":"https:\/\/www.altimara.eu\/blog\/2018\/11\/09\/cuisson-a-la-fosse\/","url_meta":{"origin":3811,"position":4},"title":"Cuisson \u00e0 la fosse","author":"Martiou","date":"9 novembre 2018","format":false,"excerpt":"La cuisson en meule semble apparaitre dans nos contr\u00e9es au Moyen-\u00c2ge. Cette technique se serait d\u00e9velopp\u00e9e dans les territoires du nord d'o\u00f9 son nom : la meule su\u00e9doise. Depuis l'antiquit\u00e9 et peut \u00eatre m\u00eame avant, la production du charbon en zone sud se r\u00e9alisait en fosse, c'est \u00e0 dire en\u2026","rel":"","context":"Dans &quot;0- MES CHARBONNI\u00c8RES&quot;","block_context":{"text":"0- MES CHARBONNI\u00c8RES","link":"https:\/\/www.altimara.eu\/blog\/category\/mes-charbonnieres\/"},"img":{"alt_text":"","src":"https:\/\/i0.wp.com\/www.altimara.eu\/blog\/wp-content\/uploads\/2018\/11\/MAR6544-200x300.jpg?resize=350%2C200","width":350,"height":200},"classes":[]},{"id":3760,"url":"https:\/\/www.altimara.eu\/blog\/2021\/11\/04\/archeo-et-fosse\/","url_meta":{"origin":3811,"position":5},"title":"Archeo et fosse","author":"Martiou","date":"4 novembre 2021","format":false,"excerpt":"Lors de mon s\u00e9jour aux Pays Bas, j'ai, en dehors de la charbonni\u00e8re en meule, particip\u00e9 \u00e0 l'exp\u00e9rimentation de cuissons en fosses. Silke et Janneke, deux arch\u00e9ologues, ont propos\u00e9 l'\u00e9tude de la carbonisation en trois fosses \u00e0 titre exp\u00e9rimental. Silke est anthracologue, elle \u00e9tudie les charbons de bois. Ses recherches\u2026","rel":"","context":"Dans &quot;0- MES CHARBONNI\u00c8RES&quot;","block_context":{"text":"0- MES CHARBONNI\u00c8RES","link":"https:\/\/www.altimara.eu\/blog\/category\/mes-charbonnieres\/"},"img":{"alt_text":"","src":"https:\/\/i0.wp.com\/www.altimara.eu\/blog\/wp-content\/uploads\/2021\/11\/MAR7809.jpg?resize=350%2C200&ssl=1","width":350,"height":200,"srcset":"https:\/\/i0.wp.com\/www.altimara.eu\/blog\/wp-content\/uploads\/2021\/11\/MAR7809.jpg?resize=350%2C200&ssl=1 1x, https:\/\/i0.wp.com\/www.altimara.eu\/blog\/wp-content\/uploads\/2021\/11\/MAR7809.jpg?resize=525%2C300&ssl=1 1.5x, https:\/\/i0.wp.com\/www.altimara.eu\/blog\/wp-content\/uploads\/2021\/11\/MAR7809.jpg?resize=700%2C400&ssl=1 2x, https:\/\/i0.wp.com\/www.altimara.eu\/blog\/wp-content\/uploads\/2021\/11\/MAR7809.jpg?resize=1050%2C600&ssl=1 3x, https:\/\/i0.wp.com\/www.altimara.eu\/blog\/wp-content\/uploads\/2021\/11\/MAR7809.jpg?resize=1400%2C800&ssl=1 4x"},"classes":[]}],"_links":{"self":[{"href":"https:\/\/www.altimara.eu\/blog\/wp-json\/wp\/v2\/posts\/3811","targetHints":{"allow":["GET"]}}],"collection":[{"href":"https:\/\/www.altimara.eu\/blog\/wp-json\/wp\/v2\/posts"}],"about":[{"href":"https:\/\/www.altimara.eu\/blog\/wp-json\/wp\/v2\/types\/post"}],"author":[{"embeddable":true,"href":"https:\/\/www.altimara.eu\/blog\/wp-json\/wp\/v2\/users\/3"}],"replies":[{"embeddable":true,"href":"https:\/\/www.altimara.eu\/blog\/wp-json\/wp\/v2\/comments?post=3811"}],"version-history":[{"count":0,"href":"https:\/\/www.altimara.eu\/blog\/wp-json\/wp\/v2\/posts\/3811\/revisions"}],"wp:attachment":[{"href":"https:\/\/www.altimara.eu\/blog\/wp-json\/wp\/v2\/media?parent=3811"}],"wp:term":[{"taxonomy":"category","embeddable":true,"href":"https:\/\/www.altimara.eu\/blog\/wp-json\/wp\/v2\/categories?post=3811"},{"taxonomy":"post_tag","embeddable":true,"href":"https:\/\/www.altimara.eu\/blog\/wp-json\/wp\/v2\/tags?post=3811"}],"curies":[{"name":"wp","href":"https:\/\/api.w.org\/{rel}","templated":true}]}}