{"id":3781,"date":"2021-12-28T11:44:55","date_gmt":"2021-12-28T10:44:55","guid":{"rendered":"https:\/\/www.altimara.eu\/blog\/?p=3781"},"modified":"2021-12-28T11:54:54","modified_gmt":"2021-12-28T10:54:54","slug":"ballet-de-rateaux","status":"publish","type":"post","link":"https:\/\/www.altimara.eu\/blog\/2021\/12\/28\/ballet-de-rateaux\/","title":{"rendered":"Ballet de r\u00e2teaux"},"content":{"rendered":"\n<p>Une belle chor\u00e9graphie des r\u00e2teaux en mode cavage ! Charbonni\u00e8re de Ulft<\/p>\n\n\n\n<figure class=\"wp-block-video\"><video height=\"480\" style=\"aspect-ratio: 848 \/ 480;\" width=\"848\" controls src=\"https:\/\/www.altimara.eu\/blog\/wp-content\/uploads\/2021\/12\/WhatsApp-Video-2021-12-27-at-14.26.32-1.mp4\"><\/video><\/figure>\n","protected":false},"excerpt":{"rendered":"<p>Une belle chor\u00e9graphie des r\u00e2teaux en mode cavage ! Charbonni\u00e8re de Ulft<\/p>\n","protected":false},"author":3,"featured_media":0,"comment_status":"open","ping_status":"open","sticky":false,"template":"","format":"standard","meta":{"ngg_post_thumbnail":0,"jetpack_post_was_ever_published":false,"_jetpack_newsletter_access":"","_jetpack_dont_email_post_to_subs":false,"_jetpack_newsletter_tier_id":0,"_jetpack_memberships_contains_paywalled_content":false,"_jetpack_memberships_contains_paid_content":false,"footnotes":"","jetpack_publicize_message":"","jetpack_publicize_feature_enabled":true,"jetpack_social_post_already_shared":true,"jetpack_social_options":{"image_generator_settings":{"template":"highway","default_image_id":0,"font":"","enabled":false},"version":2}},"categories":[65,6,37],"tags":[34,12],"class_list":["post-3781","post","type-post","status-publish","format-standard","hentry","category-mes-charbonnieres","category-charbon-de-bois-carbon-art","category-evenementiel","tag-charbon-de-bois-carbon-art","tag-charbonniere"],"jetpack_publicize_connections":[],"jetpack_featured_media_url":"","jetpack_shortlink":"https:\/\/wp.me\/p4r91c-YZ","jetpack_sharing_enabled":true,"jetpack-related-posts":[{"id":2721,"url":"https:\/\/www.altimara.eu\/blog\/2018\/03\/20\/blanchette-et-son-charbon\/","url_meta":{"origin":3781,"position":0},"title":"Blanchette et son charbon","author":"Martiou","date":"20 mars 2018","format":false,"excerpt":"Ouverture de la meule, d\u00e9cavage, il y avait encore des braises. Quelques \"mouches\" ou imbrul\u00e9s, tr\u00e8s peu, juste du cot\u00e9 nord. Par contre dans tout le reste le charbon est complet m\u00eame au contact du sol. La difficult\u00e9 avec une petite meule est le manque de puissance calorique. De plus\u2026","rel":"","context":"Dans &quot;0- MES CHARBONNI\u00c8RES&quot;","block_context":{"text":"0- MES CHARBONNI\u00c8RES","link":"https:\/\/www.altimara.eu\/blog\/category\/mes-charbonnieres\/"},"img":{"alt_text":"","src":"https:\/\/i0.wp.com\/www.altimara.eu\/blog\/wp-content\/uploads\/2018\/03\/MAR6446.jpg?resize=350%2C200&ssl=1","width":350,"height":200,"srcset":"https:\/\/i0.wp.com\/www.altimara.eu\/blog\/wp-content\/uploads\/2018\/03\/MAR6446.jpg?resize=350%2C200&ssl=1 1x, https:\/\/i0.wp.com\/www.altimara.eu\/blog\/wp-content\/uploads\/2018\/03\/MAR6446.jpg?resize=525%2C300&ssl=1 1.5x, https:\/\/i0.wp.com\/www.altimara.eu\/blog\/wp-content\/uploads\/2018\/03\/MAR6446.jpg?resize=700%2C400&ssl=1 2x"},"classes":[]},{"id":4011,"url":"https:\/\/www.altimara.eu\/blog\/2023\/04\/26\/faites-de-la-prehistoire\/","url_meta":{"origin":3781,"position":1},"title":"Faites de la pr\u00e9histoire.","author":"Martiou","date":"26 avril 2023","format":false,"excerpt":"Ouf, nous avons l'autorisation de faire du feu malgr\u00e9 la s\u00e9cheresse. Aux outils charbonnier et apprentis charbonniers !! Niveler le site, entreposer les 6 m3 de bois et les 2 m3 de terre, il nous faut aussi trouver 100 m de tuyau pour avoir un point d'eau. De la paille,\u2026","rel":"","context":"Dans &quot;0- MES CHARBONNI\u00c8RES&quot;","block_context":{"text":"0- MES CHARBONNI\u00c8RES","link":"https:\/\/www.altimara.eu\/blog\/category\/mes-charbonnieres\/"},"img":{"alt_text":"","src":"https:\/\/i0.wp.com\/www.altimara.eu\/blog\/wp-content\/uploads\/2023\/05\/Essai-2-Affiche-Journees-de-mai-1-1024x724-1.png?resize=350%2C200&ssl=1","width":350,"height":200,"srcset":"https:\/\/i0.wp.com\/www.altimara.eu\/blog\/wp-content\/uploads\/2023\/05\/Essai-2-Affiche-Journees-de-mai-1-1024x724-1.png?resize=350%2C200&ssl=1 1x, https:\/\/i0.wp.com\/www.altimara.eu\/blog\/wp-content\/uploads\/2023\/05\/Essai-2-Affiche-Journees-de-mai-1-1024x724-1.png?resize=525%2C300&ssl=1 1.5x, https:\/\/i0.wp.com\/www.altimara.eu\/blog\/wp-content\/uploads\/2023\/05\/Essai-2-Affiche-Journees-de-mai-1-1024x724-1.png?resize=700%2C400&ssl=1 2x"},"classes":[]},{"id":4007,"url":"https:\/\/www.altimara.eu\/blog\/2023\/04\/19\/charbonniere-a-jean\/","url_meta":{"origin":3781,"position":2},"title":"Charbonni\u00e8re \u00e0 Jean","author":"Martiou","date":"19 avril 2023","format":false,"excerpt":"Mois de mai, mois des charbonni\u00e8res. Pendant que je conduirai la mienne \u00e0 cot\u00e9 du Pic-St-Loup, Jean et son \u00e9quipe auront la leur dans le petit coin de garrigue ard\u00e9choise comme chaque ann\u00e9e. Faites f\u00eate au charbon de bois et aux charbonni\u00e8r-es !","rel":"","context":"Dans &quot;Charbon de bois&quot;","block_context":{"text":"Charbon de bois","link":"https:\/\/www.altimara.eu\/blog\/category\/charbon-de-bois-carbon-art\/"},"img":{"alt_text":"","src":"https:\/\/i0.wp.com\/www.altimara.eu\/blog\/wp-content\/uploads\/2023\/04\/Affiche-Charbonniere-2023_V25.jpg?resize=350%2C200&ssl=1","width":350,"height":200,"srcset":"https:\/\/i0.wp.com\/www.altimara.eu\/blog\/wp-content\/uploads\/2023\/04\/Affiche-Charbonniere-2023_V25.jpg?resize=350%2C200&ssl=1 1x, https:\/\/i0.wp.com\/www.altimara.eu\/blog\/wp-content\/uploads\/2023\/04\/Affiche-Charbonniere-2023_V25.jpg?resize=525%2C300&ssl=1 1.5x, https:\/\/i0.wp.com\/www.altimara.eu\/blog\/wp-content\/uploads\/2023\/04\/Affiche-Charbonniere-2023_V25.jpg?resize=700%2C400&ssl=1 2x, https:\/\/i0.wp.com\/www.altimara.eu\/blog\/wp-content\/uploads\/2023\/04\/Affiche-Charbonniere-2023_V25.jpg?resize=1050%2C600&ssl=1 3x, https:\/\/i0.wp.com\/www.altimara.eu\/blog\/wp-content\/uploads\/2023\/04\/Affiche-Charbonniere-2023_V25.jpg?resize=1400%2C800&ssl=1 4x"},"classes":[]},{"id":677,"url":"https:\/\/www.altimara.eu\/blog\/2014\/02\/20\/festival-des-charbonnieres-5\/","url_meta":{"origin":3781,"position":3},"title":"Festival des charbonni\u00e8res","author":"Martiou","date":"20 f\u00e9vrier 2014","format":false,"excerpt":"Une vue de 2012 qui donne un aper\u00e7u de la charbonni\u00e8re en train de se r\u00e9aliser. Pour tout savoir de la fabrication du charbon de bois en garrigue voir l'article:\u00a0http:\/\/altimara.wordpress.com\/2013\/12\/18\/comment-quon-fait-du-charbon-de-bois\/","rel":"","context":"Dans &quot;1 Festival charbonni\u00e8res LO GAROU&quot;","block_context":{"text":"1 Festival charbonni\u00e8res LO GAROU","link":"https:\/\/www.altimara.eu\/blog\/category\/1-festival-charbonnieres-lo-garou\/"},"img":{"alt_text":"titre-noir","src":"https:\/\/i0.wp.com\/www.altimara.eu\/blog\/wp-content\/uploads\/2014\/02\/titre-noir2.jpg?resize=350%2C200","width":350,"height":200},"classes":[]},{"id":3735,"url":"https:\/\/www.altimara.eu\/blog\/2021\/10\/20\/charbonniere-hollande-3\/","url_meta":{"origin":3781,"position":4},"title":"Charbonni\u00e8re Hollande","author":"Martiou","date":"20 octobre 2021","format":false,"excerpt":"Photo Peter Van Hoeflaken","rel":"","context":"Dans &quot;0- MES CHARBONNI\u00c8RES&quot;","block_context":{"text":"0- MES CHARBONNI\u00c8RES","link":"https:\/\/www.altimara.eu\/blog\/category\/mes-charbonnieres\/"},"img":{"alt_text":"","src":"https:\/\/i0.wp.com\/www.altimara.eu\/blog\/wp-content\/uploads\/2021\/10\/20211015_193120-scaled.jpg?resize=350%2C200&ssl=1","width":350,"height":200,"srcset":"https:\/\/i0.wp.com\/www.altimara.eu\/blog\/wp-content\/uploads\/2021\/10\/20211015_193120-scaled.jpg?resize=350%2C200&ssl=1 1x, https:\/\/i0.wp.com\/www.altimara.eu\/blog\/wp-content\/uploads\/2021\/10\/20211015_193120-scaled.jpg?resize=525%2C300&ssl=1 1.5x, https:\/\/i0.wp.com\/www.altimara.eu\/blog\/wp-content\/uploads\/2021\/10\/20211015_193120-scaled.jpg?resize=700%2C400&ssl=1 2x, https:\/\/i0.wp.com\/www.altimara.eu\/blog\/wp-content\/uploads\/2021\/10\/20211015_193120-scaled.jpg?resize=1050%2C600&ssl=1 3x, https:\/\/i0.wp.com\/www.altimara.eu\/blog\/wp-content\/uploads\/2021\/10\/20211015_193120-scaled.jpg?resize=1400%2C800&ssl=1 4x"},"classes":[]},{"id":1683,"url":"https:\/\/www.altimara.eu\/blog\/2016\/01\/31\/mes-charbonnieres\/","url_meta":{"origin":3781,"position":5},"title":"Mes charbonni\u00e8res","author":"Martiou","date":"31 janvier 2016","format":false,"excerpt":"Une galerie de photos pr\u00e9sentant toutes mes cuissons (il en manque 2 ou 3, faut que je retrouve les images). Cet article est en fixe dans \"Cat\u00e9gories\" \u00e0 droite de l'\u00e9cran.","rel":"","context":"Dans &quot;0- MES CHARBONNI\u00c8RES&quot;","block_context":{"text":"0- MES CHARBONNI\u00c8RES","link":"https:\/\/www.altimara.eu\/blog\/category\/mes-charbonnieres\/"},"img":{"alt_text":"","src":"","width":0,"height":0},"classes":[]}],"_links":{"self":[{"href":"https:\/\/www.altimara.eu\/blog\/wp-json\/wp\/v2\/posts\/3781","targetHints":{"allow":["GET"]}}],"collection":[{"href":"https:\/\/www.altimara.eu\/blog\/wp-json\/wp\/v2\/posts"}],"about":[{"href":"https:\/\/www.altimara.eu\/blog\/wp-json\/wp\/v2\/types\/post"}],"author":[{"embeddable":true,"href":"https:\/\/www.altimara.eu\/blog\/wp-json\/wp\/v2\/users\/3"}],"replies":[{"embeddable":true,"href":"https:\/\/www.altimara.eu\/blog\/wp-json\/wp\/v2\/comments?post=3781"}],"version-history":[{"count":0,"href":"https:\/\/www.altimara.eu\/blog\/wp-json\/wp\/v2\/posts\/3781\/revisions"}],"wp:attachment":[{"href":"https:\/\/www.altimara.eu\/blog\/wp-json\/wp\/v2\/media?parent=3781"}],"wp:term":[{"taxonomy":"category","embeddable":true,"href":"https:\/\/www.altimara.eu\/blog\/wp-json\/wp\/v2\/categories?post=3781"},{"taxonomy":"post_tag","embeddable":true,"href":"https:\/\/www.altimara.eu\/blog\/wp-json\/wp\/v2\/tags?post=3781"}],"curies":[{"name":"wp","href":"https:\/\/api.w.org\/{rel}","templated":true}]}}