{"id":3751,"date":"2021-10-29T19:15:02","date_gmt":"2021-10-29T18:15:02","guid":{"rendered":"https:\/\/www.altimara.eu\/blog\/?p=3751"},"modified":"2021-10-29T19:15:02","modified_gmt":"2021-10-29T18:15:02","slug":"janneke-meiler","status":"publish","type":"post","link":"https:\/\/www.altimara.eu\/blog\/2021\/10\/29\/janneke-meiler\/","title":{"rendered":"Janneke Meiler !"},"content":{"rendered":"\n<p>Le d\u00e9fournage s&rsquo;est vite arr\u00eat\u00e9 car le charbon toujours ardent prenait feu. Le peu que j&rsquo;ai pu sortir est d&rsquo;excellente qualit\u00e9. Par contre le cot\u00e9 sud de la meule est tr\u00e8s peu carbonis\u00e9, il y a un gros volume de bois, de l&rsquo;aulne, qui n&rsquo;a pas pris le feu. Le vent, le terrain spongieux et la terre sableuse de recouvrement ont perturb\u00e9 ma conduite. Malgr\u00e9 tout je suis heureux d&rsquo;avoir particip\u00e9 \u00e0 ce challenge avec la participation d&rsquo;Adrien et de toute l&rsquo;\u00e9quipe des b\u00e9n\u00e9voles.<\/p>\n\n\n\n<p>D&rsquo;un commun accord nous avons baptis\u00e9 cette charbonni\u00e8re : \u00ab\u00a0Janneke\u00a0\u00bb, du nom de la jeune arch\u00e9ologue dont c&rsquo;\u00e9tait l&rsquo;anniversaire. \u00ab\u00a0Meiler\u00a0\u00bb est meule en hollandais.<\/p>\n\n\n\n<figure class=\"wp-block-image size-large\"><img data-recalc-dims=\"1\" loading=\"lazy\" decoding=\"async\" width=\"627\" height=\"419\" data-attachment-id=\"3752\" data-permalink=\"https:\/\/www.altimara.eu\/blog\/2021\/10\/29\/janneke-meiler\/mar8057\/\" data-orig-file=\"https:\/\/i0.wp.com\/www.altimara.eu\/blog\/wp-content\/uploads\/2021\/10\/MAR8057.jpg?fit=2250%2C1502&amp;ssl=1\" data-orig-size=\"2250,1502\" data-comments-opened=\"1\" data-image-meta=\"{&quot;aperture&quot;:&quot;8&quot;,&quot;credit&quot;:&quot;Martial Acquarone&quot;,&quot;camera&quot;:&quot;NIKON D800&quot;,&quot;caption&quot;:&quot;&quot;,&quot;created_timestamp&quot;:&quot;1599563809&quot;,&quot;copyright&quot;:&quot;CC BY-SA 4.0&quot;,&quot;focal_length&quot;:&quot;34&quot;,&quot;iso&quot;:&quot;2000&quot;,&quot;shutter_speed&quot;:&quot;1.6&quot;,&quot;title&quot;:&quot;&quot;,&quot;orientation&quot;:&quot;0&quot;}\" data-image-title=\"MAR8057\" data-image-description=\"\" data-image-caption=\"\" data-large-file=\"https:\/\/i0.wp.com\/www.altimara.eu\/blog\/wp-content\/uploads\/2021\/10\/MAR8057.jpg?fit=627%2C419&amp;ssl=1\" src=\"https:\/\/i0.wp.com\/www.altimara.eu\/blog\/wp-content\/uploads\/2021\/10\/MAR8057.jpg?resize=627%2C419&#038;ssl=1\" alt=\"\" class=\"wp-image-3752\" srcset=\"https:\/\/i0.wp.com\/www.altimara.eu\/blog\/wp-content\/uploads\/2021\/10\/MAR8057.jpg?resize=1024%2C684&amp;ssl=1 1024w, https:\/\/i0.wp.com\/www.altimara.eu\/blog\/wp-content\/uploads\/2021\/10\/MAR8057.jpg?resize=300%2C200&amp;ssl=1 300w, https:\/\/i0.wp.com\/www.altimara.eu\/blog\/wp-content\/uploads\/2021\/10\/MAR8057.jpg?resize=768%2C513&amp;ssl=1 768w, https:\/\/i0.wp.com\/www.altimara.eu\/blog\/wp-content\/uploads\/2021\/10\/MAR8057.jpg?resize=1536%2C1025&amp;ssl=1 1536w, https:\/\/i0.wp.com\/www.altimara.eu\/blog\/wp-content\/uploads\/2021\/10\/MAR8057.jpg?resize=2048%2C1367&amp;ssl=1 2048w, https:\/\/i0.wp.com\/www.altimara.eu\/blog\/wp-content\/uploads\/2021\/10\/MAR8057.jpg?w=1254&amp;ssl=1 1254w, https:\/\/i0.wp.com\/www.altimara.eu\/blog\/wp-content\/uploads\/2021\/10\/MAR8057.jpg?w=1881&amp;ssl=1 1881w\" sizes=\"auto, (max-width: 627px) 100vw, 627px\" \/><figcaption>Belle de nuit.<\/figcaption><\/figure>\n\n\n\n<figure class=\"wp-block-image size-large\"><img data-recalc-dims=\"1\" loading=\"lazy\" decoding=\"async\" width=\"627\" height=\"419\" data-attachment-id=\"3753\" data-permalink=\"https:\/\/www.altimara.eu\/blog\/2021\/10\/29\/janneke-meiler\/mar8131\/\" data-orig-file=\"https:\/\/i0.wp.com\/www.altimara.eu\/blog\/wp-content\/uploads\/2021\/10\/MAR8131.jpg?fit=2250%2C1502&amp;ssl=1\" data-orig-size=\"2250,1502\" data-comments-opened=\"1\" data-image-meta=\"{&quot;aperture&quot;:&quot;11&quot;,&quot;credit&quot;:&quot;Martial Acquarone&quot;,&quot;camera&quot;:&quot;NIKON D800&quot;,&quot;caption&quot;:&quot;&quot;,&quot;created_timestamp&quot;:&quot;1599563809&quot;,&quot;copyright&quot;:&quot;CC BY-SA 4.0&quot;,&quot;focal_length&quot;:&quot;24&quot;,&quot;iso&quot;:&quot;640&quot;,&quot;shutter_speed&quot;:&quot;0.00625&quot;,&quot;title&quot;:&quot;&quot;,&quot;orientation&quot;:&quot;0&quot;}\" data-image-title=\"MAR8131\" data-image-description=\"\" data-image-caption=\"\" data-large-file=\"https:\/\/i0.wp.com\/www.altimara.eu\/blog\/wp-content\/uploads\/2021\/10\/MAR8131.jpg?fit=627%2C419&amp;ssl=1\" src=\"https:\/\/i0.wp.com\/www.altimara.eu\/blog\/wp-content\/uploads\/2021\/10\/MAR8131.jpg?resize=627%2C419&#038;ssl=1\" alt=\"\" class=\"wp-image-3753\" srcset=\"https:\/\/i0.wp.com\/www.altimara.eu\/blog\/wp-content\/uploads\/2021\/10\/MAR8131.jpg?resize=1024%2C684&amp;ssl=1 1024w, https:\/\/i0.wp.com\/www.altimara.eu\/blog\/wp-content\/uploads\/2021\/10\/MAR8131.jpg?resize=300%2C200&amp;ssl=1 300w, https:\/\/i0.wp.com\/www.altimara.eu\/blog\/wp-content\/uploads\/2021\/10\/MAR8131.jpg?resize=768%2C513&amp;ssl=1 768w, https:\/\/i0.wp.com\/www.altimara.eu\/blog\/wp-content\/uploads\/2021\/10\/MAR8131.jpg?resize=1536%2C1025&amp;ssl=1 1536w, https:\/\/i0.wp.com\/www.altimara.eu\/blog\/wp-content\/uploads\/2021\/10\/MAR8131.jpg?resize=2048%2C1367&amp;ssl=1 2048w, https:\/\/i0.wp.com\/www.altimara.eu\/blog\/wp-content\/uploads\/2021\/10\/MAR8131.jpg?w=1254&amp;ssl=1 1254w, https:\/\/i0.wp.com\/www.altimara.eu\/blog\/wp-content\/uploads\/2021\/10\/MAR8131.jpg?w=1881&amp;ssl=1 1881w\" sizes=\"auto, (max-width: 627px) 100vw, 627px\" \/><figcaption>Un charbon ardent, tr\u00e8s l\u00e9ger et qui tinte.<\/figcaption><\/figure>\n\n\n\n<figure class=\"wp-block-image size-large\"><img data-recalc-dims=\"1\" loading=\"lazy\" decoding=\"async\" width=\"627\" height=\"419\" data-attachment-id=\"3754\" data-permalink=\"https:\/\/www.altimara.eu\/blog\/2021\/10\/29\/janneke-meiler\/mar7944\/\" data-orig-file=\"https:\/\/i0.wp.com\/www.altimara.eu\/blog\/wp-content\/uploads\/2021\/10\/MAR7944.jpg?fit=2250%2C1502&amp;ssl=1\" data-orig-size=\"2250,1502\" data-comments-opened=\"1\" data-image-meta=\"{&quot;aperture&quot;:&quot;5.6&quot;,&quot;credit&quot;:&quot;Martial Acquarone&quot;,&quot;camera&quot;:&quot;NIKON D800&quot;,&quot;caption&quot;:&quot;&quot;,&quot;created_timestamp&quot;:&quot;1599563809&quot;,&quot;copyright&quot;:&quot;CC BY-SA 4.0&quot;,&quot;focal_length&quot;:&quot;48&quot;,&quot;iso&quot;:&quot;800&quot;,&quot;shutter_speed&quot;:&quot;0.008&quot;,&quot;title&quot;:&quot;&quot;,&quot;orientation&quot;:&quot;0&quot;}\" data-image-title=\"MAR7944\" data-image-description=\"\" data-image-caption=\"\" data-large-file=\"https:\/\/i0.wp.com\/www.altimara.eu\/blog\/wp-content\/uploads\/2021\/10\/MAR7944.jpg?fit=627%2C419&amp;ssl=1\" src=\"https:\/\/i0.wp.com\/www.altimara.eu\/blog\/wp-content\/uploads\/2021\/10\/MAR7944.jpg?resize=627%2C419&#038;ssl=1\" alt=\"\" class=\"wp-image-3754\" srcset=\"https:\/\/i0.wp.com\/www.altimara.eu\/blog\/wp-content\/uploads\/2021\/10\/MAR7944.jpg?resize=1024%2C684&amp;ssl=1 1024w, https:\/\/i0.wp.com\/www.altimara.eu\/blog\/wp-content\/uploads\/2021\/10\/MAR7944.jpg?resize=300%2C200&amp;ssl=1 300w, https:\/\/i0.wp.com\/www.altimara.eu\/blog\/wp-content\/uploads\/2021\/10\/MAR7944.jpg?resize=768%2C513&amp;ssl=1 768w, https:\/\/i0.wp.com\/www.altimara.eu\/blog\/wp-content\/uploads\/2021\/10\/MAR7944.jpg?resize=1536%2C1025&amp;ssl=1 1536w, https:\/\/i0.wp.com\/www.altimara.eu\/blog\/wp-content\/uploads\/2021\/10\/MAR7944.jpg?resize=2048%2C1367&amp;ssl=1 2048w, https:\/\/i0.wp.com\/www.altimara.eu\/blog\/wp-content\/uploads\/2021\/10\/MAR7944.jpg?w=1254&amp;ssl=1 1254w, https:\/\/i0.wp.com\/www.altimara.eu\/blog\/wp-content\/uploads\/2021\/10\/MAR7944.jpg?w=1881&amp;ssl=1 1881w\" sizes=\"auto, (max-width: 627px) 100vw, 627px\" \/><figcaption>Charbon d&rsquo;aulne, une premi\u00e8re pour moi.<\/figcaption><\/figure>\n\n\n\n<figure class=\"wp-block-image size-large\"><img data-recalc-dims=\"1\" loading=\"lazy\" decoding=\"async\" width=\"627\" height=\"469\" data-attachment-id=\"3755\" data-permalink=\"https:\/\/www.altimara.eu\/blog\/2021\/10\/29\/janneke-meiler\/img_20211025_130305\/\" data-orig-file=\"https:\/\/i0.wp.com\/www.altimara.eu\/blog\/wp-content\/uploads\/2021\/10\/IMG_20211025_130305.jpg?fit=2250%2C1683&amp;ssl=1\" data-orig-size=\"2250,1683\" data-comments-opened=\"1\" data-image-meta=\"{&quot;aperture&quot;:&quot;1.8&quot;,&quot;credit&quot;:&quot;Martial Acquarone&quot;,&quot;camera&quot;:&quot;M2003J15SC&quot;,&quot;caption&quot;:&quot;&quot;,&quot;created_timestamp&quot;:&quot;1599563809&quot;,&quot;copyright&quot;:&quot;CC BY-SA 4.0&quot;,&quot;focal_length&quot;:&quot;4.74&quot;,&quot;iso&quot;:&quot;103&quot;,&quot;shutter_speed&quot;:&quot;0.0016393442622951&quot;,&quot;title&quot;:&quot;&quot;,&quot;orientation&quot;:&quot;0&quot;}\" data-image-title=\"IMG_20211025_130305\" data-image-description=\"\" data-image-caption=\"\" data-large-file=\"https:\/\/i0.wp.com\/www.altimara.eu\/blog\/wp-content\/uploads\/2021\/10\/IMG_20211025_130305.jpg?fit=627%2C469&amp;ssl=1\" src=\"https:\/\/i0.wp.com\/www.altimara.eu\/blog\/wp-content\/uploads\/2021\/10\/IMG_20211025_130305.jpg?resize=627%2C469&#038;ssl=1\" alt=\"\" class=\"wp-image-3755\" srcset=\"https:\/\/i0.wp.com\/www.altimara.eu\/blog\/wp-content\/uploads\/2021\/10\/IMG_20211025_130305.jpg?resize=1024%2C766&amp;ssl=1 1024w, https:\/\/i0.wp.com\/www.altimara.eu\/blog\/wp-content\/uploads\/2021\/10\/IMG_20211025_130305.jpg?resize=300%2C224&amp;ssl=1 300w, https:\/\/i0.wp.com\/www.altimara.eu\/blog\/wp-content\/uploads\/2021\/10\/IMG_20211025_130305.jpg?resize=768%2C574&amp;ssl=1 768w, https:\/\/i0.wp.com\/www.altimara.eu\/blog\/wp-content\/uploads\/2021\/10\/IMG_20211025_130305.jpg?resize=1536%2C1149&amp;ssl=1 1536w, https:\/\/i0.wp.com\/www.altimara.eu\/blog\/wp-content\/uploads\/2021\/10\/IMG_20211025_130305.jpg?resize=2048%2C1532&amp;ssl=1 2048w, https:\/\/i0.wp.com\/www.altimara.eu\/blog\/wp-content\/uploads\/2021\/10\/IMG_20211025_130305.jpg?w=1254&amp;ssl=1 1254w, https:\/\/i0.wp.com\/www.altimara.eu\/blog\/wp-content\/uploads\/2021\/10\/IMG_20211025_130305.jpg?w=1881&amp;ssl=1 1881w\" sizes=\"auto, (max-width: 627px) 100vw, 627px\" \/><figcaption>Un \u00e9chantillon de l&rsquo;\u00e9quipe !!<\/figcaption><\/figure>\n\n\n\n<p>Dans un prochain article je reviendrai sur l&rsquo;exp\u00e9rimentation arch\u00e9ologique en fosse.<\/p>\n","protected":false},"excerpt":{"rendered":"<p>Le d\u00e9fournage s&rsquo;est vite arr\u00eat\u00e9 car le charbon toujours ardent prenait feu. Le peu que j&rsquo;ai pu sortir est d&rsquo;excellente qualit\u00e9. Par contre le cot\u00e9 sud de la meule est tr\u00e8s peu carbonis\u00e9, il y a un gros volume de bois, de l&rsquo;aulne, qui n&rsquo;a pas pris le feu. Le vent, le terrain spongieux et [&hellip;]<\/p>\n","protected":false},"author":3,"featured_media":0,"comment_status":"open","ping_status":"open","sticky":false,"template":"","format":"standard","meta":{"ngg_post_thumbnail":0,"jetpack_post_was_ever_published":false,"_jetpack_newsletter_access":"","_jetpack_dont_email_post_to_subs":false,"_jetpack_newsletter_tier_id":0,"_jetpack_memberships_contains_paywalled_content":false,"_jetpack_memberships_contains_paid_content":false,"footnotes":"","jetpack_publicize_message":"","jetpack_publicize_feature_enabled":true,"jetpack_social_post_already_shared":true,"jetpack_social_options":{"image_generator_settings":{"template":"highway","default_image_id":0,"font":"","enabled":false},"version":2}},"categories":[65,6,37],"tags":[34,12],"class_list":["post-3751","post","type-post","status-publish","format-standard","hentry","category-mes-charbonnieres","category-charbon-de-bois-carbon-art","category-evenementiel","tag-charbon-de-bois-carbon-art","tag-charbonniere"],"jetpack_publicize_connections":[],"jetpack_featured_media_url":"","jetpack_shortlink":"https:\/\/wp.me\/p4r91c-Yv","jetpack_sharing_enabled":true,"jetpack-related-posts":[{"id":3778,"url":"https:\/\/www.altimara.eu\/blog\/2021\/12\/13\/meiler-the-movie\/","url_meta":{"origin":3751,"position":0},"title":"Meiler, the movie","author":"Martiou","date":"13 d\u00e9cembre 2021","format":false,"excerpt":"Un joli petit film qui r\u00e9sume le temps de la charbonni\u00e8re aux Pays Bas \u00e0 Ulft. https:\/\/youtu.be\/MDlsR71-RnY https:\/\/youtu.be\/MDlsR71-RnY","rel":"","context":"Dans &quot;0- MES CHARBONNI\u00c8RES&quot;","block_context":{"text":"0- MES CHARBONNI\u00c8RES","link":"https:\/\/www.altimara.eu\/blog\/category\/mes-charbonnieres\/"},"img":{"alt_text":"","src":"https:\/\/i0.wp.com\/img.youtube.com\/vi\/MDlsR71-RnY\/0.jpg?resize=350%2C200","width":350,"height":200},"classes":[]},{"id":3883,"url":"https:\/\/www.altimara.eu\/blog\/2022\/05\/27\/charbonnieres-chez-jean-1\/","url_meta":{"origin":3751,"position":1},"title":"Charbonni\u00e8res chez Jean-1","author":"Martiou","date":"27 mai 2022","format":false,"excerpt":"LES CHARBONNIERS, la meule. Nous nous sommes retrouv\u00e9s, charbonniers, forgerons, m\u00e9tallurgistes et autres artisans des savoir-faire ancestraux chez Jean, en Ard\u00e8che, comme chaque ann\u00e9e en mai. Il y avait la traditionnelle meule des forgerons et de Jean, une cuisson dans un four m\u00e9tallique et ma charbonni\u00e8re en fosse circulaire. J'\u00e9crirai\u2026","rel":"","context":"Dans &quot;Charbon de bois&quot;","block_context":{"text":"Charbon de bois","link":"https:\/\/www.altimara.eu\/blog\/category\/charbon-de-bois-carbon-art\/"},"img":{"alt_text":"","src":"https:\/\/i0.wp.com\/www.altimara.eu\/blog\/wp-content\/uploads\/2022\/05\/MAR8966.jpg?resize=350%2C200&ssl=1","width":350,"height":200,"srcset":"https:\/\/i0.wp.com\/www.altimara.eu\/blog\/wp-content\/uploads\/2022\/05\/MAR8966.jpg?resize=350%2C200&ssl=1 1x, https:\/\/i0.wp.com\/www.altimara.eu\/blog\/wp-content\/uploads\/2022\/05\/MAR8966.jpg?resize=525%2C300&ssl=1 1.5x, https:\/\/i0.wp.com\/www.altimara.eu\/blog\/wp-content\/uploads\/2022\/05\/MAR8966.jpg?resize=700%2C400&ssl=1 2x, https:\/\/i0.wp.com\/www.altimara.eu\/blog\/wp-content\/uploads\/2022\/05\/MAR8966.jpg?resize=1050%2C600&ssl=1 3x, https:\/\/i0.wp.com\/www.altimara.eu\/blog\/wp-content\/uploads\/2022\/05\/MAR8966.jpg?resize=1400%2C800&ssl=1 4x"},"classes":[]},{"id":3131,"url":"https:\/\/www.altimara.eu\/blog\/2019\/07\/17\/charbon-en-fosse\/","url_meta":{"origin":3751,"position":2},"title":"Charbon en fosse","author":"Martiou","date":"17 juillet 2019","format":false,"excerpt":"Une belle r\u00e9ussite d'une cuisson en fosse. J'ai repris le trou creus\u00e9 l'ann\u00e9e derni\u00e8re et je l'ai agrandi pour augmenter le volume. La profondeur a \u00e9t\u00e9 limit\u00e9 par une dalle de pierre en sous sol. Dimensions: 3 m de L, 0,70 m de l et environ 0,60 m de profondeur\u2026","rel":"","context":"Dans &quot;0- MES CHARBONNI\u00c8RES&quot;","block_context":{"text":"0- MES CHARBONNI\u00c8RES","link":"https:\/\/www.altimara.eu\/blog\/category\/mes-charbonnieres\/"},"img":{"alt_text":"","src":"https:\/\/i0.wp.com\/www.altimara.eu\/blog\/wp-content\/uploads\/2019\/07\/MAR9709.jpg?resize=350%2C200&ssl=1","width":350,"height":200,"srcset":"https:\/\/i0.wp.com\/www.altimara.eu\/blog\/wp-content\/uploads\/2019\/07\/MAR9709.jpg?resize=350%2C200&ssl=1 1x, https:\/\/i0.wp.com\/www.altimara.eu\/blog\/wp-content\/uploads\/2019\/07\/MAR9709.jpg?resize=525%2C300&ssl=1 1.5x, https:\/\/i0.wp.com\/www.altimara.eu\/blog\/wp-content\/uploads\/2019\/07\/MAR9709.jpg?resize=700%2C400&ssl=1 2x"},"classes":[]},{"id":2006,"url":"https:\/\/www.altimara.eu\/blog\/2016\/09\/21\/festa-del-bosc-2\/","url_meta":{"origin":3751,"position":3},"title":"Festa Del Bosc","author":"Martiou","date":"21 septembre 2016","format":false,"excerpt":"Une manifestation fort sympathique dans les bois de la montagne noire. C'est dans une scierie, celle d'Arno, que la f\u00eate a eu lieu. Une pluie diluvienne avait d\u00e9tremp\u00e9e la terre argileuse et heureusement tous les artisans avait un bon abris dans le hangar. Sauf moi, charbonni\u00e8re oblige. faire du feu\u2026","rel":"","context":"Dans &quot;Charbon de bois&quot;","block_context":{"text":"Charbon de bois","link":"https:\/\/www.altimara.eu\/blog\/category\/charbon-de-bois-carbon-art\/"},"img":{"alt_text":"_mar1409","src":"https:\/\/i0.wp.com\/www.altimara.eu\/blog\/wp-content\/uploads\/2016\/09\/MAR1409.jpg?resize=350%2C200","width":350,"height":200,"srcset":"https:\/\/i0.wp.com\/www.altimara.eu\/blog\/wp-content\/uploads\/2016\/09\/MAR1409.jpg?resize=350%2C200 1x, https:\/\/i0.wp.com\/www.altimara.eu\/blog\/wp-content\/uploads\/2016\/09\/MAR1409.jpg?resize=525%2C300 1.5x, https:\/\/i0.wp.com\/www.altimara.eu\/blog\/wp-content\/uploads\/2016\/09\/MAR1409.jpg?resize=700%2C400 2x"},"classes":[]},{"id":2673,"url":"https:\/\/www.altimara.eu\/blog\/2018\/03\/06\/blanchette-fait-la-meule\/","url_meta":{"origin":3751,"position":4},"title":"Blanchette fait la meule","author":"Martiou","date":"6 mars 2018","format":false,"excerpt":"Elle est pr\u00eate au d\u00e9collage...jeudi Le meule est le nom du tas de bois recouvert de terre. Meule de bois comme meule de foin, cqfd. C'est souvent ce qu'on appelle la charbonni\u00e8re. Dans d'autres r\u00e9gions le mot fourneau est aussi utilis\u00e9. Cette meule a un volume de 3 st\u00e8res. C'est\u2026","rel":"","context":"Dans &quot;Charbon de bois&quot;","block_context":{"text":"Charbon de bois","link":"https:\/\/www.altimara.eu\/blog\/category\/charbon-de-bois-carbon-art\/"},"img":{"alt_text":"","src":"https:\/\/i0.wp.com\/www.altimara.eu\/blog\/wp-content\/uploads\/2018\/03\/MAR5552.jpg?resize=350%2C200","width":350,"height":200,"srcset":"https:\/\/i0.wp.com\/www.altimara.eu\/blog\/wp-content\/uploads\/2018\/03\/MAR5552.jpg?resize=350%2C200 1x, https:\/\/i0.wp.com\/www.altimara.eu\/blog\/wp-content\/uploads\/2018\/03\/MAR5552.jpg?resize=525%2C300 1.5x, https:\/\/i0.wp.com\/www.altimara.eu\/blog\/wp-content\/uploads\/2018\/03\/MAR5552.jpg?resize=700%2C400 2x"},"classes":[]},{"id":3210,"url":"https:\/\/www.altimara.eu\/blog\/2019\/11\/23\/montoulieu\/","url_meta":{"origin":3751,"position":5},"title":"Charbonni\u00e8re Montoulieu","author":"Martiou","date":"23 novembre 2019","format":false,"excerpt":"Senteurs et Couleurs de la Garrigue \u00e0 Montoulieu, une journ\u00e9e dense avec une forte pr\u00e9sence de public. Les organisateurs avaient mis en place un bel ensemble d'exposants et d'animations. J'avais construit deux charbonni\u00e8res. Une en coupe pour montrer l'int\u00e9rieur et surtout le montage autour du piquet central. Beaucoup de visiteurs\u2026","rel":"","context":"Dans &quot;0- MES CHARBONNI\u00c8RES&quot;","block_context":{"text":"0- MES CHARBONNI\u00c8RES","link":"https:\/\/www.altimara.eu\/blog\/category\/mes-charbonnieres\/"},"img":{"alt_text":"","src":"https:\/\/i0.wp.com\/www.altimara.eu\/blog\/wp-content\/uploads\/2019\/11\/IMG_20191111_131333231.jpg?resize=350%2C200&ssl=1","width":350,"height":200,"srcset":"https:\/\/i0.wp.com\/www.altimara.eu\/blog\/wp-content\/uploads\/2019\/11\/IMG_20191111_131333231.jpg?resize=350%2C200&ssl=1 1x, https:\/\/i0.wp.com\/www.altimara.eu\/blog\/wp-content\/uploads\/2019\/11\/IMG_20191111_131333231.jpg?resize=525%2C300&ssl=1 1.5x, https:\/\/i0.wp.com\/www.altimara.eu\/blog\/wp-content\/uploads\/2019\/11\/IMG_20191111_131333231.jpg?resize=700%2C400&ssl=1 2x"},"classes":[]}],"_links":{"self":[{"href":"https:\/\/www.altimara.eu\/blog\/wp-json\/wp\/v2\/posts\/3751","targetHints":{"allow":["GET"]}}],"collection":[{"href":"https:\/\/www.altimara.eu\/blog\/wp-json\/wp\/v2\/posts"}],"about":[{"href":"https:\/\/www.altimara.eu\/blog\/wp-json\/wp\/v2\/types\/post"}],"author":[{"embeddable":true,"href":"https:\/\/www.altimara.eu\/blog\/wp-json\/wp\/v2\/users\/3"}],"replies":[{"embeddable":true,"href":"https:\/\/www.altimara.eu\/blog\/wp-json\/wp\/v2\/comments?post=3751"}],"version-history":[{"count":0,"href":"https:\/\/www.altimara.eu\/blog\/wp-json\/wp\/v2\/posts\/3751\/revisions"}],"wp:attachment":[{"href":"https:\/\/www.altimara.eu\/blog\/wp-json\/wp\/v2\/media?parent=3751"}],"wp:term":[{"taxonomy":"category","embeddable":true,"href":"https:\/\/www.altimara.eu\/blog\/wp-json\/wp\/v2\/categories?post=3751"},{"taxonomy":"post_tag","embeddable":true,"href":"https:\/\/www.altimara.eu\/blog\/wp-json\/wp\/v2\/tags?post=3751"}],"curies":[{"name":"wp","href":"https:\/\/api.w.org\/{rel}","templated":true}]}}