{"id":3735,"date":"2021-10-20T22:37:02","date_gmt":"2021-10-20T21:37:02","guid":{"rendered":"https:\/\/www.altimara.eu\/blog\/?p=3735"},"modified":"2021-10-20T22:37:02","modified_gmt":"2021-10-20T21:37:02","slug":"charbonniere-hollande-3","status":"publish","type":"post","link":"https:\/\/www.altimara.eu\/blog\/2021\/10\/20\/charbonniere-hollande-3\/","title":{"rendered":"Charbonni\u00e8re Hollande"},"content":{"rendered":"\n<div class=\"wp-block-image\"><figure class=\"aligncenter size-large\"><img data-recalc-dims=\"1\" loading=\"lazy\" decoding=\"async\" width=\"627\" height=\"470\" data-attachment-id=\"3736\" data-permalink=\"https:\/\/www.altimara.eu\/blog\/2021\/10\/20\/charbonniere-hollande-3\/20211015_193120\/\" data-orig-file=\"https:\/\/i0.wp.com\/www.altimara.eu\/blog\/wp-content\/uploads\/2021\/10\/20211015_193120-scaled.jpg?fit=2560%2C1920&amp;ssl=1\" data-orig-size=\"2560,1920\" data-comments-opened=\"1\" data-image-meta=\"{&quot;aperture&quot;:&quot;2.4&quot;,&quot;credit&quot;:&quot;&quot;,&quot;camera&quot;:&quot;SM-G973F&quot;,&quot;caption&quot;:&quot;&quot;,&quot;created_timestamp&quot;:&quot;1634326282&quot;,&quot;copyright&quot;:&quot;&quot;,&quot;focal_length&quot;:&quot;4.32&quot;,&quot;iso&quot;:&quot;1250&quot;,&quot;shutter_speed&quot;:&quot;0.25&quot;,&quot;title&quot;:&quot;&quot;,&quot;orientation&quot;:&quot;1&quot;}\" data-image-title=\"20211015_193120\" data-image-description=\"\" data-image-caption=\"&lt;p&gt;Charbonni\u00e8re en Hollande&lt;\/p&gt;\n\" data-large-file=\"https:\/\/i0.wp.com\/www.altimara.eu\/blog\/wp-content\/uploads\/2021\/10\/20211015_193120-scaled.jpg?fit=627%2C470&amp;ssl=1\" src=\"https:\/\/i0.wp.com\/www.altimara.eu\/blog\/wp-content\/uploads\/2021\/10\/20211015_193120.jpg?resize=627%2C470&#038;ssl=1\" alt=\"\" class=\"wp-image-3736\" srcset=\"https:\/\/i0.wp.com\/www.altimara.eu\/blog\/wp-content\/uploads\/2021\/10\/20211015_193120-scaled.jpg?resize=1024%2C768&amp;ssl=1 1024w, https:\/\/i0.wp.com\/www.altimara.eu\/blog\/wp-content\/uploads\/2021\/10\/20211015_193120-scaled.jpg?resize=300%2C225&amp;ssl=1 300w, https:\/\/i0.wp.com\/www.altimara.eu\/blog\/wp-content\/uploads\/2021\/10\/20211015_193120-scaled.jpg?resize=768%2C576&amp;ssl=1 768w, https:\/\/i0.wp.com\/www.altimara.eu\/blog\/wp-content\/uploads\/2021\/10\/20211015_193120-scaled.jpg?resize=1536%2C1152&amp;ssl=1 1536w, https:\/\/i0.wp.com\/www.altimara.eu\/blog\/wp-content\/uploads\/2021\/10\/20211015_193120-scaled.jpg?resize=2048%2C1536&amp;ssl=1 2048w, https:\/\/i0.wp.com\/www.altimara.eu\/blog\/wp-content\/uploads\/2021\/10\/20211015_193120-scaled.jpg?w=1254&amp;ssl=1 1254w, https:\/\/i0.wp.com\/www.altimara.eu\/blog\/wp-content\/uploads\/2021\/10\/20211015_193120-scaled.jpg?w=1881&amp;ssl=1 1881w\" sizes=\"auto, (max-width: 627px) 100vw, 627px\" \/><figcaption>Photo Peter Van Hoeflaken<\/figcaption><\/figure><\/div>\n","protected":false},"excerpt":{"rendered":"","protected":false},"author":3,"featured_media":0,"comment_status":"open","ping_status":"open","sticky":false,"template":"","format":"standard","meta":{"ngg_post_thumbnail":0,"jetpack_post_was_ever_published":false,"_jetpack_newsletter_access":"","_jetpack_dont_email_post_to_subs":false,"_jetpack_newsletter_tier_id":0,"_jetpack_memberships_contains_paywalled_content":false,"_jetpack_memberships_contains_paid_content":false,"footnotes":"","jetpack_publicize_message":"","jetpack_publicize_feature_enabled":true,"jetpack_social_post_already_shared":true,"jetpack_social_options":{"image_generator_settings":{"template":"highway","default_image_id":0,"font":"","enabled":false},"version":2}},"categories":[65,6,37],"tags":[34,12],"class_list":["post-3735","post","type-post","status-publish","format-standard","hentry","category-mes-charbonnieres","category-charbon-de-bois-carbon-art","category-evenementiel","tag-charbon-de-bois-carbon-art","tag-charbonniere"],"jetpack_publicize_connections":[],"jetpack_featured_media_url":"","jetpack_shortlink":"https:\/\/wp.me\/p4r91c-Yf","jetpack_sharing_enabled":true,"jetpack-related-posts":[{"id":3722,"url":"https:\/\/www.altimara.eu\/blog\/2021\/10\/16\/charbonniere-hollande\/","url_meta":{"origin":3735,"position":0},"title":"Charbonni\u00e8re Hollande","author":"Martiou","date":"16 octobre 2021","format":false,"excerpt":"Superbe accueil par Paul Klaasen \u00e0 Ulft, \u00e0 l'est de la Hollande. Nous avons pos\u00e9 notre campement dans un champs, entre une ferme et une friche industrielle transform\u00e9e en lieu d'art. Des lapins gambadent dans l'herbe fraiche, des h\u00e9rons cherchent le vers de terre et des faucons font le saint\u2026","rel":"","context":"Dans &quot;0- MES CHARBONNI\u00c8RES&quot;","block_context":{"text":"0- MES CHARBONNI\u00c8RES","link":"https:\/\/www.altimara.eu\/blog\/category\/mes-charbonnieres\/"},"img":{"alt_text":"","src":"https:\/\/i0.wp.com\/www.altimara.eu\/blog\/wp-content\/uploads\/2021\/10\/MAR7758.jpg?resize=350%2C200&ssl=1","width":350,"height":200,"srcset":"https:\/\/i0.wp.com\/www.altimara.eu\/blog\/wp-content\/uploads\/2021\/10\/MAR7758.jpg?resize=350%2C200&ssl=1 1x, https:\/\/i0.wp.com\/www.altimara.eu\/blog\/wp-content\/uploads\/2021\/10\/MAR7758.jpg?resize=525%2C300&ssl=1 1.5x, https:\/\/i0.wp.com\/www.altimara.eu\/blog\/wp-content\/uploads\/2021\/10\/MAR7758.jpg?resize=700%2C400&ssl=1 2x, https:\/\/i0.wp.com\/www.altimara.eu\/blog\/wp-content\/uploads\/2021\/10\/MAR7758.jpg?resize=1050%2C600&ssl=1 3x, https:\/\/i0.wp.com\/www.altimara.eu\/blog\/wp-content\/uploads\/2021\/10\/MAR7758.jpg?resize=1400%2C800&ssl=1 4x"},"classes":[]},{"id":3751,"url":"https:\/\/www.altimara.eu\/blog\/2021\/10\/29\/janneke-meiler\/","url_meta":{"origin":3735,"position":1},"title":"Janneke Meiler !","author":"Martiou","date":"29 octobre 2021","format":false,"excerpt":"Le d\u00e9fournage s'est vite arr\u00eat\u00e9 car le charbon toujours ardent prenait feu. Le peu que j'ai pu sortir est d'excellente qualit\u00e9. Par contre le cot\u00e9 sud de la meule est tr\u00e8s peu carbonis\u00e9, il y a un gros volume de bois, de l'aulne, qui n'a pas pris le feu. Le\u2026","rel":"","context":"Dans &quot;0- MES CHARBONNI\u00c8RES&quot;","block_context":{"text":"0- MES CHARBONNI\u00c8RES","link":"https:\/\/www.altimara.eu\/blog\/category\/mes-charbonnieres\/"},"img":{"alt_text":"","src":"https:\/\/i0.wp.com\/www.altimara.eu\/blog\/wp-content\/uploads\/2021\/10\/MAR8057.jpg?resize=350%2C200&ssl=1","width":350,"height":200,"srcset":"https:\/\/i0.wp.com\/www.altimara.eu\/blog\/wp-content\/uploads\/2021\/10\/MAR8057.jpg?resize=350%2C200&ssl=1 1x, https:\/\/i0.wp.com\/www.altimara.eu\/blog\/wp-content\/uploads\/2021\/10\/MAR8057.jpg?resize=525%2C300&ssl=1 1.5x, https:\/\/i0.wp.com\/www.altimara.eu\/blog\/wp-content\/uploads\/2021\/10\/MAR8057.jpg?resize=700%2C400&ssl=1 2x, https:\/\/i0.wp.com\/www.altimara.eu\/blog\/wp-content\/uploads\/2021\/10\/MAR8057.jpg?resize=1050%2C600&ssl=1 3x, https:\/\/i0.wp.com\/www.altimara.eu\/blog\/wp-content\/uploads\/2021\/10\/MAR8057.jpg?resize=1400%2C800&ssl=1 4x"},"classes":[]},{"id":3716,"url":"https:\/\/www.altimara.eu\/blog\/2021\/10\/02\/charbonniere-hollandaise\/","url_meta":{"origin":3735,"position":2},"title":"Charbonni\u00e8re Hollandaise","author":"Martiou","date":"2 octobre 2021","format":false,"excerpt":"Adrien, un m\u00e9tallurgiste rencontr\u00e9 chez Jean en Ard\u00e8che, m'a invit\u00e9 \u00e0 une rencontre de charbonniers-\u00e8res en....Hollande. Dans la petite ville de Ulft, qui a un pass\u00e9 de fonderie, un symposium sur la m\u00e9tallurgie aura lieu fin Octobre. Les charbonniers nous seront en amont \u00e0 partir du 15 octobre. Au programme,\u2026","rel":"","context":"Dans &quot;Charbon de bois&quot;","block_context":{"text":"Charbon de bois","link":"https:\/\/www.altimara.eu\/blog\/category\/charbon-de-bois-carbon-art\/"},"img":{"alt_text":"","src":"https:\/\/i0.wp.com\/www.altimara.eu\/blog\/wp-content\/uploads\/2021\/10\/Capture-de%CC%81cran-2021-10-02-a%CC%80-14.16.18.jpg?resize=350%2C200&ssl=1","width":350,"height":200,"srcset":"https:\/\/i0.wp.com\/www.altimara.eu\/blog\/wp-content\/uploads\/2021\/10\/Capture-de%CC%81cran-2021-10-02-a%CC%80-14.16.18.jpg?resize=350%2C200&ssl=1 1x, https:\/\/i0.wp.com\/www.altimara.eu\/blog\/wp-content\/uploads\/2021\/10\/Capture-de%CC%81cran-2021-10-02-a%CC%80-14.16.18.jpg?resize=525%2C300&ssl=1 1.5x, https:\/\/i0.wp.com\/www.altimara.eu\/blog\/wp-content\/uploads\/2021\/10\/Capture-de%CC%81cran-2021-10-02-a%CC%80-14.16.18.jpg?resize=700%2C400&ssl=1 2x"},"classes":[]},{"id":3855,"url":"https:\/\/www.altimara.eu\/blog\/2022\/05\/15\/charbonniere-vigneronne\/","url_meta":{"origin":3735,"position":3},"title":"Charbonni\u00e8re vigneronne","author":"Martiou","date":"15 mai 2022","format":false,"excerpt":"De tr\u00e8s bons moments dans un environnement superbe au milieu des vignes du Ch\u00e2teau de Lancyre et face au Pic-St-Loup. Les visiteurs avaient un parcours au travers des vignes et de la garrigue. J'\u00e9tais post\u00e9 dans une ancienne charbonni\u00e8re, au sommet d'une colline avec de la Syrah et du Carignan\u2026","rel":"","context":"Dans &quot;0- MES CHARBONNI\u00c8RES&quot;","block_context":{"text":"0- MES CHARBONNI\u00c8RES","link":"https:\/\/www.altimara.eu\/blog\/category\/mes-charbonnieres\/"},"img":{"alt_text":"","src":"https:\/\/i0.wp.com\/www.altimara.eu\/blog\/wp-content\/uploads\/2022\/05\/IMG_20220515_102518.jpg?resize=350%2C200&ssl=1","width":350,"height":200,"srcset":"https:\/\/i0.wp.com\/www.altimara.eu\/blog\/wp-content\/uploads\/2022\/05\/IMG_20220515_102518.jpg?resize=350%2C200&ssl=1 1x, https:\/\/i0.wp.com\/www.altimara.eu\/blog\/wp-content\/uploads\/2022\/05\/IMG_20220515_102518.jpg?resize=525%2C300&ssl=1 1.5x, https:\/\/i0.wp.com\/www.altimara.eu\/blog\/wp-content\/uploads\/2022\/05\/IMG_20220515_102518.jpg?resize=700%2C400&ssl=1 2x, https:\/\/i0.wp.com\/www.altimara.eu\/blog\/wp-content\/uploads\/2022\/05\/IMG_20220515_102518.jpg?resize=1050%2C600&ssl=1 3x, https:\/\/i0.wp.com\/www.altimara.eu\/blog\/wp-content\/uploads\/2022\/05\/IMG_20220515_102518.jpg?resize=1400%2C800&ssl=1 4x"},"classes":[]},{"id":3778,"url":"https:\/\/www.altimara.eu\/blog\/2021\/12\/13\/meiler-the-movie\/","url_meta":{"origin":3735,"position":4},"title":"Meiler, the movie","author":"Martiou","date":"13 d\u00e9cembre 2021","format":false,"excerpt":"Un joli petit film qui r\u00e9sume le temps de la charbonni\u00e8re aux Pays Bas \u00e0 Ulft. https:\/\/youtu.be\/MDlsR71-RnY https:\/\/youtu.be\/MDlsR71-RnY","rel":"","context":"Dans &quot;0- MES CHARBONNI\u00c8RES&quot;","block_context":{"text":"0- MES CHARBONNI\u00c8RES","link":"https:\/\/www.altimara.eu\/blog\/category\/mes-charbonnieres\/"},"img":{"alt_text":"","src":"https:\/\/i0.wp.com\/img.youtube.com\/vi\/MDlsR71-RnY\/0.jpg?resize=350%2C200","width":350,"height":200},"classes":[]},{"id":4007,"url":"https:\/\/www.altimara.eu\/blog\/2023\/04\/19\/charbonniere-a-jean\/","url_meta":{"origin":3735,"position":5},"title":"Charbonni\u00e8re \u00e0 Jean","author":"Martiou","date":"19 avril 2023","format":false,"excerpt":"Mois de mai, mois des charbonni\u00e8res. Pendant que je conduirai la mienne \u00e0 cot\u00e9 du Pic-St-Loup, Jean et son \u00e9quipe auront la leur dans le petit coin de garrigue ard\u00e9choise comme chaque ann\u00e9e. Faites f\u00eate au charbon de bois et aux charbonni\u00e8r-es !","rel":"","context":"Dans &quot;Charbon de bois&quot;","block_context":{"text":"Charbon de bois","link":"https:\/\/www.altimara.eu\/blog\/category\/charbon-de-bois-carbon-art\/"},"img":{"alt_text":"","src":"https:\/\/i0.wp.com\/www.altimara.eu\/blog\/wp-content\/uploads\/2023\/04\/Affiche-Charbonniere-2023_V25.jpg?resize=350%2C200&ssl=1","width":350,"height":200,"srcset":"https:\/\/i0.wp.com\/www.altimara.eu\/blog\/wp-content\/uploads\/2023\/04\/Affiche-Charbonniere-2023_V25.jpg?resize=350%2C200&ssl=1 1x, https:\/\/i0.wp.com\/www.altimara.eu\/blog\/wp-content\/uploads\/2023\/04\/Affiche-Charbonniere-2023_V25.jpg?resize=525%2C300&ssl=1 1.5x, https:\/\/i0.wp.com\/www.altimara.eu\/blog\/wp-content\/uploads\/2023\/04\/Affiche-Charbonniere-2023_V25.jpg?resize=700%2C400&ssl=1 2x, https:\/\/i0.wp.com\/www.altimara.eu\/blog\/wp-content\/uploads\/2023\/04\/Affiche-Charbonniere-2023_V25.jpg?resize=1050%2C600&ssl=1 3x, https:\/\/i0.wp.com\/www.altimara.eu\/blog\/wp-content\/uploads\/2023\/04\/Affiche-Charbonniere-2023_V25.jpg?resize=1400%2C800&ssl=1 4x"},"classes":[]}],"_links":{"self":[{"href":"https:\/\/www.altimara.eu\/blog\/wp-json\/wp\/v2\/posts\/3735","targetHints":{"allow":["GET"]}}],"collection":[{"href":"https:\/\/www.altimara.eu\/blog\/wp-json\/wp\/v2\/posts"}],"about":[{"href":"https:\/\/www.altimara.eu\/blog\/wp-json\/wp\/v2\/types\/post"}],"author":[{"embeddable":true,"href":"https:\/\/www.altimara.eu\/blog\/wp-json\/wp\/v2\/users\/3"}],"replies":[{"embeddable":true,"href":"https:\/\/www.altimara.eu\/blog\/wp-json\/wp\/v2\/comments?post=3735"}],"version-history":[{"count":0,"href":"https:\/\/www.altimara.eu\/blog\/wp-json\/wp\/v2\/posts\/3735\/revisions"}],"wp:attachment":[{"href":"https:\/\/www.altimara.eu\/blog\/wp-json\/wp\/v2\/media?parent=3735"}],"wp:term":[{"taxonomy":"category","embeddable":true,"href":"https:\/\/www.altimara.eu\/blog\/wp-json\/wp\/v2\/categories?post=3735"},{"taxonomy":"post_tag","embeddable":true,"href":"https:\/\/www.altimara.eu\/blog\/wp-json\/wp\/v2\/tags?post=3735"}],"curies":[{"name":"wp","href":"https:\/\/api.w.org\/{rel}","templated":true}]}}