{"id":3728,"date":"2021-10-19T14:32:08","date_gmt":"2021-10-19T13:32:08","guid":{"rendered":"https:\/\/www.altimara.eu\/blog\/?p=3728"},"modified":"2021-10-19T14:32:08","modified_gmt":"2021-10-19T13:32:08","slug":"charbonniere-hollande-2","status":"publish","type":"post","link":"https:\/\/www.altimara.eu\/blog\/2021\/10\/19\/charbonniere-hollande-2\/","title":{"rendered":"Charbonni\u00e8re Hollande +"},"content":{"rendered":"\n<p>4\u00e8me jour de cuisson de la charbonni\u00e8re. Elle a bien diminu\u00e9e. Un petit vent constant et la terre de recouvrement trop sableuse ont provoqu\u00e9 un petit d\u00e9s\u00e9quilibre vers le nord. La fatigue se fait sentir, cela est compens\u00e9 par cette \u00e9quipe tr\u00e8s sympathique et d\u00e9termin\u00e9e et la bonne ambiance qu&rsquo;elle g\u00e9n\u00e8re.<\/p>\n\n\n\n<div class=\"wp-block-image\"><figure class=\"aligncenter size-large\"><img data-recalc-dims=\"1\" loading=\"lazy\" decoding=\"async\" width=\"627\" height=\"419\" data-attachment-id=\"3729\" data-permalink=\"https:\/\/www.altimara.eu\/blog\/2021\/10\/19\/charbonniere-hollande-2\/mar7852\/\" data-orig-file=\"https:\/\/i0.wp.com\/www.altimara.eu\/blog\/wp-content\/uploads\/2021\/10\/MAR7852.jpg?fit=2250%2C1502&amp;ssl=1\" data-orig-size=\"2250,1502\" data-comments-opened=\"1\" data-image-meta=\"{&quot;aperture&quot;:&quot;14&quot;,&quot;credit&quot;:&quot;ACQUARONE Martial&quot;,&quot;camera&quot;:&quot;NIKON D800&quot;,&quot;caption&quot;:&quot;&quot;,&quot;created_timestamp&quot;:&quot;1634527321&quot;,&quot;copyright&quot;:&quot;ACQUARONE Martial&quot;,&quot;focal_length&quot;:&quot;24&quot;,&quot;iso&quot;:&quot;800&quot;,&quot;shutter_speed&quot;:&quot;4&quot;,&quot;title&quot;:&quot;&quot;,&quot;orientation&quot;:&quot;0&quot;}\" data-image-title=\"MAR7852\" data-image-description=\"\" data-image-caption=\"\" data-large-file=\"https:\/\/i0.wp.com\/www.altimara.eu\/blog\/wp-content\/uploads\/2021\/10\/MAR7852.jpg?fit=627%2C419&amp;ssl=1\" src=\"https:\/\/i0.wp.com\/www.altimara.eu\/blog\/wp-content\/uploads\/2021\/10\/MAR7852.jpg?resize=627%2C419&#038;ssl=1\" alt=\"\" class=\"wp-image-3729\" srcset=\"https:\/\/i0.wp.com\/www.altimara.eu\/blog\/wp-content\/uploads\/2021\/10\/MAR7852.jpg?resize=1024%2C684&amp;ssl=1 1024w, https:\/\/i0.wp.com\/www.altimara.eu\/blog\/wp-content\/uploads\/2021\/10\/MAR7852.jpg?resize=300%2C200&amp;ssl=1 300w, https:\/\/i0.wp.com\/www.altimara.eu\/blog\/wp-content\/uploads\/2021\/10\/MAR7852.jpg?resize=768%2C513&amp;ssl=1 768w, https:\/\/i0.wp.com\/www.altimara.eu\/blog\/wp-content\/uploads\/2021\/10\/MAR7852.jpg?resize=1536%2C1025&amp;ssl=1 1536w, https:\/\/i0.wp.com\/www.altimara.eu\/blog\/wp-content\/uploads\/2021\/10\/MAR7852.jpg?resize=2048%2C1367&amp;ssl=1 2048w, https:\/\/i0.wp.com\/www.altimara.eu\/blog\/wp-content\/uploads\/2021\/10\/MAR7852.jpg?w=1254&amp;ssl=1 1254w, https:\/\/i0.wp.com\/www.altimara.eu\/blog\/wp-content\/uploads\/2021\/10\/MAR7852.jpg?w=1881&amp;ssl=1 1881w\" sizes=\"auto, (max-width: 627px) 100vw, 627px\" \/><\/figure><\/div>\n\n\n\n<div class=\"wp-block-image\"><figure class=\"aligncenter size-large\"><img data-recalc-dims=\"1\" loading=\"lazy\" decoding=\"async\" width=\"627\" height=\"419\" data-attachment-id=\"3730\" data-permalink=\"https:\/\/www.altimara.eu\/blog\/2021\/10\/19\/charbonniere-hollande-2\/mar7859\/\" data-orig-file=\"https:\/\/i0.wp.com\/www.altimara.eu\/blog\/wp-content\/uploads\/2021\/10\/MAR7859.jpg?fit=2250%2C1502&amp;ssl=1\" data-orig-size=\"2250,1502\" data-comments-opened=\"1\" data-image-meta=\"{&quot;aperture&quot;:&quot;14&quot;,&quot;credit&quot;:&quot;ACQUARONE Martial&quot;,&quot;camera&quot;:&quot;NIKON D800&quot;,&quot;caption&quot;:&quot;&quot;,&quot;created_timestamp&quot;:&quot;1634529367&quot;,&quot;copyright&quot;:&quot;ACQUARONE Martial&quot;,&quot;focal_length&quot;:&quot;50&quot;,&quot;iso&quot;:&quot;800&quot;,&quot;shutter_speed&quot;:&quot;3&quot;,&quot;title&quot;:&quot;&quot;,&quot;orientation&quot;:&quot;0&quot;}\" data-image-title=\"MAR7859\" data-image-description=\"\" data-image-caption=\"\" data-large-file=\"https:\/\/i0.wp.com\/www.altimara.eu\/blog\/wp-content\/uploads\/2021\/10\/MAR7859.jpg?fit=627%2C419&amp;ssl=1\" src=\"https:\/\/i0.wp.com\/www.altimara.eu\/blog\/wp-content\/uploads\/2021\/10\/MAR7859.jpg?resize=627%2C419&#038;ssl=1\" alt=\"\" class=\"wp-image-3730\" srcset=\"https:\/\/i0.wp.com\/www.altimara.eu\/blog\/wp-content\/uploads\/2021\/10\/MAR7859.jpg?resize=1024%2C684&amp;ssl=1 1024w, https:\/\/i0.wp.com\/www.altimara.eu\/blog\/wp-content\/uploads\/2021\/10\/MAR7859.jpg?resize=300%2C200&amp;ssl=1 300w, https:\/\/i0.wp.com\/www.altimara.eu\/blog\/wp-content\/uploads\/2021\/10\/MAR7859.jpg?resize=768%2C513&amp;ssl=1 768w, https:\/\/i0.wp.com\/www.altimara.eu\/blog\/wp-content\/uploads\/2021\/10\/MAR7859.jpg?resize=1536%2C1025&amp;ssl=1 1536w, https:\/\/i0.wp.com\/www.altimara.eu\/blog\/wp-content\/uploads\/2021\/10\/MAR7859.jpg?resize=2048%2C1367&amp;ssl=1 2048w, https:\/\/i0.wp.com\/www.altimara.eu\/blog\/wp-content\/uploads\/2021\/10\/MAR7859.jpg?w=1254&amp;ssl=1 1254w, https:\/\/i0.wp.com\/www.altimara.eu\/blog\/wp-content\/uploads\/2021\/10\/MAR7859.jpg?w=1881&amp;ssl=1 1881w\" sizes=\"auto, (max-width: 627px) 100vw, 627px\" \/><\/figure><\/div>\n","protected":false},"excerpt":{"rendered":"<p>4\u00e8me jour de cuisson de la charbonni\u00e8re. Elle a bien diminu\u00e9e. Un petit vent constant et la terre de recouvrement trop sableuse ont provoqu\u00e9 un petit d\u00e9s\u00e9quilibre vers le nord. La fatigue se fait sentir, cela est compens\u00e9 par cette \u00e9quipe tr\u00e8s sympathique et d\u00e9termin\u00e9e et la bonne ambiance qu&rsquo;elle g\u00e9n\u00e8re.<\/p>\n","protected":false},"author":3,"featured_media":0,"comment_status":"open","ping_status":"open","sticky":false,"template":"","format":"standard","meta":{"ngg_post_thumbnail":0,"jetpack_post_was_ever_published":false,"_jetpack_newsletter_access":"","_jetpack_dont_email_post_to_subs":false,"_jetpack_newsletter_tier_id":0,"_jetpack_memberships_contains_paywalled_content":false,"_jetpack_memberships_contains_paid_content":false,"footnotes":"","jetpack_publicize_message":"","jetpack_publicize_feature_enabled":true,"jetpack_social_post_already_shared":true,"jetpack_social_options":{"image_generator_settings":{"template":"highway","default_image_id":0,"font":"","enabled":false},"version":2}},"categories":[72,37],"tags":[],"class_list":["post-3728","post","type-post","status-publish","format-standard","hentry","category-charbonnier-du-monde","category-evenementiel"],"jetpack_publicize_connections":[],"jetpack_featured_media_url":"","jetpack_shortlink":"https:\/\/wp.me\/p4r91c-Y8","jetpack_sharing_enabled":true,"jetpack-related-posts":[{"id":1209,"url":"https:\/\/www.altimara.eu\/blog\/2015\/02\/17\/village-charbonnieres\/","url_meta":{"origin":3728,"position":0},"title":"Village Charbonni\u00e8res","author":"Martiou","date":"17 f\u00e9vrier 2015","format":false,"excerpt":"Un petit tour de France des villages ou lieux dit \"charbonni\u00e8res\" ou assimil\u00e9s. Commen\u00e7ons par un petit village dont les habitants ont la chance de s'appeler Charbonnier et Charbonni\u00e8re. Charbonni\u00e8res\u00a0est un petit village fran\u00e7ais, situ\u00e9 dans\u00a0le d\u00e9partement d'Eure-et-Loir\u00a0et\u00a0la r\u00e9gion du Centre. Ses habitants sont appel\u00e9s les Charbonniers et les Charbonni\u00e8res.La\u2026","rel":"","context":"Dans &quot;Autre&quot;","block_context":{"text":"Autre","link":"https:\/\/www.altimara.eu\/blog\/category\/autre\/"},"img":{"alt_text":"panneau-charbonnieres-71","src":"https:\/\/i0.wp.com\/www.altimara.eu\/blog\/wp-content\/uploads\/2015\/02\/panneau-charbonnieres-71.png?resize=350%2C200&ssl=1","width":350,"height":200},"classes":[]},{"id":3735,"url":"https:\/\/www.altimara.eu\/blog\/2021\/10\/20\/charbonniere-hollande-3\/","url_meta":{"origin":3728,"position":1},"title":"Charbonni\u00e8re Hollande","author":"Martiou","date":"20 octobre 2021","format":false,"excerpt":"Photo Peter Van Hoeflaken","rel":"","context":"Dans &quot;0- MES CHARBONNI\u00c8RES&quot;","block_context":{"text":"0- MES CHARBONNI\u00c8RES","link":"https:\/\/www.altimara.eu\/blog\/category\/mes-charbonnieres\/"},"img":{"alt_text":"","src":"https:\/\/i0.wp.com\/www.altimara.eu\/blog\/wp-content\/uploads\/2021\/10\/20211015_193120-scaled.jpg?resize=350%2C200&ssl=1","width":350,"height":200,"srcset":"https:\/\/i0.wp.com\/www.altimara.eu\/blog\/wp-content\/uploads\/2021\/10\/20211015_193120-scaled.jpg?resize=350%2C200&ssl=1 1x, https:\/\/i0.wp.com\/www.altimara.eu\/blog\/wp-content\/uploads\/2021\/10\/20211015_193120-scaled.jpg?resize=525%2C300&ssl=1 1.5x, https:\/\/i0.wp.com\/www.altimara.eu\/blog\/wp-content\/uploads\/2021\/10\/20211015_193120-scaled.jpg?resize=700%2C400&ssl=1 2x, https:\/\/i0.wp.com\/www.altimara.eu\/blog\/wp-content\/uploads\/2021\/10\/20211015_193120-scaled.jpg?resize=1050%2C600&ssl=1 3x, https:\/\/i0.wp.com\/www.altimara.eu\/blog\/wp-content\/uploads\/2021\/10\/20211015_193120-scaled.jpg?resize=1400%2C800&ssl=1 4x"},"classes":[]},{"id":805,"url":"https:\/\/www.altimara.eu\/blog\/2014\/03\/30\/festival-des-charbonnieres-8\/","url_meta":{"origin":3728,"position":2},"title":"Festival des charbonni\u00e8res","author":"Martiou","date":"30 mars 2014","format":false,"excerpt":"Montage de la charbonni\u00e8re, d'un petit volume car je n'ai que 2 jours et demi de disponible pour la cuisson.","rel":"","context":"Dans &quot;1 Festival charbonni\u00e8res LO GAROU&quot;","block_context":{"text":"1 Festival charbonni\u00e8res LO GAROU","link":"https:\/\/www.altimara.eu\/blog\/category\/1-festival-charbonnieres-lo-garou\/"},"img":{"alt_text":"titre-noir","src":"https:\/\/i0.wp.com\/www.altimara.eu\/blog\/wp-content\/uploads\/2014\/02\/titre-noir2.jpg?resize=350%2C200","width":350,"height":200},"classes":[]},{"id":3331,"url":"https:\/\/www.altimara.eu\/blog\/2020\/05\/09\/mesange-charbonniere\/","url_meta":{"origin":3728,"position":3},"title":"Mes anges Charbonni\u00e8res","author":"Martiou","date":"9 mai 2020","format":false,"excerpt":"Priv\u00e9 de garrigues en ces temps de confinement, j'ai pass\u00e9 des heures \u00e0 regarder une Charbonni\u00e8re sous la forme d'un petit oiseau. La m\u00e9sange charbonni\u00e8re (Parus Major), parus, du latin parra, \u00e0 la trouble signification d'oiseau de mauvaise augure. Il parait qu'elles sont tr\u00e8s agressives envers les autres piou piou.\u2026","rel":"","context":"Dans &quot;Autre&quot;","block_context":{"text":"Autre","link":"https:\/\/www.altimara.eu\/blog\/category\/autre\/"},"img":{"alt_text":"m\u00e9sange charbonni\u00e8re","src":"https:\/\/i0.wp.com\/www.altimara.eu\/blog\/wp-content\/uploads\/2020\/05\/MAR1952.jpg?resize=350%2C200&ssl=1","width":350,"height":200,"srcset":"https:\/\/i0.wp.com\/www.altimara.eu\/blog\/wp-content\/uploads\/2020\/05\/MAR1952.jpg?resize=350%2C200&ssl=1 1x, https:\/\/i0.wp.com\/www.altimara.eu\/blog\/wp-content\/uploads\/2020\/05\/MAR1952.jpg?resize=525%2C300&ssl=1 1.5x, https:\/\/i0.wp.com\/www.altimara.eu\/blog\/wp-content\/uploads\/2020\/05\/MAR1952.jpg?resize=700%2C400&ssl=1 2x"},"classes":[]},{"id":819,"url":"https:\/\/www.altimara.eu\/blog\/2014\/04\/10\/festival-des-charbonnieres-10\/","url_meta":{"origin":3728,"position":4},"title":"Festival des charbonni\u00e8res","author":"Martiou","date":"10 avril 2014","format":false,"excerpt":"Une jolie petite meule a carboniser. Le vent, fort les 2 premiers jours, a un peu perturb\u00e9 l'\u00e9quilibre en activant la carbonisation d'un cot\u00e9. La cuisson a continu\u00e9 tranquillement \u00e0 petit feu. L'ensemble semble bon et je l'ai \u00e9teinte dimanche soir. La charbonni\u00e8re 2014 prend le doux nom de \"Calinette\".","rel":"","context":"Dans &quot;1 Festival charbonni\u00e8res LO GAROU&quot;","block_context":{"text":"1 Festival charbonni\u00e8res LO GAROU","link":"https:\/\/www.altimara.eu\/blog\/category\/1-festival-charbonnieres-lo-garou\/"},"img":{"alt_text":"titre-noir","src":"https:\/\/i0.wp.com\/www.altimara.eu\/blog\/wp-content\/uploads\/2014\/02\/titre-noir2.jpg?resize=350%2C200","width":350,"height":200},"classes":[]},{"id":4007,"url":"https:\/\/www.altimara.eu\/blog\/2023\/04\/19\/charbonniere-a-jean\/","url_meta":{"origin":3728,"position":5},"title":"Charbonni\u00e8re \u00e0 Jean","author":"Martiou","date":"19 avril 2023","format":false,"excerpt":"Mois de mai, mois des charbonni\u00e8res. Pendant que je conduirai la mienne \u00e0 cot\u00e9 du Pic-St-Loup, Jean et son \u00e9quipe auront la leur dans le petit coin de garrigue ard\u00e9choise comme chaque ann\u00e9e. Faites f\u00eate au charbon de bois et aux charbonni\u00e8r-es !","rel":"","context":"Dans &quot;Charbon de bois&quot;","block_context":{"text":"Charbon de bois","link":"https:\/\/www.altimara.eu\/blog\/category\/charbon-de-bois-carbon-art\/"},"img":{"alt_text":"","src":"https:\/\/i0.wp.com\/www.altimara.eu\/blog\/wp-content\/uploads\/2023\/04\/Affiche-Charbonniere-2023_V25.jpg?resize=350%2C200&ssl=1","width":350,"height":200,"srcset":"https:\/\/i0.wp.com\/www.altimara.eu\/blog\/wp-content\/uploads\/2023\/04\/Affiche-Charbonniere-2023_V25.jpg?resize=350%2C200&ssl=1 1x, https:\/\/i0.wp.com\/www.altimara.eu\/blog\/wp-content\/uploads\/2023\/04\/Affiche-Charbonniere-2023_V25.jpg?resize=525%2C300&ssl=1 1.5x, https:\/\/i0.wp.com\/www.altimara.eu\/blog\/wp-content\/uploads\/2023\/04\/Affiche-Charbonniere-2023_V25.jpg?resize=700%2C400&ssl=1 2x, https:\/\/i0.wp.com\/www.altimara.eu\/blog\/wp-content\/uploads\/2023\/04\/Affiche-Charbonniere-2023_V25.jpg?resize=1050%2C600&ssl=1 3x, https:\/\/i0.wp.com\/www.altimara.eu\/blog\/wp-content\/uploads\/2023\/04\/Affiche-Charbonniere-2023_V25.jpg?resize=1400%2C800&ssl=1 4x"},"classes":[]}],"_links":{"self":[{"href":"https:\/\/www.altimara.eu\/blog\/wp-json\/wp\/v2\/posts\/3728","targetHints":{"allow":["GET"]}}],"collection":[{"href":"https:\/\/www.altimara.eu\/blog\/wp-json\/wp\/v2\/posts"}],"about":[{"href":"https:\/\/www.altimara.eu\/blog\/wp-json\/wp\/v2\/types\/post"}],"author":[{"embeddable":true,"href":"https:\/\/www.altimara.eu\/blog\/wp-json\/wp\/v2\/users\/3"}],"replies":[{"embeddable":true,"href":"https:\/\/www.altimara.eu\/blog\/wp-json\/wp\/v2\/comments?post=3728"}],"version-history":[{"count":0,"href":"https:\/\/www.altimara.eu\/blog\/wp-json\/wp\/v2\/posts\/3728\/revisions"}],"wp:attachment":[{"href":"https:\/\/www.altimara.eu\/blog\/wp-json\/wp\/v2\/media?parent=3728"}],"wp:term":[{"taxonomy":"category","embeddable":true,"href":"https:\/\/www.altimara.eu\/blog\/wp-json\/wp\/v2\/categories?post=3728"},{"taxonomy":"post_tag","embeddable":true,"href":"https:\/\/www.altimara.eu\/blog\/wp-json\/wp\/v2\/tags?post=3728"}],"curies":[{"name":"wp","href":"https:\/\/api.w.org\/{rel}","templated":true}]}}