{"id":3710,"date":"2021-09-30T14:19:37","date_gmt":"2021-09-30T13:19:37","guid":{"rendered":"https:\/\/www.altimara.eu\/blog\/?p=3710"},"modified":"2021-09-30T14:19:37","modified_gmt":"2021-09-30T13:19:37","slug":"cabu-et-le-charbon-de-bois","status":"publish","type":"post","link":"https:\/\/www.altimara.eu\/blog\/2021\/09\/30\/cabu-et-le-charbon-de-bois\/","title":{"rendered":"Cabu et le charbon de bois"},"content":{"rendered":"\n<p>Un petit clin d\u2019\u0153il \u00e0 notre Grand Cabu inoubliable. La bassinoire normalement utilis\u00e9e avec du charbon de bois est ici dans un registre un peu particulier&#8230;Cabu tu nous manques !<\/p>\n\n\n\n<div class=\"wp-block-image\"><figure class=\"aligncenter size-large\"><img data-recalc-dims=\"1\" loading=\"lazy\" decoding=\"async\" width=\"627\" height=\"486\" data-attachment-id=\"3711\" data-permalink=\"https:\/\/www.altimara.eu\/blog\/2021\/09\/30\/cabu-et-le-charbon-de-bois\/cabu-charb\/\" data-orig-file=\"https:\/\/i0.wp.com\/www.altimara.eu\/blog\/wp-content\/uploads\/2021\/09\/Cabu-charb-scaled.jpg?fit=2560%2C1985&amp;ssl=1\" data-orig-size=\"2560,1985\" data-comments-opened=\"1\" data-image-meta=\"{&quot;aperture&quot;:&quot;0&quot;,&quot;credit&quot;:&quot;&quot;,&quot;camera&quot;:&quot;&quot;,&quot;caption&quot;:&quot;&quot;,&quot;created_timestamp&quot;:&quot;0&quot;,&quot;copyright&quot;:&quot;&quot;,&quot;focal_length&quot;:&quot;0&quot;,&quot;iso&quot;:&quot;0&quot;,&quot;shutter_speed&quot;:&quot;0&quot;,&quot;title&quot;:&quot;&quot;,&quot;orientation&quot;:&quot;1&quot;}\" data-image-title=\"Cabu-charb\" data-image-description=\"\" data-image-caption=\"\" data-large-file=\"https:\/\/i0.wp.com\/www.altimara.eu\/blog\/wp-content\/uploads\/2021\/09\/Cabu-charb-scaled.jpg?fit=627%2C486&amp;ssl=1\" src=\"https:\/\/i0.wp.com\/www.altimara.eu\/blog\/wp-content\/uploads\/2021\/09\/Cabu-charb.jpg?resize=627%2C486&#038;ssl=1\" alt=\"\" class=\"wp-image-3711\" srcset=\"https:\/\/i0.wp.com\/www.altimara.eu\/blog\/wp-content\/uploads\/2021\/09\/Cabu-charb-scaled.jpg?resize=1024%2C794&amp;ssl=1 1024w, https:\/\/i0.wp.com\/www.altimara.eu\/blog\/wp-content\/uploads\/2021\/09\/Cabu-charb-scaled.jpg?resize=300%2C233&amp;ssl=1 300w, https:\/\/i0.wp.com\/www.altimara.eu\/blog\/wp-content\/uploads\/2021\/09\/Cabu-charb-scaled.jpg?resize=768%2C595&amp;ssl=1 768w, https:\/\/i0.wp.com\/www.altimara.eu\/blog\/wp-content\/uploads\/2021\/09\/Cabu-charb-scaled.jpg?resize=1536%2C1191&amp;ssl=1 1536w, https:\/\/i0.wp.com\/www.altimara.eu\/blog\/wp-content\/uploads\/2021\/09\/Cabu-charb-scaled.jpg?resize=2048%2C1588&amp;ssl=1 2048w, https:\/\/i0.wp.com\/www.altimara.eu\/blog\/wp-content\/uploads\/2021\/09\/Cabu-charb-scaled.jpg?w=1254&amp;ssl=1 1254w, https:\/\/i0.wp.com\/www.altimara.eu\/blog\/wp-content\/uploads\/2021\/09\/Cabu-charb-scaled.jpg?w=1881&amp;ssl=1 1881w\" sizes=\"auto, (max-width: 627px) 100vw, 627px\" \/><\/figure><\/div>\n","protected":false},"excerpt":{"rendered":"<p>Un petit clin d\u2019\u0153il \u00e0 notre Grand Cabu inoubliable. La bassinoire normalement utilis\u00e9e avec du charbon de bois est ici dans un registre un peu particulier&#8230;Cabu tu nous manques !<\/p>\n","protected":false},"author":3,"featured_media":0,"comment_status":"open","ping_status":"open","sticky":false,"template":"","format":"standard","meta":{"ngg_post_thumbnail":0,"jetpack_post_was_ever_published":false,"_jetpack_newsletter_access":"","_jetpack_dont_email_post_to_subs":false,"_jetpack_newsletter_tier_id":0,"_jetpack_memberships_contains_paywalled_content":false,"_jetpack_memberships_contains_paid_content":false,"footnotes":"","jetpack_publicize_message":"","jetpack_publicize_feature_enabled":true,"jetpack_social_post_already_shared":true,"jetpack_social_options":{"image_generator_settings":{"template":"highway","default_image_id":0,"font":"","enabled":false},"version":2}},"categories":[5,175],"tags":[34],"class_list":["post-3710","post","type-post","status-publish","format-standard","hentry","category-autre","category-contes-et-legendes","tag-charbon-de-bois-carbon-art"],"jetpack_publicize_connections":[],"jetpack_featured_media_url":"","jetpack_shortlink":"https:\/\/wp.me\/p4r91c-XQ","jetpack_sharing_enabled":true,"jetpack-related-posts":[{"id":4562,"url":"https:\/\/www.altimara.eu\/blog\/2025\/01\/07\/un-charbonnier-a-ete-assassine\/","url_meta":{"origin":3710,"position":0},"title":"Un Charbonnier a \u00e9t\u00e9 assassin\u00e9 !","author":"Martiou","date":"7 janvier 2025","format":false,"excerpt":"Il y a dix ans un honteux, stupide et r\u00e9voltant massacre pour un proph\u00e8te inculte qui n'aimait pas le dessin a voulu d\u00e9truire l\u2019insubmersible volont\u00e9 de libert\u00e9 de nos pens\u00e9es. Charb s'appellait St\u00e9phane CHARBONNIER de son vrai nom. R\u00e9dacteur en chef de Charlie Hebdo, il \u00e9tait connu pour des textes\u2026","rel":"","context":"Dans &quot;Autres&quot;","block_context":{"text":"Autres","link":"https:\/\/www.altimara.eu\/blog\/category\/autres\/"},"img":{"alt_text":"","src":"https:\/\/i0.wp.com\/www.altimara.eu\/blog\/wp-content\/uploads\/2025\/01\/proxy-image.jpg?resize=350%2C200&ssl=1","width":350,"height":200,"srcset":"https:\/\/i0.wp.com\/www.altimara.eu\/blog\/wp-content\/uploads\/2025\/01\/proxy-image.jpg?resize=350%2C200&ssl=1 1x, https:\/\/i0.wp.com\/www.altimara.eu\/blog\/wp-content\/uploads\/2025\/01\/proxy-image.jpg?resize=525%2C300&ssl=1 1.5x"},"classes":[]},{"id":1923,"url":"https:\/\/www.altimara.eu\/blog\/2016\/07\/14\/charbon-boreal\/","url_meta":{"origin":3710,"position":1},"title":"Charbon bor\u00e9al","author":"Martiou","date":"14 juillet 2016","format":false,"excerpt":"Nouvelle saison en Islande. Deux projets, l'un \"comment utiliser les immenses champs de lupins d'Alaska\" pour fabriquer des briquettes de charbon v\u00e9g\u00e9tal. Une id\u00e9e un peu folle que ce beau pays est capable d'accueillir. Et l'autre est la suite de la recherche des bois de mer, qui m'ont servi il\u2026","rel":"","context":"Dans &quot;3 Charbon de bois Islande&quot;","block_context":{"text":"3 Charbon de bois Islande","link":"https:\/\/www.altimara.eu\/blog\/category\/charbon-de-bois-islande\/"},"img":{"alt_text":"IMG_20160615_184028682_HDR","src":"https:\/\/i0.wp.com\/www.altimara.eu\/blog\/wp-content\/uploads\/2016\/07\/IMG_20160615_184028682_HDR.jpg?resize=350%2C200","width":350,"height":200,"srcset":"https:\/\/i0.wp.com\/www.altimara.eu\/blog\/wp-content\/uploads\/2016\/07\/IMG_20160615_184028682_HDR.jpg?resize=350%2C200 1x, https:\/\/i0.wp.com\/www.altimara.eu\/blog\/wp-content\/uploads\/2016\/07\/IMG_20160615_184028682_HDR.jpg?resize=525%2C300 1.5x, https:\/\/i0.wp.com\/www.altimara.eu\/blog\/wp-content\/uploads\/2016\/07\/IMG_20160615_184028682_HDR.jpg?resize=700%2C400 2x"},"classes":[]},{"id":2310,"url":"https:\/\/www.altimara.eu\/blog\/2017\/04\/23\/fonderie-au-charbon-de-bois\/","url_meta":{"origin":3710,"position":2},"title":"Fonderie au charbon de bois","author":"Martiou","date":"23 avril 2017","format":false,"excerpt":"Pour la construction d'un moteur Sterling, moteur \u00e0 air chaud ou \u00e0 \u00e9nergie ext\u00e9rieure, nous avons besoin de pi\u00e8ces \u00e0 r\u00e9aliser avec une fonderie maison. Le m\u00e9tal utilis\u00e9 est de l'aluminium, qui a un point de fusion assez bas \u00e0 partir de 700\u00b0. Nous avons tout simplement fabriqu\u00e9 un foyer\u2026","rel":"","context":"Dans &quot;Autre&quot;","block_context":{"text":"Autre","link":"https:\/\/www.altimara.eu\/blog\/category\/autre\/"},"img":{"alt_text":"","src":"https:\/\/i0.wp.com\/www.altimara.eu\/blog\/wp-content\/uploads\/2017\/04\/IMG_20170421_181512965_HDR-576x1024.jpg?resize=350%2C200","width":350,"height":200,"srcset":"https:\/\/i0.wp.com\/www.altimara.eu\/blog\/wp-content\/uploads\/2017\/04\/IMG_20170421_181512965_HDR-576x1024.jpg?resize=350%2C200 1x, https:\/\/i0.wp.com\/www.altimara.eu\/blog\/wp-content\/uploads\/2017\/04\/IMG_20170421_181512965_HDR-576x1024.jpg?resize=525%2C300 1.5x"},"classes":[]},{"id":3811,"url":"https:\/\/www.altimara.eu\/blog\/2022\/02\/16\/dentelles-de-charbon\/","url_meta":{"origin":3710,"position":3},"title":"Dentelles de charbon","author":"Martiou","date":"16 f\u00e9vrier 2022","format":false,"excerpt":"Des photos de charbons prisent au microscope par l\u2019arch\u00e9ologue anthracologiste Silke Lange des Pays-Bas. Ces charbons sont issues des carbonisations en fosses que nous avons r\u00e9alis\u00e9 ensemble \u00e0 Ulft. Le bois d'origine est du ch\u00eane.","rel":"","context":"Dans &quot;Charbon de bois&quot;","block_context":{"text":"Charbon de bois","link":"https:\/\/www.altimara.eu\/blog\/category\/charbon-de-bois-carbon-art\/"},"img":{"alt_text":"","src":"https:\/\/i0.wp.com\/www.altimara.eu\/blog\/wp-content\/uploads\/2022\/02\/charbsilke3.jpeg?resize=350%2C200&ssl=1","width":350,"height":200,"srcset":"https:\/\/i0.wp.com\/www.altimara.eu\/blog\/wp-content\/uploads\/2022\/02\/charbsilke3.jpeg?resize=350%2C200&ssl=1 1x, https:\/\/i0.wp.com\/www.altimara.eu\/blog\/wp-content\/uploads\/2022\/02\/charbsilke3.jpeg?resize=525%2C300&ssl=1 1.5x, https:\/\/i0.wp.com\/www.altimara.eu\/blog\/wp-content\/uploads\/2022\/02\/charbsilke3.jpeg?resize=700%2C400&ssl=1 2x"},"classes":[]},{"id":3542,"url":"https:\/\/www.altimara.eu\/blog\/2020\/12\/28\/charbon-dafrique\/","url_meta":{"origin":3710,"position":4},"title":"Charbon d&rsquo;Afrique","author":"Martiou","date":"28 d\u00e9cembre 2020","format":false,"excerpt":"Dans un article du journaliste Jacques Deveaux, \u00e0 France info, nous pouvons prendre connaissance des chiffres affolants de la consommation de charbon de bois en Afrique. Il est dit que, au Congo, la consommation r\u00e9elle du charbon de bois d\u00e9passe largement la production foresti\u00e8re nationale, ce qui veut dire que\u2026","rel":"","context":"Dans &quot;Charbonnier du Monde&quot;","block_context":{"text":"Charbonnier du Monde","link":"https:\/\/www.altimara.eu\/blog\/category\/charbonnier-du-monde\/"},"img":{"alt_text":"","src":"https:\/\/i0.wp.com\/www.altimara.eu\/blog\/wp-content\/uploads\/2020\/12\/20.jpg?resize=350%2C200&ssl=1","width":350,"height":200},"classes":[]},{"id":1913,"url":"https:\/\/www.altimara.eu\/blog\/2016\/07\/03\/charbon-vegetal-2\/","url_meta":{"origin":3710,"position":5},"title":"Charbon v\u00e9g\u00e9tal","author":"Martiou","date":"3 juillet 2016","format":false,"excerpt":"Il existe tout un tas de techniques pour fabriquer des \"briquettes\" ou \"galets\" de charbon de bois \u00e0 partir de poudre de charbon. Il faut avoir un stock de charbon v\u00e9g\u00e9tal assez cons\u00e9quent pour produire, \u00e0 l'\u00e9chelle artisanale, une quantit\u00e9 suffisante qui soit rentable. La mati\u00e8re premi\u00e8re, celle qu'il faut\u2026","rel":"","context":"Dans &quot;Charbon de bois&quot;","block_context":{"text":"Charbon de bois","link":"https:\/\/www.altimara.eu\/blog\/category\/charbon-de-bois-carbon-art\/"},"img":{"alt_text":"12039617_473223816213736_6462458700753161519_n","src":"https:\/\/i0.wp.com\/www.altimara.eu\/blog\/wp-content\/uploads\/2016\/06\/12039617_473223816213736_6462458700753161519_n-150x150.png?resize=350%2C200","width":350,"height":200},"classes":[]}],"_links":{"self":[{"href":"https:\/\/www.altimara.eu\/blog\/wp-json\/wp\/v2\/posts\/3710","targetHints":{"allow":["GET"]}}],"collection":[{"href":"https:\/\/www.altimara.eu\/blog\/wp-json\/wp\/v2\/posts"}],"about":[{"href":"https:\/\/www.altimara.eu\/blog\/wp-json\/wp\/v2\/types\/post"}],"author":[{"embeddable":true,"href":"https:\/\/www.altimara.eu\/blog\/wp-json\/wp\/v2\/users\/3"}],"replies":[{"embeddable":true,"href":"https:\/\/www.altimara.eu\/blog\/wp-json\/wp\/v2\/comments?post=3710"}],"version-history":[{"count":0,"href":"https:\/\/www.altimara.eu\/blog\/wp-json\/wp\/v2\/posts\/3710\/revisions"}],"wp:attachment":[{"href":"https:\/\/www.altimara.eu\/blog\/wp-json\/wp\/v2\/media?parent=3710"}],"wp:term":[{"taxonomy":"category","embeddable":true,"href":"https:\/\/www.altimara.eu\/blog\/wp-json\/wp\/v2\/categories?post=3710"},{"taxonomy":"post_tag","embeddable":true,"href":"https:\/\/www.altimara.eu\/blog\/wp-json\/wp\/v2\/tags?post=3710"}],"curies":[{"name":"wp","href":"https:\/\/api.w.org\/{rel}","templated":true}]}}